{"id":13013,"date":"2018-07-12T08:17:56","date_gmt":"2018-07-12T06:17:56","guid":{"rendered":"https:\/\/www.sabine-seyffert.de\/blog\/?p=13013"},"modified":"2018-07-17T11:20:10","modified_gmt":"2018-07-17T09:20:10","slug":"diy-bastelanleitung-fuer-eine-selbst-gemachte-geschenkverpackung-eine-bootsfahrt-die-ist-lustig","status":"publish","type":"post","link":"https:\/\/www.sabine-seyffert.de\/blog\/diy-bastelanleitung-fuer-eine-selbst-gemachte-geschenkverpackung-eine-bootsfahrt-die-ist-lustig\/","title":{"rendered":"DIY &#038; Bastelanleitung f\u00fcr eine selbst gemachte Geschenkverpackung: Eine Bootsfahrt die ist lustig\u2026"},"content":{"rendered":"<p style=\"text-align: justify;\"><img loading=\"lazy\" decoding=\"async\" src=\"https:\/\/vg01.met.vgwort.de\/na\/6a392d2697154817842bb832110907ae\" alt=\"\" width=\"1\" height=\"1\" \/>Wenn ich im Sommer Geschenke verpacke, dann muss ich insgeheim immer an sch\u00f6ne Sommertage am Strand, Ferien am Meer und Boote auf dem Wasser denken. Also geschieht es zu dieser Zeit nicht selten, dass meine selbst gemachten Geschenkverpackungen ganz maritim daher kommen (Geschenkverpackung \u201e<a href=\"https:\/\/www.sabine-seyffert.de\/blog\/?p=7840\" target=\"_blank\" rel=\"noopener\">Drei Boote auf hoher See<\/a>\u201c, das \u201e<a href=\"https:\/\/www.sabine-seyffert.de\/blog\/?p=10535\" target=\"_blank\" rel=\"noopener\">Geburtstagsschiff<\/a>\u201c oder die Verpackungsidee \u201e<a href=\"https:\/\/www.sabine-seyffert.de\/blog\/?p=10699\" target=\"_blank\" rel=\"noopener\">Sch\u00f6ne Ferien<\/a>\u201c. So auch diesmal, denn das selbst gemachte <a href=\"https:\/\/www.sabine-seyffert.de\/blog\/?p=129\" target=\"_blank\" rel=\"noopener\">Geburtstagsgeschenk<\/a> musste schlie\u00dflich verpackt werden.<\/p>\n<p style=\"text-align: center;\"><a href=\"https:\/\/www.sabine-seyffert.de\/blog\/wp-content\/uploads\/2018\/07\/Ahoi-Geschenkverpackung-2.jpg\"><img loading=\"lazy\" decoding=\"async\" class=\"alignnone size-full wp-image-13014\" src=\"https:\/\/www.sabine-seyffert.de\/blog\/wp-content\/uploads\/2018\/07\/Ahoi-Geschenkverpackung-2.jpg\" alt=\"\" width=\"800\" height=\"600\" srcset=\"https:\/\/www.sabine-seyffert.de\/blog\/wp-content\/uploads\/2018\/07\/Ahoi-Geschenkverpackung-2.jpg 800w, https:\/\/www.sabine-seyffert.de\/blog\/wp-content\/uploads\/2018\/07\/Ahoi-Geschenkverpackung-2-300x225.jpg 300w, https:\/\/www.sabine-seyffert.de\/blog\/wp-content\/uploads\/2018\/07\/Ahoi-Geschenkverpackung-2-768x576.jpg 768w\" sizes=\"auto, (max-width: 800px) 100vw, 800px\" \/><\/a><\/p>\n<p style=\"text-align: justify;\"><strong>Das wird gebraucht:<\/strong><br \/>\nNaturbraunes Packpapier, Buchstabenstempel, Lochverst\u00e4rker, Locher, Geschenkband, farbige und gemusterte Tonpapierreste, einen Zahnstocher, eine Bastelschere, Kleber, Buchstabenstempel, Stempelkissen, optional N\u00e4hgarn und eine N\u00e4hmaschine sowie ein St\u00fcck Kraftpapier, Lochzange und ein Geburtstagsstempel<\/p>\n<p style=\"text-align: center;\"><a href=\"https:\/\/www.sabine-seyffert.de\/blog\/wp-content\/uploads\/2018\/07\/Ahoi-Geschenkverpackung.jpg\"><img loading=\"lazy\" decoding=\"async\" class=\"alignnone size-full wp-image-13015\" src=\"https:\/\/www.sabine-seyffert.de\/blog\/wp-content\/uploads\/2018\/07\/Ahoi-Geschenkverpackung.jpg\" alt=\"\" width=\"800\" height=\"600\" srcset=\"https:\/\/www.sabine-seyffert.de\/blog\/wp-content\/uploads\/2018\/07\/Ahoi-Geschenkverpackung.jpg 800w, https:\/\/www.sabine-seyffert.de\/blog\/wp-content\/uploads\/2018\/07\/Ahoi-Geschenkverpackung-300x225.jpg 300w, https:\/\/www.sabine-seyffert.de\/blog\/wp-content\/uploads\/2018\/07\/Ahoi-Geschenkverpackung-768x576.jpg 768w\" sizes=\"auto, (max-width: 800px) 100vw, 800px\" \/><\/a><\/p>\n<p style=\"text-align: justify;\"><strong>So wird\u2019s gemacht:<\/strong><br \/>\nAus dem Packpapier habe ich mit eine Art Geschenkt\u00fcte bzw. Bodenbeutel gebastelt, der sich bei Bedarf wieder verwenden l\u00e4sst. Anschlie\u00dfend habe ich damit begonnen die Verpackung zu verzieren. F\u00fcr das Meer habe ich einen breiten Streifen dunkelblaues Papier in der Breite des Beutels zugeschnitten und den oberen Rand in wellenform.<\/p>\n<p style=\"text-align: center;\"><a href=\"https:\/\/www.sabine-seyffert.de\/blog\/wp-content\/uploads\/2018\/07\/Ahoi-Geschenkverpackung-6.jpg\"><img loading=\"lazy\" decoding=\"async\" class=\"alignnone size-full wp-image-13016\" src=\"https:\/\/www.sabine-seyffert.de\/blog\/wp-content\/uploads\/2018\/07\/Ahoi-Geschenkverpackung-6.jpg\" alt=\"\" width=\"800\" height=\"600\" srcset=\"https:\/\/www.sabine-seyffert.de\/blog\/wp-content\/uploads\/2018\/07\/Ahoi-Geschenkverpackung-6.jpg 800w, https:\/\/www.sabine-seyffert.de\/blog\/wp-content\/uploads\/2018\/07\/Ahoi-Geschenkverpackung-6-300x225.jpg 300w, https:\/\/www.sabine-seyffert.de\/blog\/wp-content\/uploads\/2018\/07\/Ahoi-Geschenkverpackung-6-768x576.jpg 768w\" sizes=\"auto, (max-width: 800px) 100vw, 800px\" \/><\/a><\/p>\n<p style=\"text-align: justify;\">Aus einem Rest blau-wei\u00df gestreiften St\u00fcck Tonpapier habe ich ein Boot frei Hand ausgeschnitten. Mit der N\u00e4hmaschine habe ich die R\u00e4nder mit wei\u00dfen N\u00e4hten versehen, damit das Boot etwas plastischer aussieht. Das muss man aber nicht zwingend! F\u00fcr den Mast habe ich einen Zahnstocher verwendet und mittig unter das Boot geklebt. An den Fahnenmast kam aus Papier eine wehende Fahne. Au\u00dferdem habe ich am Himmel eine wei\u00dfe Wolke aufgeklebt und zwei V\u00f6gel daneben.<\/p>\n<p style=\"text-align: center;\"><a href=\"https:\/\/www.sabine-seyffert.de\/blog\/wp-content\/uploads\/2018\/07\/Ahoi-Geschenkverpackung-5.jpg\"><img loading=\"lazy\" decoding=\"async\" class=\"alignnone size-full wp-image-13017\" src=\"https:\/\/www.sabine-seyffert.de\/blog\/wp-content\/uploads\/2018\/07\/Ahoi-Geschenkverpackung-5.jpg\" alt=\"\" width=\"800\" height=\"600\" srcset=\"https:\/\/www.sabine-seyffert.de\/blog\/wp-content\/uploads\/2018\/07\/Ahoi-Geschenkverpackung-5.jpg 800w, https:\/\/www.sabine-seyffert.de\/blog\/wp-content\/uploads\/2018\/07\/Ahoi-Geschenkverpackung-5-300x225.jpg 300w, https:\/\/www.sabine-seyffert.de\/blog\/wp-content\/uploads\/2018\/07\/Ahoi-Geschenkverpackung-5-768x576.jpg 768w\" sizes=\"auto, (max-width: 800px) 100vw, 800px\" \/><\/a><\/p>\n<p style=\"text-align: justify;\">An den Bootrand habe ich den Schriftzug AHOI gestempelt, damit es maritimer aussieht. Den oberen offenen Rand des Beutels habe ich zweifach geknickt und an beiden Seiten gelocht. Damit nichts einrei\u00dft habe ich die beiden L\u00f6cher Innen mit einem Lochverst\u00e4rker versehen.<\/p>\n<p style=\"text-align: center;\"><a href=\"https:\/\/www.sabine-seyffert.de\/blog\/wp-content\/uploads\/2018\/07\/Ahoi-Geschenkverpackung-4.jpg\"><img loading=\"lazy\" decoding=\"async\" class=\"alignnone size-full wp-image-13018\" src=\"https:\/\/www.sabine-seyffert.de\/blog\/wp-content\/uploads\/2018\/07\/Ahoi-Geschenkverpackung-4.jpg\" alt=\"\" width=\"800\" height=\"600\" srcset=\"https:\/\/www.sabine-seyffert.de\/blog\/wp-content\/uploads\/2018\/07\/Ahoi-Geschenkverpackung-4.jpg 800w, https:\/\/www.sabine-seyffert.de\/blog\/wp-content\/uploads\/2018\/07\/Ahoi-Geschenkverpackung-4-300x225.jpg 300w, https:\/\/www.sabine-seyffert.de\/blog\/wp-content\/uploads\/2018\/07\/Ahoi-Geschenkverpackung-4-768x576.jpg 768w\" sizes=\"auto, (max-width: 800px) 100vw, 800px\" \/><\/a><\/p>\n<p style=\"text-align: justify;\">Durch die \u00d6ffnungen kann man nun das Geschenkband ziehen und vorne eine kleine Schleife binden. Aus einem St\u00fcck Kraftpapier habe ich noch ein kleines Etikett als Geschenkanh\u00e4nger geschnitten und mit dem Stempel \u201eHappy Birthday\u201c bedruckt.<\/p>\n<p style=\"text-align: center;\"><a href=\"https:\/\/www.sabine-seyffert.de\/blog\/wp-content\/uploads\/2018\/07\/Ahoi-Geschenkverpackung-3.jpg\"><img loading=\"lazy\" decoding=\"async\" class=\"alignnone size-full wp-image-13019\" src=\"https:\/\/www.sabine-seyffert.de\/blog\/wp-content\/uploads\/2018\/07\/Ahoi-Geschenkverpackung-3.jpg\" alt=\"\" width=\"800\" height=\"600\" srcset=\"https:\/\/www.sabine-seyffert.de\/blog\/wp-content\/uploads\/2018\/07\/Ahoi-Geschenkverpackung-3.jpg 800w, https:\/\/www.sabine-seyffert.de\/blog\/wp-content\/uploads\/2018\/07\/Ahoi-Geschenkverpackung-3-300x225.jpg 300w, https:\/\/www.sabine-seyffert.de\/blog\/wp-content\/uploads\/2018\/07\/Ahoi-Geschenkverpackung-3-768x576.jpg 768w\" sizes=\"auto, (max-width: 800px) 100vw, 800px\" \/><\/a><\/p>\n<p style=\"text-align: justify;\">Weitere Bastelideen f\u00fcr Geschenkverpackungen findet ihr in <a href=\"https:\/\/www.sabine-seyffert.de\/blog\/?cat=49\" target=\"_blank\" rel=\"noopener\">dieser Rubrik<\/a>, klitzekleine Geschenkideen <a href=\"https:\/\/www.sabine-seyffert.de\/blog\/?cat=36\" target=\"_blank\" rel=\"noopener\">dort<\/a>, alles zum Thema Sommer <a href=\"https:\/\/www.sabine-seyffert.de\/blog\/?cat=24\" target=\"_blank\" rel=\"noopener\">hier<\/a> und andere kreative Sachen <a href=\"https:\/\/www.creadienstag.de\/2018\/07\/linkparty-340.html\" target=\"_blank\" rel=\"noopener nofollow\">da<\/a>.<\/p>\n<p style=\"text-align: center;\"><a href=\"https:\/\/www.sabine-seyffert.de\/blog\/wp-content\/uploads\/2018\/07\/Ahoi-Geschenkverpackung-1.jpg\"><img loading=\"lazy\" decoding=\"async\" class=\"alignnone size-full wp-image-13020\" src=\"https:\/\/www.sabine-seyffert.de\/blog\/wp-content\/uploads\/2018\/07\/Ahoi-Geschenkverpackung-1.jpg\" alt=\"\" width=\"600\" height=\"800\" srcset=\"https:\/\/www.sabine-seyffert.de\/blog\/wp-content\/uploads\/2018\/07\/Ahoi-Geschenkverpackung-1.jpg 600w, https:\/\/www.sabine-seyffert.de\/blog\/wp-content\/uploads\/2018\/07\/Ahoi-Geschenkverpackung-1-225x300.jpg 225w\" sizes=\"auto, (max-width: 600px) 100vw, 600px\" \/><\/a><\/p>\n<p style=\"text-align: justify;\"><a href=\"https:\/\/www.sabine-seyffert.de\/blog\/?page_id=32#urheberrecht\">urheberrechtlich gesch\u00fctzt<\/a>, \u00a9 Sabine Seyffert<\/p>\n","protected":false},"excerpt":{"rendered":"<p>Wenn ich im Sommer Geschenke verpacke, dann muss ich insgeheim immer an sch\u00f6ne Sommertage am Strand, Ferien am Meer und Boote auf dem Wasser denken. Also geschieht es zu dieser Zeit nicht selten, dass meine selbst gemachten Geschenkverpackungen ganz maritim daher kommen (Geschenkverpackung \u201eDrei Boote auf hoher See\u201c, das \u201eGeburtstagsschiff\u201c oder die Verpackungsidee \u201eSch\u00f6ne Ferien\u201c&#8230;. <a href=\"https:\/\/www.sabine-seyffert.de\/blog\/diy-bastelanleitung-fuer-eine-selbst-gemachte-geschenkverpackung-eine-bootsfahrt-die-ist-lustig\/\" class=\"more-link\">Read more: DIY &#038; Bastelanleitung f\u00fcr eine selbst gemachte Geschenkverpackung: Eine Bootsfahrt die ist lustig\u2026<\/a><\/p>\n","protected":false},"author":2,"featured_media":0,"comment_status":"open","ping_status":"open","sticky":false,"template":"","format":"standard","meta":{"_metis_text_type":"","_metis_text_length":2337,"_post_count":0,"footnotes":""},"categories":[49,24],"tags":[],"class_list":["post-13013","post","type-post","status-publish","format-standard","hentry","category-verpackungsideen","category-sommer"],"_links":{"self":[{"href":"https:\/\/www.sabine-seyffert.de\/blog\/wp-json\/wp\/v2\/posts\/13013","targetHints":{"allow":["GET"]}}],"collection":[{"href":"https:\/\/www.sabine-seyffert.de\/blog\/wp-json\/wp\/v2\/posts"}],"about":[{"href":"https:\/\/www.sabine-seyffert.de\/blog\/wp-json\/wp\/v2\/types\/post"}],"author":[{"embeddable":true,"href":"https:\/\/www.sabine-seyffert.de\/blog\/wp-json\/wp\/v2\/users\/2"}],"replies":[{"embeddable":true,"href":"https:\/\/www.sabine-seyffert.de\/blog\/wp-json\/wp\/v2\/comments?post=13013"}],"version-history":[{"count":3,"href":"https:\/\/www.sabine-seyffert.de\/blog\/wp-json\/wp\/v2\/posts\/13013\/revisions"}],"predecessor-version":[{"id":13036,"href":"https:\/\/www.sabine-seyffert.de\/blog\/wp-json\/wp\/v2\/posts\/13013\/revisions\/13036"}],"wp:attachment":[{"href":"https:\/\/www.sabine-seyffert.de\/blog\/wp-json\/wp\/v2\/media?parent=13013"}],"wp:term":[{"taxonomy":"category","embeddable":true,"href":"https:\/\/www.sabine-seyffert.de\/blog\/wp-json\/wp\/v2\/categories?post=13013"},{"taxonomy":"post_tag","embeddable":true,"href":"https:\/\/www.sabine-seyffert.de\/blog\/wp-json\/wp\/v2\/tags?post=13013"}],"curies":[{"name":"wp","href":"https:\/\/api.w.org\/{rel}","templated":true}]}}