{"id":1300,"date":"2013-04-16T09:20:41","date_gmt":"2013-04-16T07:20:41","guid":{"rendered":"http:\/\/www.sabine-seyffert.de\/blog\/?p=1300"},"modified":"2017-03-06T18:03:41","modified_gmt":"2017-03-06T16:03:41","slug":"ich-schenk-dir-etwas-sonnenschein","status":"publish","type":"post","link":"https:\/\/www.sabine-seyffert.de\/blog\/ich-schenk-dir-etwas-sonnenschein\/","title":{"rendered":"Ich schenk dir etwas Sonnenschein"},"content":{"rendered":"<p style=\"text-align: center;\"><img loading=\"lazy\" decoding=\"async\" src=\"https:\/\/ssl-vg03.met.vgwort.de\/na\/57994511a72c45098a5e382dc672c193\" alt=\"\" width=\"1\" height=\"1\" \/><a href=\"http:\/\/www.sabine-seyffert.de\/blog\/wp-content\/uploads\/2013\/04\/Sonnenschein-1.jpg\"><img loading=\"lazy\" decoding=\"async\" class=\"alignnone size-full wp-image-1301\" src=\"http:\/\/www.sabine-seyffert.de\/blog\/wp-content\/uploads\/2013\/04\/Sonnenschein-1.jpg\" alt=\"Sonnenschein 1\" width=\"820\" height=\"620\" srcset=\"https:\/\/www.sabine-seyffert.de\/blog\/wp-content\/uploads\/2013\/04\/Sonnenschein-1.jpg 820w, https:\/\/www.sabine-seyffert.de\/blog\/wp-content\/uploads\/2013\/04\/Sonnenschein-1-300x226.jpg 300w\" sizes=\"auto, (max-width: 820px) 100vw, 820px\" \/><\/a><\/p>\n<p style=\"text-align: justify;\">Die milderen Temperaturen da drau\u00dfen haben daf\u00fcr gesorgt, dass die ersten zarten Knospen und Bl\u00e4tter an Busch und Baum zu sehen sind. Noch klein und zart, aber immerhin! Der viele Regen der letzten Tage hat f\u00fcr reichlich Bew\u00e4sserung gesorgt und das fr\u00fchlingshafte Wachstum ebenfalls angeregt. Was nun noch fehlt, ist etwas mehr Sonnenschein. Den kann man nicht herbeizaubern? Falsch! Man, oder besser gesagt \u201efrau\u201c, kann. Ich habe es n\u00e4mlich ziemlich satt ohne Sonnenschein, und habe mir so meine Gedanken gemacht. Das Resultat meiner kreativen Gedanken kam recht schnell zu dem Ergebnis: Wie w\u00e4re es mit einer T\u00fcte voller Sonnenschein? Dar\u00fcber freut sich im Moment bestimmt jeder. Ob als kleines Mitbringsel, per Briefpost oder auch f\u00fcr all diejenigen, die etwas Aufmunterung gebrauchen k\u00f6nnen!<\/p>\n<p style=\"text-align: center;\"><a href=\"http:\/\/www.sabine-seyffert.de\/blog\/wp-content\/uploads\/2013\/04\/Sonnenschein-2.jpg\"><img loading=\"lazy\" decoding=\"async\" class=\"alignnone size-full wp-image-1302\" src=\"http:\/\/www.sabine-seyffert.de\/blog\/wp-content\/uploads\/2013\/04\/Sonnenschein-2.jpg\" alt=\"Sonnenschein 2\" width=\"820\" height=\"620\" srcset=\"https:\/\/www.sabine-seyffert.de\/blog\/wp-content\/uploads\/2013\/04\/Sonnenschein-2.jpg 820w, https:\/\/www.sabine-seyffert.de\/blog\/wp-content\/uploads\/2013\/04\/Sonnenschein-2-300x226.jpg 300w\" sizes=\"auto, (max-width: 820px) 100vw, 820px\" \/><\/a><\/p>\n<p style=\"text-align: justify;\"><strong>Das wird gebraucht:<\/strong><br \/>\nEine kleine T\u00fcte (z.B. eine wei\u00dfe Butterbrott\u00fcte), gelbes Papier, einen Motivstanzer mit Sonne als Symbol, gelbes Webband, Zackenlitze oder Bord\u00fcre zum Verzieren, eine N\u00e4hmaschine, Klebstoff und einen Stift oder Drucker<\/p>\n<p style=\"text-align: center;\"><a href=\"http:\/\/www.sabine-seyffert.de\/blog\/wp-content\/uploads\/2013\/04\/Sonnenschein-3.jpg\"><img loading=\"lazy\" decoding=\"async\" class=\"alignnone size-full wp-image-1303\" src=\"http:\/\/www.sabine-seyffert.de\/blog\/wp-content\/uploads\/2013\/04\/Sonnenschein-3.jpg\" alt=\"Sonnenschein 3\" width=\"747\" height=\"737\" srcset=\"https:\/\/www.sabine-seyffert.de\/blog\/wp-content\/uploads\/2013\/04\/Sonnenschein-3.jpg 747w, https:\/\/www.sabine-seyffert.de\/blog\/wp-content\/uploads\/2013\/04\/Sonnenschein-3-300x295.jpg 300w\" sizes=\"auto, (max-width: 747px) 100vw, 747px\" \/><\/a><\/p>\n<p style=\"text-align: justify;\"><strong>So wird\u2019s gemacht:<\/strong><br \/>\nAls erstes stanzt man mit dem Motivlocher allerhand Sonnen aus dem gelben Papier. Ich habe dabei sowohl kleine als auch gro\u00dfe Sonnen gestanzt. Diese verstaut man in einer kleinen T\u00fcte. Den oberen Rand klappt man zweimal um, damit auch wirklich kein Sonnenschein verloren gehen kann \ud83d\ude42 Dann legt man das Webband, Litze oder die Bord\u00fcre auf die vordere Seite und n\u00e4ht diese mit einer ganz einfachen Naht von links nach rechts ganz auf.<\/p>\n<p style=\"text-align: center;\"><a href=\"http:\/\/www.sabine-seyffert.de\/blog\/wp-content\/uploads\/2013\/04\/Sonnenschein-4.jpg\"><img loading=\"lazy\" decoding=\"async\" class=\"alignnone size-full wp-image-1304\" src=\"http:\/\/www.sabine-seyffert.de\/blog\/wp-content\/uploads\/2013\/04\/Sonnenschein-4.jpg\" alt=\"Sonnenschein 4\" width=\"820\" height=\"620\" srcset=\"https:\/\/www.sabine-seyffert.de\/blog\/wp-content\/uploads\/2013\/04\/Sonnenschein-4.jpg 820w, https:\/\/www.sabine-seyffert.de\/blog\/wp-content\/uploads\/2013\/04\/Sonnenschein-4-300x226.jpg 300w\" sizes=\"auto, (max-width: 820px) 100vw, 820px\" \/><\/a><\/p>\n<p style=\"text-align: justify;\">Damit dieses kleine Geschenk auch wirklich Freude macht, habe ich dies entsprechend verziert und mit dem Schriftzug \u201eEine T\u00fcte voller Sonnenschein\u201c versehen. Das Etikett habe ich ebenfalls mit einem Motivlocher ausgestanzt. Man kann es aber auch mit einer Schere als Oval oder Kreis ausschneiden und mittig aufkleben. Wem das noch nicht genug Sonne ist, kann auch vorne auf der T\u00fcte noch einige ausgestanzte Sonnen aufkleben. Wobei bei der wei\u00dfen T\u00fcte die gelben Sonnen Innen leicht durchscheinen und die Vorfreude wecken!<\/p>\n<p style=\"text-align: center;\"><a href=\"http:\/\/www.sabine-seyffert.de\/blog\/wp-content\/uploads\/2013\/04\/Sonnenschein-6.jpg\"><img loading=\"lazy\" decoding=\"async\" class=\"alignnone size-full wp-image-1305\" src=\"http:\/\/www.sabine-seyffert.de\/blog\/wp-content\/uploads\/2013\/04\/Sonnenschein-6.jpg\" alt=\"Sonnenschein 6\" width=\"749\" height=\"823\" srcset=\"https:\/\/www.sabine-seyffert.de\/blog\/wp-content\/uploads\/2013\/04\/Sonnenschein-6.jpg 749w, https:\/\/www.sabine-seyffert.de\/blog\/wp-content\/uploads\/2013\/04\/Sonnenschein-6-273x300.jpg 273w\" sizes=\"auto, (max-width: 749px) 100vw, 749px\" \/><\/a><\/p>\n<p style=\"text-align: justify;\">Die kleinen T\u00fcten voller Sonnenschein sind wirklich schnell gemacht und werden den Beschenkten mit Sicherheit sehr erfreuen!<\/p>\n<p style=\"text-align: center;\"><a href=\"http:\/\/www.sabine-seyffert.de\/blog\/wp-content\/uploads\/2013\/04\/Sonnenschein-5.jpg\"><img loading=\"lazy\" decoding=\"async\" class=\"alignnone size-full wp-image-1306\" src=\"http:\/\/www.sabine-seyffert.de\/blog\/wp-content\/uploads\/2013\/04\/Sonnenschein-5.jpg\" alt=\"Sonnenschein 5\" width=\"820\" height=\"620\" srcset=\"https:\/\/www.sabine-seyffert.de\/blog\/wp-content\/uploads\/2013\/04\/Sonnenschein-5.jpg 820w, https:\/\/www.sabine-seyffert.de\/blog\/wp-content\/uploads\/2013\/04\/Sonnenschein-5-300x226.jpg 300w\" sizes=\"auto, (max-width: 820px) 100vw, 820px\" \/><\/a><\/p>\n<p>Mit dieser Idee reihe ich mich gerne bei Anke und ihrem <a href=\"http:\/\/www.creadienstag.blogspot.de\/2013\/04\/069.html\" target=\"_blank\">Creadienstag<\/a> ein!<\/p>\n<p><a href=\"http:\/\/www.sabine-seyffert.de\/blog\/?page_id=32#urheberrecht\">urherrechtlich gesch\u00fctzt<\/a>, \u00a9 Sabine Seyffert<\/p>\n","protected":false},"excerpt":{"rendered":"<p>Die milderen Temperaturen da drau\u00dfen haben daf\u00fcr gesorgt, dass die ersten zarten Knospen und Bl\u00e4tter an Busch und Baum zu sehen sind. Noch klein und zart, aber immerhin! Der viele Regen der letzten Tage hat f\u00fcr reichlich Bew\u00e4sserung gesorgt und das fr\u00fchlingshafte Wachstum ebenfalls angeregt. Was nun noch fehlt, ist etwas mehr Sonnenschein. Den kann&#8230; <a href=\"https:\/\/www.sabine-seyffert.de\/blog\/ich-schenk-dir-etwas-sonnenschein\/\" class=\"more-link\">Read more: Ich schenk dir etwas Sonnenschein<\/a><\/p>\n","protected":false},"author":2,"featured_media":0,"comment_status":"open","ping_status":"open","sticky":false,"template":"","format":"standard","meta":{"_metis_text_type":"","_metis_text_length":2253,"_post_count":0,"footnotes":""},"categories":[36],"tags":[],"class_list":["post-1300","post","type-post","status-publish","format-standard","hentry","category-klitzekleine-geschenkideen"],"_links":{"self":[{"href":"https:\/\/www.sabine-seyffert.de\/blog\/wp-json\/wp\/v2\/posts\/1300","targetHints":{"allow":["GET"]}}],"collection":[{"href":"https:\/\/www.sabine-seyffert.de\/blog\/wp-json\/wp\/v2\/posts"}],"about":[{"href":"https:\/\/www.sabine-seyffert.de\/blog\/wp-json\/wp\/v2\/types\/post"}],"author":[{"embeddable":true,"href":"https:\/\/www.sabine-seyffert.de\/blog\/wp-json\/wp\/v2\/users\/2"}],"replies":[{"embeddable":true,"href":"https:\/\/www.sabine-seyffert.de\/blog\/wp-json\/wp\/v2\/comments?post=1300"}],"version-history":[{"count":10,"href":"https:\/\/www.sabine-seyffert.de\/blog\/wp-json\/wp\/v2\/posts\/1300\/revisions"}],"predecessor-version":[{"id":9875,"href":"https:\/\/www.sabine-seyffert.de\/blog\/wp-json\/wp\/v2\/posts\/1300\/revisions\/9875"}],"wp:attachment":[{"href":"https:\/\/www.sabine-seyffert.de\/blog\/wp-json\/wp\/v2\/media?parent=1300"}],"wp:term":[{"taxonomy":"category","embeddable":true,"href":"https:\/\/www.sabine-seyffert.de\/blog\/wp-json\/wp\/v2\/categories?post=1300"},{"taxonomy":"post_tag","embeddable":true,"href":"https:\/\/www.sabine-seyffert.de\/blog\/wp-json\/wp\/v2\/tags?post=1300"}],"curies":[{"name":"wp","href":"https:\/\/api.w.org\/{rel}","templated":true}]}}