{"id":12997,"date":"2018-07-10T05:38:50","date_gmt":"2018-07-10T03:38:50","guid":{"rendered":"https:\/\/www.sabine-seyffert.de\/blog\/?p=12997"},"modified":"2018-07-10T05:38:50","modified_gmt":"2018-07-10T03:38:50","slug":"naehen-macht-gluecklich-selbst-genaehte-einkaufstasche-als-geschenk-ahoi-kleines-schiff","status":"publish","type":"post","link":"https:\/\/www.sabine-seyffert.de\/blog\/naehen-macht-gluecklich-selbst-genaehte-einkaufstasche-als-geschenk-ahoi-kleines-schiff\/","title":{"rendered":"N\u00e4hen macht Gl\u00fccklich: Selbst gen\u00e4hte Einkaufstasche als Geschenk \u2013 Ahoi, kleines Schiff!"},"content":{"rendered":"<p style=\"text-align: justify;\"><img loading=\"lazy\" decoding=\"async\" src=\"https:\/\/ssl-vg03.met.vgwort.de\/na\/44231ae4d7e44435b40bcfa1dcf84db5\" alt=\"\" width=\"1\" height=\"1\" \/>Auch wenn ich an der N\u00e4hmaschine alles andere als ein Profi bin, so tobe ich mich manchmal gerne etwas kreativ aus. Und soweit es sich nicht um gen\u00e4hte Kleidungsst\u00fccke handelt, fertige ich mit Hilfe der N\u00e4hmaschine tats\u00e4chlich auch gerne mal das ein oder andere Geschenk an. Diese N\u00e4hidee ist also auf f\u00fcr unge\u00fcbte N\u00e4herinnen wie mich machbar und nicht wirklich viel Fachwissen notwendig. Von daher verrate ich euch nicht nur, wie ich diese Tasche gemacht habe, sondern gleich auch ein paar wertvolle Tipps zum Nachmachen.<\/p>\n<p style=\"text-align: center;\"><a href=\"https:\/\/www.sabine-seyffert.de\/blog\/wp-content\/uploads\/2018\/07\/Ahoi-Tasche-marine-1.jpg\"><img loading=\"lazy\" decoding=\"async\" class=\"alignnone size-full wp-image-12998\" src=\"https:\/\/www.sabine-seyffert.de\/blog\/wp-content\/uploads\/2018\/07\/Ahoi-Tasche-marine-1.jpg\" alt=\"\" width=\"800\" height=\"600\" srcset=\"https:\/\/www.sabine-seyffert.de\/blog\/wp-content\/uploads\/2018\/07\/Ahoi-Tasche-marine-1.jpg 800w, https:\/\/www.sabine-seyffert.de\/blog\/wp-content\/uploads\/2018\/07\/Ahoi-Tasche-marine-1-300x225.jpg 300w, https:\/\/www.sabine-seyffert.de\/blog\/wp-content\/uploads\/2018\/07\/Ahoi-Tasche-marine-1-768x576.jpg 768w\" sizes=\"auto, (max-width: 800px) 100vw, 800px\" \/><\/a><\/p>\n<p style=\"text-align: justify;\"><strong>Das wird gebraucht:<\/strong><br \/>\n1 farbige Einkaufstasche aus Stoff \/ Baumwollbeutel, Bleistift, Vliesofix, N\u00e4hgarn, eine Stoffschere, eine N\u00e4hmaschine, glatte Baumwollstoffe \/ Stoffreste, eine B\u00fcgeleisen sowie optional einen Auftrenner<\/p>\n<p style=\"text-align: center;\"><a href=\"https:\/\/www.sabine-seyffert.de\/blog\/wp-content\/uploads\/2018\/07\/Ahoi-Tasche-marine-5.jpg\"><img loading=\"lazy\" decoding=\"async\" class=\"alignnone size-full wp-image-12999\" src=\"https:\/\/www.sabine-seyffert.de\/blog\/wp-content\/uploads\/2018\/07\/Ahoi-Tasche-marine-5.jpg\" alt=\"\" width=\"800\" height=\"600\" srcset=\"https:\/\/www.sabine-seyffert.de\/blog\/wp-content\/uploads\/2018\/07\/Ahoi-Tasche-marine-5.jpg 800w, https:\/\/www.sabine-seyffert.de\/blog\/wp-content\/uploads\/2018\/07\/Ahoi-Tasche-marine-5-300x225.jpg 300w, https:\/\/www.sabine-seyffert.de\/blog\/wp-content\/uploads\/2018\/07\/Ahoi-Tasche-marine-5-768x576.jpg 768w\" sizes=\"auto, (max-width: 800px) 100vw, 800px\" \/><\/a><\/p>\n<p style=\"text-align: justify;\"><strong>So wird\u2019s gemacht:<\/strong><br \/>\nWer nicht viel n\u00e4ht wie ich, dem w\u00fcrde ich empfehlen unifarbene, eingef\u00e4rbte Einkaufsbeutel aus reiner Baumwolle zu verwenden, die es sich in Bastell\u00e4den inzwischen in vielen Farben, Gr\u00f6\u00dfen und mit unterschiedlicher Henkell\u00e4nge zu kaufen gibt. Diese Taschen lassen sich mit etwas Fantasie und Stoffresten wunderbar aufpimpen, wie ich <a href=\"https:\/\/www.sabine-seyffert.de\/blog\/?p=9906\" target=\"_blank\" rel=\"noopener\">hier<\/a> schon mal ausf\u00fchrlich in einer Anleitung beschrieben habe.<\/p>\n<p style=\"text-align: center;\"><a href=\"https:\/\/www.sabine-seyffert.de\/blog\/wp-content\/uploads\/2018\/07\/Ahoi-Tasche-marine-4.jpg\"><img loading=\"lazy\" decoding=\"async\" class=\"alignnone size-full wp-image-13000\" src=\"https:\/\/www.sabine-seyffert.de\/blog\/wp-content\/uploads\/2018\/07\/Ahoi-Tasche-marine-4.jpg\" alt=\"\" width=\"800\" height=\"600\" srcset=\"https:\/\/www.sabine-seyffert.de\/blog\/wp-content\/uploads\/2018\/07\/Ahoi-Tasche-marine-4.jpg 800w, https:\/\/www.sabine-seyffert.de\/blog\/wp-content\/uploads\/2018\/07\/Ahoi-Tasche-marine-4-300x225.jpg 300w, https:\/\/www.sabine-seyffert.de\/blog\/wp-content\/uploads\/2018\/07\/Ahoi-Tasche-marine-4-768x576.jpg 768w\" sizes=\"auto, (max-width: 800px) 100vw, 800px\" \/><\/a><\/p>\n<p style=\"text-align: justify;\">Weil ich Papierboote sehr liebe und ich diese schon oft auf selbst gemachten Geschenkverpackungen (wie <a href=\"https:\/\/www.sabine-seyffert.de\/blog\/?p=7840\" target=\"_blank\" rel=\"noopener\">hier<\/a> und <a href=\"https:\/\/www.sabine-seyffert.de\/blog\/?p=12974\" target=\"_blank\" rel=\"noopener\">da<\/a>) verewigt habe, sollte ein solches nun auf als Motiv auf den Einkaufsbeutel wandern. Dazu habe ich auf Vliesofix mit ein gro\u00dfes \u201ePaperboat\u201c gezeichnet, ausgeschnitten und mit der rauen Seite auf den gew\u00fcnschten Stoff geb\u00fcgelt.<\/p>\n<p style=\"text-align: center;\"><a href=\"https:\/\/www.sabine-seyffert.de\/blog\/wp-content\/uploads\/2018\/07\/Ahoi-Tasche-marine-3.jpg\"><img loading=\"lazy\" decoding=\"async\" class=\"alignnone size-full wp-image-13001\" src=\"https:\/\/www.sabine-seyffert.de\/blog\/wp-content\/uploads\/2018\/07\/Ahoi-Tasche-marine-3.jpg\" alt=\"\" width=\"800\" height=\"600\" srcset=\"https:\/\/www.sabine-seyffert.de\/blog\/wp-content\/uploads\/2018\/07\/Ahoi-Tasche-marine-3.jpg 800w, https:\/\/www.sabine-seyffert.de\/blog\/wp-content\/uploads\/2018\/07\/Ahoi-Tasche-marine-3-300x225.jpg 300w, https:\/\/www.sabine-seyffert.de\/blog\/wp-content\/uploads\/2018\/07\/Ahoi-Tasche-marine-3-768x576.jpg 768w\" sizes=\"auto, (max-width: 800px) 100vw, 800px\" \/><\/a><\/p>\n<p style=\"text-align: justify;\">Jetzt platziert ihr dieses Boot mit Hilfe des B\u00fcgeleisens auf der Stofftasche, zieht vorab die Folie ab und b\u00fcgelt es fest. Bevor ihr nun jedoch mit Festn\u00e4hen startet <strong>ein Tipp<\/strong>: Trennt vorab die beiden Seiten der Tasche von Innen mit dem Auftrenner auf. Dann habt ihr es beim N\u00e4hen deutlich einfach. Allerdings m\u00fcssen die Seitenn\u00e4hte nach dem Applizieren nat\u00fcrlich wieder mit einer Normalen sowie einer Zickzacknaht geschlossen werden!<br \/>\nDas Boot habe ich dieses Mal nicht mit einem engen Zickzackstich appliziert, sondern habe um das Boot die R\u00e4nder mit einer normalen Naht fixiert. Diesen Vorgang jedoch mehrfach hintereinander. So franzen die R\u00e4nder des Boots beim Waschen minimal aus und das Motiv wirkt plastischer \ud83d\ude42<br \/>\nDa ich leider keine Stickmaschine besitze, habe ich mit der Maschine noch den Schriftzug \u201eAhoi\u201c auf dem Boot verewigt. Eine kniffelige Sache, aber wenn man die N\u00e4hmaschine auf langsamste Stufe stellen kann und einen Applikationsfu\u00df besitzt klappt dies mit Geduld und etwas \u00dcbung ganz gut.<br \/>\nWer mag, kann dem Boot nat\u00fcrlich auch noch einen Fahnenmast, einen Rettungsring oder kleine Wimpel aufn\u00e4hen.<\/p>\n<p style=\"text-align: center;\"><a href=\"https:\/\/www.sabine-seyffert.de\/blog\/wp-content\/uploads\/2018\/07\/Ahoi-Tasche-marine-7.jpg\"><img loading=\"lazy\" decoding=\"async\" class=\"alignnone size-full wp-image-13002\" src=\"https:\/\/www.sabine-seyffert.de\/blog\/wp-content\/uploads\/2018\/07\/Ahoi-Tasche-marine-7.jpg\" alt=\"\" width=\"800\" height=\"600\" srcset=\"https:\/\/www.sabine-seyffert.de\/blog\/wp-content\/uploads\/2018\/07\/Ahoi-Tasche-marine-7.jpg 800w, https:\/\/www.sabine-seyffert.de\/blog\/wp-content\/uploads\/2018\/07\/Ahoi-Tasche-marine-7-300x225.jpg 300w, https:\/\/www.sabine-seyffert.de\/blog\/wp-content\/uploads\/2018\/07\/Ahoi-Tasche-marine-7-768x576.jpg 768w\" sizes=\"auto, (max-width: 800px) 100vw, 800px\" \/><\/a><\/p>\n<p style=\"text-align: justify;\"><strong>Ein kleiner Tipp:<\/strong> Das Aufn\u00e4hen, Applizieren und \u201eSchreiben\u201c mit einer N\u00e4hmaschine ist deutlich einfacher mit einem Applikationsfu\u00df. Bei dem kann man w\u00e4hrend des N\u00e4hens besser schauen, wie die N\u00e4hte verlaufen!<\/p>\n<p style=\"text-align: center;\"><a href=\"https:\/\/www.sabine-seyffert.de\/blog\/wp-content\/uploads\/2018\/07\/Ahoi-Tasche-marine-2.jpg\"><img loading=\"lazy\" decoding=\"async\" class=\"alignnone size-full wp-image-13003\" src=\"https:\/\/www.sabine-seyffert.de\/blog\/wp-content\/uploads\/2018\/07\/Ahoi-Tasche-marine-2.jpg\" alt=\"\" width=\"800\" height=\"600\" srcset=\"https:\/\/www.sabine-seyffert.de\/blog\/wp-content\/uploads\/2018\/07\/Ahoi-Tasche-marine-2.jpg 800w, https:\/\/www.sabine-seyffert.de\/blog\/wp-content\/uploads\/2018\/07\/Ahoi-Tasche-marine-2-300x225.jpg 300w, https:\/\/www.sabine-seyffert.de\/blog\/wp-content\/uploads\/2018\/07\/Ahoi-Tasche-marine-2-768x576.jpg 768w\" sizes=\"auto, (max-width: 800px) 100vw, 800px\" \/><\/a><\/p>\n<p style=\"text-align: justify;\">Weitere Anleitungen rund ums N\u00e4hen findet ihr in <a href=\"https:\/\/www.sabine-seyffert.de\/blog\/?cat=33\" target=\"_blank\" rel=\"noopener\">dieser Rubrik<\/a>, selbst gemachte Geschenk-Ideen <a href=\"https:\/\/www.sabine-seyffert.de\/blog\/?cat=36\" target=\"_blank\" rel=\"noopener\">dort<\/a>, alles zum Thema Sommer an <a href=\"https:\/\/www.sabine-seyffert.de\/blog\/?cat=24\" target=\"_blank\" rel=\"noopener\">dieser Stelle<\/a> und andere kreative Sachen <a href=\"https:\/\/www.creadienstag.de\/2018\/07\/linkparty-339.html\" target=\"_blank\" rel=\"noopener nofollow\">da<\/a>.<\/p>\n<p><a href=\"https:\/\/www.sabine-seyffert.de\/blog\/?page_id=32#urheberrecht\">urheberrechtlich gesch\u00fctzt<\/a>, \u00a9 Sabine Seyffert<\/p>\n","protected":false},"excerpt":{"rendered":"<p>Auch wenn ich an der N\u00e4hmaschine alles andere als ein Profi bin, so tobe ich mich manchmal gerne etwas kreativ aus. Und soweit es sich nicht um gen\u00e4hte Kleidungsst\u00fccke handelt, fertige ich mit Hilfe der N\u00e4hmaschine tats\u00e4chlich auch gerne mal das ein oder andere Geschenk an. Diese N\u00e4hidee ist also auf f\u00fcr unge\u00fcbte N\u00e4herinnen wie&#8230; <a href=\"https:\/\/www.sabine-seyffert.de\/blog\/naehen-macht-gluecklich-selbst-genaehte-einkaufstasche-als-geschenk-ahoi-kleines-schiff\/\" class=\"more-link\">Read more: N\u00e4hen macht Gl\u00fccklich: Selbst gen\u00e4hte Einkaufstasche als Geschenk \u2013 Ahoi, kleines Schiff!<\/a><\/p>\n","protected":false},"author":2,"featured_media":0,"comment_status":"open","ping_status":"open","sticky":false,"template":"","format":"standard","meta":{"_metis_text_type":"","_metis_text_length":3049,"_post_count":0,"footnotes":""},"categories":[36,33,24],"tags":[],"class_list":["post-12997","post","type-post","status-publish","format-standard","hentry","category-klitzekleine-geschenkideen","category-kreative-naherein","category-sommer"],"_links":{"self":[{"href":"https:\/\/www.sabine-seyffert.de\/blog\/wp-json\/wp\/v2\/posts\/12997","targetHints":{"allow":["GET"]}}],"collection":[{"href":"https:\/\/www.sabine-seyffert.de\/blog\/wp-json\/wp\/v2\/posts"}],"about":[{"href":"https:\/\/www.sabine-seyffert.de\/blog\/wp-json\/wp\/v2\/types\/post"}],"author":[{"embeddable":true,"href":"https:\/\/www.sabine-seyffert.de\/blog\/wp-json\/wp\/v2\/users\/2"}],"replies":[{"embeddable":true,"href":"https:\/\/www.sabine-seyffert.de\/blog\/wp-json\/wp\/v2\/comments?post=12997"}],"version-history":[{"count":7,"href":"https:\/\/www.sabine-seyffert.de\/blog\/wp-json\/wp\/v2\/posts\/12997\/revisions"}],"predecessor-version":[{"id":13010,"href":"https:\/\/www.sabine-seyffert.de\/blog\/wp-json\/wp\/v2\/posts\/12997\/revisions\/13010"}],"wp:attachment":[{"href":"https:\/\/www.sabine-seyffert.de\/blog\/wp-json\/wp\/v2\/media?parent=12997"}],"wp:term":[{"taxonomy":"category","embeddable":true,"href":"https:\/\/www.sabine-seyffert.de\/blog\/wp-json\/wp\/v2\/categories?post=12997"},{"taxonomy":"post_tag","embeddable":true,"href":"https:\/\/www.sabine-seyffert.de\/blog\/wp-json\/wp\/v2\/tags?post=12997"}],"curies":[{"name":"wp","href":"https:\/\/api.w.org\/{rel}","templated":true}]}}