{"id":12939,"date":"2018-06-29T06:27:06","date_gmt":"2018-06-29T04:27:06","guid":{"rendered":"https:\/\/www.sabine-seyffert.de\/blog\/?p=12939"},"modified":"2018-07-03T05:48:02","modified_gmt":"2018-07-03T03:48:02","slug":"diy-geschenkverpackung-selbst-gemacht-ganz-viel-buegelperlen-eis-zum-geburtstag","status":"publish","type":"post","link":"https:\/\/www.sabine-seyffert.de\/blog\/diy-geschenkverpackung-selbst-gemacht-ganz-viel-buegelperlen-eis-zum-geburtstag\/","title":{"rendered":"DIY Geschenkverpackung selbst gemacht: Ganz viel B\u00fcgelperlen &#8211; Eis zum Geburtstag"},"content":{"rendered":"<p style=\"text-align: justify;\"><img loading=\"lazy\" decoding=\"async\" src=\"https:\/\/ssl-vg03.met.vgwort.de\/na\/55d33be7ca4347dcade3daf1eb33c0b5\" alt=\"\" width=\"1\" height=\"1\" \/>Geschenke einzupacken geh\u00f6rt zu meinen gro\u00dfen Leidenschaften. Ganz egal zu welchem Anlass oder welcher Jahreszeit. Dieses Mal sollte es eine sommerliche Verpackung f\u00fcr ein kleines Geburtstagskind sein. Was w\u00fcrde da besser passen als ein bunter Strau\u00df voller k\u00f6stlicher Eish\u00f6rnchen in den sch\u00f6nsten Farben?<\/p>\n<p style=\"text-align: center;\"><a href=\"https:\/\/www.sabine-seyffert.de\/blog\/wp-content\/uploads\/2018\/06\/Geschenkverpackung-Eis-Perlen-5.jpg\"><img loading=\"lazy\" decoding=\"async\" class=\"alignnone size-full wp-image-12940\" src=\"https:\/\/www.sabine-seyffert.de\/blog\/wp-content\/uploads\/2018\/06\/Geschenkverpackung-Eis-Perlen-5.jpg\" alt=\"\" width=\"800\" height=\"600\" srcset=\"https:\/\/www.sabine-seyffert.de\/blog\/wp-content\/uploads\/2018\/06\/Geschenkverpackung-Eis-Perlen-5.jpg 800w, https:\/\/www.sabine-seyffert.de\/blog\/wp-content\/uploads\/2018\/06\/Geschenkverpackung-Eis-Perlen-5-300x225.jpg 300w, https:\/\/www.sabine-seyffert.de\/blog\/wp-content\/uploads\/2018\/06\/Geschenkverpackung-Eis-Perlen-5-768x576.jpg 768w\" sizes=\"auto, (max-width: 800px) 100vw, 800px\" \/><\/a><\/p>\n<p style=\"text-align: justify;\"><strong>Das wird gebraucht:<\/strong><br \/>\nFarbige B\u00fcgelperlen, eine B\u00fcgelperlen Steckplatte (am besten funktioniert eine Stern Form), ein B\u00fcgeleisen, 1 Bogen Backpapier, unifarbenes Geschenkpapier, Buchstabenstempel, Bastelkleber sowie ein Stempelkissen<\/p>\n<p style=\"text-align: center;\"><a href=\"https:\/\/www.sabine-seyffert.de\/blog\/wp-content\/uploads\/2018\/06\/Geschenkverpackung-Eis-Perlen.jpg\"><img loading=\"lazy\" decoding=\"async\" class=\"alignnone size-full wp-image-12941\" src=\"https:\/\/www.sabine-seyffert.de\/blog\/wp-content\/uploads\/2018\/06\/Geschenkverpackung-Eis-Perlen.jpg\" alt=\"\" width=\"800\" height=\"600\" srcset=\"https:\/\/www.sabine-seyffert.de\/blog\/wp-content\/uploads\/2018\/06\/Geschenkverpackung-Eis-Perlen.jpg 800w, https:\/\/www.sabine-seyffert.de\/blog\/wp-content\/uploads\/2018\/06\/Geschenkverpackung-Eis-Perlen-300x225.jpg 300w, https:\/\/www.sabine-seyffert.de\/blog\/wp-content\/uploads\/2018\/06\/Geschenkverpackung-Eis-Perlen-768x576.jpg 768w\" sizes=\"auto, (max-width: 800px) 100vw, 800px\" \/><\/a><\/p>\n<p style=\"text-align: justify;\"><strong>So wird\u2019s gemacht:<\/strong><br \/>\nDas Pr\u00e4sent war gl\u00fccklicherweise schnell gefunden und ebenso schnell in etwas uni wei\u00dfem Geschenkpapier verpackt. Das gefiel mir als Untergrund f\u00fcr die selbst gebastelten bzw. gesteckten Eish\u00f6rnchen am besten, da auf dem Wei\u00df die Farben so gut leuchten. Die kleinen Eish\u00f6rnchen sind schnell gemacht und so einfach zu werkeln, dass diese auch von Kindern gebastelt werden k\u00f6nnen. F\u00fcr die H\u00f6rnchen, also den unteren Teil, haben wir braune Perlen benutzt und die Eiskugeln jeweils in einer anderen Farbe gelegt. So sehen die ganzen H\u00f6rnchen zum Schluss aus wie ein bunter Regenbogen und sorgen f\u00fcr gute Laune.<\/p>\n<p style=\"text-align: center;\"><a href=\"https:\/\/www.sabine-seyffert.de\/blog\/wp-content\/uploads\/2018\/06\/Geschenkverpackung-Eis-Perlen-4.jpg\"><img loading=\"lazy\" decoding=\"async\" class=\"alignnone size-full wp-image-12942\" src=\"https:\/\/www.sabine-seyffert.de\/blog\/wp-content\/uploads\/2018\/06\/Geschenkverpackung-Eis-Perlen-4.jpg\" alt=\"\" width=\"800\" height=\"600\" srcset=\"https:\/\/www.sabine-seyffert.de\/blog\/wp-content\/uploads\/2018\/06\/Geschenkverpackung-Eis-Perlen-4.jpg 800w, https:\/\/www.sabine-seyffert.de\/blog\/wp-content\/uploads\/2018\/06\/Geschenkverpackung-Eis-Perlen-4-300x225.jpg 300w, https:\/\/www.sabine-seyffert.de\/blog\/wp-content\/uploads\/2018\/06\/Geschenkverpackung-Eis-Perlen-4-768x576.jpg 768w\" sizes=\"auto, (max-width: 800px) 100vw, 800px\" \/><\/a><\/p>\n<p style=\"text-align: justify;\">Die auf die Platte gesteckten H\u00f6rnchen b\u00fcgelt man bei leichter Temperatur. Dazu legt man am besten etwas Backpapier auf die gesteckten Perlen. So geht es am einfachsten und nach dem B\u00fcgel lassen sich die Motive unter dem Backpapier problemlos und fix vom Papier abl\u00f6sen. Sobald die kleinen Eish\u00f6rnchen ganz ausgek\u00fchlt sind, ordnet man diese auf dem in Papier verpacktem Geburtstagsgeschenk an und fixiert diese mit Kleber. Alternativ kann man hierf\u00fcr auch eine Hei\u00dfklebepistole verwenden. Zum Schluss habe ich noch mit Buchstabenstempeln den Geburtstagsgru\u00df \u201eHappy Birthday\u201c aufgestempelt.<\/p>\n<p style=\"text-align: center;\"><a href=\"https:\/\/www.sabine-seyffert.de\/blog\/wp-content\/uploads\/2018\/06\/Geschenkverpackung-Eis-Perlen-2.jpg\"><img loading=\"lazy\" decoding=\"async\" class=\"alignnone size-full wp-image-12943\" src=\"https:\/\/www.sabine-seyffert.de\/blog\/wp-content\/uploads\/2018\/06\/Geschenkverpackung-Eis-Perlen-2.jpg\" alt=\"\" width=\"800\" height=\"600\" srcset=\"https:\/\/www.sabine-seyffert.de\/blog\/wp-content\/uploads\/2018\/06\/Geschenkverpackung-Eis-Perlen-2.jpg 800w, https:\/\/www.sabine-seyffert.de\/blog\/wp-content\/uploads\/2018\/06\/Geschenkverpackung-Eis-Perlen-2-300x225.jpg 300w, https:\/\/www.sabine-seyffert.de\/blog\/wp-content\/uploads\/2018\/06\/Geschenkverpackung-Eis-Perlen-2-768x576.jpg 768w\" sizes=\"auto, (max-width: 800px) 100vw, 800px\" \/><\/a><\/p>\n<p style=\"text-align: justify;\">Weitere Bastelanleitungen f\u00fcr ausgefallene Geschenkverpackungen findet ihr in <a href=\"https:\/\/www.sabine-seyffert.de\/blog\/?cat=49\" target=\"_blank\" rel=\"noopener\">dieser Rubrik<\/a>, alle Ideen rund um den Kindergeburtstag &amp; das Feiern mit Kindern <a href=\"https:\/\/www.sabine-seyffert.de\/blog\/?cat=21\" target=\"_blank\" rel=\"noopener\">hier<\/a> und andere kreative Sachen <a href=\"http:\/\/www.lunaju.de\/2018\/06\/kiddikram-juni-2018-es-geht-weiter.html\" target=\"_blank\" rel=\"noopener nofollow\">da<\/a> und <a href=\"https:\/\/www.creadienstag.de\/2018\/06\/linkparty338.html\" target=\"_blank\" rel=\"noopener nofollow\">dort<\/a>.<\/p>\n<p style=\"text-align: center;\"><a href=\"https:\/\/www.sabine-seyffert.de\/blog\/wp-content\/uploads\/2018\/06\/Geschenkverpackung-Eis-Perlen-1.jpg\"><img loading=\"lazy\" decoding=\"async\" class=\"alignnone size-full wp-image-12944\" src=\"https:\/\/www.sabine-seyffert.de\/blog\/wp-content\/uploads\/2018\/06\/Geschenkverpackung-Eis-Perlen-1.jpg\" alt=\"\" width=\"800\" height=\"600\" srcset=\"https:\/\/www.sabine-seyffert.de\/blog\/wp-content\/uploads\/2018\/06\/Geschenkverpackung-Eis-Perlen-1.jpg 800w, https:\/\/www.sabine-seyffert.de\/blog\/wp-content\/uploads\/2018\/06\/Geschenkverpackung-Eis-Perlen-1-300x225.jpg 300w, https:\/\/www.sabine-seyffert.de\/blog\/wp-content\/uploads\/2018\/06\/Geschenkverpackung-Eis-Perlen-1-768x576.jpg 768w\" sizes=\"auto, (max-width: 800px) 100vw, 800px\" \/><\/a><\/p>\n<p><a href=\"https:\/\/www.sabine-seyffert.de\/blog\/?page_id=32#urheberrecht\">urheberrechtlich gesch\u00fctzt<\/a>, \u00a9 Sabine Seyffert<\/p>\n","protected":false},"excerpt":{"rendered":"<p>Geschenke einzupacken geh\u00f6rt zu meinen gro\u00dfen Leidenschaften. Ganz egal zu welchem Anlass oder welcher Jahreszeit. Dieses Mal sollte es eine sommerliche Verpackung f\u00fcr ein kleines Geburtstagskind sein. Was w\u00fcrde da besser passen als ein bunter Strau\u00df voller k\u00f6stlicher Eish\u00f6rnchen in den sch\u00f6nsten Farben? Das wird gebraucht: Farbige B\u00fcgelperlen, eine B\u00fcgelperlen Steckplatte (am besten funktioniert eine&#8230; <a href=\"https:\/\/www.sabine-seyffert.de\/blog\/diy-geschenkverpackung-selbst-gemacht-ganz-viel-buegelperlen-eis-zum-geburtstag\/\" class=\"more-link\">Read more: DIY Geschenkverpackung selbst gemacht: Ganz viel B\u00fcgelperlen &#8211; Eis zum Geburtstag<\/a><\/p>\n","protected":false},"author":2,"featured_media":0,"comment_status":"open","ping_status":"open","sticky":false,"template":"","format":"standard","meta":{"_metis_text_type":"","_metis_text_length":2006,"_post_count":0,"footnotes":""},"categories":[32,49,24],"tags":[],"class_list":["post-12939","post","type-post","status-publish","format-standard","hentry","category-kreatives-fur-kleine-kinderhande","category-verpackungsideen","category-sommer"],"_links":{"self":[{"href":"https:\/\/www.sabine-seyffert.de\/blog\/wp-json\/wp\/v2\/posts\/12939","targetHints":{"allow":["GET"]}}],"collection":[{"href":"https:\/\/www.sabine-seyffert.de\/blog\/wp-json\/wp\/v2\/posts"}],"about":[{"href":"https:\/\/www.sabine-seyffert.de\/blog\/wp-json\/wp\/v2\/types\/post"}],"author":[{"embeddable":true,"href":"https:\/\/www.sabine-seyffert.de\/blog\/wp-json\/wp\/v2\/users\/2"}],"replies":[{"embeddable":true,"href":"https:\/\/www.sabine-seyffert.de\/blog\/wp-json\/wp\/v2\/comments?post=12939"}],"version-history":[{"count":3,"href":"https:\/\/www.sabine-seyffert.de\/blog\/wp-json\/wp\/v2\/posts\/12939\/revisions"}],"predecessor-version":[{"id":12973,"href":"https:\/\/www.sabine-seyffert.de\/blog\/wp-json\/wp\/v2\/posts\/12939\/revisions\/12973"}],"wp:attachment":[{"href":"https:\/\/www.sabine-seyffert.de\/blog\/wp-json\/wp\/v2\/media?parent=12939"}],"wp:term":[{"taxonomy":"category","embeddable":true,"href":"https:\/\/www.sabine-seyffert.de\/blog\/wp-json\/wp\/v2\/categories?post=12939"},{"taxonomy":"post_tag","embeddable":true,"href":"https:\/\/www.sabine-seyffert.de\/blog\/wp-json\/wp\/v2\/tags?post=12939"}],"curies":[{"name":"wp","href":"https:\/\/api.w.org\/{rel}","templated":true}]}}