{"id":12746,"date":"2018-06-19T05:32:00","date_gmt":"2018-06-19T03:32:00","guid":{"rendered":"https:\/\/www.sabine-seyffert.de\/blog\/?p=12746"},"modified":"2018-06-19T05:32:00","modified_gmt":"2018-06-19T03:32:00","slug":"selbst-genaehtes-kissen-mit-namen-als-geburtstagsgeschenk-traumkissen-selbst-gemacht","status":"publish","type":"post","link":"https:\/\/www.sabine-seyffert.de\/blog\/selbst-genaehtes-kissen-mit-namen-als-geburtstagsgeschenk-traumkissen-selbst-gemacht\/","title":{"rendered":"Selbst gen\u00e4htes Kissen mit Namen als Geburtstagsgeschenk \u2013 Traumkissen selbst gemacht"},"content":{"rendered":"<p style=\"text-align: justify;\"><img loading=\"lazy\" decoding=\"async\" src=\"https:\/\/ssl-vg03.met.vgwort.de\/na\/4f12ca3a73dc455eb8621160dab32e02\" alt=\"\" width=\"1\" height=\"1\" \/>Meine Tochter hat kein Lieblingskuscheltier oder dergleichen, aber eins darf nie fehlen \u2013 ein kleines Kissen mit ihrem Namen. Da dies nicht nur jeden Abend mit ins Bett wandert, sondern auch stets mit in Urlaub f\u00e4hrt oder bei \u00dcbernachtungen woanders als Kuscheltier-Ersatz dient, sind diese Kissen irgendwann hin\u00fcber. Doch bevor es dazu kommt, habe ich rechtzeitig zum Geburtstag einen neuen Kissenbezug gen\u00e4ht und mich aus diesem Grund im Stoffladen mit neuem Stoff eingedeckt.<\/p>\n<p style=\"text-align: center;\"><a href=\"https:\/\/www.sabine-seyffert.de\/blog\/wp-content\/uploads\/2018\/06\/Kissen-Mond-Sterne-blau.jpg\"><img loading=\"lazy\" decoding=\"async\" class=\"alignnone size-full wp-image-12748\" src=\"https:\/\/www.sabine-seyffert.de\/blog\/wp-content\/uploads\/2018\/06\/Kissen-Mond-Sterne-blau.jpg\" alt=\"\" width=\"600\" height=\"800\" srcset=\"https:\/\/www.sabine-seyffert.de\/blog\/wp-content\/uploads\/2018\/06\/Kissen-Mond-Sterne-blau.jpg 600w, https:\/\/www.sabine-seyffert.de\/blog\/wp-content\/uploads\/2018\/06\/Kissen-Mond-Sterne-blau-225x300.jpg 225w\" sizes=\"auto, (max-width: 600px) 100vw, 600px\" \/><\/a><\/p>\n<p style=\"text-align: justify;\"><strong>Das wird gebraucht:<\/strong><br \/>\n1 kleines Kopfkissen (Gr\u00f6\u00dfe 30 x 30 oder 40 x 40 cm), glatten Webstoff aus reiner Baumwolle, gemusterte Baumwollstoffe oder farbige Stoffreste, einen Rei\u00dfverschluss, N\u00e4hgarn, N\u00e4hmaschine, Stoffschere, B\u00fcgeleisen, Vliesofix, Bleistift, N\u00e4hnadeln<\/p>\n<p style=\"text-align: center;\"><a href=\"https:\/\/www.sabine-seyffert.de\/blog\/wp-content\/uploads\/2018\/06\/Kissen-Mond-Sterne-blau-8.jpg\"><img loading=\"lazy\" decoding=\"async\" class=\"alignnone size-full wp-image-12749\" src=\"https:\/\/www.sabine-seyffert.de\/blog\/wp-content\/uploads\/2018\/06\/Kissen-Mond-Sterne-blau-8.jpg\" alt=\"\" width=\"800\" height=\"600\" srcset=\"https:\/\/www.sabine-seyffert.de\/blog\/wp-content\/uploads\/2018\/06\/Kissen-Mond-Sterne-blau-8.jpg 800w, https:\/\/www.sabine-seyffert.de\/blog\/wp-content\/uploads\/2018\/06\/Kissen-Mond-Sterne-blau-8-300x225.jpg 300w, https:\/\/www.sabine-seyffert.de\/blog\/wp-content\/uploads\/2018\/06\/Kissen-Mond-Sterne-blau-8-768x576.jpg 768w\" sizes=\"auto, (max-width: 800px) 100vw, 800px\" \/><\/a><\/p>\n<p style=\"text-align: justify;\"><strong>So wird\u2019s gemacht:<\/strong><br \/>\nAuf diesem Blog habe ich bereits ein paar selbst gen\u00e4hte Kissen gezeigt, die ich personalisiert und oft als Geschenk genutzt habe.<\/p>\n<p style=\"text-align: center;\"><a href=\"https:\/\/www.sabine-seyffert.de\/blog\/wp-content\/uploads\/2018\/06\/Kissen-Mond-Sterne-blau-10.jpg\"><img loading=\"lazy\" decoding=\"async\" class=\"alignnone size-full wp-image-12750\" src=\"https:\/\/www.sabine-seyffert.de\/blog\/wp-content\/uploads\/2018\/06\/Kissen-Mond-Sterne-blau-10.jpg\" alt=\"\" width=\"800\" height=\"600\" srcset=\"https:\/\/www.sabine-seyffert.de\/blog\/wp-content\/uploads\/2018\/06\/Kissen-Mond-Sterne-blau-10.jpg 800w, https:\/\/www.sabine-seyffert.de\/blog\/wp-content\/uploads\/2018\/06\/Kissen-Mond-Sterne-blau-10-300x225.jpg 300w, https:\/\/www.sabine-seyffert.de\/blog\/wp-content\/uploads\/2018\/06\/Kissen-Mond-Sterne-blau-10-768x576.jpg 768w\" sizes=\"auto, (max-width: 800px) 100vw, 800px\" \/><\/a><\/p>\n<p style=\"text-align: justify;\">Wer mag, kann unter den folgenden Artikeln noch mal schauen: Eine bunte <a href=\"https:\/\/www.sabine-seyffert.de\/blog\/?p=1690\" target=\"_blank\" rel=\"noopener\">Fr\u00fchlingswiese<\/a>, eine <a href=\"https:\/\/www.sabine-seyffert.de\/blog\/?p=4122\" target=\"_blank\" rel=\"noopener\">Zauberblume<\/a>, ein <a href=\"https:\/\/www.sabine-seyffert.de\/blog\/?p=7873\" target=\"_blank\" rel=\"noopener\">Kissen mit Segelboot<\/a> oder auch das <a href=\"https:\/\/www.sabine-seyffert.de\/blog\/?p=10643\" target=\"_blank\" rel=\"noopener\">Kissen mit appliziertem Bl\u00fcten Duo<\/a>.<\/p>\n<p style=\"text-align: center;\"><a href=\"https:\/\/www.sabine-seyffert.de\/blog\/wp-content\/uploads\/2018\/06\/Kissen-Mond-Sterne-blau-9.jpg\"><img loading=\"lazy\" decoding=\"async\" class=\"alignnone size-full wp-image-12751\" src=\"https:\/\/www.sabine-seyffert.de\/blog\/wp-content\/uploads\/2018\/06\/Kissen-Mond-Sterne-blau-9.jpg\" alt=\"\" width=\"800\" height=\"600\" srcset=\"https:\/\/www.sabine-seyffert.de\/blog\/wp-content\/uploads\/2018\/06\/Kissen-Mond-Sterne-blau-9.jpg 800w, https:\/\/www.sabine-seyffert.de\/blog\/wp-content\/uploads\/2018\/06\/Kissen-Mond-Sterne-blau-9-300x225.jpg 300w, https:\/\/www.sabine-seyffert.de\/blog\/wp-content\/uploads\/2018\/06\/Kissen-Mond-Sterne-blau-9-768x576.jpg 768w\" sizes=\"auto, (max-width: 800px) 100vw, 800px\" \/><\/a><\/p>\n<p style=\"text-align: justify;\">Dieses Mal habe ich mich von einer Traumreise inspirieren lassen und ein abendliches Motiv entworfen, was zum Einschlafen passt. Dazu habe ich mir vorab eine kleine Skizze gemacht, wie das Kissen aussehen soll.<\/p>\n<p style=\"text-align: center;\"><a href=\"https:\/\/www.sabine-seyffert.de\/blog\/wp-content\/uploads\/2018\/06\/Kissen-Mond-Sterne-blau-5.jpg\"><img loading=\"lazy\" decoding=\"async\" class=\"alignnone size-full wp-image-12752\" src=\"https:\/\/www.sabine-seyffert.de\/blog\/wp-content\/uploads\/2018\/06\/Kissen-Mond-Sterne-blau-5.jpg\" alt=\"\" width=\"800\" height=\"600\" srcset=\"https:\/\/www.sabine-seyffert.de\/blog\/wp-content\/uploads\/2018\/06\/Kissen-Mond-Sterne-blau-5.jpg 800w, https:\/\/www.sabine-seyffert.de\/blog\/wp-content\/uploads\/2018\/06\/Kissen-Mond-Sterne-blau-5-300x225.jpg 300w, https:\/\/www.sabine-seyffert.de\/blog\/wp-content\/uploads\/2018\/06\/Kissen-Mond-Sterne-blau-5-768x576.jpg 768w\" sizes=\"auto, (max-width: 800px) 100vw, 800px\" \/><\/a><\/p>\n<p style=\"text-align: justify;\">Die einzelnen Formen wie Mond, Wolke, Sterne, Strandhaus und Schiff habe ich dann mit Bleistift in der gew\u00fcnschten Gr\u00f6\u00dfe aus das Vliesofix gezeichnet. Diese schneidet man dann aus und b\u00fcgelt alle Motive auf die R\u00fcckseite der gemusterten Stoffe oder Stoffreste.<\/p>\n<p style=\"text-align: center;\"><a href=\"https:\/\/www.sabine-seyffert.de\/blog\/wp-content\/uploads\/2018\/06\/Kissen-Mond-Sterne-blau-6.jpg\"><img loading=\"lazy\" decoding=\"async\" class=\"alignnone size-full wp-image-12753\" src=\"https:\/\/www.sabine-seyffert.de\/blog\/wp-content\/uploads\/2018\/06\/Kissen-Mond-Sterne-blau-6.jpg\" alt=\"\" width=\"800\" height=\"600\" srcset=\"https:\/\/www.sabine-seyffert.de\/blog\/wp-content\/uploads\/2018\/06\/Kissen-Mond-Sterne-blau-6.jpg 800w, https:\/\/www.sabine-seyffert.de\/blog\/wp-content\/uploads\/2018\/06\/Kissen-Mond-Sterne-blau-6-300x225.jpg 300w, https:\/\/www.sabine-seyffert.de\/blog\/wp-content\/uploads\/2018\/06\/Kissen-Mond-Sterne-blau-6-768x576.jpg 768w\" sizes=\"auto, (max-width: 800px) 100vw, 800px\" \/><\/a><\/p>\n<p style=\"text-align: justify;\">Bevor man mit den Applikationen weiter macht, habe ich mir den Stoff f\u00fcr den Kissenbezug zugeschnitten. Mit den N\u00e4hnadeln kann man sich die Vorderseite des Kissens markieren und dort dann die jeweiligen Motive aufb\u00fcgeln. Anschlie\u00dfend n\u00e4ht man diese zus\u00e4tzlich fest. Entweder mit einer engen Zickzacknaht oder in dem man die jeweiligen N\u00e4hte mehrfach umrandet.<\/p>\n<p style=\"text-align: center;\"><a href=\"https:\/\/www.sabine-seyffert.de\/blog\/wp-content\/uploads\/2018\/06\/Kissen-Mond-Sterne-blau-3.jpg\"><img loading=\"lazy\" decoding=\"async\" class=\"alignnone size-full wp-image-12754\" src=\"https:\/\/www.sabine-seyffert.de\/blog\/wp-content\/uploads\/2018\/06\/Kissen-Mond-Sterne-blau-3.jpg\" alt=\"\" width=\"800\" height=\"600\" srcset=\"https:\/\/www.sabine-seyffert.de\/blog\/wp-content\/uploads\/2018\/06\/Kissen-Mond-Sterne-blau-3.jpg 800w, https:\/\/www.sabine-seyffert.de\/blog\/wp-content\/uploads\/2018\/06\/Kissen-Mond-Sterne-blau-3-300x225.jpg 300w, https:\/\/www.sabine-seyffert.de\/blog\/wp-content\/uploads\/2018\/06\/Kissen-Mond-Sterne-blau-3-768x576.jpg 768w\" sizes=\"auto, (max-width: 800px) 100vw, 800px\" \/><\/a><\/p>\n<p style=\"text-align: justify;\">Ganz zum Schluss habe ich mir den Namen vorgenommen. Den habe ich dieses Mal nicht aus einzelnen Stoffbuchstaben aufgen\u00e4ht, sondern mit der Maschine \u201eaufgemalt\u201c. Dazu habe ich mir den Namen mit einem Stift in die Wolke geschrieben und dann den Applikationsfu\u00df der N\u00e4hmaschine zur Hilfe genommen. Hierbei kann man beim N\u00e4hen gut sehen, wo gerade gen\u00e4ht wird. Wenn man einen schmalen, engen Zickzackstich eingestellt, kann man auf diese Weise den Namen einfach aufn\u00e4hen.<\/p>\n<p style=\"text-align: center;\"><a href=\"https:\/\/www.sabine-seyffert.de\/blog\/wp-content\/uploads\/2018\/06\/Kissen-Mond-Sterne-blau-7.jpg\"><img loading=\"lazy\" decoding=\"async\" class=\"alignnone size-full wp-image-12755\" src=\"https:\/\/www.sabine-seyffert.de\/blog\/wp-content\/uploads\/2018\/06\/Kissen-Mond-Sterne-blau-7.jpg\" alt=\"\" width=\"800\" height=\"600\" srcset=\"https:\/\/www.sabine-seyffert.de\/blog\/wp-content\/uploads\/2018\/06\/Kissen-Mond-Sterne-blau-7.jpg 800w, https:\/\/www.sabine-seyffert.de\/blog\/wp-content\/uploads\/2018\/06\/Kissen-Mond-Sterne-blau-7-300x225.jpg 300w, https:\/\/www.sabine-seyffert.de\/blog\/wp-content\/uploads\/2018\/06\/Kissen-Mond-Sterne-blau-7-768x576.jpg 768w\" sizes=\"auto, (max-width: 800px) 100vw, 800px\" \/><\/a><\/p>\n<p style=\"text-align: justify;\">Weitere tolle Ideen rund ums N\u00e4hen findet ihr in <a href=\"https:\/\/www.sabine-seyffert.de\/blog\/?cat=33\" target=\"_blank\" rel=\"noopener\">dieser Rubrik<\/a>, klitzekleine Geschenkideen <a href=\"https:\/\/www.sabine-seyffert.de\/blog\/?cat=36\" target=\"_blank\" rel=\"noopener\">dort<\/a>, alles zum Thema Kindergeburtstag <a href=\"https:\/\/www.sabine-seyffert.de\/blog\/?cat=21\" target=\"_blank\" rel=\"noopener\">hier<\/a> und andere kreative Dinge <a href=\"http:\/\/www.lunaju.de\/2018\/06\/kiddikram-juni-2018-es-geht-weiter.html\" target=\"_blank\" rel=\"noopener nofollow\">da<\/a> und <a href=\"https:\/\/www.creadienstag.de\/2018\/06\/linkparty336.html\" target=\"_blank\" rel=\"noopener nofollow\">dort<\/a>.<\/p>\n<p style=\"text-align: center;\"><a href=\"https:\/\/www.sabine-seyffert.de\/blog\/wp-content\/uploads\/2018\/06\/Kissen-Mond-Sterne-blau-2.jpg\"><img loading=\"lazy\" decoding=\"async\" class=\"alignnone size-full wp-image-12756\" src=\"https:\/\/www.sabine-seyffert.de\/blog\/wp-content\/uploads\/2018\/06\/Kissen-Mond-Sterne-blau-2.jpg\" alt=\"\" width=\"600\" height=\"800\" srcset=\"https:\/\/www.sabine-seyffert.de\/blog\/wp-content\/uploads\/2018\/06\/Kissen-Mond-Sterne-blau-2.jpg 600w, https:\/\/www.sabine-seyffert.de\/blog\/wp-content\/uploads\/2018\/06\/Kissen-Mond-Sterne-blau-2-225x300.jpg 225w\" sizes=\"auto, (max-width: 600px) 100vw, 600px\" \/><\/a><\/p>\n<p><a href=\"https:\/\/www.sabine-seyffert.de\/blog\/?page_id=32#urheberrecht\">urheberrechtlich gesch\u00fctzt<\/a>, \u00a9 Sabine Seyffert<\/p>\n","protected":false},"excerpt":{"rendered":"<p>Meine Tochter hat kein Lieblingskuscheltier oder dergleichen, aber eins darf nie fehlen \u2013 ein kleines Kissen mit ihrem Namen. Da dies nicht nur jeden Abend mit ins Bett wandert, sondern auch stets mit in Urlaub f\u00e4hrt oder bei \u00dcbernachtungen woanders als Kuscheltier-Ersatz dient, sind diese Kissen irgendwann hin\u00fcber. Doch bevor es dazu kommt, habe ich&#8230; <a href=\"https:\/\/www.sabine-seyffert.de\/blog\/selbst-genaehtes-kissen-mit-namen-als-geburtstagsgeschenk-traumkissen-selbst-gemacht\/\" class=\"more-link\">Read more: Selbst gen\u00e4htes Kissen mit Namen als Geburtstagsgeschenk \u2013 Traumkissen selbst gemacht<\/a><\/p>\n","protected":false},"author":2,"featured_media":0,"comment_status":"open","ping_status":"open","sticky":false,"template":"","format":"standard","meta":{"_metis_text_type":"","_metis_text_length":2595,"_post_count":0,"footnotes":""},"categories":[36,33],"tags":[],"class_list":["post-12746","post","type-post","status-publish","format-standard","hentry","category-klitzekleine-geschenkideen","category-kreative-naherein"],"_links":{"self":[{"href":"https:\/\/www.sabine-seyffert.de\/blog\/wp-json\/wp\/v2\/posts\/12746","targetHints":{"allow":["GET"]}}],"collection":[{"href":"https:\/\/www.sabine-seyffert.de\/blog\/wp-json\/wp\/v2\/posts"}],"about":[{"href":"https:\/\/www.sabine-seyffert.de\/blog\/wp-json\/wp\/v2\/types\/post"}],"author":[{"embeddable":true,"href":"https:\/\/www.sabine-seyffert.de\/blog\/wp-json\/wp\/v2\/users\/2"}],"replies":[{"embeddable":true,"href":"https:\/\/www.sabine-seyffert.de\/blog\/wp-json\/wp\/v2\/comments?post=12746"}],"version-history":[{"count":5,"href":"https:\/\/www.sabine-seyffert.de\/blog\/wp-json\/wp\/v2\/posts\/12746\/revisions"}],"predecessor-version":[{"id":12761,"href":"https:\/\/www.sabine-seyffert.de\/blog\/wp-json\/wp\/v2\/posts\/12746\/revisions\/12761"}],"wp:attachment":[{"href":"https:\/\/www.sabine-seyffert.de\/blog\/wp-json\/wp\/v2\/media?parent=12746"}],"wp:term":[{"taxonomy":"category","embeddable":true,"href":"https:\/\/www.sabine-seyffert.de\/blog\/wp-json\/wp\/v2\/categories?post=12746"},{"taxonomy":"post_tag","embeddable":true,"href":"https:\/\/www.sabine-seyffert.de\/blog\/wp-json\/wp\/v2\/tags?post=12746"}],"curies":[{"name":"wp","href":"https:\/\/api.w.org\/{rel}","templated":true}]}}