{"id":12714,"date":"2018-06-14T08:56:56","date_gmt":"2018-06-14T06:56:56","guid":{"rendered":"https:\/\/www.sabine-seyffert.de\/blog\/?p=12714"},"modified":"2018-06-18T19:27:31","modified_gmt":"2018-06-18T17:27:31","slug":"abschiedsgeschenk-zum-ende-der-kindergarten-oder-grundschulzeit-ein-erinnerungsalbum","status":"publish","type":"post","link":"https:\/\/www.sabine-seyffert.de\/blog\/abschiedsgeschenk-zum-ende-der-kindergarten-oder-grundschulzeit-ein-erinnerungsalbum\/","title":{"rendered":"Abschiedsgeschenk zum Ende der Kindergarten- oder Grundschulzeit: Ein Erinnerungsalbum"},"content":{"rendered":"<p style=\"text-align: justify;\"><img loading=\"lazy\" decoding=\"async\" src=\"https:\/\/ssl-vg03.met.vgwort.de\/na\/7872ead86ff84305b5b96977bb4006c9\" alt=\"\" width=\"1\" height=\"1\" \/>Da vier Jahre Grundschule eine lange Zeit ist, in der man viel Zeit miteinander verbringt, gab es au\u00dfer unserem selbst gebastelten \u201e<a href=\"https:\/\/www.sabine-seyffert.de\/blog\/?p=12700\" target=\"_blank\" rel=\"noopener\">Blumenstrau\u00df<\/a>\u201c auch noch ein anderes Abschiedsgeschenk: Ein selbst gestaltetes Fotoalbum mit vielen Erinnerungen und einem R\u00fcckblick auf die letzten gemeinsamen Jahre. Denn es sollte schon etwas ganz pers\u00f6nliches zum Abschied sein.<\/p>\n<p style=\"text-align: center;\"><a href=\"https:\/\/www.sabine-seyffert.de\/blog\/wp-content\/uploads\/2018\/06\/Album-Erinnerung-10.jpg\"><img loading=\"lazy\" decoding=\"async\" class=\"alignnone size-full wp-image-12715\" src=\"https:\/\/www.sabine-seyffert.de\/blog\/wp-content\/uploads\/2018\/06\/Album-Erinnerung-10.jpg\" alt=\"\" width=\"800\" height=\"600\" srcset=\"https:\/\/www.sabine-seyffert.de\/blog\/wp-content\/uploads\/2018\/06\/Album-Erinnerung-10.jpg 800w, https:\/\/www.sabine-seyffert.de\/blog\/wp-content\/uploads\/2018\/06\/Album-Erinnerung-10-300x225.jpg 300w, https:\/\/www.sabine-seyffert.de\/blog\/wp-content\/uploads\/2018\/06\/Album-Erinnerung-10-768x576.jpg 768w\" sizes=\"auto, (max-width: 800px) 100vw, 800px\" \/><\/a><\/p>\n<p style=\"text-align: justify;\"><strong>Das wird gebraucht:<\/strong><br \/>\n1 Fotoalbum, Fotoecken oder Fotokleber, allerhand Fotoabz\u00fcge der verschiedenen Schuljahre, farbige Papierreste, Bastelschere, Klebstoff \/ Bastelkleber (zu empfehlen ist ein Klebstift, der nicht tropft!), Buchstabenstempel, Stempelkissen sowie optional Material zum Verzieren, wie beispielsweise Masking Tape, Sticker, Kordel, Dymoger\u00e4t mit Pr\u00e4geband, Motivlocher mit unterschiedlichen Formen \/ Motiven u.v.m.<\/p>\n<p style=\"text-align: center;\"><a href=\"https:\/\/www.sabine-seyffert.de\/blog\/wp-content\/uploads\/2018\/06\/Album-Erinnerung-9.jpg\"><img loading=\"lazy\" decoding=\"async\" class=\"alignnone size-full wp-image-12716\" src=\"https:\/\/www.sabine-seyffert.de\/blog\/wp-content\/uploads\/2018\/06\/Album-Erinnerung-9.jpg\" alt=\"\" width=\"800\" height=\"600\" srcset=\"https:\/\/www.sabine-seyffert.de\/blog\/wp-content\/uploads\/2018\/06\/Album-Erinnerung-9.jpg 800w, https:\/\/www.sabine-seyffert.de\/blog\/wp-content\/uploads\/2018\/06\/Album-Erinnerung-9-300x225.jpg 300w, https:\/\/www.sabine-seyffert.de\/blog\/wp-content\/uploads\/2018\/06\/Album-Erinnerung-9-768x576.jpg 768w\" sizes=\"auto, (max-width: 800px) 100vw, 800px\" \/><\/a><\/p>\n<p style=\"text-align: justify;\"><strong>So wird\u2019s gemacht:<\/strong><br \/>\nBevor man mit der Gestaltung der jeweiligen Albumseiten loslegt, ben\u00f6tigt man erst einmal einen ganzen Schwung an Fotos der Klasse. Wer selbst keine hat, fragt einfach bei den anderen Eltern per Infopost, Anruf oder Mailverteiler nach.<\/p>\n<p style=\"text-align: center;\"><a href=\"https:\/\/www.sabine-seyffert.de\/blog\/wp-content\/uploads\/2018\/06\/Album-Erinnerung-6.jpg\"><img loading=\"lazy\" decoding=\"async\" class=\"alignnone size-full wp-image-12717\" src=\"https:\/\/www.sabine-seyffert.de\/blog\/wp-content\/uploads\/2018\/06\/Album-Erinnerung-6.jpg\" alt=\"\" width=\"800\" height=\"600\" srcset=\"https:\/\/www.sabine-seyffert.de\/blog\/wp-content\/uploads\/2018\/06\/Album-Erinnerung-6.jpg 800w, https:\/\/www.sabine-seyffert.de\/blog\/wp-content\/uploads\/2018\/06\/Album-Erinnerung-6-300x225.jpg 300w, https:\/\/www.sabine-seyffert.de\/blog\/wp-content\/uploads\/2018\/06\/Album-Erinnerung-6-768x576.jpg 768w\" sizes=\"auto, (max-width: 800px) 100vw, 800px\" \/><\/a><\/p>\n<p style=\"text-align: justify;\">Da ich die Klasse auf zahlreichen Ausfl\u00fcgen begleiten durfte und auch auf Festen oftmals die Kamera mit dabei hatte, war es zum Gl\u00fcck kein gro\u00dfes Problem. Au\u00dferdem haben wir Eltern bei einer Fachlehrerin w\u00e4hrend des Unterrichts noch Portraits der einzelnen Kinder machen d\u00fcrfen, so dass wir auch wirklich von allen Kindern ein Foto hatten. Bei der Gelegenheit haben wir auch die gesamte Klasse noch mal auf verschiedenen lustigen Gruppenfotos verewigt. <span style=\"font-size: 9pt;\">(Die Portraits und Klassenfotos kann ich aus rechtlichen Gr\u00fcnden hier leider nicht zeigen und bitte diesbez\u00fcglich um Verst\u00e4ndnis.)<\/span><\/p>\n<p style=\"text-align: center;\"><a href=\"https:\/\/www.sabine-seyffert.de\/blog\/wp-content\/uploads\/2018\/06\/Album-Erinnerung-7.jpg\"><img loading=\"lazy\" decoding=\"async\" class=\"alignnone size-full wp-image-12718\" src=\"https:\/\/www.sabine-seyffert.de\/blog\/wp-content\/uploads\/2018\/06\/Album-Erinnerung-7.jpg\" alt=\"\" width=\"800\" height=\"600\" srcset=\"https:\/\/www.sabine-seyffert.de\/blog\/wp-content\/uploads\/2018\/06\/Album-Erinnerung-7.jpg 800w, https:\/\/www.sabine-seyffert.de\/blog\/wp-content\/uploads\/2018\/06\/Album-Erinnerung-7-300x225.jpg 300w, https:\/\/www.sabine-seyffert.de\/blog\/wp-content\/uploads\/2018\/06\/Album-Erinnerung-7-768x576.jpg 768w\" sizes=\"auto, (max-width: 800px) 100vw, 800px\" \/><\/a><\/p>\n<p style=\"text-align: justify;\">Das Deckblatt des Albums war ein gebastelter Pinguin. Denn dieser war das beliebte Klassentier und durfte nat\u00fcrlich nicht fehlen!<\/p>\n<p style=\"text-align: center;\"><a href=\"https:\/\/www.sabine-seyffert.de\/blog\/wp-content\/uploads\/2018\/06\/Album-Erinnerung-5.jpg\"><img loading=\"lazy\" decoding=\"async\" class=\"alignnone size-full wp-image-12719\" src=\"https:\/\/www.sabine-seyffert.de\/blog\/wp-content\/uploads\/2018\/06\/Album-Erinnerung-5.jpg\" alt=\"\" width=\"800\" height=\"600\" srcset=\"https:\/\/www.sabine-seyffert.de\/blog\/wp-content\/uploads\/2018\/06\/Album-Erinnerung-5.jpg 800w, https:\/\/www.sabine-seyffert.de\/blog\/wp-content\/uploads\/2018\/06\/Album-Erinnerung-5-300x225.jpg 300w, https:\/\/www.sabine-seyffert.de\/blog\/wp-content\/uploads\/2018\/06\/Album-Erinnerung-5-768x576.jpg 768w\" sizes=\"auto, (max-width: 800px) 100vw, 800px\" \/><\/a><\/p>\n<p style=\"text-align: justify;\">Das Album selbst habe ich versucht zeitlich in der richtigen Reihenfolge nach zu gestalten. Hierbei standen dann verschiedene Highlights der einzelnen Schuljahre im Vordergrund wie bsp. Projektwoche, Buchstabenfest, Mitmachzirkus, Ausfl\u00fcge, Jugend Verkehrsschule, ein Theaterbesuch, Sommerfeste u.v.m..<\/p>\n<p style=\"text-align: center;\"><a href=\"https:\/\/www.sabine-seyffert.de\/blog\/wp-content\/uploads\/2018\/06\/Album-Erinnerung-2.jpg\"><img loading=\"lazy\" decoding=\"async\" class=\"alignnone size-full wp-image-12720\" src=\"https:\/\/www.sabine-seyffert.de\/blog\/wp-content\/uploads\/2018\/06\/Album-Erinnerung-2.jpg\" alt=\"\" width=\"800\" height=\"600\" srcset=\"https:\/\/www.sabine-seyffert.de\/blog\/wp-content\/uploads\/2018\/06\/Album-Erinnerung-2.jpg 800w, https:\/\/www.sabine-seyffert.de\/blog\/wp-content\/uploads\/2018\/06\/Album-Erinnerung-2-300x225.jpg 300w, https:\/\/www.sabine-seyffert.de\/blog\/wp-content\/uploads\/2018\/06\/Album-Erinnerung-2-768x576.jpg 768w\" sizes=\"auto, (max-width: 800px) 100vw, 800px\" \/><\/a><\/p>\n<p style=\"text-align: justify;\">Zwischen den Fotos habe ich dann die Seiten mit Hilfe von gebastelten Wimpelketten, Stempeln und anderen Motiven ansprechend gestaltet. Ganz zum Schluss kamen dann die einzelnen Fotoportraits der Sch\u00fcler und ein Gruppenbild. Auf der letzten Seite habe ich \u00e4hnlich wie bei <a href=\"https:\/\/www.sabine-seyffert.de\/blog\/?p=12700\" target=\"_blank\" rel=\"noopener\">diesem Abschiedsgeschenk<\/a>, alle Kinder ihren Namen auf farbige Herzen schreiben lassen. Mit denen sagen wir \u201eherz\u201clichen Dank f\u00fcr die sch\u00f6ne Grundschulzeit!<\/p>\n<p style=\"text-align: center;\"><a href=\"https:\/\/www.sabine-seyffert.de\/blog\/wp-content\/uploads\/2018\/06\/Album-Erinnerung-3.jpg\"><img loading=\"lazy\" decoding=\"async\" class=\"alignnone size-full wp-image-12721\" src=\"https:\/\/www.sabine-seyffert.de\/blog\/wp-content\/uploads\/2018\/06\/Album-Erinnerung-3.jpg\" alt=\"\" width=\"800\" height=\"600\" srcset=\"https:\/\/www.sabine-seyffert.de\/blog\/wp-content\/uploads\/2018\/06\/Album-Erinnerung-3.jpg 800w, https:\/\/www.sabine-seyffert.de\/blog\/wp-content\/uploads\/2018\/06\/Album-Erinnerung-3-300x225.jpg 300w, https:\/\/www.sabine-seyffert.de\/blog\/wp-content\/uploads\/2018\/06\/Album-Erinnerung-3-768x576.jpg 768w\" sizes=\"auto, (max-width: 800px) 100vw, 800px\" \/><\/a><\/p>\n<p style=\"text-align: justify;\">Weitere Geschenkideen findet ihr \u00fcbrigens in <a href=\"https:\/\/www.sabine-seyffert.de\/blog\/?cat=36\" target=\"_blank\" rel=\"noopener\">dieser Rubrik<\/a>, alles zum Thema Feiern mit Kindern <a href=\"https:\/\/www.sabine-seyffert.de\/blog\/?cat=21\" target=\"_blank\" rel=\"noopener\">dort<\/a> und andere kreative Sache <a href=\"http:\/\/www.lunaju.de\/2018\/06\/kiddikram-juni-2018-es-geht-weiter.html\" target=\"_blank\" rel=\"noopener nofollow\">da<\/a> und <a href=\"https:\/\/www.creadienstag.de\/2018\/06\/linkparty336.html\" target=\"_blank\" rel=\"noopener nofollow\">dort<\/a>.<\/p>\n<p style=\"text-align: center;\"><a href=\"https:\/\/www.sabine-seyffert.de\/blog\/wp-content\/uploads\/2018\/06\/Album-Erinnerung-4.jpg\"><img loading=\"lazy\" decoding=\"async\" class=\"alignnone size-full wp-image-12722\" src=\"https:\/\/www.sabine-seyffert.de\/blog\/wp-content\/uploads\/2018\/06\/Album-Erinnerung-4.jpg\" alt=\"\" width=\"800\" height=\"600\" srcset=\"https:\/\/www.sabine-seyffert.de\/blog\/wp-content\/uploads\/2018\/06\/Album-Erinnerung-4.jpg 800w, https:\/\/www.sabine-seyffert.de\/blog\/wp-content\/uploads\/2018\/06\/Album-Erinnerung-4-300x225.jpg 300w, https:\/\/www.sabine-seyffert.de\/blog\/wp-content\/uploads\/2018\/06\/Album-Erinnerung-4-768x576.jpg 768w\" sizes=\"auto, (max-width: 800px) 100vw, 800px\" \/><\/a><\/p>\n<p><a href=\"https:\/\/www.sabine-seyffert.de\/blog\/?page_id=32#urheberrecht\">urheberrechtlich gesch\u00fctzt<\/a>, \u00a9 Sabine Seyffert<\/p>\n","protected":false},"excerpt":{"rendered":"<p>Da vier Jahre Grundschule eine lange Zeit ist, in der man viel Zeit miteinander verbringt, gab es au\u00dfer unserem selbst gebastelten \u201eBlumenstrau\u00df\u201c auch noch ein anderes Abschiedsgeschenk: Ein selbst gestaltetes Fotoalbum mit vielen Erinnerungen und einem R\u00fcckblick auf die letzten gemeinsamen Jahre. Denn es sollte schon etwas ganz pers\u00f6nliches zum Abschied sein. Das wird gebraucht:&#8230; <a href=\"https:\/\/www.sabine-seyffert.de\/blog\/abschiedsgeschenk-zum-ende-der-kindergarten-oder-grundschulzeit-ein-erinnerungsalbum\/\" class=\"more-link\">Read more: Abschiedsgeschenk zum Ende der Kindergarten- oder Grundschulzeit: Ein Erinnerungsalbum<\/a><\/p>\n","protected":false},"author":2,"featured_media":0,"comment_status":"open","ping_status":"open","sticky":false,"template":"","format":"standard","meta":{"_metis_text_type":"","_metis_text_length":2676,"_post_count":0,"footnotes":""},"categories":[36,24],"tags":[],"class_list":["post-12714","post","type-post","status-publish","format-standard","hentry","category-klitzekleine-geschenkideen","category-sommer"],"_links":{"self":[{"href":"https:\/\/www.sabine-seyffert.de\/blog\/wp-json\/wp\/v2\/posts\/12714","targetHints":{"allow":["GET"]}}],"collection":[{"href":"https:\/\/www.sabine-seyffert.de\/blog\/wp-json\/wp\/v2\/posts"}],"about":[{"href":"https:\/\/www.sabine-seyffert.de\/blog\/wp-json\/wp\/v2\/types\/post"}],"author":[{"embeddable":true,"href":"https:\/\/www.sabine-seyffert.de\/blog\/wp-json\/wp\/v2\/users\/2"}],"replies":[{"embeddable":true,"href":"https:\/\/www.sabine-seyffert.de\/blog\/wp-json\/wp\/v2\/comments?post=12714"}],"version-history":[{"count":5,"href":"https:\/\/www.sabine-seyffert.de\/blog\/wp-json\/wp\/v2\/posts\/12714\/revisions"}],"predecessor-version":[{"id":12747,"href":"https:\/\/www.sabine-seyffert.de\/blog\/wp-json\/wp\/v2\/posts\/12714\/revisions\/12747"}],"wp:attachment":[{"href":"https:\/\/www.sabine-seyffert.de\/blog\/wp-json\/wp\/v2\/media?parent=12714"}],"wp:term":[{"taxonomy":"category","embeddable":true,"href":"https:\/\/www.sabine-seyffert.de\/blog\/wp-json\/wp\/v2\/categories?post=12714"},{"taxonomy":"post_tag","embeddable":true,"href":"https:\/\/www.sabine-seyffert.de\/blog\/wp-json\/wp\/v2\/tags?post=12714"}],"curies":[{"name":"wp","href":"https:\/\/api.w.org\/{rel}","templated":true}]}}