{"id":1267,"date":"2013-04-13T10:07:07","date_gmt":"2013-04-13T08:07:07","guid":{"rendered":"http:\/\/www.sabine-seyffert.de\/blog\/?p=1267"},"modified":"2015-09-21T18:33:34","modified_gmt":"2015-09-21T16:33:34","slug":"fruhlingspost-die-zweite-dritte","status":"publish","type":"post","link":"https:\/\/www.sabine-seyffert.de\/blog\/fruhlingspost-die-zweite-dritte\/","title":{"rendered":"Fr\u00fchlingspost, die zweite &#038; dritte"},"content":{"rendered":"<p style=\"text-align: center;\"><img loading=\"lazy\" decoding=\"async\" src=\"https:\/\/ssl-vg03.met.vgwort.de\/na\/851efe9b4abb4bbab527de79f3294266\" alt=\"\" width=\"1\" height=\"1\" \/><a href=\"http:\/\/www.sabine-seyffert.de\/blog\/wp-content\/uploads\/2013\/04\/Fr\u00fchlingspost-2.-Karte-1.jpg\"><img loading=\"lazy\" decoding=\"async\" class=\"alignnone size-full wp-image-1268\" src=\"http:\/\/www.sabine-seyffert.de\/blog\/wp-content\/uploads\/2013\/04\/Fr\u00fchlingspost-2.-Karte-1.jpg\" alt=\"Fr\u00fchlingspost 2. Karte 1\" width=\"782\" height=\"553\" srcset=\"https:\/\/www.sabine-seyffert.de\/blog\/wp-content\/uploads\/2013\/04\/Fr\u00fchlingspost-2.-Karte-1.jpg 782w, https:\/\/www.sabine-seyffert.de\/blog\/wp-content\/uploads\/2013\/04\/Fr\u00fchlingspost-2.-Karte-1-300x212.jpg 300w\" sizes=\"auto, (max-width: 782px) 100vw, 782px\" \/><\/a><\/p>\n<p>Die Post war da und hat mir ein neues, zartes St\u00fcck vom Fr\u00fchling mitgebracht. Zumindest in Form der zweiten und dritten Gedichtszeile \u201eWieder flattern durch die L\u00fcfte\u201c &amp; &#8220;S\u00fc\u00dfe, wohlbekannte D\u00fcfte&#8221;.<a href=\"http:\/\/www.sabine-seyffert.de\/blog\/wp-content\/uploads\/2013\/04\/Fr\u00fchlingspost-2.-Karte-2.jpg\"><img loading=\"lazy\" decoding=\"async\" class=\"size-full wp-image-1269 aligncenter\" src=\"http:\/\/www.sabine-seyffert.de\/blog\/wp-content\/uploads\/2013\/04\/Fr\u00fchlingspost-2.-Karte-2.jpg\" alt=\"Fr\u00fchlingspost 2. Karte 2\" width=\"758\" height=\"592\" srcset=\"https:\/\/www.sabine-seyffert.de\/blog\/wp-content\/uploads\/2013\/04\/Fr\u00fchlingspost-2.-Karte-2.jpg 758w, https:\/\/www.sabine-seyffert.de\/blog\/wp-content\/uploads\/2013\/04\/Fr\u00fchlingspost-2.-Karte-2-300x234.jpg 300w\" sizes=\"auto, (max-width: 758px) 100vw, 758px\" \/><\/a><\/p>\n<p style=\"text-align: justify;\">Lieben Dank von hier aus an Stefi von dem Blog <a href=\"http:\/\/stefilicious-addicted.blogspot.com\" target=\"_blank\">stefilicious<\/a>, die Karte ist super sch\u00f6n geworden. Wo ich Wolken doch so mag und auf ihnen in meinen Geschichten gerne Ausfl\u00fcge ins Land der Fantasie unternehme.<\/p>\n<p style=\"text-align: center;\"><a href=\"http:\/\/www.sabine-seyffert.de\/blog\/wp-content\/uploads\/2013\/04\/Fr\u00fchlingspost-2.-Karte-3.jpg\"><img loading=\"lazy\" decoding=\"async\" class=\"alignnone size-full wp-image-1270\" src=\"http:\/\/www.sabine-seyffert.de\/blog\/wp-content\/uploads\/2013\/04\/Fr\u00fchlingspost-2.-Karte-3.jpg\" alt=\"Fr\u00fchlingspost 2. Karte 3\" width=\"955\" height=\"671\" srcset=\"https:\/\/www.sabine-seyffert.de\/blog\/wp-content\/uploads\/2013\/04\/Fr\u00fchlingspost-2.-Karte-3.jpg 955w, https:\/\/www.sabine-seyffert.de\/blog\/wp-content\/uploads\/2013\/04\/Fr\u00fchlingspost-2.-Karte-3-300x210.jpg 300w\" sizes=\"auto, (max-width: 955px) 100vw, 955px\" \/><\/a><\/p>\n<p style=\"text-align: justify;\">Es ist so sch\u00f6n Post zu bekommen und wenn es dann auch noch so herrlich selbstgemachte, bunte ist, erst recht! Wenn sich der Fr\u00fchling da drau\u00dfen immer noch nicht r\u00fchrt, so freue ich mich zumindest \u00fcber die fr\u00fchlingshaften Gr\u00fc\u00dfe und dar\u00fcber das meine Postkartensammlung St\u00fcck f\u00fcr St\u00fcck w\u00e4chst.<\/p>\n<p style=\"text-align: center;\"><a href=\"http:\/\/www.sabine-seyffert.de\/blog\/wp-content\/uploads\/2013\/04\/Fr\u00fchlingspost-3.-Karte-2.jpg\"><img loading=\"lazy\" decoding=\"async\" class=\"alignnone size-full wp-image-1274\" src=\"http:\/\/www.sabine-seyffert.de\/blog\/wp-content\/uploads\/2013\/04\/Fr\u00fchlingspost-3.-Karte-2.jpg\" alt=\"Fr\u00fchlingspost 3. Karte 2\" width=\"657\" height=\"659\" srcset=\"https:\/\/www.sabine-seyffert.de\/blog\/wp-content\/uploads\/2013\/04\/Fr\u00fchlingspost-3.-Karte-2.jpg 657w, https:\/\/www.sabine-seyffert.de\/blog\/wp-content\/uploads\/2013\/04\/Fr\u00fchlingspost-3.-Karte-2-150x150.jpg 150w, https:\/\/www.sabine-seyffert.de\/blog\/wp-content\/uploads\/2013\/04\/Fr\u00fchlingspost-3.-Karte-2-300x300.jpg 300w\" sizes=\"auto, (max-width: 657px) 100vw, 657px\" \/><\/a><\/p>\n<p style=\"text-align: justify;\">Karte Nummer drei stammt von Jana und ihrem Blog <a href=\"http:\/\/gaensebluemchen-fuer-alle.blogspot.de\" target=\"_blank\">G\u00e4nsebl\u00fcmchen f\u00fcr alle<\/a>. Die Karte ist nicht nur mit kleinen blauen Bl\u00fcten versehen, sondern mit ganz fr\u00fchlingshaften Farben gemalt. Da wird die Vorfreude auf die ersten Fr\u00fchlingsblumen richtig gro\u00df!<\/p>\n<p style=\"text-align: center;\"><a href=\"http:\/\/www.sabine-seyffert.de\/blog\/wp-content\/uploads\/2013\/04\/Fr\u00fchlingspost-3.-Karte-3.jpg\"><img loading=\"lazy\" decoding=\"async\" class=\"alignnone size-full wp-image-1276\" src=\"http:\/\/www.sabine-seyffert.de\/blog\/wp-content\/uploads\/2013\/04\/Fr\u00fchlingspost-3.-Karte-3.jpg\" alt=\"Fr\u00fchlingspost 3. Karte 3\" width=\"798\" height=\"532\" srcset=\"https:\/\/www.sabine-seyffert.de\/blog\/wp-content\/uploads\/2013\/04\/Fr\u00fchlingspost-3.-Karte-3.jpg 798w, https:\/\/www.sabine-seyffert.de\/blog\/wp-content\/uploads\/2013\/04\/Fr\u00fchlingspost-3.-Karte-3-300x200.jpg 300w\" sizes=\"auto, (max-width: 798px) 100vw, 798px\" \/><\/a><\/p>\n<p style=\"text-align: justify;\">Dr\u00fccken wir mal die Daumen, dass der Fr\u00fchling mit seinem Erwachen nicht bis zur 9. Karte auf sich warten l\u00e4sst!<\/p>\n<p><a href=\"http:\/\/www.sabine-seyffert.de\/blog\/?page_id=32#urheberrecht\">urherrechtlich gesch\u00fctzt<\/a>, \u00a9 Sabine Seyffert<\/p>\n","protected":false},"excerpt":{"rendered":"<p>Die Post war da und hat mir ein neues, zartes St\u00fcck vom Fr\u00fchling mitgebracht. Zumindest in Form der zweiten und dritten Gedichtszeile \u201eWieder flattern durch die L\u00fcfte\u201c &amp; &#8220;S\u00fc\u00dfe, wohlbekannte D\u00fcfte&#8221;. Lieben Dank von hier aus an Stefi von dem Blog stefilicious, die Karte ist super sch\u00f6n geworden. Wo ich Wolken doch so mag und&#8230; <a href=\"https:\/\/www.sabine-seyffert.de\/blog\/fruhlingspost-die-zweite-dritte\/\" class=\"more-link\">Read more: Fr\u00fchlingspost, die zweite &#038; dritte<\/a><\/p>\n","protected":false},"author":2,"featured_media":0,"comment_status":"open","ping_status":"open","sticky":false,"template":"","format":"standard","meta":{"_metis_text_type":"","_metis_text_length":1118,"_post_count":0,"footnotes":""},"categories":[23],"tags":[],"class_list":["post-1267","post","type-post","status-publish","format-standard","hentry","category-fruhling"],"_links":{"self":[{"href":"https:\/\/www.sabine-seyffert.de\/blog\/wp-json\/wp\/v2\/posts\/1267","targetHints":{"allow":["GET"]}}],"collection":[{"href":"https:\/\/www.sabine-seyffert.de\/blog\/wp-json\/wp\/v2\/posts"}],"about":[{"href":"https:\/\/www.sabine-seyffert.de\/blog\/wp-json\/wp\/v2\/types\/post"}],"author":[{"embeddable":true,"href":"https:\/\/www.sabine-seyffert.de\/blog\/wp-json\/wp\/v2\/users\/2"}],"replies":[{"embeddable":true,"href":"https:\/\/www.sabine-seyffert.de\/blog\/wp-json\/wp\/v2\/comments?post=1267"}],"version-history":[{"count":10,"href":"https:\/\/www.sabine-seyffert.de\/blog\/wp-json\/wp\/v2\/posts\/1267\/revisions"}],"predecessor-version":[{"id":6130,"href":"https:\/\/www.sabine-seyffert.de\/blog\/wp-json\/wp\/v2\/posts\/1267\/revisions\/6130"}],"wp:attachment":[{"href":"https:\/\/www.sabine-seyffert.de\/blog\/wp-json\/wp\/v2\/media?parent=1267"}],"wp:term":[{"taxonomy":"category","embeddable":true,"href":"https:\/\/www.sabine-seyffert.de\/blog\/wp-json\/wp\/v2\/categories?post=1267"},{"taxonomy":"post_tag","embeddable":true,"href":"https:\/\/www.sabine-seyffert.de\/blog\/wp-json\/wp\/v2\/tags?post=1267"}],"curies":[{"name":"wp","href":"https:\/\/api.w.org\/{rel}","templated":true}]}}