{"id":12645,"date":"2018-06-05T05:32:57","date_gmt":"2018-06-05T03:32:57","guid":{"rendered":"https:\/\/www.sabine-seyffert.de\/blog\/?p=12645"},"modified":"2018-06-05T05:32:57","modified_gmt":"2018-06-05T03:32:57","slug":"diy-selbst-genaehte-huelle-als-schutzumschlag-papierboot-fuer-hefte-und-notizen","status":"publish","type":"post","link":"https:\/\/www.sabine-seyffert.de\/blog\/diy-selbst-genaehte-huelle-als-schutzumschlag-papierboot-fuer-hefte-und-notizen\/","title":{"rendered":"DIY: Selbst gen\u00e4hte H\u00fclle als Schutzumschlag \u201ePapierboot\u201c f\u00fcr Hefte und Notizen"},"content":{"rendered":"<p style=\"text-align: justify;\"><img loading=\"lazy\" decoding=\"async\" src=\"https:\/\/ssl-vg03.met.vgwort.de\/na\/4bed295b306443f6925c6d0ca6d067f1\" alt=\"\" width=\"1\" height=\"1\" \/>Als Autorin kommen mir ganz oft Ideen. Und zwar vorzugsweise nicht nur, wenn man voller Schaffenskraft am Schreibtisch sitzt und die Ideen auf Knopfdruck purzeln sollen, sondern auch dann, wenn man es so gar nicht gebrauchen kann. Ob beim Einkaufen, auf dem Spielplatz, beim Sport, Kochen oder im Urlaub \u2013 pl\u00f6tzlich ist sie da eine dieser Ideen. Und die l\u00e4sst mich erfahrungsgem\u00e4\u00df nicht eher wieder los, bevor ich mir diese notiert habe. Auf dem Schreibtisch ist es nat\u00fcrlich kein Problem, weil man Papier und Stift stets zur Hand hat. Doch unterwegs oder auf Reisen leider nicht. Von daher habe ich es mir vor vielen Jahren schon angew\u00f6hnt immer etwas zum Schreiben mit dabei zu haben. Am praktischsten ist es jedoch Einf\u00e4lle, Geschichten, Bastelideen &amp; Co. in dicken Notizbl\u00f6cken zu notieren. Da finden sie sich einfach leichter wieder als der x-te Notizzettel. Leider sind diese optisch nicht wirklich sch\u00f6n, es sei denn man investiert viel Geld in so eine Kladde.<br \/>\nAus diesem Grund habe ich mich spontan an einer Schutzh\u00fclle f\u00fcr besagtes Notizbuch gewagt. Und weil ich mein neu gekleidetes Heft so s\u00fc\u00df finde, zeige ich euch hier das Ergebnis.<\/p>\n<p style=\"text-align: center;\"><a href=\"https:\/\/www.sabine-seyffert.de\/blog\/wp-content\/uploads\/2018\/06\/Hefth\u00fclle-1.jpg\"><img loading=\"lazy\" decoding=\"async\" class=\"alignnone size-full wp-image-12646\" src=\"https:\/\/www.sabine-seyffert.de\/blog\/wp-content\/uploads\/2018\/06\/Hefth\u00fclle-1.jpg\" alt=\"\" width=\"800\" height=\"600\" srcset=\"https:\/\/www.sabine-seyffert.de\/blog\/wp-content\/uploads\/2018\/06\/Hefth\u00fclle-1.jpg 800w, https:\/\/www.sabine-seyffert.de\/blog\/wp-content\/uploads\/2018\/06\/Hefth\u00fclle-1-300x225.jpg 300w, https:\/\/www.sabine-seyffert.de\/blog\/wp-content\/uploads\/2018\/06\/Hefth\u00fclle-1-768x576.jpg 768w\" sizes=\"auto, (max-width: 800px) 100vw, 800px\" \/><\/a><\/p>\n<p style=\"text-align: justify;\"><strong>Das wird gebraucht:<\/strong><br \/>\nFester Baumwollstoff \/ glatter Webstoff, Stoffkreide, Stecknadeln, Bleistift, Stoffschere, N\u00e4hgarn, N\u00e4hmaschine, Stoffrest sowie Vliesofix.<\/p>\n<p style=\"text-align: center;\"><a href=\"https:\/\/www.sabine-seyffert.de\/blog\/wp-content\/uploads\/2018\/06\/Hefth\u00fclle-5.jpg\"><img loading=\"lazy\" decoding=\"async\" class=\"alignnone size-full wp-image-12647\" src=\"https:\/\/www.sabine-seyffert.de\/blog\/wp-content\/uploads\/2018\/06\/Hefth\u00fclle-5.jpg\" alt=\"\" width=\"800\" height=\"600\" srcset=\"https:\/\/www.sabine-seyffert.de\/blog\/wp-content\/uploads\/2018\/06\/Hefth\u00fclle-5.jpg 800w, https:\/\/www.sabine-seyffert.de\/blog\/wp-content\/uploads\/2018\/06\/Hefth\u00fclle-5-300x225.jpg 300w, https:\/\/www.sabine-seyffert.de\/blog\/wp-content\/uploads\/2018\/06\/Hefth\u00fclle-5-768x576.jpg 768w\" sizes=\"auto, (max-width: 800px) 100vw, 800px\" \/><\/a><\/p>\n<p style=\"text-align: justify;\"><strong>So wird\u2019s gemacht:<\/strong><br \/>\nLeider habe ich n\u00e4htechnisch nur wenig Ahnung und das akkurate auf den Millimeter genau Zuschneiden geh\u00f6rt so absolut nicht zu meinen St\u00e4rken. Daher habe ich die H\u00fclle wirklich ganz \u201eFrei Schnauze\u201c gen\u00e4ht. Den Stoff habe ich doppellagig verwendet, damit der Umschlag mehr Stabilit\u00e4t bekommt. F\u00fcr die Gr\u00f6\u00dfe her reicht das vollkommen aus.<\/p>\n<p style=\"text-align: center;\"><a href=\"https:\/\/www.sabine-seyffert.de\/blog\/wp-content\/uploads\/2018\/06\/Hefth\u00fclle-7.jpg\"><img loading=\"lazy\" decoding=\"async\" class=\"alignnone size-full wp-image-12648\" src=\"https:\/\/www.sabine-seyffert.de\/blog\/wp-content\/uploads\/2018\/06\/Hefth\u00fclle-7.jpg\" alt=\"\" width=\"800\" height=\"600\" srcset=\"https:\/\/www.sabine-seyffert.de\/blog\/wp-content\/uploads\/2018\/06\/Hefth\u00fclle-7.jpg 800w, https:\/\/www.sabine-seyffert.de\/blog\/wp-content\/uploads\/2018\/06\/Hefth\u00fclle-7-300x225.jpg 300w, https:\/\/www.sabine-seyffert.de\/blog\/wp-content\/uploads\/2018\/06\/Hefth\u00fclle-7-768x576.jpg 768w\" sizes=\"auto, (max-width: 800px) 100vw, 800px\" \/><\/a><\/p>\n<p style=\"text-align: justify;\">Auf der Vorderseite habe ich zum Schluss noch mit wei\u00dfem Stoff und etwas Vliesofix ein \u201ePapierboot\u201c als Applikation und Blickfang aufgen\u00e4ht. Das Motiv mag ich einfach so gerne \ud83d\ude42<\/p>\n<p style=\"text-align: center;\">\u00a0<a href=\"https:\/\/www.sabine-seyffert.de\/blog\/wp-content\/uploads\/2018\/06\/Hefth\u00fclle-6.jpg\"><img loading=\"lazy\" decoding=\"async\" class=\"alignnone size-full wp-image-12651\" src=\"https:\/\/www.sabine-seyffert.de\/blog\/wp-content\/uploads\/2018\/06\/Hefth\u00fclle-6.jpg\" alt=\"\" width=\"800\" height=\"600\" srcset=\"https:\/\/www.sabine-seyffert.de\/blog\/wp-content\/uploads\/2018\/06\/Hefth\u00fclle-6.jpg 800w, https:\/\/www.sabine-seyffert.de\/blog\/wp-content\/uploads\/2018\/06\/Hefth\u00fclle-6-300x225.jpg 300w, https:\/\/www.sabine-seyffert.de\/blog\/wp-content\/uploads\/2018\/06\/Hefth\u00fclle-6-768x576.jpg 768w\" sizes=\"auto, (max-width: 800px) 100vw, 800px\" \/><\/a><\/p>\n<p style=\"text-align: justify;\">Irgendwie habe ich vergessen beim N\u00e4hen Detailfotos zu machen, auf denen man genau erkennen kann, wie genau die H\u00fclle zusammen gen\u00e4ht ist\u2026 Da auf meiner To Do Liste aber noch eine H\u00fclle steht, die als Geschenk ben\u00f6tigt wird, werde ich es damit dann nachholen.<\/p>\n<p style=\"text-align: center;\"><a href=\"https:\/\/www.sabine-seyffert.de\/blog\/wp-content\/uploads\/2018\/06\/Hefth\u00fclle-4.jpg\"><img loading=\"lazy\" decoding=\"async\" class=\"alignnone size-full wp-image-12652\" src=\"https:\/\/www.sabine-seyffert.de\/blog\/wp-content\/uploads\/2018\/06\/Hefth\u00fclle-4.jpg\" alt=\"\" width=\"800\" height=\"600\" srcset=\"https:\/\/www.sabine-seyffert.de\/blog\/wp-content\/uploads\/2018\/06\/Hefth\u00fclle-4.jpg 800w, https:\/\/www.sabine-seyffert.de\/blog\/wp-content\/uploads\/2018\/06\/Hefth\u00fclle-4-300x225.jpg 300w, https:\/\/www.sabine-seyffert.de\/blog\/wp-content\/uploads\/2018\/06\/Hefth\u00fclle-4-768x576.jpg 768w\" sizes=\"auto, (max-width: 800px) 100vw, 800px\" \/><\/a><\/p>\n<p style=\"text-align: justify;\">Ich freu mich jedenfalls, dass mein Heft nun einen tollen Umschlag hat \ud83d\ude42<\/p>\n<p style=\"text-align: center;\"><a href=\"https:\/\/www.sabine-seyffert.de\/blog\/wp-content\/uploads\/2018\/06\/Hefth\u00fclle-3.jpg\"><img loading=\"lazy\" decoding=\"async\" class=\"alignnone size-full wp-image-12653\" src=\"https:\/\/www.sabine-seyffert.de\/blog\/wp-content\/uploads\/2018\/06\/Hefth\u00fclle-3.jpg\" alt=\"\" width=\"800\" height=\"600\" srcset=\"https:\/\/www.sabine-seyffert.de\/blog\/wp-content\/uploads\/2018\/06\/Hefth\u00fclle-3.jpg 800w, https:\/\/www.sabine-seyffert.de\/blog\/wp-content\/uploads\/2018\/06\/Hefth\u00fclle-3-300x225.jpg 300w, https:\/\/www.sabine-seyffert.de\/blog\/wp-content\/uploads\/2018\/06\/Hefth\u00fclle-3-768x576.jpg 768w\" sizes=\"auto, (max-width: 800px) 100vw, 800px\" \/><\/a><\/p>\n<p style=\"text-align: justify;\">Weitere Ideen rund ums N\u00e4hen findet ihr \u00fcbrigens in <a href=\"https:\/\/www.sabine-seyffert.de\/blog\/?cat=33\" target=\"_blank\" rel=\"noopener\">dieser Rubrik<\/a>, andere kreative Sachen <a href=\"https:\/\/www.creadienstag.de\/2018\/05\/linkparty334.html\" target=\"_blank\" rel=\"noopener Nofollow\">da<\/a>.<\/p>\n<p style=\"text-align: justify;\"><a href=\"https:\/\/www.sabine-seyffert.de\/blog\/?page_id=32#urheberrecht\">urheberrechtlich gesch\u00fctzt<\/a>, \u00a9 Sabine Seyffert<\/p>\n","protected":false},"excerpt":{"rendered":"<p>Als Autorin kommen mir ganz oft Ideen. Und zwar vorzugsweise nicht nur, wenn man voller Schaffenskraft am Schreibtisch sitzt und die Ideen auf Knopfdruck purzeln sollen, sondern auch dann, wenn man es so gar nicht gebrauchen kann. Ob beim Einkaufen, auf dem Spielplatz, beim Sport, Kochen oder im Urlaub \u2013 pl\u00f6tzlich ist sie da eine&#8230; <a href=\"https:\/\/www.sabine-seyffert.de\/blog\/diy-selbst-genaehte-huelle-als-schutzumschlag-papierboot-fuer-hefte-und-notizen\/\" class=\"more-link\">Read more: DIY: Selbst gen\u00e4hte H\u00fclle als Schutzumschlag \u201ePapierboot\u201c f\u00fcr Hefte und Notizen<\/a><\/p>\n","protected":false},"author":2,"featured_media":0,"comment_status":"open","ping_status":"open","sticky":false,"template":"","format":"standard","meta":{"_metis_text_type":"","_metis_text_length":2318,"_post_count":0,"footnotes":""},"categories":[20,33,24],"tags":[],"class_list":["post-12645","post","type-post","status-publish","format-standard","hentry","category-bucher","category-kreative-naherein","category-sommer"],"_links":{"self":[{"href":"https:\/\/www.sabine-seyffert.de\/blog\/wp-json\/wp\/v2\/posts\/12645","targetHints":{"allow":["GET"]}}],"collection":[{"href":"https:\/\/www.sabine-seyffert.de\/blog\/wp-json\/wp\/v2\/posts"}],"about":[{"href":"https:\/\/www.sabine-seyffert.de\/blog\/wp-json\/wp\/v2\/types\/post"}],"author":[{"embeddable":true,"href":"https:\/\/www.sabine-seyffert.de\/blog\/wp-json\/wp\/v2\/users\/2"}],"replies":[{"embeddable":true,"href":"https:\/\/www.sabine-seyffert.de\/blog\/wp-json\/wp\/v2\/comments?post=12645"}],"version-history":[{"count":2,"href":"https:\/\/www.sabine-seyffert.de\/blog\/wp-json\/wp\/v2\/posts\/12645\/revisions"}],"predecessor-version":[{"id":12655,"href":"https:\/\/www.sabine-seyffert.de\/blog\/wp-json\/wp\/v2\/posts\/12645\/revisions\/12655"}],"wp:attachment":[{"href":"https:\/\/www.sabine-seyffert.de\/blog\/wp-json\/wp\/v2\/media?parent=12645"}],"wp:term":[{"taxonomy":"category","embeddable":true,"href":"https:\/\/www.sabine-seyffert.de\/blog\/wp-json\/wp\/v2\/categories?post=12645"},{"taxonomy":"post_tag","embeddable":true,"href":"https:\/\/www.sabine-seyffert.de\/blog\/wp-json\/wp\/v2\/tags?post=12645"}],"curies":[{"name":"wp","href":"https:\/\/api.w.org\/{rel}","templated":true}]}}