{"id":12540,"date":"2018-05-23T08:16:23","date_gmt":"2018-05-23T06:16:23","guid":{"rendered":"https:\/\/www.sabine-seyffert.de\/blog\/?p=12540"},"modified":"2024-12-02T12:07:24","modified_gmt":"2024-12-02T10:07:24","slug":"diy-geschenkidee-selbst-gemachter-glueckskalender-glueck-to-go-zum-verschenken","status":"publish","type":"post","link":"https:\/\/www.sabine-seyffert.de\/blog\/diy-geschenkidee-selbst-gemachter-glueckskalender-glueck-to-go-zum-verschenken\/","title":{"rendered":"DIY Geschenkidee: Selbst gemachter Gl\u00fcckskalender \u2013 Gl\u00fcck to go zum Verschenken"},"content":{"rendered":"<p style=\"text-align: justify;\"><img loading=\"lazy\" decoding=\"async\" src=\"https:\/\/ssl-vg03.met.vgwort.de\/na\/653f0bfc19374166a7aad7b4ce84b759\" alt=\"\" width=\"1\" height=\"1\" \/>Es gibt im Alltag so viele Situationen f\u00fcr die man dringend etwas Gl\u00fcck gebrauchen kann. Dazu habe ich euch auf dem Blog bereits verschiedene Ideen gezeigt, wie man eine gro\u00dfe Portion Gl\u00fcck verschenken kann, wie beispielsweise als <a href=\"https:\/\/www.sabine-seyffert.de\/blog\/?p=11647\" target=\"_blank\" rel=\"noopener\">Gru\u00dfkarte<\/a> mit reichlich Gl\u00fcck to go, den <a href=\"https:\/\/www.sabine-seyffert.de\/blog\/?p=9638\" target=\"_blank\" rel=\"noopener\">selbst gemachten Gl\u00fcckskeksen<\/a> oder etwas <a href=\"https:\/\/www.sabine-seyffert.de\/blog\/?p=9230\" target=\"_blank\" rel=\"noopener\">Gl\u00fcck zum Mitnehmen<\/a> f\u00fcr die Hosentasche.<br \/>\nDieses Mal sollte es etwas Gl\u00fcck in Kalenderform sein, bei dem sich der Beschenkte in der Examenswoche t\u00e4glich seinen Gl\u00fccksbringer abmachen darf. Einen solchen Kalender kann man auch f\u00fcr andere Pr\u00fcfungssituationen, wie beispielsweise im Abitur gut brauchen oder als Aufmunterung, wenn jemand l\u00e4ngere Zeit im Krankenhaus liegt.<\/p>\n<p style=\"text-align: center;\"><a href=\"https:\/\/www.sabine-seyffert.de\/blog\/wp-content\/uploads\/2018\/05\/Gl\u00fcckskalender-3.jpg\"><img loading=\"lazy\" decoding=\"async\" class=\"alignnone size-full wp-image-12541\" src=\"https:\/\/www.sabine-seyffert.de\/blog\/wp-content\/uploads\/2018\/05\/Gl\u00fcckskalender-3.jpg\" alt=\"\" width=\"800\" height=\"600\" srcset=\"https:\/\/www.sabine-seyffert.de\/blog\/wp-content\/uploads\/2018\/05\/Gl\u00fcckskalender-3.jpg 800w, https:\/\/www.sabine-seyffert.de\/blog\/wp-content\/uploads\/2018\/05\/Gl\u00fcckskalender-3-300x225.jpg 300w, https:\/\/www.sabine-seyffert.de\/blog\/wp-content\/uploads\/2018\/05\/Gl\u00fcckskalender-3-768x576.jpg 768w\" sizes=\"auto, (max-width: 800px) 100vw, 800px\" \/><\/a><\/p>\n<p style=\"text-align: justify;\"><strong>Das wird gebraucht:<\/strong><br \/>\nFestes Packpapier, eine Schere, N\u00e4hgarn, eine N\u00e4hmaschine, d\u00fcnne Kordel, farbige Tonpapierreste, Fineliner \/ Gelstifte, Bastelkleber, kleine \u00dcberraschungen zur Aufmunterung, aufmunternde Spr\u00fcche (siehe auch <a href=\"https:\/\/www.sabine-seyffert.de\/blog\/?p=9638\" target=\"_blank\" rel=\"noopener\">DIY Gl\u00fcckskekse<\/a>) oder s\u00fc\u00dfe Leckereien sowie optional einen Computer samt Drucker<\/p>\n<p style=\"text-align: center;\"><a href=\"https:\/\/www.sabine-seyffert.de\/blog\/wp-content\/uploads\/2018\/05\/Gl\u00fcckskalender.jpg\"><img loading=\"lazy\" decoding=\"async\" class=\"alignnone size-full wp-image-12542\" src=\"https:\/\/www.sabine-seyffert.de\/blog\/wp-content\/uploads\/2018\/05\/Gl\u00fcckskalender.jpg\" alt=\"\" width=\"800\" height=\"600\" srcset=\"https:\/\/www.sabine-seyffert.de\/blog\/wp-content\/uploads\/2018\/05\/Gl\u00fcckskalender.jpg 800w, https:\/\/www.sabine-seyffert.de\/blog\/wp-content\/uploads\/2018\/05\/Gl\u00fcckskalender-300x225.jpg 300w, https:\/\/www.sabine-seyffert.de\/blog\/wp-content\/uploads\/2018\/05\/Gl\u00fcckskalender-768x576.jpg 768w\" sizes=\"auto, (max-width: 800px) 100vw, 800px\" \/><\/a><\/p>\n<p style=\"text-align: justify;\"><strong>So wird\u2019s gemacht:<\/strong><br \/>\nAus Packpapier habe ich Rechtecke in der Gr\u00f6\u00dfe 18 x9 cm geschnitten. Die Gr\u00f6\u00dfe h\u00e4ngt nat\u00fcrlich ganz davon ab, mit welchen Dingen ihr die kleinen P\u00e4ckchen bef\u00fcllen wollt. Daher k\u00f6nnt ihr die Ma\u00dfe nach euren W\u00fcnschen ab\u00e4ndern und angleichen.<\/p>\n<p style=\"text-align: center;\"><a href=\"https:\/\/www.sabine-seyffert.de\/blog\/wp-content\/uploads\/2018\/05\/Gl\u00fcckskalender-9.jpg\"><img loading=\"lazy\" decoding=\"async\" class=\"alignnone size-full wp-image-12543\" src=\"https:\/\/www.sabine-seyffert.de\/blog\/wp-content\/uploads\/2018\/05\/Gl\u00fcckskalender-9.jpg\" alt=\"\" width=\"800\" height=\"600\" srcset=\"https:\/\/www.sabine-seyffert.de\/blog\/wp-content\/uploads\/2018\/05\/Gl\u00fcckskalender-9.jpg 800w, https:\/\/www.sabine-seyffert.de\/blog\/wp-content\/uploads\/2018\/05\/Gl\u00fcckskalender-9-300x225.jpg 300w, https:\/\/www.sabine-seyffert.de\/blog\/wp-content\/uploads\/2018\/05\/Gl\u00fcckskalender-9-768x576.jpg 768w\" sizes=\"auto, (max-width: 800px) 100vw, 800px\" \/><\/a><\/p>\n<p style=\"text-align: justify;\">Dann habe ich die Rechtecke mittig gefaltet und mit der N\u00e4hmaschine an drei Seiten mit einer einfachen Naht vern\u00e4ht.<\/p>\n<p style=\"text-align: center;\"><a href=\"https:\/\/www.sabine-seyffert.de\/blog\/wp-content\/uploads\/2018\/05\/Gl\u00fcckskalender-8.jpg\"><img loading=\"lazy\" decoding=\"async\" class=\"alignnone size-full wp-image-12544\" src=\"https:\/\/www.sabine-seyffert.de\/blog\/wp-content\/uploads\/2018\/05\/Gl\u00fcckskalender-8.jpg\" alt=\"\" width=\"800\" height=\"600\" srcset=\"https:\/\/www.sabine-seyffert.de\/blog\/wp-content\/uploads\/2018\/05\/Gl\u00fcckskalender-8.jpg 800w, https:\/\/www.sabine-seyffert.de\/blog\/wp-content\/uploads\/2018\/05\/Gl\u00fcckskalender-8-300x225.jpg 300w, https:\/\/www.sabine-seyffert.de\/blog\/wp-content\/uploads\/2018\/05\/Gl\u00fcckskalender-8-768x576.jpg 768w\" sizes=\"auto, (max-width: 800px) 100vw, 800px\" \/><\/a><\/p>\n<p style=\"text-align: justify;\">Nun kann man diese bef\u00fcllen und braucht ein l\u00e4ngeres St\u00fcck Kordel. Die beiden Kordelenden legt man nun mittig in das gef\u00fcllte P\u00e4ckchen und vern\u00e4ht die noch offene Kante.<\/p>\n<p style=\"text-align: center;\"><a href=\"https:\/\/www.sabine-seyffert.de\/blog\/wp-content\/uploads\/2018\/05\/Gl\u00fcckskalender-7.jpg\"><img loading=\"lazy\" decoding=\"async\" class=\"alignnone size-full wp-image-12545\" src=\"https:\/\/www.sabine-seyffert.de\/blog\/wp-content\/uploads\/2018\/05\/Gl\u00fcckskalender-7.jpg\" alt=\"\" width=\"800\" height=\"600\" srcset=\"https:\/\/www.sabine-seyffert.de\/blog\/wp-content\/uploads\/2018\/05\/Gl\u00fcckskalender-7.jpg 800w, https:\/\/www.sabine-seyffert.de\/blog\/wp-content\/uploads\/2018\/05\/Gl\u00fcckskalender-7-300x225.jpg 300w, https:\/\/www.sabine-seyffert.de\/blog\/wp-content\/uploads\/2018\/05\/Gl\u00fcckskalender-7-768x576.jpg 768w\" sizes=\"auto, (max-width: 800px) 100vw, 800px\" \/><\/a><\/p>\n<p style=\"text-align: justify;\">Hat man auf diese Weise alle P\u00e4ckchen beisammen, geht es an das Verzieren. Dazu habe ich mir Motive \u00fcberlegt, die \u00fcblicherweise als Gl\u00fccksbringer dienen: Schwein, Gl\u00fccksk\u00e4fer, Klee, Gl\u00fcckspilz und Hufeisen.<\/p>\n<p style=\"text-align: center;\"><a href=\"https:\/\/www.sabine-seyffert.de\/blog\/wp-content\/uploads\/2018\/05\/Gl\u00fcckskalender-T\u00fcte-Schwein.jpg\"><img loading=\"lazy\" decoding=\"async\" class=\"alignnone size-full wp-image-12546\" src=\"https:\/\/www.sabine-seyffert.de\/blog\/wp-content\/uploads\/2018\/05\/Gl\u00fcckskalender-T\u00fcte-Schwein.jpg\" alt=\"\" width=\"800\" height=\"600\" srcset=\"https:\/\/www.sabine-seyffert.de\/blog\/wp-content\/uploads\/2018\/05\/Gl\u00fcckskalender-T\u00fcte-Schwein.jpg 800w, https:\/\/www.sabine-seyffert.de\/blog\/wp-content\/uploads\/2018\/05\/Gl\u00fcckskalender-T\u00fcte-Schwein-300x225.jpg 300w, https:\/\/www.sabine-seyffert.de\/blog\/wp-content\/uploads\/2018\/05\/Gl\u00fcckskalender-T\u00fcte-Schwein-768x576.jpg 768w\" sizes=\"auto, (max-width: 800px) 100vw, 800px\" \/><\/a><\/p>\n<p style=\"text-align: justify;\">Diese habe ich aus Tonpapier ausgeschnitten und auf die P\u00e4ckchen geklebt. Mit Fineliner oder einem Gelstift lassen sich diese noch verfeinern.<\/p>\n<p style=\"text-align: center;\"><a href=\"https:\/\/www.sabine-seyffert.de\/blog\/wp-content\/uploads\/2018\/05\/Gl\u00fcckskalender-T\u00fcte-Pilz.jpg\"><img loading=\"lazy\" decoding=\"async\" class=\"alignnone size-full wp-image-12547\" src=\"https:\/\/www.sabine-seyffert.de\/blog\/wp-content\/uploads\/2018\/05\/Gl\u00fcckskalender-T\u00fcte-Pilz.jpg\" alt=\"\" width=\"800\" height=\"600\" srcset=\"https:\/\/www.sabine-seyffert.de\/blog\/wp-content\/uploads\/2018\/05\/Gl\u00fcckskalender-T\u00fcte-Pilz.jpg 800w, https:\/\/www.sabine-seyffert.de\/blog\/wp-content\/uploads\/2018\/05\/Gl\u00fcckskalender-T\u00fcte-Pilz-300x225.jpg 300w, https:\/\/www.sabine-seyffert.de\/blog\/wp-content\/uploads\/2018\/05\/Gl\u00fcckskalender-T\u00fcte-Pilz-768x576.jpg 768w\" sizes=\"auto, (max-width: 800px) 100vw, 800px\" \/><\/a><\/p>\n<p style=\"text-align: justify;\">Au\u00dferdem habe ich mit kurze Botschaften \u00fcberlegt und auf etwas Kraftpapier ausgedruckt, wie beispielsweise Toi, toi, toi, Gl\u00fccksbringer und aufmunternde Worte wie \u201eDu schaffst das!\u201c<\/p>\n<p style=\"text-align: center;\"><a href=\"https:\/\/www.sabine-seyffert.de\/blog\/wp-content\/uploads\/2018\/05\/Gl\u00fcckskalender-5.jpg\"><img loading=\"lazy\" decoding=\"async\" class=\"alignnone size-full wp-image-12549\" src=\"https:\/\/www.sabine-seyffert.de\/blog\/wp-content\/uploads\/2018\/05\/Gl\u00fcckskalender-5.jpg\" alt=\"\" width=\"800\" height=\"600\" srcset=\"https:\/\/www.sabine-seyffert.de\/blog\/wp-content\/uploads\/2018\/05\/Gl\u00fcckskalender-5.jpg 800w, https:\/\/www.sabine-seyffert.de\/blog\/wp-content\/uploads\/2018\/05\/Gl\u00fcckskalender-5-300x225.jpg 300w, https:\/\/www.sabine-seyffert.de\/blog\/wp-content\/uploads\/2018\/05\/Gl\u00fcckskalender-5-768x576.jpg 768w\" sizes=\"auto, (max-width: 800px) 100vw, 800px\" \/><\/a><\/p>\n<p style=\"text-align: justify;\">Diese schneidet man mit der Schere zu Wimpeln und klebt diese um die Kordel \u2013 fertig ist der kleine Kalender zum Gl\u00fccklichsein!<\/p>\n<p style=\"text-align: center;\"><a href=\"https:\/\/www.sabine-seyffert.de\/blog\/wp-content\/uploads\/2018\/05\/Gl\u00fcckskalender-4.jpg\"><img loading=\"lazy\" decoding=\"async\" class=\"alignnone size-full wp-image-12550\" src=\"https:\/\/www.sabine-seyffert.de\/blog\/wp-content\/uploads\/2018\/05\/Gl\u00fcckskalender-4.jpg\" alt=\"\" width=\"800\" height=\"600\" srcset=\"https:\/\/www.sabine-seyffert.de\/blog\/wp-content\/uploads\/2018\/05\/Gl\u00fcckskalender-4.jpg 800w, https:\/\/www.sabine-seyffert.de\/blog\/wp-content\/uploads\/2018\/05\/Gl\u00fcckskalender-4-300x225.jpg 300w, https:\/\/www.sabine-seyffert.de\/blog\/wp-content\/uploads\/2018\/05\/Gl\u00fcckskalender-4-768x576.jpg 768w\" sizes=\"auto, (max-width: 800px) 100vw, 800px\" \/><\/a><\/p>\n<p style=\"text-align: justify;\"><strong>Ein kleiner Tipp:<\/strong><br \/>\nDie fertig gen\u00e4hten Gl\u00fcckspakete kann man an einem kleinen Ring befestigen, als Deko an einen Kranz h\u00e4ngen, an einen Kleiderb\u00fcgel knoten, wie bei <a href=\"https:\/\/www.sabine-seyffert.de\/blog\/?p=6862\" target=\"_blank\" rel=\"noopener\">diesem DIY<\/a> oder einfach der Reihe nach an einem dickeren Ast, je nachdem was ihr gerade zur Hand habt und wie es euch am besten gef\u00e4llt \ud83d\ude42<\/p>\n<p style=\"text-align: center;\"><a href=\"https:\/\/www.sabine-seyffert.de\/blog\/wp-content\/uploads\/2018\/05\/Gl\u00fcckskalender-2.jpg\"><img loading=\"lazy\" decoding=\"async\" class=\"alignnone size-full wp-image-12551\" src=\"https:\/\/www.sabine-seyffert.de\/blog\/wp-content\/uploads\/2018\/05\/Gl\u00fcckskalender-2.jpg\" alt=\"\" width=\"800\" height=\"600\" srcset=\"https:\/\/www.sabine-seyffert.de\/blog\/wp-content\/uploads\/2018\/05\/Gl\u00fcckskalender-2.jpg 800w, https:\/\/www.sabine-seyffert.de\/blog\/wp-content\/uploads\/2018\/05\/Gl\u00fcckskalender-2-300x225.jpg 300w, https:\/\/www.sabine-seyffert.de\/blog\/wp-content\/uploads\/2018\/05\/Gl\u00fcckskalender-2-768x576.jpg 768w\" sizes=\"auto, (max-width: 800px) 100vw, 800px\" \/><\/a><\/p>\n<p style=\"text-align: justify;\">Weitere selbst gemachte Geschenkideen findet ihr \u00fcbrigens in diesem <a href=\"https:\/\/www.sabine-seyffert.de\/blog\/?cat=36\" target=\"_blank\" rel=\"noopener\">Blog Ordner<\/a>, ausgefallene Geschenkverpackungen zu unterschiedlichen Anl\u00e4ssen gibt es in <a href=\"https:\/\/www.sabine-seyffert.de\/blog\/?cat=49\" target=\"_blank\" rel=\"noopener\">dieser Kategorie<\/a> und alle andere kreative Dinge <a href=\"https:\/\/www.creadienstag.de\/2018\/05\/linkparty332.html\" target=\"_blank\" rel=\"noopener nofollow\">da<\/a>.<\/p>\n<p style=\"text-align: center;\"><a href=\"https:\/\/www.sabine-seyffert.de\/blog\/wp-content\/uploads\/2018\/05\/Gl\u00fcckskalender-T\u00fcr-1.jpg\"><img loading=\"lazy\" decoding=\"async\" class=\"alignnone size-full wp-image-12548\" src=\"https:\/\/www.sabine-seyffert.de\/blog\/wp-content\/uploads\/2018\/05\/Gl\u00fcckskalender-T\u00fcr-1.jpg\" alt=\"\" width=\"600\" height=\"800\" srcset=\"https:\/\/www.sabine-seyffert.de\/blog\/wp-content\/uploads\/2018\/05\/Gl\u00fcckskalender-T\u00fcr-1.jpg 600w, https:\/\/www.sabine-seyffert.de\/blog\/wp-content\/uploads\/2018\/05\/Gl\u00fcckskalender-T\u00fcr-1-225x300.jpg 225w\" sizes=\"auto, (max-width: 600px) 100vw, 600px\" \/><\/a><\/p>\n<p style=\"text-align: justify;\"><a href=\"https:\/\/www.sabine-seyffert.de\/blog\/?page_id=32#urheberrecht\">urheberrechtlich gesch\u00fctzt<\/a>, \u00a9 Sabine Seyffert<\/p>\n","protected":false},"excerpt":{"rendered":"<p>Es gibt im Alltag so viele Situationen f\u00fcr die man dringend etwas Gl\u00fcck gebrauchen kann. Dazu habe ich euch auf dem Blog bereits verschiedene Ideen gezeigt, wie man eine gro\u00dfe Portion Gl\u00fcck verschenken kann, wie beispielsweise als Gru\u00dfkarte mit reichlich Gl\u00fcck to go, den selbst gemachten Gl\u00fcckskeksen oder etwas Gl\u00fcck zum Mitnehmen f\u00fcr die Hosentasche&#8230;. <a href=\"https:\/\/www.sabine-seyffert.de\/blog\/diy-geschenkidee-selbst-gemachter-glueckskalender-glueck-to-go-zum-verschenken\/\" class=\"more-link\">Read more: DIY Geschenkidee: Selbst gemachter Gl\u00fcckskalender \u2013 Gl\u00fcck to go zum Verschenken<\/a><\/p>\n","protected":false},"author":2,"featured_media":0,"comment_status":"open","ping_status":"open","sticky":false,"template":"","format":"standard","meta":{"_metis_text_type":"standard","_metis_text_length":2751,"_post_count":0,"footnotes":""},"categories":[36,49,33,60],"tags":[],"class_list":["post-12540","post","type-post","status-publish","format-standard","hentry","category-klitzekleine-geschenkideen","category-verpackungsideen","category-kreative-naherein","category-silvester"],"_links":{"self":[{"href":"https:\/\/www.sabine-seyffert.de\/blog\/wp-json\/wp\/v2\/posts\/12540","targetHints":{"allow":["GET"]}}],"collection":[{"href":"https:\/\/www.sabine-seyffert.de\/blog\/wp-json\/wp\/v2\/posts"}],"about":[{"href":"https:\/\/www.sabine-seyffert.de\/blog\/wp-json\/wp\/v2\/types\/post"}],"author":[{"embeddable":true,"href":"https:\/\/www.sabine-seyffert.de\/blog\/wp-json\/wp\/v2\/users\/2"}],"replies":[{"embeddable":true,"href":"https:\/\/www.sabine-seyffert.de\/blog\/wp-json\/wp\/v2\/comments?post=12540"}],"version-history":[{"count":7,"href":"https:\/\/www.sabine-seyffert.de\/blog\/wp-json\/wp\/v2\/posts\/12540\/revisions"}],"predecessor-version":[{"id":29124,"href":"https:\/\/www.sabine-seyffert.de\/blog\/wp-json\/wp\/v2\/posts\/12540\/revisions\/29124"}],"wp:attachment":[{"href":"https:\/\/www.sabine-seyffert.de\/blog\/wp-json\/wp\/v2\/media?parent=12540"}],"wp:term":[{"taxonomy":"category","embeddable":true,"href":"https:\/\/www.sabine-seyffert.de\/blog\/wp-json\/wp\/v2\/categories?post=12540"},{"taxonomy":"post_tag","embeddable":true,"href":"https:\/\/www.sabine-seyffert.de\/blog\/wp-json\/wp\/v2\/tags?post=12540"}],"curies":[{"name":"wp","href":"https:\/\/api.w.org\/{rel}","templated":true}]}}