{"id":12482,"date":"2018-05-13T15:37:16","date_gmt":"2018-05-13T13:37:16","guid":{"rendered":"https:\/\/www.sabine-seyffert.de\/blog\/?p=12482"},"modified":"2018-05-14T06:17:52","modified_gmt":"2018-05-14T04:17:52","slug":"urlaubstipp-island-ein-land-voller-schafe-wasserfaelle-und-regenbogen","status":"publish","type":"post","link":"https:\/\/www.sabine-seyffert.de\/blog\/urlaubstipp-island-ein-land-voller-schafe-wasserfaelle-und-regenbogen\/","title":{"rendered":"Urlaubstipp: Island \u2013 ein Land voller Schafe, Wasserf\u00e4lle und Regenbogen"},"content":{"rendered":"<p style=\"text-align: justify;\"><img loading=\"lazy\" decoding=\"async\" src=\"https:\/\/ssl-vg03.met.vgwort.de\/na\/6c4cf70fa12a46aa9725a90a0ec33292\" alt=\"\" width=\"1\" height=\"1\" \/>Der Sommer naht mit schnellem Schritt und auf meinem Blog gab es schon l\u00e4nger keinen Reisebericht mehr. Daher habe ich heute einen besonderen \u201eLeckerbissen\u201c f\u00fcr alle, die urlaubsreif sind. Meine Tochter ist diesmal an der Reihe und hat einen ganz wunderbaren Urlaubsbericht aus dem hohen Norden mitgebracht:<\/p>\n<p style=\"text-align: center;\"><a href=\"https:\/\/www.sabine-seyffert.de\/blog\/wp-content\/uploads\/2018\/05\/Island_01.jpg\"><img loading=\"lazy\" decoding=\"async\" class=\"alignnone size-full wp-image-12484\" src=\"https:\/\/www.sabine-seyffert.de\/blog\/wp-content\/uploads\/2018\/05\/Island_01.jpg\" alt=\"\" width=\"800\" height=\"530\" srcset=\"https:\/\/www.sabine-seyffert.de\/blog\/wp-content\/uploads\/2018\/05\/Island_01.jpg 800w, https:\/\/www.sabine-seyffert.de\/blog\/wp-content\/uploads\/2018\/05\/Island_01-300x199.jpg 300w, https:\/\/www.sabine-seyffert.de\/blog\/wp-content\/uploads\/2018\/05\/Island_01-768x509.jpg 768w\" sizes=\"auto, (max-width: 800px) 100vw, 800px\" \/><\/a><\/p>\n<p style=\"text-align: justify;\">\u201eIsland, das k\u00f6nnte f\u00fcr uns Fluch oder Segen sein\u201c, das hatte meine Mitreisende Sophie im August zu mir gesagt, nachdem wir unsere Island-Fl\u00fcge in einer \u201eLass-uns-einfach-mal-spontan-sein\u201c-Aktion gebucht hatten, die durch eine 3-monatige Klausurphase im Studium provoziert wurde.<br \/>\nSie hatte insofern recht, als dass wir in den folgenden Wochen so viel planen mussten, dass mich das Gef\u00fchl beschlich, wir w\u00fcrden das Land nicht bereisen, sondern es einnehmen wollen.<\/p>\n<p style=\"text-align: justify;\"><strong>Planen, Planen, Planen<\/strong><br \/>\nIch bezweifle tats\u00e4chlich, dass es innerhalb von Europa ein anderes Land gibt, in das man Reisen so gut im Voraus planen muss, wie eine Reise nach Island au\u00dferhalb der Hauptsaison. Es sei denn, man beabsichtigt entweder den gesamten Aufenthalt in der <a href=\"https:\/\/de.wikipedia.org\/wiki\/Reykjav%C3%ADk\" target=\"_blank\" rel=\"noopener\">Metropole Reykjav\u00edk<\/a> (120.000 Einwohner) zu verbringen oder hat viel Geld auf dem Konto und ist wild darauf es auszugeben.<br \/>\nEinen gro\u00dfen Aufwand bescherte uns zun\u00e4chst die Suche nach dem perfekten Mietwagen. Als zweiter Planungsriese erwies sich anschlie\u00dfend die Suche nach Unterk\u00fcnften auf der Insel. Es dauerte nicht lange, bis uns klar wurde, dass wir uns allein schon durch die Fl\u00fcge und den Mietwagen (inkl. Sprit) in H\u00f6chstgeschwindigkeit auf die finanzielle Grenze zubewegten, die wir uns eigentlich f\u00fcr die gesamte Reise gesetzt hatten. Da wir ohnehin keine Freunde luxuri\u00f6ser Hotel-Urlaube sind, waren wir uns einig, dass wir nach Couchsurfern\/-innen suchen und die \u00fcbrigen N\u00e4chte im Auto \u00fcbernachten w\u00fcrden. Aus den \u201e\u00fcbrigen N\u00e4chte\u201c scheinen jedoch bald \u201ealle N\u00e4chte\u201c zu werden, da es sich mit Couchsurfern auf Island so verh\u00e4lt wie mit Delfinen in der Badewanne: Es gibt einfach nicht sehr viele.<br \/>\nZwei Wochen sp\u00e4ter hatten wir auf der gesamten Insel drei Couchsurferinnen gefunden, die jeweils bereit waren, uns f\u00fcr eine Nacht zu beherbergen.<\/p>\n<p style=\"text-align: center;\"><a href=\"https:\/\/www.sabine-seyffert.de\/blog\/wp-content\/uploads\/2018\/05\/Island_03.jpg\"><img loading=\"lazy\" decoding=\"async\" class=\"alignnone size-full wp-image-12485\" src=\"https:\/\/www.sabine-seyffert.de\/blog\/wp-content\/uploads\/2018\/05\/Island_03.jpg\" alt=\"\" width=\"800\" height=\"530\" srcset=\"https:\/\/www.sabine-seyffert.de\/blog\/wp-content\/uploads\/2018\/05\/Island_03.jpg 800w, https:\/\/www.sabine-seyffert.de\/blog\/wp-content\/uploads\/2018\/05\/Island_03-300x199.jpg 300w, https:\/\/www.sabine-seyffert.de\/blog\/wp-content\/uploads\/2018\/05\/Island_03-768x509.jpg 768w\" sizes=\"auto, (max-width: 800px) 100vw, 800px\" \/><\/a><\/p>\n<p style=\"text-align: justify;\"><strong>Die Reise beginnt&#8230;<\/strong><br \/>\n&#8230;mit dem <a href=\"https:\/\/de.wikipedia.org\/wiki\/Gullni_hringurinn\" target=\"_blank\" rel=\"noopener\">Golden Circle<\/a>. Im Vorfeld unserer Reise ist uns diese Tour mehrfach empfohlen worden. Zu unrecht, wie wir r\u00fcckblickend sagen k\u00f6nnen. Der Circle eignet sich in unseren Augen f\u00fcr Personen, die nur wenige Tage auf Island verbringen oder keinen Mietwagen zur Verf\u00fcgung haben und somit auf Bustouren o.\u00e4. angewiesen sind. Landschaftlich ist die fast 300 Kilometer lange Strecke zugegebenerma\u00dfen reizvoll, aber unglaublich touristisch (wie \u00fcberhaupt der S\u00fcden Islands, von Reykjav\u00edk bis V\u00edk \u00ed M\u00fdrdal). Mit so unglaublich vielen Menschen hatten wir \u2013 besonders im Herbst, au\u00dferhalb der Hauptsaison \u2013 nicht gerechnet. Somit waren die ersten zwei Tage trotz fantastischer und wundersch\u00f6ner Landschaften zugegebenerma\u00dfen desillusionierend. Daneben wurde uns eine Tatsache sehr bald bewusst: Regenb\u00f6gen, Wasserf\u00e4lle und Schafe gibt es auf Island im \u00dcberfluss.<\/p>\n<p style=\"text-align: center;\"><a href=\"https:\/\/www.sabine-seyffert.de\/blog\/wp-content\/uploads\/2018\/05\/Island_05.jpg\"><img loading=\"lazy\" decoding=\"async\" class=\"alignnone size-full wp-image-12486\" src=\"https:\/\/www.sabine-seyffert.de\/blog\/wp-content\/uploads\/2018\/05\/Island_05.jpg\" alt=\"\" width=\"800\" height=\"530\" srcset=\"https:\/\/www.sabine-seyffert.de\/blog\/wp-content\/uploads\/2018\/05\/Island_05.jpg 800w, https:\/\/www.sabine-seyffert.de\/blog\/wp-content\/uploads\/2018\/05\/Island_05-300x199.jpg 300w, https:\/\/www.sabine-seyffert.de\/blog\/wp-content\/uploads\/2018\/05\/Island_05-768x509.jpg 768w\" sizes=\"auto, (max-width: 800px) 100vw, 800px\" \/><\/a><\/p>\n<p style=\"text-align: justify;\">Einsamer wurde die Landschaft ab dem dritten Tag. Wir hatten beschlossen die Ringstra\u00dfe entlang zu fahren, und so die Insel einmal komplett zu umrunden. Als kleiner Geheimtipp stellte sich der <a href=\"https:\/\/de.wikipedia.org\/wiki\/Fja%C3%B0r%C3%A1rglj%C3%BAfur\" target=\"_blank\" rel=\"noopener\">Fja\u00f0r\u00e1rglj\u00fafur<\/a> heraus, ein Canyon im S\u00fcd-Osten Islands, der sich seinen Weg auf beeindruckende Weise durch seine karge, gr\u00fcne Umgebung bahnte. Ein weiteres Highlight war noch am selben Tag der <a href=\"https:\/\/de.wikipedia.org\/wiki\/J%C3%B6kuls%C3%A1rl%C3%B3n\" target=\"_blank\" rel=\"noopener\">J\u00f6kulsarlon<\/a>, ein Gletschersee, der einen umwerfenden Ausblick f\u00fcr uns bereithielt.<\/p>\n<p style=\"text-align: center;\"><a href=\"https:\/\/www.sabine-seyffert.de\/blog\/wp-content\/uploads\/2018\/05\/Island_07.jpg\"><img loading=\"lazy\" decoding=\"async\" class=\"alignnone size-full wp-image-12487\" src=\"https:\/\/www.sabine-seyffert.de\/blog\/wp-content\/uploads\/2018\/05\/Island_07.jpg\" alt=\"\" width=\"800\" height=\"530\" srcset=\"https:\/\/www.sabine-seyffert.de\/blog\/wp-content\/uploads\/2018\/05\/Island_07.jpg 800w, https:\/\/www.sabine-seyffert.de\/blog\/wp-content\/uploads\/2018\/05\/Island_07-300x199.jpg 300w, https:\/\/www.sabine-seyffert.de\/blog\/wp-content\/uploads\/2018\/05\/Island_07-768x509.jpg 768w\" sizes=\"auto, (max-width: 800px) 100vw, 800px\" \/><\/a><\/p>\n<p style=\"text-align: justify;\">Am f\u00fcnften Tag erstreckte sich vor uns pl\u00f6tzlich eine g\u00e4nzlich neue Landschaft. Nachdem uns die Ringstra\u00dfe auf dem Weg nach M\u00fdvatn zun\u00e4chst durch karge, schwarze Vulkanlandschaft f\u00fchrte, er\u00f6ffnete sich ein erster Blick auf den <a href=\"https:\/\/de.wikipedia.org\/wiki\/N%C3%A1mafjall\" target=\"_blank\" rel=\"noopener\">Berg N\u00e1mafjall<\/a> und ein vor ihm liegendes Solfatarenfeld. Aus dem Boden str\u00f6mende hei\u00dfe D\u00e4mpfe, kochende Schlamml\u00f6cher und der Geruch nach Schwefel formten hier eine surreale Landschaft, die in ihren orange-rot dominanten Farben einen bizarren Kontrast zu den gr\u00fcnen Landschaften des S\u00fcdens und den hellen, wei\u00dfen Gletscherlandschaften im Osten bildete.<\/p>\n<p style=\"text-align: center;\"><a href=\"https:\/\/www.sabine-seyffert.de\/blog\/wp-content\/uploads\/2018\/05\/Island_08.jpg\"><img loading=\"lazy\" decoding=\"async\" class=\"alignnone size-full wp-image-12488\" src=\"https:\/\/www.sabine-seyffert.de\/blog\/wp-content\/uploads\/2018\/05\/Island_08.jpg\" alt=\"\" width=\"800\" height=\"530\" srcset=\"https:\/\/www.sabine-seyffert.de\/blog\/wp-content\/uploads\/2018\/05\/Island_08.jpg 800w, https:\/\/www.sabine-seyffert.de\/blog\/wp-content\/uploads\/2018\/05\/Island_08-300x199.jpg 300w, https:\/\/www.sabine-seyffert.de\/blog\/wp-content\/uploads\/2018\/05\/Island_08-768x509.jpg 768w\" sizes=\"auto, (max-width: 800px) 100vw, 800px\" \/><\/a><\/p>\n<p style=\"text-align: center;\"><a href=\"https:\/\/www.sabine-seyffert.de\/blog\/wp-content\/uploads\/2018\/05\/Island_09.jpg\"><img loading=\"lazy\" decoding=\"async\" class=\"alignnone size-full wp-image-12489\" src=\"https:\/\/www.sabine-seyffert.de\/blog\/wp-content\/uploads\/2018\/05\/Island_09.jpg\" alt=\"\" width=\"530\" height=\"800\" srcset=\"https:\/\/www.sabine-seyffert.de\/blog\/wp-content\/uploads\/2018\/05\/Island_09.jpg 530w, https:\/\/www.sabine-seyffert.de\/blog\/wp-content\/uploads\/2018\/05\/Island_09-199x300.jpg 199w\" sizes=\"auto, (max-width: 530px) 100vw, 530px\" \/><\/a><\/p>\n<p style=\"text-align: justify;\">Ausgehend von M\u00fdvatn, machten wir uns am sechsten Tag auf nach <a href=\"https:\/\/de.wikipedia.org\/wiki\/H%C3%BAsav%C3%ADk\" target=\"_blank\" rel=\"noopener\">H\u00fasav\u00edk<\/a>, angeblich einer der chancenreichsten Orte auf Island, um Wale zu beobachten. Nachdem wir uns auf unserer morgendlichen Wanderung zur <a href=\"https:\/\/de.wikipedia.org\/wiki\/Grj%C3%B3tagj%C3%A1\" target=\"_blank\" rel=\"noopener\">H\u00f6hle Grj\u00f3tagj\u00e1<\/a> zeitlich enorm versch\u00e4tzt hatten, fanden wir uns bald auf dem R\u00fccksitz des Mietwagens einer brasilianischen Kleinfamilie wieder, eingepfercht zwischen riesigen Einkaufst\u00fcten und der 90-j\u00e4hrigen Gro\u00dfmutter der Familie, die Island wohl durch die Autofenster zu genie\u00dfen schien.<br \/>\nNachdem uns die Familie an unserem Auto abgesetzt hatte und im Gegenzug unsere letzte deutsche Keks-Schokolade geschenkt bekam, machten wir uns auf in Richtung Norden.<\/p>\n<p style=\"text-align: center;\"><a href=\"https:\/\/www.sabine-seyffert.de\/blog\/wp-content\/uploads\/2018\/05\/Island_11.jpg\"><img loading=\"lazy\" decoding=\"async\" class=\"alignnone size-full wp-image-12496\" src=\"https:\/\/www.sabine-seyffert.de\/blog\/wp-content\/uploads\/2018\/05\/Island_11.jpg\" alt=\"\" width=\"800\" height=\"530\" srcset=\"https:\/\/www.sabine-seyffert.de\/blog\/wp-content\/uploads\/2018\/05\/Island_11.jpg 800w, https:\/\/www.sabine-seyffert.de\/blog\/wp-content\/uploads\/2018\/05\/Island_11-300x199.jpg 300w, https:\/\/www.sabine-seyffert.de\/blog\/wp-content\/uploads\/2018\/05\/Island_11-768x509.jpg 768w\" sizes=\"auto, (max-width: 800px) 100vw, 800px\" \/><\/a><\/p>\n<p style=\"text-align: justify;\">Walbeobachtungstouren kosten in der Regel zwischen 75 und 90\u20ac p.P. und ob es einem das Geld wert ist, h\u00e4ngt wahrscheinlich davon ab, ob man zuvor schon einmal Wale in ihrem nat\u00fcrlichen Lebensraum beobachten konnte. 60% unserer Mitreisenden auf dem Boot h\u00e4tten noch einen weiteren Aspekt ber\u00fccksichtigen k\u00f6nnen: Ob man auf offener See seekrank wird. Nach den anf\u00e4nglichen K\u00e4mpfen um die besten Aussichtspunkte an der Reling, lag zwanzig Minuten sp\u00e4ter mehr als die H\u00e4lfte der Reisenden kreidebleich und abgek\u00e4mpft auf den wenigen Sitzgelegenheiten, die das Boot zu bieten hatte. W\u00e4hrend die besten Aussichtspunkte an der Reling nun also wieder verf\u00fcgbar waren, genossen Sophie und ich unsere Tour, entdeckten f\u00fcnf, sechs Buckelwale und verwickelten unseren Guide in ein Gespr\u00e4ch \u00fcber den Walfang, der auf Island noch immer traditionell betrieben wird. Ihm zur Folge sei der Tourismus der Hauptgrund, weswegen diese grausame Tradition fortgesetzt w\u00fcrde. Weil viele der Touristen, die nach Island kommen, das Walfleisch unbedingt probieren wollen. Die wirksamste Form des Protestes sei es demnach, Restaurants, die Walfleisch auf ihren Speisekarten f\u00fchren, demonstrativ zu verlassen.<\/p>\n<p style=\"text-align: center;\"><a href=\"https:\/\/www.sabine-seyffert.de\/blog\/wp-content\/uploads\/2018\/05\/Island_Wal.jpg\"><img loading=\"lazy\" decoding=\"async\" class=\"alignnone size-full wp-image-12490\" src=\"https:\/\/www.sabine-seyffert.de\/blog\/wp-content\/uploads\/2018\/05\/Island_Wal.jpg\" alt=\"\" width=\"600\" height=\"906\" srcset=\"https:\/\/www.sabine-seyffert.de\/blog\/wp-content\/uploads\/2018\/05\/Island_Wal.jpg 600w, https:\/\/www.sabine-seyffert.de\/blog\/wp-content\/uploads\/2018\/05\/Island_Wal-199x300.jpg 199w\" sizes=\"auto, (max-width: 600px) 100vw, 600px\" \/><\/a><\/p>\n<p style=\"text-align: justify;\">Unsere dritte Couchsurferin wartete am Ende des Tages in <a href=\"https:\/\/de.wikipedia.org\/wiki\/%C3%93lafsfj%C3%B6r%C3%B0ur\" target=\"_blank\" rel=\"noopener\">\u00d3lafsfj\u00f6r\u00f0ur<\/a> auf uns. Valerie stammte urspr\u00fcnglich aus Bulgarien und nachdem sie ein Jahr in den USA gelebt hatte, war sie nun irgendwo im kalten Norden Islands gelandet, in einem 800-Einwohner-Dorf. Durch ihren Job in einem \u201eHotel\u201c im Dorf, bekamen wir am n\u00e4chsten Tag die Gelegenheit in zwei Kajaks, die angesichts der eisigen Temperaturen be\u00e4ngstigend offen und leicht gebaut waren, durch den nahe gelegenen Fjord zu paddeln.<\/p>\n<p style=\"text-align: center;\"><a href=\"https:\/\/www.sabine-seyffert.de\/blog\/wp-content\/uploads\/2018\/05\/Island_13.jpg\"><img loading=\"lazy\" decoding=\"async\" class=\"alignnone size-full wp-image-12491\" src=\"https:\/\/www.sabine-seyffert.de\/blog\/wp-content\/uploads\/2018\/05\/Island_13.jpg\" alt=\"\" width=\"800\" height=\"600\" srcset=\"https:\/\/www.sabine-seyffert.de\/blog\/wp-content\/uploads\/2018\/05\/Island_13.jpg 800w, https:\/\/www.sabine-seyffert.de\/blog\/wp-content\/uploads\/2018\/05\/Island_13-300x225.jpg 300w, https:\/\/www.sabine-seyffert.de\/blog\/wp-content\/uploads\/2018\/05\/Island_13-768x576.jpg 768w\" sizes=\"auto, (max-width: 800px) 100vw, 800px\" \/><\/a><\/p>\n<p style=\"text-align: justify;\">Auf unserem Weg gen S\u00fcden, zur\u00fcck nach Reykjav\u00edk, mussten wir eine Entscheidung treffen. W\u00fcrden wir die Westfjorde auslassen oder nicht? Wir hatten inzwischen sehr viel \u00fcber diese einsame Landschaft geh\u00f6rt, und wollten sie unbedingt sehen, aber angesichts unseres R\u00fcckflugdatums hatten wir im Grunde keine andere Wahl, als dieses Mal auf sie zu verzichten.<br \/>\nAufgrund dieser Entscheidung hatten wir an unserem letzten Tag auf der Ringstra\u00dfe noch ausreichend Zeit f\u00fcr die Umrundung der <a href=\"https:\/\/de.wikipedia.org\/wiki\/Sn%C3%A6fellsnes\" target=\"_blank\" rel=\"noopener\">Halbinsel Sn\u00e6fellsnes<\/a>. Ein gro\u00dfer Vorteil war, dass sich zu dieser Jahreszeit offenbar nicht sehr viele Touristen in diesen Teil des Landes verirrten. Landschaftlich konnte uns die Insel nach allem, was wir in den letzten Tagen gesehen und erlebt hatte, jedoch nicht mehr vom Hocker rei\u00dfen.<\/p>\n<p style=\"text-align: center;\"><a href=\"https:\/\/www.sabine-seyffert.de\/blog\/wp-content\/uploads\/2018\/05\/Island_14.jpg\"><img loading=\"lazy\" decoding=\"async\" class=\"alignnone size-full wp-image-12492\" src=\"https:\/\/www.sabine-seyffert.de\/blog\/wp-content\/uploads\/2018\/05\/Island_14.jpg\" alt=\"\" width=\"530\" height=\"800\" srcset=\"https:\/\/www.sabine-seyffert.de\/blog\/wp-content\/uploads\/2018\/05\/Island_14.jpg 530w, https:\/\/www.sabine-seyffert.de\/blog\/wp-content\/uploads\/2018\/05\/Island_14-199x300.jpg 199w\" sizes=\"auto, (max-width: 530px) 100vw, 530px\" \/><\/a><\/p>\n<p style=\"text-align: justify;\">Nachdem wir am unseren Mietwagen am neunten Tag erfolgreich nach Reykjav\u00edk gebracht hatten, begaben wir uns zu Fu\u00df Richtung Innenstadt, ohne eine Idee, wo wir die folgende Nacht schlafen w\u00fcrden. Die Entscheidung fiel sp\u00e4t am Abend auf einen Campingplatz nah der Innenstadt.<br \/>\nEin letztes Highlight war im wahrsten Sinne des Wortes ein Ph\u00e4nomen, das wir in dieser Intensit\u00e4t in den letzten N\u00e4chten vergeblich gesucht hatten: Aurora borealis, <a href=\"https:\/\/de.wikipedia.org\/wiki\/Polarlicht\" target=\"_blank\" rel=\"noopener\">die Nordlichter<\/a>. Wir hatten sie einige N\u00e4chte zuvor schon einmal gesehen, eher schwach, daf\u00fcr hoch \u00fcber einem Mondregenbogen. Je weiter wir nach Reykjav\u00edk kamen, desto geringer wurde die Hoffnung, diese Lichter noch einmal zu sehen. Und hier standen wir nun, irgendwo in der Stadt, auf einer Wiese neben unserem Zelt und konnten diese wundervollen Lichter in ihrer Farbenpracht, majest\u00e4tisch am Himmel tanzen sehen. Ein w\u00fcrdiger Abschluss f\u00fcr diese grandiose Zeit.<\/p>\n<p style=\"text-align: center;\"><a href=\"https:\/\/www.sabine-seyffert.de\/blog\/wp-content\/uploads\/2018\/05\/Island_15.jpg\"><img loading=\"lazy\" decoding=\"async\" class=\"alignnone size-full wp-image-12483\" src=\"https:\/\/www.sabine-seyffert.de\/blog\/wp-content\/uploads\/2018\/05\/Island_15.jpg\" alt=\"\" width=\"800\" height=\"532\" srcset=\"https:\/\/www.sabine-seyffert.de\/blog\/wp-content\/uploads\/2018\/05\/Island_15.jpg 800w, https:\/\/www.sabine-seyffert.de\/blog\/wp-content\/uploads\/2018\/05\/Island_15-300x200.jpg 300w, https:\/\/www.sabine-seyffert.de\/blog\/wp-content\/uploads\/2018\/05\/Island_15-768x511.jpg 768w\" sizes=\"auto, (max-width: 800px) 100vw, 800px\" \/><\/a><\/p>\n<p><a href=\"https:\/\/www.sabine-seyffert.de\/blog\/?page_id=32#urheberrecht\">urheberrechtlich gesch\u00fctzt<\/a>, \u00a9 Sabine Seyffert<\/p>\n","protected":false},"excerpt":{"rendered":"<p>Der Sommer naht mit schnellem Schritt und auf meinem Blog gab es schon l\u00e4nger keinen Reisebericht mehr. Daher habe ich heute einen besonderen \u201eLeckerbissen\u201c f\u00fcr alle, die urlaubsreif sind. Meine Tochter ist diesmal an der Reihe und hat einen ganz wunderbaren Urlaubsbericht aus dem hohen Norden mitgebracht: \u201eIsland, das k\u00f6nnte f\u00fcr uns Fluch oder Segen&#8230; <a href=\"https:\/\/www.sabine-seyffert.de\/blog\/urlaubstipp-island-ein-land-voller-schafe-wasserfaelle-und-regenbogen\/\" class=\"more-link\">Read more: Urlaubstipp: Island \u2013 ein Land voller Schafe, Wasserf\u00e4lle und Regenbogen<\/a><\/p>\n","protected":false},"author":2,"featured_media":0,"comment_status":"open","ping_status":"open","sticky":false,"template":"","format":"standard","meta":{"_metis_text_type":"","_metis_text_length":8091,"_post_count":0,"footnotes":""},"categories":[38],"tags":[],"class_list":["post-12482","post","type-post","status-publish","format-standard","hentry","category-ferien"],"_links":{"self":[{"href":"https:\/\/www.sabine-seyffert.de\/blog\/wp-json\/wp\/v2\/posts\/12482","targetHints":{"allow":["GET"]}}],"collection":[{"href":"https:\/\/www.sabine-seyffert.de\/blog\/wp-json\/wp\/v2\/posts"}],"about":[{"href":"https:\/\/www.sabine-seyffert.de\/blog\/wp-json\/wp\/v2\/types\/post"}],"author":[{"embeddable":true,"href":"https:\/\/www.sabine-seyffert.de\/blog\/wp-json\/wp\/v2\/users\/2"}],"replies":[{"embeddable":true,"href":"https:\/\/www.sabine-seyffert.de\/blog\/wp-json\/wp\/v2\/comments?post=12482"}],"version-history":[{"count":5,"href":"https:\/\/www.sabine-seyffert.de\/blog\/wp-json\/wp\/v2\/posts\/12482\/revisions"}],"predecessor-version":[{"id":12498,"href":"https:\/\/www.sabine-seyffert.de\/blog\/wp-json\/wp\/v2\/posts\/12482\/revisions\/12498"}],"wp:attachment":[{"href":"https:\/\/www.sabine-seyffert.de\/blog\/wp-json\/wp\/v2\/media?parent=12482"}],"wp:term":[{"taxonomy":"category","embeddable":true,"href":"https:\/\/www.sabine-seyffert.de\/blog\/wp-json\/wp\/v2\/categories?post=12482"},{"taxonomy":"post_tag","embeddable":true,"href":"https:\/\/www.sabine-seyffert.de\/blog\/wp-json\/wp\/v2\/tags?post=12482"}],"curies":[{"name":"wp","href":"https:\/\/api.w.org\/{rel}","templated":true}]}}