{"id":12368,"date":"2018-04-26T06:32:51","date_gmt":"2018-04-26T04:32:51","guid":{"rendered":"http:\/\/www.sabine-seyffert.de\/blog\/?p=12368"},"modified":"2018-05-01T08:34:17","modified_gmt":"2018-05-01T06:34:17","slug":"basteln-mit-naturmaterial-ein-kleiner-schutzengel-aus-ahornnasen-als-geschenkanhaenger","status":"publish","type":"post","link":"https:\/\/www.sabine-seyffert.de\/blog\/basteln-mit-naturmaterial-ein-kleiner-schutzengel-aus-ahornnasen-als-geschenkanhaenger\/","title":{"rendered":"Basteln mit Naturmaterial: Ein kleiner Schutzengel aus Ahornnasen als Geschenkanh\u00e4nger"},"content":{"rendered":"<p style=\"text-align: justify;\"><img loading=\"lazy\" decoding=\"async\" src=\"https:\/\/ssl-vg03.met.vgwort.de\/na\/997097f6dd4343a18d8ae0faa0c6ccbf\" alt=\"\" width=\"1\" height=\"1\" \/>Am Wochenende habe ich an einem Ahornbaum die ersten Fr\u00fcchte entdecken k\u00f6nnen. Noch waren sie zwar klein, aber schon bald werden sie die richtige Gr\u00f6\u00dfe haben um mit ihnen basteln zu k\u00f6nnen.<br \/>\nEin stimmungsvolles <a href=\"http:\/\/www.sabine-seyffert.de\/blog\/?p=10477\" target=\"_blank\" rel=\"noopener\">DIY mit Ahornnasen<\/a> f\u00fcr ein selbst gemachtes Windlicht habe ich euch im letzten Jahr bereits gezeigt. Diesmal habe ich euch ein Tutorial f\u00fcr einen Schutzengel mitgebracht.<\/p>\n<p style=\"text-align: center;\"><a href=\"http:\/\/www.sabine-seyffert.de\/blog\/wp-content\/uploads\/2018\/04\/Engel-Natur-7.jpg\"><img loading=\"lazy\" decoding=\"async\" class=\"alignnone size-full wp-image-12369\" src=\"http:\/\/www.sabine-seyffert.de\/blog\/wp-content\/uploads\/2018\/04\/Engel-Natur-7.jpg\" alt=\"\" width=\"800\" height=\"600\" srcset=\"https:\/\/www.sabine-seyffert.de\/blog\/wp-content\/uploads\/2018\/04\/Engel-Natur-7.jpg 800w, https:\/\/www.sabine-seyffert.de\/blog\/wp-content\/uploads\/2018\/04\/Engel-Natur-7-300x225.jpg 300w, https:\/\/www.sabine-seyffert.de\/blog\/wp-content\/uploads\/2018\/04\/Engel-Natur-7-768x576.jpg 768w\" sizes=\"auto, (max-width: 800px) 100vw, 800px\" \/><\/a><\/p>\n<p style=\"text-align: justify;\"><strong>Das wird gebraucht:<\/strong><br \/>\nKleinere, nicht zu dicke Zweige (etwa 12-15 cm lang), eine Gartenschere, Ahornnasen, Pinsel, wei\u00dfer Bastellack, d\u00fcnner Basteldraht, wei\u00dfe oder naturfarbene M\u00e4rchenwolle, Hei\u00dfklebepistole incl. Klebepatrone<\/p>\n<p style=\"text-align: center;\"><a href=\"http:\/\/www.sabine-seyffert.de\/blog\/wp-content\/uploads\/2018\/04\/Engel-Natur-8.jpg\"><img loading=\"lazy\" decoding=\"async\" class=\"alignnone size-full wp-image-12370\" src=\"http:\/\/www.sabine-seyffert.de\/blog\/wp-content\/uploads\/2018\/04\/Engel-Natur-8.jpg\" alt=\"\" width=\"800\" height=\"600\" srcset=\"https:\/\/www.sabine-seyffert.de\/blog\/wp-content\/uploads\/2018\/04\/Engel-Natur-8.jpg 800w, https:\/\/www.sabine-seyffert.de\/blog\/wp-content\/uploads\/2018\/04\/Engel-Natur-8-300x225.jpg 300w, https:\/\/www.sabine-seyffert.de\/blog\/wp-content\/uploads\/2018\/04\/Engel-Natur-8-768x576.jpg 768w\" sizes=\"auto, (max-width: 800px) 100vw, 800px\" \/><\/a><\/p>\n<p style=\"text-align: justify;\"><strong>So wird\u2019s gemacht:<\/strong><br \/>\nZuerst streicht man die Ahornnasen ganz d\u00fcnn mit wei\u00dfem Acryllack an. Das zarte Gr\u00fcn darf dabei ruhig noch ein wenig hervorschimmern. W\u00e4hrend die Farbe trocknet, kann man sich den trockenen Zweig in der o.g. L\u00e4nge zu schneiden.<\/p>\n<p style=\"text-align: center;\"><a href=\"http:\/\/www.sabine-seyffert.de\/blog\/wp-content\/uploads\/2018\/04\/Engel-Natur-6.jpg\"><img loading=\"lazy\" decoding=\"async\" class=\"alignnone size-full wp-image-12371\" src=\"http:\/\/www.sabine-seyffert.de\/blog\/wp-content\/uploads\/2018\/04\/Engel-Natur-6.jpg\" alt=\"\" width=\"800\" height=\"600\" srcset=\"https:\/\/www.sabine-seyffert.de\/blog\/wp-content\/uploads\/2018\/04\/Engel-Natur-6.jpg 800w, https:\/\/www.sabine-seyffert.de\/blog\/wp-content\/uploads\/2018\/04\/Engel-Natur-6-300x225.jpg 300w, https:\/\/www.sabine-seyffert.de\/blog\/wp-content\/uploads\/2018\/04\/Engel-Natur-6-768x576.jpg 768w\" sizes=\"auto, (max-width: 800px) 100vw, 800px\" \/><\/a><\/p>\n<p style=\"text-align: justify;\">Anschlie\u00dfend zupft man sich von der wei\u00dfen M\u00e4rchenwolle ein St\u00fcck heraus. Die Wolle bildet das Engelshaar. Das l\u00e4sst sich ganz leicht mit etwas d\u00fcnnem Basteldraht um den oberen Rand des Zweigs wickeln. Die beiden Drahtenden dreht man dann am Schluss so in einander, dass eine kleine Schlaufe entsteht. Hieran kann man den kleinen Schutzengel aufh\u00e4ngen und an einem Geschenkband befestigen.<\/p>\n<p style=\"text-align: center;\"><a href=\"http:\/\/www.sabine-seyffert.de\/blog\/wp-content\/uploads\/2018\/04\/Engel-Natur-5.jpg\"><img loading=\"lazy\" decoding=\"async\" class=\"alignnone size-full wp-image-12372\" src=\"http:\/\/www.sabine-seyffert.de\/blog\/wp-content\/uploads\/2018\/04\/Engel-Natur-5.jpg\" alt=\"\" width=\"800\" height=\"600\" srcset=\"https:\/\/www.sabine-seyffert.de\/blog\/wp-content\/uploads\/2018\/04\/Engel-Natur-5.jpg 800w, https:\/\/www.sabine-seyffert.de\/blog\/wp-content\/uploads\/2018\/04\/Engel-Natur-5-300x225.jpg 300w, https:\/\/www.sabine-seyffert.de\/blog\/wp-content\/uploads\/2018\/04\/Engel-Natur-5-768x576.jpg 768w\" sizes=\"auto, (max-width: 800px) 100vw, 800px\" \/><\/a><\/p>\n<p style=\"text-align: justify;\">Sobald der Lack fertig getrocknet ist, braucht man die Hei\u00dfklebepistole. Auf die Enden der Ahornnasen gibt man einen Tropfen Hei\u00dfkleber und dr\u00fcckt diese von hinten an den Zweig.<\/p>\n<p style=\"text-align: center;\"><a href=\"http:\/\/www.sabine-seyffert.de\/blog\/wp-content\/uploads\/2018\/04\/Engel-Natur-4.jpg\"><img loading=\"lazy\" decoding=\"async\" class=\"alignnone size-full wp-image-12373\" src=\"http:\/\/www.sabine-seyffert.de\/blog\/wp-content\/uploads\/2018\/04\/Engel-Natur-4.jpg\" alt=\"\" width=\"800\" height=\"600\" srcset=\"https:\/\/www.sabine-seyffert.de\/blog\/wp-content\/uploads\/2018\/04\/Engel-Natur-4.jpg 800w, https:\/\/www.sabine-seyffert.de\/blog\/wp-content\/uploads\/2018\/04\/Engel-Natur-4-300x225.jpg 300w, https:\/\/www.sabine-seyffert.de\/blog\/wp-content\/uploads\/2018\/04\/Engel-Natur-4-768x576.jpg 768w\" sizes=\"auto, (max-width: 800px) 100vw, 800px\" \/><\/a><\/p>\n<p style=\"text-align: justify;\">Und zwar so, dass immer zwei dieser wei\u00dfen Ahornfl\u00fcgel untereinander sitzen und der Engel auf beiden Seiten zwei sch\u00f6ne Fl\u00fcgel bekommt.<\/p>\n<p style=\"text-align: center;\"><a href=\"http:\/\/www.sabine-seyffert.de\/blog\/wp-content\/uploads\/2018\/04\/Engel-Natur-3.jpg\"><img loading=\"lazy\" decoding=\"async\" class=\"alignnone size-full wp-image-12374\" src=\"http:\/\/www.sabine-seyffert.de\/blog\/wp-content\/uploads\/2018\/04\/Engel-Natur-3.jpg\" alt=\"\" width=\"800\" height=\"600\" srcset=\"https:\/\/www.sabine-seyffert.de\/blog\/wp-content\/uploads\/2018\/04\/Engel-Natur-3.jpg 800w, https:\/\/www.sabine-seyffert.de\/blog\/wp-content\/uploads\/2018\/04\/Engel-Natur-3-300x225.jpg 300w, https:\/\/www.sabine-seyffert.de\/blog\/wp-content\/uploads\/2018\/04\/Engel-Natur-3-768x576.jpg 768w\" sizes=\"auto, (max-width: 800px) 100vw, 800px\" \/><\/a><\/p>\n<p style=\"text-align: justify;\">Ob als Geschenkanh\u00e4nger, solo, als kleine Aufheiterung oder Mitbringsel aber auch als Fensterschmuck eine ausgefallene Idee, die nicht nur von Herzen kommt, sondern auch mit allerhand Herzblut gefertigt wurde.<\/p>\n<p style=\"text-align: center;\"><a href=\"http:\/\/www.sabine-seyffert.de\/blog\/wp-content\/uploads\/2018\/04\/Engel-Natur-2.jpg\"><img loading=\"lazy\" decoding=\"async\" class=\"alignnone size-full wp-image-12375\" src=\"http:\/\/www.sabine-seyffert.de\/blog\/wp-content\/uploads\/2018\/04\/Engel-Natur-2.jpg\" alt=\"\" width=\"800\" height=\"600\" srcset=\"https:\/\/www.sabine-seyffert.de\/blog\/wp-content\/uploads\/2018\/04\/Engel-Natur-2.jpg 800w, https:\/\/www.sabine-seyffert.de\/blog\/wp-content\/uploads\/2018\/04\/Engel-Natur-2-300x225.jpg 300w, https:\/\/www.sabine-seyffert.de\/blog\/wp-content\/uploads\/2018\/04\/Engel-Natur-2-768x576.jpg 768w\" sizes=\"auto, (max-width: 800px) 100vw, 800px\" \/><\/a><\/p>\n<p style=\"text-align: justify;\">Weitere Geschenkideen findet ihr \u00fcbrigens in <a href=\"http:\/\/www.sabine-seyffert.de\/blog\/?cat=36\" target=\"_blank\" rel=\"noopener\">diesem Ordner<\/a>, alles zum Thema Fr\u00fchling <a href=\"http:\/\/www.sabine-seyffert.de\/blog\/?cat=23\" target=\"_blank\" rel=\"noopener\">dort<\/a>, mehr Gr\u00fcn <a href=\"http:\/\/naturkinder.typepad.com\/naturkinder\/2018\/04\/gruenzeug-we-love-green-stuff-1.html\" target=\"_blank\" rel=\"noopener\">da<\/a> und andere kreative Sachen an <a href=\"https:\/\/www.creadienstag.de\/2018\/05\/linkparty329.html\" target=\"_blank\" rel=\"noopener\">dieser<\/a> Stelle.<\/p>\n<p style=\"text-align: center;\"><a href=\"http:\/\/www.sabine-seyffert.de\/blog\/wp-content\/uploads\/2018\/04\/Engel-Natur-1.jpg\"><img loading=\"lazy\" decoding=\"async\" class=\"alignnone size-full wp-image-12376\" src=\"http:\/\/www.sabine-seyffert.de\/blog\/wp-content\/uploads\/2018\/04\/Engel-Natur-1.jpg\" alt=\"\" width=\"800\" height=\"600\" srcset=\"https:\/\/www.sabine-seyffert.de\/blog\/wp-content\/uploads\/2018\/04\/Engel-Natur-1.jpg 800w, https:\/\/www.sabine-seyffert.de\/blog\/wp-content\/uploads\/2018\/04\/Engel-Natur-1-300x225.jpg 300w, https:\/\/www.sabine-seyffert.de\/blog\/wp-content\/uploads\/2018\/04\/Engel-Natur-1-768x576.jpg 768w\" sizes=\"auto, (max-width: 800px) 100vw, 800px\" \/><\/a><\/p>\n<p style=\"text-align: justify;\"><a href=\"http:\/\/www.sabine-seyffert.de\/blog\/?page_id=32#urheberrecht\">urheberrechtlich gesch\u00fctzt<\/a>, \u00a9 Sabine Seyffert<\/p>\n","protected":false},"excerpt":{"rendered":"<p>Am Wochenende habe ich an einem Ahornbaum die ersten Fr\u00fcchte entdecken k\u00f6nnen. Noch waren sie zwar klein, aber schon bald werden sie die richtige Gr\u00f6\u00dfe haben um mit ihnen basteln zu k\u00f6nnen. Ein stimmungsvolles DIY mit Ahornnasen f\u00fcr ein selbst gemachtes Windlicht habe ich euch im letzten Jahr bereits gezeigt. Diesmal habe ich euch ein&#8230; <a href=\"https:\/\/www.sabine-seyffert.de\/blog\/basteln-mit-naturmaterial-ein-kleiner-schutzengel-aus-ahornnasen-als-geschenkanhaenger\/\" class=\"more-link\">Read more: Basteln mit Naturmaterial: Ein kleiner Schutzengel aus Ahornnasen als Geschenkanh\u00e4nger<\/a><\/p>\n","protected":false},"author":2,"featured_media":0,"comment_status":"open","ping_status":"open","sticky":false,"template":"","format":"standard","meta":{"_metis_text_type":"","_metis_text_length":1962,"_post_count":0,"footnotes":""},"categories":[23,36],"tags":[],"class_list":["post-12368","post","type-post","status-publish","format-standard","hentry","category-fruhling","category-klitzekleine-geschenkideen"],"_links":{"self":[{"href":"https:\/\/www.sabine-seyffert.de\/blog\/wp-json\/wp\/v2\/posts\/12368","targetHints":{"allow":["GET"]}}],"collection":[{"href":"https:\/\/www.sabine-seyffert.de\/blog\/wp-json\/wp\/v2\/posts"}],"about":[{"href":"https:\/\/www.sabine-seyffert.de\/blog\/wp-json\/wp\/v2\/types\/post"}],"author":[{"embeddable":true,"href":"https:\/\/www.sabine-seyffert.de\/blog\/wp-json\/wp\/v2\/users\/2"}],"replies":[{"embeddable":true,"href":"https:\/\/www.sabine-seyffert.de\/blog\/wp-json\/wp\/v2\/comments?post=12368"}],"version-history":[{"count":7,"href":"https:\/\/www.sabine-seyffert.de\/blog\/wp-json\/wp\/v2\/posts\/12368\/revisions"}],"predecessor-version":[{"id":12415,"href":"https:\/\/www.sabine-seyffert.de\/blog\/wp-json\/wp\/v2\/posts\/12368\/revisions\/12415"}],"wp:attachment":[{"href":"https:\/\/www.sabine-seyffert.de\/blog\/wp-json\/wp\/v2\/media?parent=12368"}],"wp:term":[{"taxonomy":"category","embeddable":true,"href":"https:\/\/www.sabine-seyffert.de\/blog\/wp-json\/wp\/v2\/categories?post=12368"},{"taxonomy":"post_tag","embeddable":true,"href":"https:\/\/www.sabine-seyffert.de\/blog\/wp-json\/wp\/v2\/tags?post=12368"}],"curies":[{"name":"wp","href":"https:\/\/api.w.org\/{rel}","templated":true}]}}