{"id":12344,"date":"2018-04-22T07:22:59","date_gmt":"2018-04-22T05:22:59","guid":{"rendered":"http:\/\/www.sabine-seyffert.de\/blog\/?p=12344"},"modified":"2018-05-05T07:41:55","modified_gmt":"2018-05-05T05:41:55","slug":"baerlauch-rezept-idee-vegane-baerlauchbutter-selbst-gemacht","status":"publish","type":"post","link":"https:\/\/www.sabine-seyffert.de\/blog\/baerlauch-rezept-idee-vegane-baerlauchbutter-selbst-gemacht\/","title":{"rendered":"B\u00e4rlauch Rezept Idee:  Vegane B\u00e4rlauchbutter selbst gemacht"},"content":{"rendered":"<p style=\"text-align: justify;\"><img loading=\"lazy\" decoding=\"async\" src=\"https:\/\/ssl-vg03.met.vgwort.de\/na\/594f377c3e8a4c23ae2843c27f7e7b25\" alt=\"\" width=\"1\" height=\"1\" \/>Nachdem ich im letzten Jahr zum ersten Mal <a href=\"http:\/\/www.sabine-seyffert.de\/blog\/?p=10491\" target=\"_blank\" rel=\"noopener\">vegane Kr\u00e4uterbutter<\/a> ausprobiert habe, kam in diesem Fr\u00fchjahr nun auch die B\u00e4rlauchbutter in veganer Ausf\u00fchrung hinzu. Diese ist ebenso schnell und einfach gemacht, dass die Zubereitung auch f\u00fcr unge\u00fcbte K\u00f6cher oder gar Kinder \u00fcberhaupt kein Problem ist. Dank des P\u00fcrierstabs geht es zudem ganz fix. Sollte sich also kurzfristig Besuch zum Abendbrot ank\u00fcndigen, hat man diesen Brotaufstrich innerhalb von 5 Minuten spontan zubereitet \ud83d\ude09<\/p>\n<p style=\"text-align: center;\"><a href=\"http:\/\/www.sabine-seyffert.de\/blog\/wp-content\/uploads\/2018\/04\/B\u00e4rlauchbutter-vegan-6.jpg\"><img loading=\"lazy\" decoding=\"async\" class=\"alignnone size-full wp-image-12345\" src=\"http:\/\/www.sabine-seyffert.de\/blog\/wp-content\/uploads\/2018\/04\/B\u00e4rlauchbutter-vegan-6.jpg\" alt=\"\" width=\"800\" height=\"600\" srcset=\"https:\/\/www.sabine-seyffert.de\/blog\/wp-content\/uploads\/2018\/04\/B\u00e4rlauchbutter-vegan-6.jpg 800w, https:\/\/www.sabine-seyffert.de\/blog\/wp-content\/uploads\/2018\/04\/B\u00e4rlauchbutter-vegan-6-300x225.jpg 300w, https:\/\/www.sabine-seyffert.de\/blog\/wp-content\/uploads\/2018\/04\/B\u00e4rlauchbutter-vegan-6-768x576.jpg 768w\" sizes=\"auto, (max-width: 800px) 100vw, 800px\" \/><\/a><\/p>\n<p style=\"text-align: justify;\"><strong>Das wird gebraucht:<\/strong><br \/>\n250 g vegane Butter \/ pflanzliche Margarine, ein gro\u00dfer Bund B\u00e4rlauch, Salz, Pfeffer sowie 1 Knoblauchzehe<\/p>\n<p style=\"text-align: center;\"><a href=\"http:\/\/www.sabine-seyffert.de\/blog\/wp-content\/uploads\/2018\/04\/B\u00e4rlauchbutter-vegan-5.jpg\"><img loading=\"lazy\" decoding=\"async\" class=\"alignnone size-full wp-image-12346\" src=\"http:\/\/www.sabine-seyffert.de\/blog\/wp-content\/uploads\/2018\/04\/B\u00e4rlauchbutter-vegan-5.jpg\" alt=\"\" width=\"800\" height=\"600\" srcset=\"https:\/\/www.sabine-seyffert.de\/blog\/wp-content\/uploads\/2018\/04\/B\u00e4rlauchbutter-vegan-5.jpg 800w, https:\/\/www.sabine-seyffert.de\/blog\/wp-content\/uploads\/2018\/04\/B\u00e4rlauchbutter-vegan-5-300x225.jpg 300w, https:\/\/www.sabine-seyffert.de\/blog\/wp-content\/uploads\/2018\/04\/B\u00e4rlauchbutter-vegan-5-768x576.jpg 768w\" sizes=\"auto, (max-width: 800px) 100vw, 800px\" \/><\/a><\/p>\n<p style=\"text-align: justify;\"><strong>So wird\u2019s gemacht:<\/strong><br \/>\nAus dem Gartenbeet habe ich frischen B\u00e4rlauch geerntet. Daher kann ich die exakte Menge vom Gewicht her nicht benennen. Es sollte aber einem Bund entsprechen, wie man diese auf dem Wochenmarkt oder der Gem\u00fcseabteilung im Supermarkt bekommt.<\/p>\n<p style=\"text-align: center;\"><a href=\"http:\/\/www.sabine-seyffert.de\/blog\/wp-content\/uploads\/2018\/04\/B\u00e4rlauchbutter-vegan-4.jpg\"><img loading=\"lazy\" decoding=\"async\" class=\"alignnone size-full wp-image-12347\" src=\"http:\/\/www.sabine-seyffert.de\/blog\/wp-content\/uploads\/2018\/04\/B\u00e4rlauchbutter-vegan-4.jpg\" alt=\"\" width=\"800\" height=\"600\" srcset=\"https:\/\/www.sabine-seyffert.de\/blog\/wp-content\/uploads\/2018\/04\/B\u00e4rlauchbutter-vegan-4.jpg 800w, https:\/\/www.sabine-seyffert.de\/blog\/wp-content\/uploads\/2018\/04\/B\u00e4rlauchbutter-vegan-4-300x225.jpg 300w, https:\/\/www.sabine-seyffert.de\/blog\/wp-content\/uploads\/2018\/04\/B\u00e4rlauchbutter-vegan-4-768x576.jpg 768w\" sizes=\"auto, (max-width: 800px) 100vw, 800px\" \/><\/a><\/p>\n<p style=\"text-align: justify;\">Als erstes wird der B\u00e4rlauch gut gewaschen und anschlie\u00dfend mit einem sauberen Geschirrhandtuch gr\u00fcndlich trocken getupft. Die Stiele kann man bei Bedarf unten leicht k\u00fcrzen. Dann gibt man die gesamte Menge an B\u00e4rlauch in einen hohen Kunststoff- oder P\u00fcrierbecher. Sollten die B\u00e4rlauchbl\u00e4tter zu gro\u00df sein, kann man ihn einfach knicken oder mit einer K\u00fcchenschere vorab grob zerteilen.<\/p>\n<p style=\"text-align: center;\"><a href=\"http:\/\/www.sabine-seyffert.de\/blog\/wp-content\/uploads\/2018\/04\/B\u00e4rlauchbutter-vegan-3.jpg\"><img loading=\"lazy\" decoding=\"async\" class=\"alignnone size-full wp-image-12348\" src=\"http:\/\/www.sabine-seyffert.de\/blog\/wp-content\/uploads\/2018\/04\/B\u00e4rlauchbutter-vegan-3.jpg\" alt=\"\" width=\"800\" height=\"600\" srcset=\"https:\/\/www.sabine-seyffert.de\/blog\/wp-content\/uploads\/2018\/04\/B\u00e4rlauchbutter-vegan-3.jpg 800w, https:\/\/www.sabine-seyffert.de\/blog\/wp-content\/uploads\/2018\/04\/B\u00e4rlauchbutter-vegan-3-300x225.jpg 300w, https:\/\/www.sabine-seyffert.de\/blog\/wp-content\/uploads\/2018\/04\/B\u00e4rlauchbutter-vegan-3-768x576.jpg 768w\" sizes=\"auto, (max-width: 800px) 100vw, 800px\" \/><\/a><\/p>\n<p style=\"text-align: justify;\">Da die vegane Butter recht weich ist, kann man diese direkt weiter verwenden, wenn man diese aus dem K\u00fchlschrank nimmt. Einfacher geht\u2019s, wenn man die Butter mit einem K\u00fcchenmesser in W\u00fcrfel schneidet. Dies klappt aber auch ohne zerkleinern, wenn man die Butter im ganzen Block mit in den P\u00fcrierbecher gibt. Dann kommt noch die gesch\u00e4lte Knoblauchzehe hinzu.<\/p>\n<p style=\"text-align: center;\"><a href=\"http:\/\/www.sabine-seyffert.de\/blog\/wp-content\/uploads\/2018\/04\/B\u00e4rlauchbutter-vegan-2.jpg\"><img loading=\"lazy\" decoding=\"async\" class=\"alignnone size-full wp-image-12349\" src=\"http:\/\/www.sabine-seyffert.de\/blog\/wp-content\/uploads\/2018\/04\/B\u00e4rlauchbutter-vegan-2.jpg\" alt=\"\" width=\"800\" height=\"600\" srcset=\"https:\/\/www.sabine-seyffert.de\/blog\/wp-content\/uploads\/2018\/04\/B\u00e4rlauchbutter-vegan-2.jpg 800w, https:\/\/www.sabine-seyffert.de\/blog\/wp-content\/uploads\/2018\/04\/B\u00e4rlauchbutter-vegan-2-300x225.jpg 300w, https:\/\/www.sabine-seyffert.de\/blog\/wp-content\/uploads\/2018\/04\/B\u00e4rlauchbutter-vegan-2-768x576.jpg 768w\" sizes=\"auto, (max-width: 800px) 100vw, 800px\" \/><\/a><\/p>\n<p style=\"text-align: justify;\">Jetzt p\u00fcriert man alle Zutaten so lange durch, bis keine St\u00fcckchen mehr zu sehen und die Butter sch\u00f6n leicht und cremig ist. Mit etwas Pfeffer und Salz w\u00fcrzen und abschmecken. Dann in ein sch\u00f6nes Einmachglas mit Deckel f\u00fcllen. Darin kann man die Butter im K\u00fchlschrank eine ganze Weile aufbewahren \u2013 vorausgesetzt sie ist nicht im Nu aufgegessen!<\/p>\n<p style=\"text-align: center;\"><a href=\"http:\/\/www.sabine-seyffert.de\/blog\/wp-content\/uploads\/2018\/04\/B\u00e4rlauchbutter-vegan-1.jpg\"><img loading=\"lazy\" decoding=\"async\" class=\"alignnone size-full wp-image-12350\" src=\"http:\/\/www.sabine-seyffert.de\/blog\/wp-content\/uploads\/2018\/04\/B\u00e4rlauchbutter-vegan-1.jpg\" alt=\"\" width=\"800\" height=\"600\" srcset=\"https:\/\/www.sabine-seyffert.de\/blog\/wp-content\/uploads\/2018\/04\/B\u00e4rlauchbutter-vegan-1.jpg 800w, https:\/\/www.sabine-seyffert.de\/blog\/wp-content\/uploads\/2018\/04\/B\u00e4rlauchbutter-vegan-1-300x225.jpg 300w, https:\/\/www.sabine-seyffert.de\/blog\/wp-content\/uploads\/2018\/04\/B\u00e4rlauchbutter-vegan-1-768x576.jpg 768w\" sizes=\"auto, (max-width: 800px) 100vw, 800px\" \/><\/a><\/p>\n<p><strong>Ein kleiner Tipp<\/strong>: Sch\u00f6n verpackt, wie bei <a href=\"http:\/\/www.sabine-seyffert.de\/blog\/?p=5414\" target=\"_blank\" rel=\"noopener\">dieser Idee<\/a>, ist die selbst gemachte Butter auch ein tolles Geschenk oder Mitbringsel aus der K\u00fcche!<\/p>\n<p style=\"text-align: justify;\">Weitere vegane Rezepte gibt es in <a href=\"http:\/\/www.sabine-seyffert.de\/blog\/?cat=44\" target=\"_blank\" rel=\"noopener\">dieser Rubrik<\/a>, vegetarische Rezeptideen <a href=\"http:\/\/www.sabine-seyffert.de\/blog\/?cat=30\" target=\"_blank\" rel=\"noopener\">dort<\/a>, mehr Geschenke in der K\u00fcche <a href=\"http:\/\/www.sabine-seyffert.de\/blog\/?cat=43\" target=\"_blank\" rel=\"noopener\">dort\u00a0<\/a>und mehr gr\u00fcn <a href=\"http:\/\/naturkinder.typepad.com\/naturkinder\/2018\/05\/gruenzeug-we-love-green-stuff.html\" target=\"_blank\" rel=\"noopener\">da<\/a>!<\/p>\n<p><strong>\u00a0<\/strong><a href=\"http:\/\/www.sabine-seyffert.de\/blog\/?page_id=32#urheberrecht\">urheberrechtlich gesch\u00fctzt<\/a>, \u00a9 Sabine Seyffert<\/p>\n","protected":false},"excerpt":{"rendered":"<p>Nachdem ich im letzten Jahr zum ersten Mal vegane Kr\u00e4uterbutter ausprobiert habe, kam in diesem Fr\u00fchjahr nun auch die B\u00e4rlauchbutter in veganer Ausf\u00fchrung hinzu. Diese ist ebenso schnell und einfach gemacht, dass die Zubereitung auch f\u00fcr unge\u00fcbte K\u00f6cher oder gar Kinder \u00fcberhaupt kein Problem ist. Dank des P\u00fcrierstabs geht es zudem ganz fix. Sollte sich&#8230; <a href=\"https:\/\/www.sabine-seyffert.de\/blog\/baerlauch-rezept-idee-vegane-baerlauchbutter-selbst-gemacht\/\" class=\"more-link\">Read more: B\u00e4rlauch Rezept Idee:  Vegane B\u00e4rlauchbutter selbst gemacht<\/a><\/p>\n","protected":false},"author":2,"featured_media":0,"comment_status":"open","ping_status":"open","sticky":false,"template":"","format":"standard","meta":{"_metis_text_type":"","_metis_text_length":2277,"_post_count":0,"footnotes":""},"categories":[23,44],"tags":[],"class_list":["post-12344","post","type-post","status-publish","format-standard","hentry","category-fruhling","category-rezepte-vegan"],"_links":{"self":[{"href":"https:\/\/www.sabine-seyffert.de\/blog\/wp-json\/wp\/v2\/posts\/12344","targetHints":{"allow":["GET"]}}],"collection":[{"href":"https:\/\/www.sabine-seyffert.de\/blog\/wp-json\/wp\/v2\/posts"}],"about":[{"href":"https:\/\/www.sabine-seyffert.de\/blog\/wp-json\/wp\/v2\/types\/post"}],"author":[{"embeddable":true,"href":"https:\/\/www.sabine-seyffert.de\/blog\/wp-json\/wp\/v2\/users\/2"}],"replies":[{"embeddable":true,"href":"https:\/\/www.sabine-seyffert.de\/blog\/wp-json\/wp\/v2\/comments?post=12344"}],"version-history":[{"count":4,"href":"https:\/\/www.sabine-seyffert.de\/blog\/wp-json\/wp\/v2\/posts\/12344\/revisions"}],"predecessor-version":[{"id":12427,"href":"https:\/\/www.sabine-seyffert.de\/blog\/wp-json\/wp\/v2\/posts\/12344\/revisions\/12427"}],"wp:attachment":[{"href":"https:\/\/www.sabine-seyffert.de\/blog\/wp-json\/wp\/v2\/media?parent=12344"}],"wp:term":[{"taxonomy":"category","embeddable":true,"href":"https:\/\/www.sabine-seyffert.de\/blog\/wp-json\/wp\/v2\/categories?post=12344"},{"taxonomy":"post_tag","embeddable":true,"href":"https:\/\/www.sabine-seyffert.de\/blog\/wp-json\/wp\/v2\/tags?post=12344"}],"curies":[{"name":"wp","href":"https:\/\/api.w.org\/{rel}","templated":true}]}}