{"id":12328,"date":"2018-04-19T08:17:09","date_gmt":"2018-04-19T06:17:09","guid":{"rendered":"http:\/\/www.sabine-seyffert.de\/blog\/?p=12328"},"modified":"2018-04-27T14:08:08","modified_gmt":"2018-04-27T12:08:08","slug":"diy-basteln-mit-naturmaterial-selbst-gemachter-deko-kranz-aus-birkenzweigen-mit-zarten-filz-blueten","status":"publish","type":"post","link":"https:\/\/www.sabine-seyffert.de\/blog\/diy-basteln-mit-naturmaterial-selbst-gemachter-deko-kranz-aus-birkenzweigen-mit-zarten-filz-blueten\/","title":{"rendered":"DIY Basteln mit Naturmaterial: Selbst gemachter Deko Kranz aus Birkenzweigen mit zarten Filz Bl\u00fcten"},"content":{"rendered":"<p style=\"text-align: justify;\"><img loading=\"lazy\" decoding=\"async\" src=\"https:\/\/ssl-vg03.met.vgwort.de\/na\/3d871f8520f7458583db8515181edbbb\" alt=\"\" width=\"1\" height=\"1\" \/>Das Wetter in der Ferienzeit war sehr bescheiden. Es war nicht nur verh\u00e4ltnism\u00e4\u00dfig kalt, sondern auch nass. Aber da wir das Wetter nun mal nicht \u00e4ndern konnten, mussten wir eben das Beste draus machen. Und was l\u00e4ge da n\u00e4her als etwas Kreatives zu werkeln?<br \/>\nSo haben wir eine Regenpause genutzt und sind warm eingepackt auf den kleinen Spielplatz in der N\u00e4he spaziert. Dort gibt es zahlreiche Birken und so konnten wir allerhand auf der Wiese liegendes Birkenreisig sammeln. Meine Tochter hatte zwar etwas Sorge, dass wir deshalb verhaftet w\u00fcrden, aber ich denke eher, die G\u00e4rtner werden sich freuen, dass wir ihnen die Arbeit abnehmen \ud83d\ude09<\/p>\n<p style=\"text-align: center;\"><a href=\"http:\/\/www.sabine-seyffert.de\/blog\/wp-content\/uploads\/2018\/04\/Birkenkranz-mit-Bl\u00fcten-2.jpg\"><img loading=\"lazy\" decoding=\"async\" class=\"alignnone size-full wp-image-12329\" src=\"http:\/\/www.sabine-seyffert.de\/blog\/wp-content\/uploads\/2018\/04\/Birkenkranz-mit-Bl\u00fcten-2.jpg\" alt=\"\" width=\"600\" height=\"800\" srcset=\"https:\/\/www.sabine-seyffert.de\/blog\/wp-content\/uploads\/2018\/04\/Birkenkranz-mit-Bl\u00fcten-2.jpg 600w, https:\/\/www.sabine-seyffert.de\/blog\/wp-content\/uploads\/2018\/04\/Birkenkranz-mit-Bl\u00fcten-2-225x300.jpg 225w\" sizes=\"auto, (max-width: 600px) 100vw, 600px\" \/><\/a><\/p>\n<p style=\"text-align: justify;\"><strong>Das wird gebraucht:<\/strong><br \/>\nFrisches Birkenreisig \/ d\u00fcnne Birkenzweige, festen Draht, eine scharfe Schere, Hei\u00dfkleber samt Klebepatrone, wei\u00dfen Bastel-Filz, einen Bleistift, graues Packpapier, selbstklebende Halbperlen<\/p>\n<p style=\"text-align: center;\"><a href=\"http:\/\/www.sabine-seyffert.de\/blog\/wp-content\/uploads\/2018\/04\/Birkenkranz-mit-Bl\u00fcten.jpg\"><img loading=\"lazy\" decoding=\"async\" class=\"alignnone size-full wp-image-12330\" src=\"http:\/\/www.sabine-seyffert.de\/blog\/wp-content\/uploads\/2018\/04\/Birkenkranz-mit-Bl\u00fcten.jpg\" alt=\"\" width=\"600\" height=\"800\" srcset=\"https:\/\/www.sabine-seyffert.de\/blog\/wp-content\/uploads\/2018\/04\/Birkenkranz-mit-Bl\u00fcten.jpg 600w, https:\/\/www.sabine-seyffert.de\/blog\/wp-content\/uploads\/2018\/04\/Birkenkranz-mit-Bl\u00fcten-225x300.jpg 225w\" sizes=\"auto, (max-width: 600px) 100vw, 600px\" \/><\/a><\/p>\n<p style=\"text-align: justify;\"><strong>So wird\u2019s gemacht:<\/strong><br \/>\nIn der Vergangenheit hatte ich mich schon mehrfach am Binden eines Kranzes gewagt, habe aber jedes Mal verzweifelt aufgegeben, da die Zweige dabei alle zerbrachen.<\/p>\n<p style=\"text-align: center;\"><a href=\"http:\/\/www.sabine-seyffert.de\/blog\/wp-content\/uploads\/2018\/04\/Birkenkranz-mit-Bl\u00fcten-14.jpg\"><img loading=\"lazy\" decoding=\"async\" class=\"alignnone size-full wp-image-12331\" src=\"http:\/\/www.sabine-seyffert.de\/blog\/wp-content\/uploads\/2018\/04\/Birkenkranz-mit-Bl\u00fcten-14.jpg\" alt=\"\" width=\"800\" height=\"600\" srcset=\"https:\/\/www.sabine-seyffert.de\/blog\/wp-content\/uploads\/2018\/04\/Birkenkranz-mit-Bl\u00fcten-14.jpg 800w, https:\/\/www.sabine-seyffert.de\/blog\/wp-content\/uploads\/2018\/04\/Birkenkranz-mit-Bl\u00fcten-14-300x225.jpg 300w, https:\/\/www.sabine-seyffert.de\/blog\/wp-content\/uploads\/2018\/04\/Birkenkranz-mit-Bl\u00fcten-14-768x576.jpg 768w\" sizes=\"auto, (max-width: 800px) 100vw, 800px\" \/><\/a><\/p>\n<p style=\"text-align: justify;\">Nun hat es geklappt. Offenbar ist es hierbei wichtig, dass die Zweige frisch und etwas feucht sind. So lassen sich diese problemlos zu einem Kranz wickeln!<\/p>\n<p style=\"text-align: center;\"><a href=\"http:\/\/www.sabine-seyffert.de\/blog\/wp-content\/uploads\/2018\/04\/Birkenkranz-mit-Bl\u00fcten-11.jpg\"><img loading=\"lazy\" decoding=\"async\" class=\"alignnone size-full wp-image-12332\" src=\"http:\/\/www.sabine-seyffert.de\/blog\/wp-content\/uploads\/2018\/04\/Birkenkranz-mit-Bl\u00fcten-11.jpg\" alt=\"\" width=\"800\" height=\"600\" srcset=\"https:\/\/www.sabine-seyffert.de\/blog\/wp-content\/uploads\/2018\/04\/Birkenkranz-mit-Bl\u00fcten-11.jpg 800w, https:\/\/www.sabine-seyffert.de\/blog\/wp-content\/uploads\/2018\/04\/Birkenkranz-mit-Bl\u00fcten-11-300x225.jpg 300w, https:\/\/www.sabine-seyffert.de\/blog\/wp-content\/uploads\/2018\/04\/Birkenkranz-mit-Bl\u00fcten-11-768x576.jpg 768w\" sizes=\"auto, (max-width: 800px) 100vw, 800px\" \/><\/a><\/p>\n<p style=\"text-align: justify;\">Man nimmt das Reisig am besten als dickeren Strau\u00df in eine Hand und dreht dieses zu einem Kreis in der gew\u00fcnschten Gr\u00f6\u00dfe. Nun wickelt man um die \u201eSchnittstelle\u201c den Draht und dreht das Ende so ein, dass dieser fest sitzt.<\/p>\n<p style=\"text-align: center;\"><a href=\"http:\/\/www.sabine-seyffert.de\/blog\/wp-content\/uploads\/2018\/04\/Birkenkranz-mit-Bl\u00fcten-9.jpg\"><img loading=\"lazy\" decoding=\"async\" class=\"alignnone size-full wp-image-12333\" src=\"http:\/\/www.sabine-seyffert.de\/blog\/wp-content\/uploads\/2018\/04\/Birkenkranz-mit-Bl\u00fcten-9.jpg\" alt=\"\" width=\"800\" height=\"600\" srcset=\"https:\/\/www.sabine-seyffert.de\/blog\/wp-content\/uploads\/2018\/04\/Birkenkranz-mit-Bl\u00fcten-9.jpg 800w, https:\/\/www.sabine-seyffert.de\/blog\/wp-content\/uploads\/2018\/04\/Birkenkranz-mit-Bl\u00fcten-9-300x225.jpg 300w, https:\/\/www.sabine-seyffert.de\/blog\/wp-content\/uploads\/2018\/04\/Birkenkranz-mit-Bl\u00fcten-9-768x576.jpg 768w\" sizes=\"auto, (max-width: 800px) 100vw, 800px\" \/><\/a><\/p>\n<p style=\"text-align: justify;\">Anschlie\u00dfend wickelt man den Draht spiralf\u00f6rmig um die Zweige, bis man wieder am Anfang ankommt. Das Drahtende ebenfalls fest umdrehen, damit es sich nicht l\u00f6st. Der Kranz l\u00e4sst sich nun noch in Form biegen, falls er nicht ganz rund sein sollte. Ebenso kann man weitere Reisigschichten mit Draht darum binden falls der Kranz zu d\u00fcnn ist.<\/p>\n<p style=\"text-align: center;\"><a href=\"http:\/\/www.sabine-seyffert.de\/blog\/wp-content\/uploads\/2018\/04\/Birkenkranz-mit-Bl\u00fcten-8.jpg\"><img loading=\"lazy\" decoding=\"async\" class=\"alignnone size-full wp-image-12334\" src=\"http:\/\/www.sabine-seyffert.de\/blog\/wp-content\/uploads\/2018\/04\/Birkenkranz-mit-Bl\u00fcten-8.jpg\" alt=\"\" width=\"800\" height=\"600\" srcset=\"https:\/\/www.sabine-seyffert.de\/blog\/wp-content\/uploads\/2018\/04\/Birkenkranz-mit-Bl\u00fcten-8.jpg 800w, https:\/\/www.sabine-seyffert.de\/blog\/wp-content\/uploads\/2018\/04\/Birkenkranz-mit-Bl\u00fcten-8-300x225.jpg 300w, https:\/\/www.sabine-seyffert.de\/blog\/wp-content\/uploads\/2018\/04\/Birkenkranz-mit-Bl\u00fcten-8-768x576.jpg 768w\" sizes=\"auto, (max-width: 800px) 100vw, 800px\" \/><\/a><\/p>\n<p style=\"text-align: justify;\">Um den Kranz etwas aufzupeppen habe ich aus wei\u00dfem Bastelfilz kleine Bl\u00fcten gebastelt. Daf\u00fcr schneidet man aus dem Filz kleine Kreise aus, die man mit dem Bleistift vorzeichnet, und schneidet diese spiralf\u00f6rmig ein, wie es die Detailfotos zeigen.<\/p>\n<p style=\"text-align: center;\"><a href=\"http:\/\/www.sabine-seyffert.de\/blog\/wp-content\/uploads\/2018\/04\/Birkenkranz-mit-Bl\u00fcten-7.jpg\"><img loading=\"lazy\" decoding=\"async\" class=\"alignnone size-full wp-image-12335\" src=\"http:\/\/www.sabine-seyffert.de\/blog\/wp-content\/uploads\/2018\/04\/Birkenkranz-mit-Bl\u00fcten-7.jpg\" alt=\"\" width=\"800\" height=\"600\" srcset=\"https:\/\/www.sabine-seyffert.de\/blog\/wp-content\/uploads\/2018\/04\/Birkenkranz-mit-Bl\u00fcten-7.jpg 800w, https:\/\/www.sabine-seyffert.de\/blog\/wp-content\/uploads\/2018\/04\/Birkenkranz-mit-Bl\u00fcten-7-300x225.jpg 300w, https:\/\/www.sabine-seyffert.de\/blog\/wp-content\/uploads\/2018\/04\/Birkenkranz-mit-Bl\u00fcten-7-768x576.jpg 768w\" sizes=\"auto, (max-width: 800px) 100vw, 800px\" \/><\/a><\/p>\n<p style=\"text-align: justify;\">Dann rollt man diese eng auf und klebt das Endst\u00fcck mit einem Tropfen Hei\u00dfkleber fest. Mittig in die Bl\u00fcten habe ich jeweils eine kleine selbstklebende Perle gesetzt, damit die Bl\u00fcten edler aussehen.<\/p>\n<p style=\"text-align: center;\"><a href=\"http:\/\/www.sabine-seyffert.de\/blog\/wp-content\/uploads\/2018\/04\/Birkenkranz-mit-Bl\u00fcten-6.jpg\"><img loading=\"lazy\" decoding=\"async\" class=\"alignnone size-full wp-image-12336\" src=\"http:\/\/www.sabine-seyffert.de\/blog\/wp-content\/uploads\/2018\/04\/Birkenkranz-mit-Bl\u00fcten-6.jpg\" alt=\"\" width=\"800\" height=\"600\" srcset=\"https:\/\/www.sabine-seyffert.de\/blog\/wp-content\/uploads\/2018\/04\/Birkenkranz-mit-Bl\u00fcten-6.jpg 800w, https:\/\/www.sabine-seyffert.de\/blog\/wp-content\/uploads\/2018\/04\/Birkenkranz-mit-Bl\u00fcten-6-300x225.jpg 300w, https:\/\/www.sabine-seyffert.de\/blog\/wp-content\/uploads\/2018\/04\/Birkenkranz-mit-Bl\u00fcten-6-768x576.jpg 768w\" sizes=\"auto, (max-width: 800px) 100vw, 800px\" \/><\/a><\/p>\n<p style=\"text-align: justify;\">Au\u00dferdem habe ich aus grauem Packpapier (F\u00fcllmaterial einer alten Paketsendung) noch kleine Bl\u00fctenbl\u00e4tter geschnitten. Mit Hilfe des Hei\u00dfklebers kann man die Bl\u00fctenbl\u00e4tter samt den wei\u00dfen Filzbl\u00fcten gleichm\u00e4\u00dfig um den Kranz herum aufkleben.<\/p>\n<p style=\"text-align: center;\"><a href=\"http:\/\/www.sabine-seyffert.de\/blog\/wp-content\/uploads\/2018\/04\/Birkenkranz-mit-Bl\u00fcten-1.jpg\"><img loading=\"lazy\" decoding=\"async\" class=\"alignnone size-full wp-image-12337\" src=\"http:\/\/www.sabine-seyffert.de\/blog\/wp-content\/uploads\/2018\/04\/Birkenkranz-mit-Bl\u00fcten-1.jpg\" alt=\"\" width=\"600\" height=\"800\" srcset=\"https:\/\/www.sabine-seyffert.de\/blog\/wp-content\/uploads\/2018\/04\/Birkenkranz-mit-Bl\u00fcten-1.jpg 600w, https:\/\/www.sabine-seyffert.de\/blog\/wp-content\/uploads\/2018\/04\/Birkenkranz-mit-Bl\u00fcten-1-225x300.jpg 225w\" sizes=\"auto, (max-width: 600px) 100vw, 600px\" \/><\/a><\/p>\n<p style=\"text-align: justify;\">Mein fertiger Bl\u00fctenkranz ziert nun das Regal im Wohnzimmer. Man kann diesen aber ebenso gut als T\u00fcrkranz oder Deko f\u00fcr die Wand nutzen.<\/p>\n<p style=\"text-align: center;\"><a href=\"http:\/\/www.sabine-seyffert.de\/blog\/wp-content\/uploads\/2018\/04\/Birkenkranz-mit-Bl\u00fcten-3.jpg\"><img loading=\"lazy\" decoding=\"async\" class=\"alignnone size-full wp-image-12338\" src=\"http:\/\/www.sabine-seyffert.de\/blog\/wp-content\/uploads\/2018\/04\/Birkenkranz-mit-Bl\u00fcten-3.jpg\" alt=\"\" width=\"600\" height=\"800\" srcset=\"https:\/\/www.sabine-seyffert.de\/blog\/wp-content\/uploads\/2018\/04\/Birkenkranz-mit-Bl\u00fcten-3.jpg 600w, https:\/\/www.sabine-seyffert.de\/blog\/wp-content\/uploads\/2018\/04\/Birkenkranz-mit-Bl\u00fcten-3-225x300.jpg 225w\" sizes=\"auto, (max-width: 600px) 100vw, 600px\" \/><\/a><\/p>\n<p style=\"text-align: justify;\">Alle Ideen rund um diese Jahreszeit gibt es im <a href=\"http:\/\/www.sabine-seyffert.de\/blog\/?cat=23\" target=\"_blank\" rel=\"noopener\">Fr\u00fchlingsordner<\/a>, selbst gemachte, kreative Deko findet ihr in <a href=\"http:\/\/www.sabine-seyffert.de\/blog\/?cat=12\" target=\"_blank\" rel=\"noopener\">dieser Kategorie<\/a>, Upcyceltes in <a href=\"http:\/\/www.sabine-seyffert.de\/blog\/?cat=47\" target=\"_blank\" rel=\"noopener\">dieser Rubrik<\/a>, mehr Gr\u00fcn <a href=\"http:\/\/naturkinder.typepad.com\/naturkinder\/2018\/04\/gruenzeug-we-love-green-stuff-1.html\" target=\"_blank\" rel=\"noopener\">hier<\/a> sowie andere kreative Sachen <a href=\"https:\/\/www.creadienstag.de\/2018\/04\/linkparty328.html\" target=\"_blank\" rel=\"noopener\">da<\/a>.<\/p>\n<p style=\"text-align: justify;\"><a href=\"http:\/\/www.sabine-seyffert.de\/blog\/?page_id=32#urheberrecht\">urheberrechtlich gesch\u00fctzt<\/a>, \u00a9 Sabine Seyffert<\/p>\n","protected":false},"excerpt":{"rendered":"<p>Das Wetter in der Ferienzeit war sehr bescheiden. Es war nicht nur verh\u00e4ltnism\u00e4\u00dfig kalt, sondern auch nass. Aber da wir das Wetter nun mal nicht \u00e4ndern konnten, mussten wir eben das Beste draus machen. Und was l\u00e4ge da n\u00e4her als etwas Kreatives zu werkeln? So haben wir eine Regenpause genutzt und sind warm eingepackt auf&#8230; <a href=\"https:\/\/www.sabine-seyffert.de\/blog\/diy-basteln-mit-naturmaterial-selbst-gemachter-deko-kranz-aus-birkenzweigen-mit-zarten-filz-blueten\/\" class=\"more-link\">Read more: DIY Basteln mit Naturmaterial: Selbst gemachter Deko Kranz aus Birkenzweigen mit zarten Filz Bl\u00fcten<\/a><\/p>\n","protected":false},"author":2,"featured_media":0,"comment_status":"open","ping_status":"open","sticky":false,"template":"","format":"standard","meta":{"_metis_text_type":"","_metis_text_length":2820,"_post_count":0,"footnotes":""},"categories":[12,23,47],"tags":[],"class_list":["post-12328","post","type-post","status-publish","format-standard","hentry","category-deko-ideen","category-fruhling","category-upcyceltes"],"_links":{"self":[{"href":"https:\/\/www.sabine-seyffert.de\/blog\/wp-json\/wp\/v2\/posts\/12328","targetHints":{"allow":["GET"]}}],"collection":[{"href":"https:\/\/www.sabine-seyffert.de\/blog\/wp-json\/wp\/v2\/posts"}],"about":[{"href":"https:\/\/www.sabine-seyffert.de\/blog\/wp-json\/wp\/v2\/types\/post"}],"author":[{"embeddable":true,"href":"https:\/\/www.sabine-seyffert.de\/blog\/wp-json\/wp\/v2\/users\/2"}],"replies":[{"embeddable":true,"href":"https:\/\/www.sabine-seyffert.de\/blog\/wp-json\/wp\/v2\/comments?post=12328"}],"version-history":[{"count":6,"href":"https:\/\/www.sabine-seyffert.de\/blog\/wp-json\/wp\/v2\/posts\/12328\/revisions"}],"predecessor-version":[{"id":12383,"href":"https:\/\/www.sabine-seyffert.de\/blog\/wp-json\/wp\/v2\/posts\/12328\/revisions\/12383"}],"wp:attachment":[{"href":"https:\/\/www.sabine-seyffert.de\/blog\/wp-json\/wp\/v2\/media?parent=12328"}],"wp:term":[{"taxonomy":"category","embeddable":true,"href":"https:\/\/www.sabine-seyffert.de\/blog\/wp-json\/wp\/v2\/categories?post=12328"},{"taxonomy":"post_tag","embeddable":true,"href":"https:\/\/www.sabine-seyffert.de\/blog\/wp-json\/wp\/v2\/tags?post=12328"}],"curies":[{"name":"wp","href":"https:\/\/api.w.org\/{rel}","templated":true}]}}