{"id":12310,"date":"2018-04-17T05:38:21","date_gmt":"2018-04-17T03:38:21","guid":{"rendered":"http:\/\/www.sabine-seyffert.de\/blog\/?p=12310"},"modified":"2022-09-02T11:24:12","modified_gmt":"2022-09-02T09:24:12","slug":"diy-upcycling-idee-selbst-genaehter-kinder-malkittel-aus-altem-hemd-zum-basteln-malen","status":"publish","type":"post","link":"https:\/\/www.sabine-seyffert.de\/blog\/diy-upcycling-idee-selbst-genaehter-kinder-malkittel-aus-altem-hemd-zum-basteln-malen\/","title":{"rendered":"DIY Upcycling Idee: Selbst gen\u00e4hter Kinder Malkittel aus altem Hemd zum Basteln &#038; Malen"},"content":{"rendered":"<p style=\"text-align: justify;\"><img loading=\"lazy\" decoding=\"async\" src=\"https:\/\/ssl-vg03.met.vgwort.de\/na\/4632f38776134074a327e279f6f235cd\" alt=\"\" width=\"1\" height=\"1\" \/>Bei uns wird regelm\u00e4\u00dfig und viel kreativ gewerkelt. Gerade das Malen mit \u00d6l- und Acrylfarbe steht bei meiner Tochter ganz hoch im Kurs. Diese Liebe zur Malerei wurde bereits im Kindergartenalter in einem Kunstprojekt geweckt, das seinerzeit mit einer <a href=\"http:\/\/www.sabine-seyffert.de\/blog\/?p=786\" target=\"_blank\" rel=\"noopener\">echten Vernissage<\/a> endete. Seitdem ist meine Tochter Feuer und Flamme. Des \u00d6fteren besucht sie verschiedene Malkurse von denen sie wirklich sch\u00f6ne Kunstwerke mit nach Hause bringt. Diejenigen, die mir auf <a href=\"https:\/\/www.instagram.com\/diy_sabine_seyffert\/\" target=\"_blank\" rel=\"noopener\">Instagram<\/a> folgen, durften dort in der Vergangenheit bereits das ein oder andere Bild bewundern \ud83d\ude42<br \/>\nLeider jedoch ist meine Tochter auffallen gro\u00df f\u00fcr ihr Alter und Bastelkittel findet man oftmals nur in ganz kleinen Konfektionsgr\u00f6\u00dfen. Vor allen Dingen die \u00c4rmel sind meist viel zu kurz und inzwischen sind die Malkittel, die wir oft und gerne genutzt haben schlichtweg zu klein. Kurzerhand habe ich ein gutes Herrenhemd meines Papas zum Malkittel umfunktioniert. Das habe ich als Erinnerungsst\u00fcck aufgehoben und nun zu einem guten Zweck aufgepeppt.<\/p>\n<p style=\"text-align: center;\"><a href=\"http:\/\/www.sabine-seyffert.de\/blog\/wp-content\/uploads\/2018\/04\/Malkittel-10.jpg\"><img loading=\"lazy\" decoding=\"async\" class=\"alignnone size-full wp-image-12311\" src=\"http:\/\/www.sabine-seyffert.de\/blog\/wp-content\/uploads\/2018\/04\/Malkittel-10.jpg\" alt=\"\" width=\"600\" height=\"800\" srcset=\"https:\/\/www.sabine-seyffert.de\/blog\/wp-content\/uploads\/2018\/04\/Malkittel-10.jpg 600w, https:\/\/www.sabine-seyffert.de\/blog\/wp-content\/uploads\/2018\/04\/Malkittel-10-225x300.jpg 225w\" sizes=\"auto, (max-width: 600px) 100vw, 600px\" \/><\/a><\/p>\n<p style=\"text-align: justify;\"><strong>Das wird gebraucht:<\/strong><br \/>\nEin altes Herrenhemd, N\u00e4hgarn, breites, weiches Gummiband, eine Stoffschere, etwas Vliesofix, verschiedenfarbige glatte Baumwollstoffe \/ Webstoffe, ein B\u00fcgeleisen, eine N\u00e4hmaschine sowie optional ein Applikationsf\u00fc\u00dfchen f\u00fcr die N\u00e4hmaschine<\/p>\n<p style=\"text-align: center;\"><a href=\"http:\/\/www.sabine-seyffert.de\/blog\/wp-content\/uploads\/2018\/04\/Malkittel-5.jpg\"><img loading=\"lazy\" decoding=\"async\" class=\"alignnone size-full wp-image-12312\" src=\"http:\/\/www.sabine-seyffert.de\/blog\/wp-content\/uploads\/2018\/04\/Malkittel-5.jpg\" alt=\"\" width=\"600\" height=\"800\" srcset=\"https:\/\/www.sabine-seyffert.de\/blog\/wp-content\/uploads\/2018\/04\/Malkittel-5.jpg 600w, https:\/\/www.sabine-seyffert.de\/blog\/wp-content\/uploads\/2018\/04\/Malkittel-5-225x300.jpg 225w\" sizes=\"auto, (max-width: 600px) 100vw, 600px\" \/><\/a><\/p>\n<p style=\"text-align: justify;\"><strong>So wird\u2019s gemacht:<\/strong><br \/>\nDas Hemd ist gr\u00f6\u00dfenm\u00e4\u00dfig zwar reichlich, aber f\u00fcr unseren Zweck, einen Malkittel, bestens geeignet. Zuerst habe ich die Arme etwas gek\u00fcrzt und im B\u00fcndchen unten ein weiches Gummi eingen\u00e4ht. Beim Malen die \u00c4rmel hochzukrempeln, ohne fremde Hilfe, ist oft m\u00fchsam und so fand ich es einfach kindertauglicher.<\/p>\n<p style=\"text-align: center;\"><a href=\"http:\/\/www.sabine-seyffert.de\/blog\/wp-content\/uploads\/2018\/04\/Malkittel-1.jpg\"><img loading=\"lazy\" decoding=\"async\" class=\"alignnone size-full wp-image-12313\" src=\"http:\/\/www.sabine-seyffert.de\/blog\/wp-content\/uploads\/2018\/04\/Malkittel-1.jpg\" alt=\"\" width=\"800\" height=\"600\" srcset=\"https:\/\/www.sabine-seyffert.de\/blog\/wp-content\/uploads\/2018\/04\/Malkittel-1.jpg 800w, https:\/\/www.sabine-seyffert.de\/blog\/wp-content\/uploads\/2018\/04\/Malkittel-1-300x225.jpg 300w, https:\/\/www.sabine-seyffert.de\/blog\/wp-content\/uploads\/2018\/04\/Malkittel-1-768x576.jpg 768w\" sizes=\"auto, (max-width: 800px) 100vw, 800px\" \/><\/a><\/p>\n<p style=\"text-align: justify;\">Damit der Kittel nicht verwechselt werden kann, habe ich mit der N\u00e4hmaschine und wei\u00dfem N\u00e4hgarn auf die Brusttasche den Namen aufgen\u00e4ht.<\/p>\n<p style=\"text-align: center;\"><a href=\"http:\/\/www.sabine-seyffert.de\/blog\/wp-content\/uploads\/2018\/04\/Malkittel-7.jpg\"><img loading=\"lazy\" decoding=\"async\" class=\"alignnone size-full wp-image-12317\" src=\"http:\/\/www.sabine-seyffert.de\/blog\/wp-content\/uploads\/2018\/04\/Malkittel-7.jpg\" alt=\"\" width=\"600\" height=\"800\" srcset=\"https:\/\/www.sabine-seyffert.de\/blog\/wp-content\/uploads\/2018\/04\/Malkittel-7.jpg 600w, https:\/\/www.sabine-seyffert.de\/blog\/wp-content\/uploads\/2018\/04\/Malkittel-7-225x300.jpg 225w\" sizes=\"auto, (max-width: 600px) 100vw, 600px\" \/><\/a><\/p>\n<p style=\"text-align: justify;\">Dies klappt prima, wenn man ein Applikationsfu\u00df besitzt und sich den Namen vorab mit einem Bleistift vormalt.<\/p>\n<p style=\"text-align: center;\"><a href=\"http:\/\/www.sabine-seyffert.de\/blog\/wp-content\/uploads\/2018\/04\/Malkittel-3.jpg\"><img loading=\"lazy\" decoding=\"async\" class=\"alignnone size-full wp-image-12314\" src=\"http:\/\/www.sabine-seyffert.de\/blog\/wp-content\/uploads\/2018\/04\/Malkittel-3.jpg\" alt=\"\" width=\"600\" height=\"800\" srcset=\"https:\/\/www.sabine-seyffert.de\/blog\/wp-content\/uploads\/2018\/04\/Malkittel-3.jpg 600w, https:\/\/www.sabine-seyffert.de\/blog\/wp-content\/uploads\/2018\/04\/Malkittel-3-225x300.jpg 225w\" sizes=\"auto, (max-width: 600px) 100vw, 600px\" \/><\/a><\/p>\n<p style=\"text-align: justify;\">Auf die R\u00fcckseite habe ich mit Stoffresten ein gro\u00dfes Schiff appliziert, da mein Vater Schiffe sehr geliebt hat. Somit fand ich das Motiv in diesem Fall sehr passend.<\/p>\n<p style=\"text-align: center;\"><a href=\"http:\/\/www.sabine-seyffert.de\/blog\/wp-content\/uploads\/2018\/04\/Malkittel-4.jpg\"><img loading=\"lazy\" decoding=\"async\" class=\"alignnone size-full wp-image-12315\" src=\"http:\/\/www.sabine-seyffert.de\/blog\/wp-content\/uploads\/2018\/04\/Malkittel-4.jpg\" alt=\"\" width=\"600\" height=\"800\" srcset=\"https:\/\/www.sabine-seyffert.de\/blog\/wp-content\/uploads\/2018\/04\/Malkittel-4.jpg 600w, https:\/\/www.sabine-seyffert.de\/blog\/wp-content\/uploads\/2018\/04\/Malkittel-4-225x300.jpg 225w\" sizes=\"auto, (max-width: 600px) 100vw, 600px\" \/><\/a><\/p>\n<p style=\"text-align: justify;\">Au\u00dferdem prangt ein rotes Stoffherz auf dem Boot, dass von einem fliegenden Vogel und zwei kleinen Fischen auf seinem Weg begleitet wird.<\/p>\n<p style=\"text-align: center;\"><a href=\"http:\/\/www.sabine-seyffert.de\/blog\/wp-content\/uploads\/2018\/04\/Malkittel-6.jpg\"><img loading=\"lazy\" decoding=\"async\" class=\"alignnone size-full wp-image-12316\" src=\"http:\/\/www.sabine-seyffert.de\/blog\/wp-content\/uploads\/2018\/04\/Malkittel-6.jpg\" alt=\"\" width=\"600\" height=\"800\" srcset=\"https:\/\/www.sabine-seyffert.de\/blog\/wp-content\/uploads\/2018\/04\/Malkittel-6.jpg 600w, https:\/\/www.sabine-seyffert.de\/blog\/wp-content\/uploads\/2018\/04\/Malkittel-6-225x300.jpg 225w\" sizes=\"auto, (max-width: 600px) 100vw, 600px\" \/><\/a><\/p>\n<p style=\"text-align: justify;\">Alles rund ums N\u00e4hen gibt es in <a href=\"http:\/\/www.sabine-seyffert.de\/blog\/?cat=33\" target=\"_blank\" rel=\"noopener\">diesem Ordner<\/a>, kreative Basteleien f\u00fcr Kinder in <a href=\"http:\/\/www.sabine-seyffert.de\/blog\/?cat=32\" target=\"_blank\" rel=\"noopener\">dieser Kategorie<\/a>, alle Upcycling Ideen an <a href=\"http:\/\/www.sabine-seyffert.de\/blog\/?cat=47\" target=\"_blank\" rel=\"noopener\">dieser Stelle<\/a>, sowie andere kreative Sachen <a href=\"http:\/\/www.lunaju.de\/2018\/04\/kiddikram-april-2018.html\" target=\"_blank\" rel=\"noopener\">da<\/a> und <a href=\"https:\/\/www.creadienstag.de\/2018\/04\/linkparty327.html\" target=\"_blank\" rel=\"noopener\">dort<\/a>.<\/p>\n<p style=\"text-align: center;\"><a href=\"http:\/\/www.sabine-seyffert.de\/blog\/wp-content\/uploads\/2018\/04\/Malkittel-8.jpg\"><img loading=\"lazy\" decoding=\"async\" class=\"alignnone size-full wp-image-12318\" src=\"http:\/\/www.sabine-seyffert.de\/blog\/wp-content\/uploads\/2018\/04\/Malkittel-8.jpg\" alt=\"\" width=\"600\" height=\"800\" srcset=\"https:\/\/www.sabine-seyffert.de\/blog\/wp-content\/uploads\/2018\/04\/Malkittel-8.jpg 600w, https:\/\/www.sabine-seyffert.de\/blog\/wp-content\/uploads\/2018\/04\/Malkittel-8-225x300.jpg 225w\" sizes=\"auto, (max-width: 600px) 100vw, 600px\" \/><\/a><\/p>\n<p style=\"text-align: justify;\"><a href=\"http:\/\/www.sabine-seyffert.de\/blog\/?page_id=32#urheberrecht\">urheberrechtlich gesch\u00fctzt<\/a>, \u00a9 Sabine Seyffert<\/p>\n","protected":false},"excerpt":{"rendered":"<p>Bei uns wird regelm\u00e4\u00dfig und viel kreativ gewerkelt. Gerade das Malen mit \u00d6l- und Acrylfarbe steht bei meiner Tochter ganz hoch im Kurs. Diese Liebe zur Malerei wurde bereits im Kindergartenalter in einem Kunstprojekt geweckt, das seinerzeit mit einer echten Vernissage endete. Seitdem ist meine Tochter Feuer und Flamme. Des \u00d6fteren besucht sie verschiedene Malkurse&#8230; <a href=\"https:\/\/www.sabine-seyffert.de\/blog\/diy-upcycling-idee-selbst-genaehter-kinder-malkittel-aus-altem-hemd-zum-basteln-malen\/\" class=\"more-link\">Read more: DIY Upcycling Idee: Selbst gen\u00e4hter Kinder Malkittel aus altem Hemd zum Basteln &#038; Malen<\/a><\/p>\n","protected":false},"author":2,"featured_media":0,"comment_status":"open","ping_status":"open","sticky":false,"template":"","format":"standard","meta":{"_metis_text_type":"","_metis_text_length":2364,"_post_count":0,"footnotes":""},"categories":[32,33,47],"tags":[],"class_list":["post-12310","post","type-post","status-publish","format-standard","hentry","category-kreatives-fur-kleine-kinderhande","category-kreative-naherein","category-upcyceltes"],"_links":{"self":[{"href":"https:\/\/www.sabine-seyffert.de\/blog\/wp-json\/wp\/v2\/posts\/12310","targetHints":{"allow":["GET"]}}],"collection":[{"href":"https:\/\/www.sabine-seyffert.de\/blog\/wp-json\/wp\/v2\/posts"}],"about":[{"href":"https:\/\/www.sabine-seyffert.de\/blog\/wp-json\/wp\/v2\/types\/post"}],"author":[{"embeddable":true,"href":"https:\/\/www.sabine-seyffert.de\/blog\/wp-json\/wp\/v2\/users\/2"}],"replies":[{"embeddable":true,"href":"https:\/\/www.sabine-seyffert.de\/blog\/wp-json\/wp\/v2\/comments?post=12310"}],"version-history":[{"count":5,"href":"https:\/\/www.sabine-seyffert.de\/blog\/wp-json\/wp\/v2\/posts\/12310\/revisions"}],"predecessor-version":[{"id":23905,"href":"https:\/\/www.sabine-seyffert.de\/blog\/wp-json\/wp\/v2\/posts\/12310\/revisions\/23905"}],"wp:attachment":[{"href":"https:\/\/www.sabine-seyffert.de\/blog\/wp-json\/wp\/v2\/media?parent=12310"}],"wp:term":[{"taxonomy":"category","embeddable":true,"href":"https:\/\/www.sabine-seyffert.de\/blog\/wp-json\/wp\/v2\/categories?post=12310"},{"taxonomy":"post_tag","embeddable":true,"href":"https:\/\/www.sabine-seyffert.de\/blog\/wp-json\/wp\/v2\/tags?post=12310"}],"curies":[{"name":"wp","href":"https:\/\/api.w.org\/{rel}","templated":true}]}}