{"id":12214,"date":"2018-04-03T16:50:11","date_gmt":"2018-04-03T14:50:11","guid":{"rendered":"http:\/\/www.sabine-seyffert.de\/blog\/?p=12214"},"modified":"2022-11-06T13:12:12","modified_gmt":"2022-11-06T11:12:12","slug":"naehanleitung-selbst-gemachte-geschenke-zur-geburt-genaehte-schutzhuelle-fuer-das-gelbe-u-heft","status":"publish","type":"post","link":"https:\/\/www.sabine-seyffert.de\/blog\/naehanleitung-selbst-gemachte-geschenke-zur-geburt-genaehte-schutzhuelle-fuer-das-gelbe-u-heft\/","title":{"rendered":"N\u00e4hanleitung: Selbst gemachte Geschenke zur Geburt \u2013 gen\u00e4hte Schutzh\u00fclle f\u00fcr das  gelbe U-Heft"},"content":{"rendered":"<p style=\"text-align: justify;\"><img loading=\"lazy\" decoding=\"async\" src=\"https:\/\/ssl-vg03.met.vgwort.de\/na\/9c4f861d7af04e4db87ed8729c7244d1\" alt=\"\" width=\"1\" height=\"1\" \/>In unserem Umfeld scheint derzeit ein Babyboom ausgebrochen zu sein. Da so eine Geburt immer ein ganz besonders sch\u00f6ner Anlass f\u00fcr ein Geschenk ist, gibt es nat\u00fcrlich auch dazu immer etwas, das mit reichlich Herzblut angefertigt wurde und m\u00f6glichst pers\u00f6nlich ist. Aus diesem Grund habe ich mich im Stoffladen mit allerhand Material eingedeckt. Als erstes wollte ich mich an einer selbst gen\u00e4hten Stoffh\u00fclle f\u00fcr das gelbe Untersuchungsheft versuchen, die man gleich nach der Geburt als Eltern f\u00fcr das Neugeborene bekommt. Dieses Heft begleitet einen ja die ersten Jahre. Von daher fand ich einen Umschlag zu diesem Zweck ganz passend.<\/p>\n<p style=\"text-align: center;\"><a href=\"http:\/\/www.sabine-seyffert.de\/blog\/wp-content\/uploads\/2018\/04\/Heft-H\u00fclle-U-Heft-3.jpg\"><img loading=\"lazy\" decoding=\"async\" class=\"alignnone size-full wp-image-12217\" src=\"http:\/\/www.sabine-seyffert.de\/blog\/wp-content\/uploads\/2018\/04\/Heft-H\u00fclle-U-Heft-3.jpg\" alt=\"\" width=\"800\" height=\"600\" srcset=\"https:\/\/www.sabine-seyffert.de\/blog\/wp-content\/uploads\/2018\/04\/Heft-H\u00fclle-U-Heft-3.jpg 800w, https:\/\/www.sabine-seyffert.de\/blog\/wp-content\/uploads\/2018\/04\/Heft-H\u00fclle-U-Heft-3-300x225.jpg 300w, https:\/\/www.sabine-seyffert.de\/blog\/wp-content\/uploads\/2018\/04\/Heft-H\u00fclle-U-Heft-3-768x576.jpg 768w\" sizes=\"auto, (max-width: 800px) 100vw, 800px\" \/><\/a><\/p>\n<p style=\"text-align: justify;\"><strong>Das wird gebraucht:<\/strong><br \/>\nFester Baumwollstoff \/ glatter Webstoff, Stoffkreide, Stecknadeln, Bleistift, Stoffschere, N\u00e4hgarn, N\u00e4hmaschine, gemusterte Stoffreste, Vliesofix sowie d\u00fcnnes, aufb\u00fcgelbares Volumenvlies<\/p>\n<p style=\"text-align: center;\"><a href=\"http:\/\/www.sabine-seyffert.de\/blog\/wp-content\/uploads\/2018\/04\/Heft-H\u00fclle-U-Heft-11.jpg\"><img loading=\"lazy\" decoding=\"async\" class=\"alignnone size-full wp-image-12218\" src=\"http:\/\/www.sabine-seyffert.de\/blog\/wp-content\/uploads\/2018\/04\/Heft-H\u00fclle-U-Heft-11.jpg\" alt=\"\" width=\"800\" height=\"600\" srcset=\"https:\/\/www.sabine-seyffert.de\/blog\/wp-content\/uploads\/2018\/04\/Heft-H\u00fclle-U-Heft-11.jpg 800w, https:\/\/www.sabine-seyffert.de\/blog\/wp-content\/uploads\/2018\/04\/Heft-H\u00fclle-U-Heft-11-300x225.jpg 300w, https:\/\/www.sabine-seyffert.de\/blog\/wp-content\/uploads\/2018\/04\/Heft-H\u00fclle-U-Heft-11-768x576.jpg 768w\" sizes=\"auto, (max-width: 800px) 100vw, 800px\" \/><\/a><\/p>\n<p style=\"text-align: justify;\"><strong>So wird\u2019s gemacht:<\/strong><br \/>\nMeine Kinder sind zwar nicht mehr im Baby- oder Kleinkindalter, aber die gelben Hefte werden hier gut verwahrt. Diese sind inzwischen \u00fcberarbeitet worden, aber nach meiner Recherche ist das Format samt der Au\u00dfenma\u00dfe dasselbe geblieben.<\/p>\n<p style=\"text-align: center;\"><a href=\"http:\/\/www.sabine-seyffert.de\/blog\/wp-content\/uploads\/2018\/04\/Heft-H\u00fclle-U-Heft.jpg\"><img loading=\"lazy\" decoding=\"async\" class=\"alignnone size-full wp-image-12219\" src=\"http:\/\/www.sabine-seyffert.de\/blog\/wp-content\/uploads\/2018\/04\/Heft-H\u00fclle-U-Heft.jpg\" alt=\"\" width=\"600\" height=\"800\" srcset=\"https:\/\/www.sabine-seyffert.de\/blog\/wp-content\/uploads\/2018\/04\/Heft-H\u00fclle-U-Heft.jpg 600w, https:\/\/www.sabine-seyffert.de\/blog\/wp-content\/uploads\/2018\/04\/Heft-H\u00fclle-U-Heft-225x300.jpg 225w\" sizes=\"auto, (max-width: 600px) 100vw, 600px\" \/><\/a><\/p>\n<p style=\"text-align: justify;\">Zuerst habe ich den Stoff f\u00fcr den Bezug zugeschnitten. Dazu habe ich am oberen und unteren Rand ungef\u00e4hr 1-1,5 cm Nahtzugabe gelassen und am \u00e4u\u00dferen Rand auf jeden Seiten um die 8 cm. Am besten legt man das Untersuchungsheft aufgeklappt auf den Stoff, dann kann man den Rand ganz leicht mit Stoffkreide aufmalen und anschlie\u00dfend ausschneiden.<\/p>\n<p style=\"text-align: center;\"><a href=\"http:\/\/www.sabine-seyffert.de\/blog\/wp-content\/uploads\/2018\/04\/Heft-H\u00fclle-U-Heft-9.jpg\"><img loading=\"lazy\" decoding=\"async\" class=\"alignnone size-full wp-image-12220\" src=\"http:\/\/www.sabine-seyffert.de\/blog\/wp-content\/uploads\/2018\/04\/Heft-H\u00fclle-U-Heft-9.jpg\" alt=\"\" width=\"800\" height=\"600\" srcset=\"https:\/\/www.sabine-seyffert.de\/blog\/wp-content\/uploads\/2018\/04\/Heft-H\u00fclle-U-Heft-9.jpg 800w, https:\/\/www.sabine-seyffert.de\/blog\/wp-content\/uploads\/2018\/04\/Heft-H\u00fclle-U-Heft-9-300x225.jpg 300w, https:\/\/www.sabine-seyffert.de\/blog\/wp-content\/uploads\/2018\/04\/Heft-H\u00fclle-U-Heft-9-768x576.jpg 768w\" sizes=\"auto, (max-width: 800px) 100vw, 800px\" \/><\/a><\/p>\n<p style=\"text-align: justify;\">Dieses Mal habe ich die H\u00fclle etwas gef\u00fcttert. Mit Hilfe des zugeschnittenen Stoffs habe ich somit das Innenfutter ausgeschnitten sowie eine weitere Lage Stoff f\u00fcr den innenliegenden Bezug.<\/p>\n<p style=\"text-align: center;\"><a href=\"http:\/\/www.sabine-seyffert.de\/blog\/wp-content\/uploads\/2018\/04\/Heft-H\u00fclle-U-Heft-8.jpg\"><img loading=\"lazy\" decoding=\"async\" class=\"alignnone size-full wp-image-12221\" src=\"http:\/\/www.sabine-seyffert.de\/blog\/wp-content\/uploads\/2018\/04\/Heft-H\u00fclle-U-Heft-8.jpg\" alt=\"\" width=\"800\" height=\"600\" srcset=\"https:\/\/www.sabine-seyffert.de\/blog\/wp-content\/uploads\/2018\/04\/Heft-H\u00fclle-U-Heft-8.jpg 800w, https:\/\/www.sabine-seyffert.de\/blog\/wp-content\/uploads\/2018\/04\/Heft-H\u00fclle-U-Heft-8-300x225.jpg 300w, https:\/\/www.sabine-seyffert.de\/blog\/wp-content\/uploads\/2018\/04\/Heft-H\u00fclle-U-Heft-8-768x576.jpg 768w\" sizes=\"auto, (max-width: 800px) 100vw, 800px\" \/><\/a><\/p>\n<p style=\"text-align: justify;\">Vor dem Zusammenn\u00e4hen habe ich die \u201e\u00e4u\u00dfere H\u00fclle\u201c f\u00fcr das Cover gestaltet und mehrere Motive mit Hilfe von Vliesofix appliziert: Ein kleines Haus, Gras, Gl\u00fcckspilz, Wolke und eine fr\u00f6hliche Wimpelgirlande.<\/p>\n<p style=\"text-align: center;\"><a href=\"http:\/\/www.sabine-seyffert.de\/blog\/wp-content\/uploads\/2018\/04\/Heft-H\u00fclle-U-Heft-12.jpg\"><img loading=\"lazy\" decoding=\"async\" class=\"alignnone size-full wp-image-12222\" src=\"http:\/\/www.sabine-seyffert.de\/blog\/wp-content\/uploads\/2018\/04\/Heft-H\u00fclle-U-Heft-12.jpg\" alt=\"\" width=\"600\" height=\"800\" srcset=\"https:\/\/www.sabine-seyffert.de\/blog\/wp-content\/uploads\/2018\/04\/Heft-H\u00fclle-U-Heft-12.jpg 600w, https:\/\/www.sabine-seyffert.de\/blog\/wp-content\/uploads\/2018\/04\/Heft-H\u00fclle-U-Heft-12-225x300.jpg 225w\" sizes=\"auto, (max-width: 600px) 100vw, 600px\" \/><\/a><\/p>\n<p style=\"text-align: justify;\">Ist das gew\u00fcnschte \u201eBild\u201c fertig, geht es ans Zusammenn\u00e4hen. Dazu legt man das Innenfutter passgenau auf die R\u00fcckseite der applizierten Stoffh\u00e4lfte und legt nun von oben den Stoff f\u00fcr Innen auf das Motiv, so dass die rechten Stoffseiten mittig aufeinander liegen. Die Stoffschichten steckt man fest, damit nichts verrutscht. Wenn die R\u00e4nder nicht 100% gerade sind, ist das kein Problem. Diese kann man nach dem Vern\u00e4hen noch mit der Stoffschere angleichen.<\/p>\n<p style=\"text-align: center;\"><a href=\"http:\/\/www.sabine-seyffert.de\/blog\/wp-content\/uploads\/2018\/04\/Heft-H\u00fclle-U-Heft-6.jpg\"><img loading=\"lazy\" decoding=\"async\" class=\"alignnone size-full wp-image-12223\" src=\"http:\/\/www.sabine-seyffert.de\/blog\/wp-content\/uploads\/2018\/04\/Heft-H\u00fclle-U-Heft-6.jpg\" alt=\"\" width=\"800\" height=\"600\" srcset=\"https:\/\/www.sabine-seyffert.de\/blog\/wp-content\/uploads\/2018\/04\/Heft-H\u00fclle-U-Heft-6.jpg 800w, https:\/\/www.sabine-seyffert.de\/blog\/wp-content\/uploads\/2018\/04\/Heft-H\u00fclle-U-Heft-6-300x225.jpg 300w, https:\/\/www.sabine-seyffert.de\/blog\/wp-content\/uploads\/2018\/04\/Heft-H\u00fclle-U-Heft-6-768x576.jpg 768w\" sizes=\"auto, (max-width: 800px) 100vw, 800px\" \/><\/a><\/p>\n<p style=\"text-align: justify;\">Nun n\u00e4ht man diese am \u00e4u\u00dferen Rand mit einfacher Naht zusammen und vers\u00e4ubert die \u00e4u\u00dferen Kanten mit einem Zickzackstich. Ebenso verf\u00e4hrt man mit einem der beiden noch offenen Seitenr\u00e4nder. Jetzt dreht man die H\u00fclle auf rechts und versucht auch die Ecken m\u00f6glich hinzubekommen und den Stoff nach Au\u00dfen zu st\u00fclpen.<\/p>\n<p style=\"text-align: center;\"><a href=\"http:\/\/www.sabine-seyffert.de\/blog\/wp-content\/uploads\/2018\/04\/Heft-H\u00fclle-U-Heft-7.jpg\"><img loading=\"lazy\" decoding=\"async\" class=\"alignnone size-full wp-image-12224\" src=\"http:\/\/www.sabine-seyffert.de\/blog\/wp-content\/uploads\/2018\/04\/Heft-H\u00fclle-U-Heft-7.jpg\" alt=\"\" width=\"800\" height=\"600\" srcset=\"https:\/\/www.sabine-seyffert.de\/blog\/wp-content\/uploads\/2018\/04\/Heft-H\u00fclle-U-Heft-7.jpg 800w, https:\/\/www.sabine-seyffert.de\/blog\/wp-content\/uploads\/2018\/04\/Heft-H\u00fclle-U-Heft-7-300x225.jpg 300w, https:\/\/www.sabine-seyffert.de\/blog\/wp-content\/uploads\/2018\/04\/Heft-H\u00fclle-U-Heft-7-768x576.jpg 768w\" sizes=\"auto, (max-width: 800px) 100vw, 800px\" \/><\/a><\/p>\n<p style=\"text-align: justify;\">Bei dem noch offenen Seitenrand habe ich den Stoff nach Innen geklappt, mit Nadeln festgesteckt und vern\u00e4ht. Nun nimmt man am besten das Heft zur Hilfe und legt es mittig auf den Innenstoff. Die \u00e4u\u00dferen R\u00e4nder klappt man nach Innen und steckt diese mit einer Nadel so fest, wie die fertige H\u00fclle sein und passen sollte.<\/p>\n<p style=\"text-align: center;\"><a href=\"http:\/\/www.sabine-seyffert.de\/blog\/wp-content\/uploads\/2018\/04\/Heft-H\u00fclle-U-Heft-5.jpg\"><img loading=\"lazy\" decoding=\"async\" class=\"alignnone size-full wp-image-12225\" src=\"http:\/\/www.sabine-seyffert.de\/blog\/wp-content\/uploads\/2018\/04\/Heft-H\u00fclle-U-Heft-5.jpg\" alt=\"\" width=\"800\" height=\"600\" srcset=\"https:\/\/www.sabine-seyffert.de\/blog\/wp-content\/uploads\/2018\/04\/Heft-H\u00fclle-U-Heft-5.jpg 800w, https:\/\/www.sabine-seyffert.de\/blog\/wp-content\/uploads\/2018\/04\/Heft-H\u00fclle-U-Heft-5-300x225.jpg 300w, https:\/\/www.sabine-seyffert.de\/blog\/wp-content\/uploads\/2018\/04\/Heft-H\u00fclle-U-Heft-5-768x576.jpg 768w\" sizes=\"auto, (max-width: 800px) 100vw, 800px\" \/><\/a><\/p>\n<p style=\"text-align: justify;\">Das Heft zieht man vorsichtig hinaus und n\u00e4ht nun ganz au\u00dfen am oberen sowie unteren Rand einmal mit einer normalen Naht \u00fcber die Stoffh\u00fclle, Heft hineinschieben, fertig!<\/p>\n<p style=\"text-align: center;\"><a href=\"http:\/\/www.sabine-seyffert.de\/blog\/wp-content\/uploads\/2018\/04\/Heft-H\u00fclle-U-Heft-2.jpg\"><img loading=\"lazy\" decoding=\"async\" class=\"alignnone size-full wp-image-12226\" src=\"http:\/\/www.sabine-seyffert.de\/blog\/wp-content\/uploads\/2018\/04\/Heft-H\u00fclle-U-Heft-2.jpg\" alt=\"\" width=\"800\" height=\"600\" srcset=\"https:\/\/www.sabine-seyffert.de\/blog\/wp-content\/uploads\/2018\/04\/Heft-H\u00fclle-U-Heft-2.jpg 800w, https:\/\/www.sabine-seyffert.de\/blog\/wp-content\/uploads\/2018\/04\/Heft-H\u00fclle-U-Heft-2-300x225.jpg 300w, https:\/\/www.sabine-seyffert.de\/blog\/wp-content\/uploads\/2018\/04\/Heft-H\u00fclle-U-Heft-2-768x576.jpg 768w\" sizes=\"auto, (max-width: 800px) 100vw, 800px\" \/><\/a><\/p>\n<p style=\"text-align: justify;\">Ich hoffe, anhand der detaillierten Beschreibung und den Step by Step Fotos kommen alle klar, die auch so eine H\u00fclle n\u00e4hen m\u00f6chten.<\/p>\n<p style=\"text-align: center;\"><a href=\"http:\/\/www.sabine-seyffert.de\/blog\/wp-content\/uploads\/2018\/04\/Heft-H\u00fclle-U-Heft-1.jpg\"><img loading=\"lazy\" decoding=\"async\" class=\"alignnone size-full wp-image-12227\" src=\"http:\/\/www.sabine-seyffert.de\/blog\/wp-content\/uploads\/2018\/04\/Heft-H\u00fclle-U-Heft-1.jpg\" alt=\"\" width=\"800\" height=\"600\" srcset=\"https:\/\/www.sabine-seyffert.de\/blog\/wp-content\/uploads\/2018\/04\/Heft-H\u00fclle-U-Heft-1.jpg 800w, https:\/\/www.sabine-seyffert.de\/blog\/wp-content\/uploads\/2018\/04\/Heft-H\u00fclle-U-Heft-1-300x225.jpg 300w, https:\/\/www.sabine-seyffert.de\/blog\/wp-content\/uploads\/2018\/04\/Heft-H\u00fclle-U-Heft-1-768x576.jpg 768w\" sizes=\"auto, (max-width: 800px) 100vw, 800px\" \/><\/a><\/p>\n<p style=\"text-align: justify;\">Wer noch auf der Suche nach wirklich sinnvollen Geschenkideen zur Geburt ist, kann in <a href=\"http:\/\/www.sabine-seyffert.de\/blog\/?p=4106\" target=\"_blank\" rel=\"noopener\">diesem Artikel<\/a> mal schauen, da tummeln sich allerhand hilfreiche Geschenke f\u00fcr die Familien, mehr Ideen rund ums N\u00e4hen findet ihr <a href=\"http:\/\/www.sabine-seyffert.de\/blog\/?cat=33\" target=\"_blank\" rel=\"noopener\">hier<\/a> und andere kreative Sachen <a href=\"http:\/\/www.creadienstag.de\/2018\/04\/linkparty325.html\" target=\"_blank\" rel=\"noopener\">da<\/a>.<\/p>\n<p style=\"text-align: center;\"><a href=\"http:\/\/www.sabine-seyffert.de\/blog\/wp-content\/uploads\/2018\/04\/Heft-H\u00fclle-U-Heft-13.jpg\"><img loading=\"lazy\" decoding=\"async\" class=\"alignnone size-full wp-image-12228\" src=\"http:\/\/www.sabine-seyffert.de\/blog\/wp-content\/uploads\/2018\/04\/Heft-H\u00fclle-U-Heft-13.jpg\" alt=\"\" width=\"800\" height=\"600\" srcset=\"https:\/\/www.sabine-seyffert.de\/blog\/wp-content\/uploads\/2018\/04\/Heft-H\u00fclle-U-Heft-13.jpg 800w, https:\/\/www.sabine-seyffert.de\/blog\/wp-content\/uploads\/2018\/04\/Heft-H\u00fclle-U-Heft-13-300x225.jpg 300w, https:\/\/www.sabine-seyffert.de\/blog\/wp-content\/uploads\/2018\/04\/Heft-H\u00fclle-U-Heft-13-768x576.jpg 768w\" sizes=\"auto, (max-width: 800px) 100vw, 800px\" \/><\/a><\/p>\n<p><a href=\"http:\/\/www.sabine-seyffert.de\/blog\/?page_id=32#urheberrecht\">urheberrechtlich gesch\u00fctzt<\/a>, \u00a9 Sabine Seyffert<\/p>\n","protected":false},"excerpt":{"rendered":"<p>In unserem Umfeld scheint derzeit ein Babyboom ausgebrochen zu sein. Da so eine Geburt immer ein ganz besonders sch\u00f6ner Anlass f\u00fcr ein Geschenk ist, gibt es nat\u00fcrlich auch dazu immer etwas, das mit reichlich Herzblut angefertigt wurde und m\u00f6glichst pers\u00f6nlich ist. Aus diesem Grund habe ich mich im Stoffladen mit allerhand Material eingedeckt. Als erstes&#8230; <a href=\"https:\/\/www.sabine-seyffert.de\/blog\/naehanleitung-selbst-gemachte-geschenke-zur-geburt-genaehte-schutzhuelle-fuer-das-gelbe-u-heft\/\" class=\"more-link\">Read more: N\u00e4hanleitung: Selbst gemachte Geschenke zur Geburt \u2013 gen\u00e4hte Schutzh\u00fclle f\u00fcr das  gelbe U-Heft<\/a><\/p>\n","protected":false},"author":2,"featured_media":0,"comment_status":"open","ping_status":"open","sticky":false,"template":"","format":"standard","meta":{"_metis_text_type":"","_metis_text_length":3527,"_post_count":0,"footnotes":""},"categories":[52,36,33],"tags":[],"class_list":["post-12214","post","type-post","status-publish","format-standard","hentry","category-familie","category-klitzekleine-geschenkideen","category-kreative-naherein"],"_links":{"self":[{"href":"https:\/\/www.sabine-seyffert.de\/blog\/wp-json\/wp\/v2\/posts\/12214","targetHints":{"allow":["GET"]}}],"collection":[{"href":"https:\/\/www.sabine-seyffert.de\/blog\/wp-json\/wp\/v2\/posts"}],"about":[{"href":"https:\/\/www.sabine-seyffert.de\/blog\/wp-json\/wp\/v2\/types\/post"}],"author":[{"embeddable":true,"href":"https:\/\/www.sabine-seyffert.de\/blog\/wp-json\/wp\/v2\/users\/2"}],"replies":[{"embeddable":true,"href":"https:\/\/www.sabine-seyffert.de\/blog\/wp-json\/wp\/v2\/comments?post=12214"}],"version-history":[{"count":6,"href":"https:\/\/www.sabine-seyffert.de\/blog\/wp-json\/wp\/v2\/posts\/12214\/revisions"}],"predecessor-version":[{"id":24372,"href":"https:\/\/www.sabine-seyffert.de\/blog\/wp-json\/wp\/v2\/posts\/12214\/revisions\/24372"}],"wp:attachment":[{"href":"https:\/\/www.sabine-seyffert.de\/blog\/wp-json\/wp\/v2\/media?parent=12214"}],"wp:term":[{"taxonomy":"category","embeddable":true,"href":"https:\/\/www.sabine-seyffert.de\/blog\/wp-json\/wp\/v2\/categories?post=12214"},{"taxonomy":"post_tag","embeddable":true,"href":"https:\/\/www.sabine-seyffert.de\/blog\/wp-json\/wp\/v2\/tags?post=12214"}],"curies":[{"name":"wp","href":"https:\/\/api.w.org\/{rel}","templated":true}]}}