{"id":1219,"date":"2013-04-23T07:10:09","date_gmt":"2013-04-23T05:10:09","guid":{"rendered":"http:\/\/www.sabine-seyffert.de\/blog\/?p=1219"},"modified":"2017-03-06T18:00:48","modified_gmt":"2017-03-06T16:00:48","slug":"bunte-buchstaben-am-band","status":"publish","type":"post","link":"https:\/\/www.sabine-seyffert.de\/blog\/bunte-buchstaben-am-band\/","title":{"rendered":"Bunte Buchstaben am Band"},"content":{"rendered":"<p style=\"text-align: justify;\"><img loading=\"lazy\" decoding=\"async\" src=\"https:\/\/ssl-vg03.met.vgwort.de\/na\/05ec983e5c7a49cf9493e8ebc102bef0\" alt=\"\" width=\"1\" height=\"1\" \/>Der n\u00e4chste Geburtstag stand vor Kurzem ins Haus. Von Tochter Nummer 3 musste ich mir schon etwas Gemecker anh\u00f6ren, da die selbstgemachte <a href=\"http:\/\/www.sabine-seyffert.de\/blog\/?p=714\" target=\"_blank\">Wimpelgirlande<\/a> von Tochter Nummer 4 unser Wohnzimmer immer noch ziert\u2026 Sie gefiel eben allen so gut. Und weil der Fr\u00fchling sich zu der Zeit drau\u00dfen noch immer nicht so recht zeigte, fand ich die bunte Girlande als bunten Augenfang ganz nett. Zumindest machen mir die bunten Farben immer gute Laune!<br \/>\nDennoch lie\u00df ich die Wimpel nat\u00fcrlich ganz schnell aus dem Wohnzimmer verschwinden, da jedem meiner Kinder seine eigene Geburtstagsdeko zusteht. Mit bunten Partygirlanden kann ich Tochter Nummer 3 nicht mehr kommen \u2013 das ist ja mit 15 vollkommen uncool. Also gr\u00fcbelte ich \u00fcber eine passende Dekoration und habe mir folgendes \u00fcberlegt:<\/p>\n<p style=\"text-align: center;\"><a href=\"http:\/\/www.sabine-seyffert.de\/blog\/wp-content\/uploads\/2013\/04\/Buchstabengirlande-3.jpg\"><img loading=\"lazy\" decoding=\"async\" class=\"alignnone size-full wp-image-1220\" src=\"http:\/\/www.sabine-seyffert.de\/blog\/wp-content\/uploads\/2013\/04\/Buchstabengirlande-3.jpg\" alt=\"Buchstabengirlande 3\" width=\"600\" height=\"800\" srcset=\"https:\/\/www.sabine-seyffert.de\/blog\/wp-content\/uploads\/2013\/04\/Buchstabengirlande-3.jpg 600w, https:\/\/www.sabine-seyffert.de\/blog\/wp-content\/uploads\/2013\/04\/Buchstabengirlande-3-225x300.jpg 225w\" sizes=\"auto, (max-width: 600px) 100vw, 600px\" \/><\/a><\/p>\n<p style=\"text-align: justify;\"><strong>Das wird gebraucht:<\/strong><br \/>\nBaumwollstoff, Stoff- und Zickzackschere, Satinband, N\u00e4hgarn, Stecknadeln, N\u00e4hmaschine, Tonkarton oder d\u00fcnne Pappe, Stoffkreide, Klebstoff, Karopapier, Papierschere und einen Bleistift<\/p>\n<p style=\"text-align: center;\"><a href=\"http:\/\/www.sabine-seyffert.de\/blog\/wp-content\/uploads\/2013\/04\/Buchstabengirlande-1.jpg\"><img loading=\"lazy\" decoding=\"async\" class=\"alignnone size-full wp-image-1221\" src=\"http:\/\/www.sabine-seyffert.de\/blog\/wp-content\/uploads\/2013\/04\/Buchstabengirlande-1.jpg\" alt=\"Buchstabengirlande 1\" width=\"1000\" height=\"620\" srcset=\"https:\/\/www.sabine-seyffert.de\/blog\/wp-content\/uploads\/2013\/04\/Buchstabengirlande-1.jpg 1000w, https:\/\/www.sabine-seyffert.de\/blog\/wp-content\/uploads\/2013\/04\/Buchstabengirlande-1-300x186.jpg 300w\" sizes=\"auto, (max-width: 1000px) 100vw, 1000px\" \/><\/a><\/p>\n<p style=\"text-align: justify;\"><strong>So wird\u2019s gemacht:<\/strong><br \/>\nZuerst habe ich mit Bleistift den Namen meiner Tochter auf das Karopapier gezeichnet. Anhand der Karos l\u00e4sst sich ganz gut abz\u00e4hlen wie gro\u00df die Buchstaben sein sollten und auch im Vergleich sehen, das die vorgemalten, Buchstaben von der Gr\u00f6\u00dfe her in etwa zusammenpassen. (Die Buchstaben sind bei mir ohne Aufh\u00e4ngung ca. 16 cm hoch). Die Buchstaben habe ich auf den Karton geklebt und ausgeschnitten. Pro Buchstabe habe ich einen Stoff gew\u00e4hlt, doppelt gelegt und mit Stoffkreide und einer Nahtzugabe von ca. 1 cm den Umriss darauf gezeichnet. An dem Au\u00dfenrand schneidet man den Stoff aus, steckt den Kartonbuchstaben ins Innere um diesen stabil zu halten und steckt von Au\u00dfen die Kanten zusammen. Wenn man mit allen Buchstaben so vorgegangen ist, schaut man vor dem N\u00e4hen wie lang die Aufh\u00e4ngung sein soll und schneidet das Satinband in die gew\u00fcnschte L\u00e4nge. An jeden der Buchstaben heftet man mittig, in die obere Kante das Band, so dass es eine Schlaufe ergibt und vern\u00e4ht alles m\u00f6glichst dicht am Kartonrand entlang. Die offenen Stoffenden schneidet man nach dem N\u00e4hen mit einer Zickzackschere rundum ab, so dass ein pfiffiger, gezackter Rand entsteht.<br \/>\nIst der gew\u00fcnschte Name mit allen Buchstaben fertig, kann man diese einfach auf eine Schnur f\u00e4deln und als Namensgirlande nutzen. Ebenso gut kann man diese ans Fenster h\u00e4ngen, an der Zimmerdecke befestigen oder wenn die Buchstaben etwas kleiner sind, auch einen Strauch damit schm\u00fccken.<\/p>\n<p style=\"text-align: center;\"><a href=\"http:\/\/www.sabine-seyffert.de\/blog\/wp-content\/uploads\/2013\/04\/Buchstabengirlande-2.jpg\"><img loading=\"lazy\" decoding=\"async\" class=\"alignnone size-full wp-image-1222\" src=\"http:\/\/www.sabine-seyffert.de\/blog\/wp-content\/uploads\/2013\/04\/Buchstabengirlande-2.jpg\" alt=\"Buchstabengirlande 2\" width=\"800\" height=\"600\" srcset=\"https:\/\/www.sabine-seyffert.de\/blog\/wp-content\/uploads\/2013\/04\/Buchstabengirlande-2.jpg 800w, https:\/\/www.sabine-seyffert.de\/blog\/wp-content\/uploads\/2013\/04\/Buchstabengirlande-2-300x225.jpg 300w\" sizes=\"auto, (max-width: 800px) 100vw, 800px\" \/><\/a><\/p>\n<p><a href=\"http:\/\/www.sabine-seyffert.de\/blog\/?page_id=32#urheberrecht\">urherrechtlich gesch\u00fctzt<\/a>, \u00a9 Sabine Seyffert<\/p>\n<p>Die Idee schicke ich zum <a href=\"http:\/\/www.creadienstag.blogspot.de\/2013\/04\/070.html\" target=\"_blank\">Creadienstag<\/a> wo es ganz viel Kreatives zu finden gibt!<\/p>\n","protected":false},"excerpt":{"rendered":"<p>Der n\u00e4chste Geburtstag stand vor Kurzem ins Haus. Von Tochter Nummer 3 musste ich mir schon etwas Gemecker anh\u00f6ren, da die selbstgemachte Wimpelgirlande von Tochter Nummer 4 unser Wohnzimmer immer noch ziert\u2026 Sie gefiel eben allen so gut. Und weil der Fr\u00fchling sich zu der Zeit drau\u00dfen noch immer nicht so recht zeigte, fand ich&#8230; <a href=\"https:\/\/www.sabine-seyffert.de\/blog\/bunte-buchstaben-am-band\/\" class=\"more-link\">Read more: Bunte Buchstaben am Band<\/a><\/p>\n","protected":false},"author":2,"featured_media":0,"comment_status":"open","ping_status":"open","sticky":false,"template":"","format":"standard","meta":{"_metis_text_type":"","_metis_text_length":2563,"_post_count":0,"footnotes":""},"categories":[12,21,47],"tags":[],"class_list":["post-1219","post","type-post","status-publish","format-standard","hentry","category-deko-ideen","category-kinderfeste-partys","category-upcyceltes"],"_links":{"self":[{"href":"https:\/\/www.sabine-seyffert.de\/blog\/wp-json\/wp\/v2\/posts\/1219","targetHints":{"allow":["GET"]}}],"collection":[{"href":"https:\/\/www.sabine-seyffert.de\/blog\/wp-json\/wp\/v2\/posts"}],"about":[{"href":"https:\/\/www.sabine-seyffert.de\/blog\/wp-json\/wp\/v2\/types\/post"}],"author":[{"embeddable":true,"href":"https:\/\/www.sabine-seyffert.de\/blog\/wp-json\/wp\/v2\/users\/2"}],"replies":[{"embeddable":true,"href":"https:\/\/www.sabine-seyffert.de\/blog\/wp-json\/wp\/v2\/comments?post=1219"}],"version-history":[{"count":21,"href":"https:\/\/www.sabine-seyffert.de\/blog\/wp-json\/wp\/v2\/posts\/1219\/revisions"}],"predecessor-version":[{"id":9872,"href":"https:\/\/www.sabine-seyffert.de\/blog\/wp-json\/wp\/v2\/posts\/1219\/revisions\/9872"}],"wp:attachment":[{"href":"https:\/\/www.sabine-seyffert.de\/blog\/wp-json\/wp\/v2\/media?parent=1219"}],"wp:term":[{"taxonomy":"category","embeddable":true,"href":"https:\/\/www.sabine-seyffert.de\/blog\/wp-json\/wp\/v2\/categories?post=1219"},{"taxonomy":"post_tag","embeddable":true,"href":"https:\/\/www.sabine-seyffert.de\/blog\/wp-json\/wp\/v2\/tags?post=1219"}],"curies":[{"name":"wp","href":"https:\/\/api.w.org\/{rel}","templated":true}]}}