{"id":12188,"date":"2018-03-27T20:23:48","date_gmt":"2018-03-27T18:23:48","guid":{"rendered":"http:\/\/www.sabine-seyffert.de\/blog\/?p=12188"},"modified":"2023-02-16T16:23:28","modified_gmt":"2023-02-16T14:23:28","slug":"bastelidee-upcycling-mit-kaputter-jeans-hose-genaehte-ostertueten-als-mitbringsel-geschenkidee","status":"publish","type":"post","link":"https:\/\/www.sabine-seyffert.de\/blog\/bastelidee-upcycling-mit-kaputter-jeans-hose-genaehte-ostertueten-als-mitbringsel-geschenkidee\/","title":{"rendered":"Bastelidee &#038; Upcycling mit kaputter Jeans-Hose: Gen\u00e4hte Ostert\u00fcten als Mitbringsel &#038; Geschenkidee"},"content":{"rendered":"<p style=\"text-align: justify;\"><img loading=\"lazy\" decoding=\"async\" src=\"https:\/\/ssl-vg03.met.vgwort.de\/na\/d49fe715e5b149e6a1e602289e5e92d8\" alt=\"\" width=\"1\" height=\"1\" \/>Auch wenn ich mich \u00fcber eine zerschlissene Jeans mit L\u00f6chern an den Knien nicht unbedingt freue, so nutze ich die kaputten Hosen dennoch ausgesprochen gerne f\u00fcr lustige Upcyclingideen wie beispielsweise diese <a href=\"http:\/\/www.sabine-seyffert.de\/blog\/?p=9571\" target=\"_blank\" rel=\"noopener\">praktischen Utensilos<\/a> oder die <a href=\"http:\/\/www.sabine-seyffert.de\/blog\/?p=10108\" target=\"_blank\" rel=\"noopener\">selbst gen\u00e4hten Osterhasen<\/a> aus Jeansstoff.<br \/>\nDieses Mal habe ich wieder die Hosenbeine f\u00fcr eine kleine N\u00e4hidee geopfert und daraus Geschenkbeutel im Osterlook gemacht. Wie das funktioniert, erkl\u00e4re ich euch jetzt.<\/p>\n<p style=\"text-align: center;\"><a href=\"http:\/\/www.sabine-seyffert.de\/blog\/wp-content\/uploads\/2018\/03\/Beutel-Ostern-Jeans-3.jpg\"><img loading=\"lazy\" decoding=\"async\" class=\"alignnone size-full wp-image-12189\" src=\"http:\/\/www.sabine-seyffert.de\/blog\/wp-content\/uploads\/2018\/03\/Beutel-Ostern-Jeans-3.jpg\" alt=\"\" width=\"800\" height=\"600\" srcset=\"https:\/\/www.sabine-seyffert.de\/blog\/wp-content\/uploads\/2018\/03\/Beutel-Ostern-Jeans-3.jpg 800w, https:\/\/www.sabine-seyffert.de\/blog\/wp-content\/uploads\/2018\/03\/Beutel-Ostern-Jeans-3-300x225.jpg 300w, https:\/\/www.sabine-seyffert.de\/blog\/wp-content\/uploads\/2018\/03\/Beutel-Ostern-Jeans-3-768x576.jpg 768w\" sizes=\"auto, (max-width: 800px) 100vw, 800px\" \/><\/a><\/p>\n<p style=\"text-align: justify;\"><strong>Das wird gebraucht:<\/strong><br \/>\nAlte, zerl\u00f6cherte und kaputte Jeans mit Hosenbein, Vliesofix, farbige Baumwollstoffe \/ Webstoffe, N\u00e4hgarn, eine Stoffschere, einen Auftrenner, eine N\u00e4hmaschine, Stoffkreide sowie ein kleines Geschenk, S\u00fc\u00dfigkeiten oder eine \u00dcberraschung f\u00fcrs Osternest.<\/p>\n<p style=\"text-align: center;\"><a href=\"http:\/\/www.sabine-seyffert.de\/blog\/wp-content\/uploads\/2018\/03\/Beutel-Ostern-Jeans-5.jpg\"><img loading=\"lazy\" decoding=\"async\" class=\"alignnone size-full wp-image-12190\" src=\"http:\/\/www.sabine-seyffert.de\/blog\/wp-content\/uploads\/2018\/03\/Beutel-Ostern-Jeans-5.jpg\" alt=\"\" width=\"800\" height=\"600\" srcset=\"https:\/\/www.sabine-seyffert.de\/blog\/wp-content\/uploads\/2018\/03\/Beutel-Ostern-Jeans-5.jpg 800w, https:\/\/www.sabine-seyffert.de\/blog\/wp-content\/uploads\/2018\/03\/Beutel-Ostern-Jeans-5-300x225.jpg 300w, https:\/\/www.sabine-seyffert.de\/blog\/wp-content\/uploads\/2018\/03\/Beutel-Ostern-Jeans-5-768x576.jpg 768w\" sizes=\"auto, (max-width: 800px) 100vw, 800px\" \/><\/a><\/p>\n<p style=\"text-align: justify;\"><strong>So wird\u2019s gemacht:<\/strong><br \/>\nZuerst habe ich von den Hosen das untere, noch intakte St\u00fcck Bein abgeschnitten. Mit einer guten Stoffschere klappt dies wunderbar. Leider passt die N\u00e4hmaschine nicht wirklich ins Hosenbein hinein, daher habe ich mir die M\u00fche gemacht und das Bein in der Innennaht aufgetrennt. Das ist zwar m\u00fchsam, aber so kann man hinterher den fertig gen\u00e4hten Stoffbeutel weiterverwenden und auch problemlos in der Maschine waschen.<\/p>\n<p style=\"text-align: center;\"><a href=\"http:\/\/www.sabine-seyffert.de\/blog\/wp-content\/uploads\/2018\/03\/Beutel-Ostern-Jeans-8.jpg\"><img loading=\"lazy\" decoding=\"async\" class=\"alignnone size-full wp-image-12191\" src=\"http:\/\/www.sabine-seyffert.de\/blog\/wp-content\/uploads\/2018\/03\/Beutel-Ostern-Jeans-8.jpg\" alt=\"\" width=\"800\" height=\"600\" srcset=\"https:\/\/www.sabine-seyffert.de\/blog\/wp-content\/uploads\/2018\/03\/Beutel-Ostern-Jeans-8.jpg 800w, https:\/\/www.sabine-seyffert.de\/blog\/wp-content\/uploads\/2018\/03\/Beutel-Ostern-Jeans-8-300x225.jpg 300w, https:\/\/www.sabine-seyffert.de\/blog\/wp-content\/uploads\/2018\/03\/Beutel-Ostern-Jeans-8-768x576.jpg 768w\" sizes=\"auto, (max-width: 800px) 100vw, 800px\" \/><\/a><\/p>\n<p style=\"text-align: justify;\">Aus etwas kariertem Baumwollstoff habe ich einen gro\u00dfen Kreis geschnitten und auf der R\u00fcckseite Vliesofix geb\u00fcgelt. F\u00fcr den Kreis kann man eine kleine Dessertschale oder Unterteller als Bastelschablone benutzen.<\/p>\n<p style=\"text-align: center;\"><a href=\"http:\/\/www.sabine-seyffert.de\/blog\/wp-content\/uploads\/2018\/03\/Beutel-Ostern-Jeans-6.jpg\"><img loading=\"lazy\" decoding=\"async\" class=\"alignnone size-full wp-image-12192\" src=\"http:\/\/www.sabine-seyffert.de\/blog\/wp-content\/uploads\/2018\/03\/Beutel-Ostern-Jeans-6.jpg\" alt=\"\" width=\"800\" height=\"600\" srcset=\"https:\/\/www.sabine-seyffert.de\/blog\/wp-content\/uploads\/2018\/03\/Beutel-Ostern-Jeans-6.jpg 800w, https:\/\/www.sabine-seyffert.de\/blog\/wp-content\/uploads\/2018\/03\/Beutel-Ostern-Jeans-6-300x225.jpg 300w, https:\/\/www.sabine-seyffert.de\/blog\/wp-content\/uploads\/2018\/03\/Beutel-Ostern-Jeans-6-768x576.jpg 768w\" sizes=\"auto, (max-width: 800px) 100vw, 800px\" \/><\/a><\/p>\n<p style=\"text-align: justify;\">Mit einer Hasenschablone habe ich einen kleinen Osterhasen auf unifarbenen Stoff \u00fcbertragen und die R\u00fcckseite ebenfalls mit Vliesofix versehen. Jetzt zieht man von dem Hasen die Folie ab und b\u00fcgelt diesen mittig auf den Stoffkreis. Den wiederum b\u00fcgelt man (ohne Folie) auf das Hosenbein.<\/p>\n<p style=\"text-align: center;\"><a href=\"http:\/\/www.sabine-seyffert.de\/blog\/wp-content\/uploads\/2018\/03\/Beutel-Ostern-Jeans-4.jpg\"><img loading=\"lazy\" decoding=\"async\" class=\"alignnone size-full wp-image-12193\" src=\"http:\/\/www.sabine-seyffert.de\/blog\/wp-content\/uploads\/2018\/03\/Beutel-Ostern-Jeans-4.jpg\" alt=\"\" width=\"800\" height=\"600\" srcset=\"https:\/\/www.sabine-seyffert.de\/blog\/wp-content\/uploads\/2018\/03\/Beutel-Ostern-Jeans-4.jpg 800w, https:\/\/www.sabine-seyffert.de\/blog\/wp-content\/uploads\/2018\/03\/Beutel-Ostern-Jeans-4-300x225.jpg 300w, https:\/\/www.sabine-seyffert.de\/blog\/wp-content\/uploads\/2018\/03\/Beutel-Ostern-Jeans-4-768x576.jpg 768w\" sizes=\"auto, (max-width: 800px) 100vw, 800px\" \/><\/a><\/p>\n<p style=\"text-align: justify;\">Diese farbige Applikation n\u00e4ht man nun mit der Maschine auf dem Hosenbein auf. Den Hasen mit einer engen Zickzack Naht und den Kreis mit mehreren, normalen N\u00e4hten. Wenn das Ostermotiv fest sitzt, n\u00e4ht man das Hosenbein Innen wieder zusammen und schlie\u00dft auch die untere \u00d6ffnung auf diese Weise. Wenn der Beutel waschbar sein sollte, denkt daran den \u00e4u\u00dferen Rand entsprechend zu vers\u00e4ubern \ud83d\ude42<\/p>\n<p style=\"text-align: center;\"><a href=\"http:\/\/www.sabine-seyffert.de\/blog\/wp-content\/uploads\/2018\/03\/Beutel-Ostern-Jeans-2.jpg\"><img loading=\"lazy\" decoding=\"async\" class=\"alignnone size-full wp-image-12194\" src=\"http:\/\/www.sabine-seyffert.de\/blog\/wp-content\/uploads\/2018\/03\/Beutel-Ostern-Jeans-2.jpg\" alt=\"\" width=\"800\" height=\"600\" srcset=\"https:\/\/www.sabine-seyffert.de\/blog\/wp-content\/uploads\/2018\/03\/Beutel-Ostern-Jeans-2.jpg 800w, https:\/\/www.sabine-seyffert.de\/blog\/wp-content\/uploads\/2018\/03\/Beutel-Ostern-Jeans-2-300x225.jpg 300w, https:\/\/www.sabine-seyffert.de\/blog\/wp-content\/uploads\/2018\/03\/Beutel-Ostern-Jeans-2-768x576.jpg 768w\" sizes=\"auto, (max-width: 800px) 100vw, 800px\" \/><\/a><\/p>\n<p style=\"text-align: justify;\">Jetzt k\u00f6nnt ihr den fertigen Osterbeutel bef\u00fcllen und oben mit etwas Kordel oder Geschenkband verschlie\u00dfen. Viel Spa\u00df beim N\u00e4hen und Verschenken!<\/p>\n<p style=\"text-align: center;\"><a href=\"http:\/\/www.sabine-seyffert.de\/blog\/wp-content\/uploads\/2018\/03\/Beutel-Ostern-Jeans-1.jpg\"><img loading=\"lazy\" decoding=\"async\" class=\"alignnone size-full wp-image-12195\" src=\"http:\/\/www.sabine-seyffert.de\/blog\/wp-content\/uploads\/2018\/03\/Beutel-Ostern-Jeans-1.jpg\" alt=\"\" width=\"800\" height=\"600\" srcset=\"https:\/\/www.sabine-seyffert.de\/blog\/wp-content\/uploads\/2018\/03\/Beutel-Ostern-Jeans-1.jpg 800w, https:\/\/www.sabine-seyffert.de\/blog\/wp-content\/uploads\/2018\/03\/Beutel-Ostern-Jeans-1-300x225.jpg 300w, https:\/\/www.sabine-seyffert.de\/blog\/wp-content\/uploads\/2018\/03\/Beutel-Ostern-Jeans-1-768x576.jpg 768w\" sizes=\"auto, (max-width: 800px) 100vw, 800px\" \/><\/a><\/p>\n<p style=\"text-align: justify;\">Weitere Upcyclingideen findet ihr in <a href=\"http:\/\/www.sabine-seyffert.de\/blog\/?cat=47\" target=\"_blank\" rel=\"noopener\">dieser Rubrik<\/a>, klitzekleine Geschenkideen <a href=\"http:\/\/www.sabine-seyffert.de\/blog\/?cat=36\" target=\"_blank\" rel=\"noopener\">da<\/a>, Bastelanleitungen f\u00fcr weitere Geschenkverpackungen <a href=\"http:\/\/www.sabine-seyffert.de\/blog\/?cat=49\" target=\"_blank\" rel=\"noopener\">dort<\/a>, alle Ideen zu Ostern <a href=\"http:\/\/www.sabine-seyffert.de\/blog\/?cat=23\" target=\"_blank\" rel=\"noopener\">hier<\/a> und Kreatives an dieser Stelle.<\/p>\n<p><a href=\"http:\/\/www.sabine-seyffert.de\/blog\/?page_id=32#urheberrecht\">urheberrechtlich gesch\u00fctzt<\/a>, \u00a9 Sabine Seyffert<\/p>\n","protected":false},"excerpt":{"rendered":"<p>Auch wenn ich mich \u00fcber eine zerschlissene Jeans mit L\u00f6chern an den Knien nicht unbedingt freue, so nutze ich die kaputten Hosen dennoch ausgesprochen gerne f\u00fcr lustige Upcyclingideen wie beispielsweise diese praktischen Utensilos oder die selbst gen\u00e4hten Osterhasen aus Jeansstoff. Dieses Mal habe ich wieder die Hosenbeine f\u00fcr eine kleine N\u00e4hidee geopfert und daraus Geschenkbeutel&#8230; <a href=\"https:\/\/www.sabine-seyffert.de\/blog\/bastelidee-upcycling-mit-kaputter-jeans-hose-genaehte-ostertueten-als-mitbringsel-geschenkidee\/\" class=\"more-link\">Read more: Bastelidee &#038; Upcycling mit kaputter Jeans-Hose: Gen\u00e4hte Ostert\u00fcten als Mitbringsel &#038; Geschenkidee<\/a><\/p>\n","protected":false},"author":2,"featured_media":0,"comment_status":"open","ping_status":"open","sticky":false,"template":"","format":"standard","meta":{"_metis_text_type":"","_metis_text_length":2441,"_post_count":0,"footnotes":""},"categories":[49,33,57,47],"tags":[],"class_list":["post-12188","post","type-post","status-publish","format-standard","hentry","category-verpackungsideen","category-kreative-naherein","category-ostern","category-upcyceltes"],"_links":{"self":[{"href":"https:\/\/www.sabine-seyffert.de\/blog\/wp-json\/wp\/v2\/posts\/12188","targetHints":{"allow":["GET"]}}],"collection":[{"href":"https:\/\/www.sabine-seyffert.de\/blog\/wp-json\/wp\/v2\/posts"}],"about":[{"href":"https:\/\/www.sabine-seyffert.de\/blog\/wp-json\/wp\/v2\/types\/post"}],"author":[{"embeddable":true,"href":"https:\/\/www.sabine-seyffert.de\/blog\/wp-json\/wp\/v2\/users\/2"}],"replies":[{"embeddable":true,"href":"https:\/\/www.sabine-seyffert.de\/blog\/wp-json\/wp\/v2\/comments?post=12188"}],"version-history":[{"count":2,"href":"https:\/\/www.sabine-seyffert.de\/blog\/wp-json\/wp\/v2\/posts\/12188\/revisions"}],"predecessor-version":[{"id":25417,"href":"https:\/\/www.sabine-seyffert.de\/blog\/wp-json\/wp\/v2\/posts\/12188\/revisions\/25417"}],"wp:attachment":[{"href":"https:\/\/www.sabine-seyffert.de\/blog\/wp-json\/wp\/v2\/media?parent=12188"}],"wp:term":[{"taxonomy":"category","embeddable":true,"href":"https:\/\/www.sabine-seyffert.de\/blog\/wp-json\/wp\/v2\/categories?post=12188"},{"taxonomy":"post_tag","embeddable":true,"href":"https:\/\/www.sabine-seyffert.de\/blog\/wp-json\/wp\/v2\/tags?post=12188"}],"curies":[{"name":"wp","href":"https:\/\/api.w.org\/{rel}","templated":true}]}}