{"id":12139,"date":"2018-03-21T07:28:51","date_gmt":"2018-03-21T05:28:51","guid":{"rendered":"http:\/\/www.sabine-seyffert.de\/blog\/?p=12139"},"modified":"2018-03-27T08:35:47","modified_gmt":"2018-03-27T06:35:47","slug":"diy-deko-idee-fuer-zu-hause-leuchtende-fruehlingsgruesse-sorgen-fuer-gemuetlichkeit-im-trauten-heim","status":"publish","type":"post","link":"https:\/\/www.sabine-seyffert.de\/blog\/diy-deko-idee-fuer-zu-hause-leuchtende-fruehlingsgruesse-sorgen-fuer-gemuetlichkeit-im-trauten-heim\/","title":{"rendered":"DIY &#038; Deko Idee f\u00fcr zu Hause: Leuchtende Fr\u00fchlingsgr\u00fc\u00dfe sorgen f\u00fcr Gem\u00fctlichkeit im trauten Heim"},"content":{"rendered":"<p style=\"text-align: justify;\"><img loading=\"lazy\" decoding=\"async\" src=\"https:\/\/ssl-vg03.met.vgwort.de\/na\/484ada1127bd4a0980424bffcc4ce662\" alt=\"\" width=\"1\" height=\"1\" \/>Nach den <a href=\"http:\/\/www.sabine-seyffert.de\/blog\/?p=9318\" target=\"_blank\" rel=\"noopener\">winterlichten Lichtert\u00fcten<\/a> und den <a href=\"http:\/\/www.sabine-seyffert.de\/blog\/?p=9486\" target=\"_blank\" rel=\"noopener\">herzlichen Lichtergeschenken<\/a> zum Valentinstag gibt es nun auch noch ein paar strahlende Fr\u00fchlingsgr\u00fc\u00dfe. Diese Idee kam mir wieder einmal spontan. Und das helle Kerzenlicht erinnerte mich gleich an die warme Fr\u00fchlingssonne, die nach dem Winter alles ganz liebevoll wachk\u00fcsst und aus dem tiefen Winterschlaf holt. Au\u00dferdem ist Kerzenglanz bei uns zu jeder Zeit beliebt. Nicht nur als stimmungsvolle Deko auf dem Esstisch. Auch auf der Fensterbank oder im Regal machen sich diese Fr\u00fchlingsleuchten ausgesprochen gut. Und wie bei der bisherigen Bastelanleitung meiner Lichtert\u00fcten lassen auch die fr\u00fchlingshaften Exemplare ganz wunderbar als Mitbringsel oder Geschenk verwenden.<\/p>\n<p style=\"text-align: center;\"><a href=\"http:\/\/www.sabine-seyffert.de\/blog\/wp-content\/uploads\/2018\/03\/Lichtert\u00fcte-Fr\u00fchling-3.jpg\"><img loading=\"lazy\" decoding=\"async\" class=\"alignnone size-full wp-image-12140\" src=\"http:\/\/www.sabine-seyffert.de\/blog\/wp-content\/uploads\/2018\/03\/Lichtert\u00fcte-Fr\u00fchling-3.jpg\" alt=\"\" width=\"600\" height=\"800\" srcset=\"https:\/\/www.sabine-seyffert.de\/blog\/wp-content\/uploads\/2018\/03\/Lichtert\u00fcte-Fr\u00fchling-3.jpg 600w, https:\/\/www.sabine-seyffert.de\/blog\/wp-content\/uploads\/2018\/03\/Lichtert\u00fcte-Fr\u00fchling-3-225x300.jpg 225w\" sizes=\"auto, (max-width: 600px) 100vw, 600px\" \/><\/a><\/p>\n<p style=\"text-align: justify;\"><strong>Das wird gebraucht:<\/strong><br \/>\n1 wei\u00dfe Papiert\u00fcte (am besten als aufklappbaren Bodenbeutel!), eine Bastelschere, gr\u00fcnes Tonpapier (keinen Fotokarton, der ist zu dick), Motivlocher Bl\u00fcte und Schmetterling, ein kleines Restst\u00fcck Packpapier, eine alte Buchseite, einen Zahnstocher, eine kleine Holzperle, Bastelkleber (Klebstift), eine Hei\u00dfklebepistole samt Klebepatrone, ein kleines, leeres Marmeladenglas, ein Teelicht sowie optional einen Bord\u00fcrenstanzer.<\/p>\n<p style=\"text-align: center;\"><a href=\"http:\/\/www.sabine-seyffert.de\/blog\/wp-content\/uploads\/2018\/03\/Lichtert\u00fcte-Fr\u00fchling-7.jpg\"><img loading=\"lazy\" decoding=\"async\" class=\"alignnone size-full wp-image-12141\" src=\"http:\/\/www.sabine-seyffert.de\/blog\/wp-content\/uploads\/2018\/03\/Lichtert\u00fcte-Fr\u00fchling-7.jpg\" alt=\"\" width=\"800\" height=\"600\" srcset=\"https:\/\/www.sabine-seyffert.de\/blog\/wp-content\/uploads\/2018\/03\/Lichtert\u00fcte-Fr\u00fchling-7.jpg 800w, https:\/\/www.sabine-seyffert.de\/blog\/wp-content\/uploads\/2018\/03\/Lichtert\u00fcte-Fr\u00fchling-7-300x225.jpg 300w, https:\/\/www.sabine-seyffert.de\/blog\/wp-content\/uploads\/2018\/03\/Lichtert\u00fcte-Fr\u00fchling-7-768x576.jpg 768w\" sizes=\"auto, (max-width: 800px) 100vw, 800px\" \/><\/a><\/p>\n<p style=\"text-align: justify;\"><strong>So wird\u2019s gemacht:<\/strong><br \/>\nZuerst schneidet man aus dem gr\u00fcnen Bastelpapier breitere Streifen, die so lang sind, wie die Papiert\u00fcten breit. Diese gr\u00fcnen Streifen schneidet man dann mit Hilfe der Schere so ein, dass diese wie zahlreiche, lange Grashalme aussehen.<\/p>\n<p style=\"text-align: center;\"><a href=\"http:\/\/www.sabine-seyffert.de\/blog\/wp-content\/uploads\/2018\/03\/Lichtert\u00fcte-Fr\u00fchling-11.jpg\"><img loading=\"lazy\" decoding=\"async\" class=\"alignnone size-full wp-image-12142\" src=\"http:\/\/www.sabine-seyffert.de\/blog\/wp-content\/uploads\/2018\/03\/Lichtert\u00fcte-Fr\u00fchling-11.jpg\" alt=\"\" width=\"800\" height=\"600\" srcset=\"https:\/\/www.sabine-seyffert.de\/blog\/wp-content\/uploads\/2018\/03\/Lichtert\u00fcte-Fr\u00fchling-11.jpg 800w, https:\/\/www.sabine-seyffert.de\/blog\/wp-content\/uploads\/2018\/03\/Lichtert\u00fcte-Fr\u00fchling-11-300x225.jpg 300w, https:\/\/www.sabine-seyffert.de\/blog\/wp-content\/uploads\/2018\/03\/Lichtert\u00fcte-Fr\u00fchling-11-768x576.jpg 768w\" sizes=\"auto, (max-width: 800px) 100vw, 800px\" \/><\/a><\/p>\n<p style=\"text-align: justify;\">Dies ist etwas m\u00fchsam, aber die M\u00fche lohnt sich! In meinem Fall habe ich doppellagig gearbeitet und zwei verschiedene Gr\u00fcnt\u00f6ne f\u00fcr die Wiese verwendet. So sehen die leuchtenden Windlichter noch lebendiger aus.<\/p>\n<p style=\"text-align: center;\"><a href=\"http:\/\/www.sabine-seyffert.de\/blog\/wp-content\/uploads\/2018\/03\/Lichtert\u00fcte-Fr\u00fchling-10.jpg\"><img loading=\"lazy\" decoding=\"async\" class=\"alignnone size-full wp-image-12143\" src=\"http:\/\/www.sabine-seyffert.de\/blog\/wp-content\/uploads\/2018\/03\/Lichtert\u00fcte-Fr\u00fchling-10.jpg\" alt=\"\" width=\"800\" height=\"600\" srcset=\"https:\/\/www.sabine-seyffert.de\/blog\/wp-content\/uploads\/2018\/03\/Lichtert\u00fcte-Fr\u00fchling-10.jpg 800w, https:\/\/www.sabine-seyffert.de\/blog\/wp-content\/uploads\/2018\/03\/Lichtert\u00fcte-Fr\u00fchling-10-300x225.jpg 300w, https:\/\/www.sabine-seyffert.de\/blog\/wp-content\/uploads\/2018\/03\/Lichtert\u00fcte-Fr\u00fchling-10-768x576.jpg 768w\" sizes=\"auto, (max-width: 800px) 100vw, 800px\" \/><\/a><\/p>\n<p style=\"text-align: justify;\">Mit einem kleinen Motivstanzer habe ich Mini Bl\u00fcten aus einer Buchseite gestanzt. Diese habe ich hier und dort auf die Grashalme geklebt, damit es ausschaut wie eine Blumenwiese.<\/p>\n<p style=\"text-align: center;\"><a href=\"http:\/\/www.sabine-seyffert.de\/blog\/wp-content\/uploads\/2018\/03\/Lichtert\u00fcte-Fr\u00fchling-9.jpg\"><img loading=\"lazy\" decoding=\"async\" class=\"alignnone size-full wp-image-12144\" src=\"http:\/\/www.sabine-seyffert.de\/blog\/wp-content\/uploads\/2018\/03\/Lichtert\u00fcte-Fr\u00fchling-9.jpg\" alt=\"\" width=\"800\" height=\"600\" srcset=\"https:\/\/www.sabine-seyffert.de\/blog\/wp-content\/uploads\/2018\/03\/Lichtert\u00fcte-Fr\u00fchling-9.jpg 800w, https:\/\/www.sabine-seyffert.de\/blog\/wp-content\/uploads\/2018\/03\/Lichtert\u00fcte-Fr\u00fchling-9-300x225.jpg 300w, https:\/\/www.sabine-seyffert.de\/blog\/wp-content\/uploads\/2018\/03\/Lichtert\u00fcte-Fr\u00fchling-9-768x576.jpg 768w\" sizes=\"auto, (max-width: 800px) 100vw, 800px\" \/><\/a><\/p>\n<p style=\"text-align: justify;\">Au\u00dferdem gab es auch eine gr\u00f6\u00dfere Bl\u00fcte dazu, die einen Stiel aus einem Zahnstocher hat. Den befestigt man am besten mit ein paar Tropfen Hei\u00dfkleber an der wei\u00dfen T\u00fcte, damit alles h\u00e4lt. Diese Blume hat eine gr\u00f6\u00dfere Bl\u00fcte, aus mehreren Bl\u00fcten \u00fcbereinander geschichtet und mit kleiner Perle mittig, bekommen.<\/p>\n<p style=\"text-align: center;\"><a href=\"http:\/\/www.sabine-seyffert.de\/blog\/wp-content\/uploads\/2018\/03\/Lichtert\u00fcte-Fr\u00fchling-8.jpg\"><img loading=\"lazy\" decoding=\"async\" class=\"alignnone size-full wp-image-12145\" src=\"http:\/\/www.sabine-seyffert.de\/blog\/wp-content\/uploads\/2018\/03\/Lichtert\u00fcte-Fr\u00fchling-8.jpg\" alt=\"\" width=\"800\" height=\"600\" srcset=\"https:\/\/www.sabine-seyffert.de\/blog\/wp-content\/uploads\/2018\/03\/Lichtert\u00fcte-Fr\u00fchling-8.jpg 800w, https:\/\/www.sabine-seyffert.de\/blog\/wp-content\/uploads\/2018\/03\/Lichtert\u00fcte-Fr\u00fchling-8-300x225.jpg 300w, https:\/\/www.sabine-seyffert.de\/blog\/wp-content\/uploads\/2018\/03\/Lichtert\u00fcte-Fr\u00fchling-8-768x576.jpg 768w\" sizes=\"auto, (max-width: 800px) 100vw, 800px\" \/><\/a><\/p>\n<p style=\"text-align: justify;\">Und weil im Fr\u00fchling nicht nur alles bl\u00fcht, w\u00e4chst und gedeiht, flattern \u00fcber die Wiese auch noch ein paar kleine Schmetterlinge aus einem Packpapierrest gestanzt.<\/p>\n<p style=\"text-align: center;\"><a href=\"http:\/\/www.sabine-seyffert.de\/blog\/wp-content\/uploads\/2018\/03\/Lichtert\u00fcte-Fr\u00fchling-6.jpg\"><img loading=\"lazy\" decoding=\"async\" class=\"alignnone size-full wp-image-12146\" src=\"http:\/\/www.sabine-seyffert.de\/blog\/wp-content\/uploads\/2018\/03\/Lichtert\u00fcte-Fr\u00fchling-6.jpg\" alt=\"\" width=\"800\" height=\"600\" srcset=\"https:\/\/www.sabine-seyffert.de\/blog\/wp-content\/uploads\/2018\/03\/Lichtert\u00fcte-Fr\u00fchling-6.jpg 800w, https:\/\/www.sabine-seyffert.de\/blog\/wp-content\/uploads\/2018\/03\/Lichtert\u00fcte-Fr\u00fchling-6-300x225.jpg 300w, https:\/\/www.sabine-seyffert.de\/blog\/wp-content\/uploads\/2018\/03\/Lichtert\u00fcte-Fr\u00fchling-6-768x576.jpg 768w\" sizes=\"auto, (max-width: 800px) 100vw, 800px\" \/><\/a><\/p>\n<p style=\"text-align: justify;\">Den oberen Rand der T\u00fcte habe ich bei dieser Dekoidee etwas gek\u00fcrzt und mit einem Bord\u00fcrenstanzer versch\u00f6nert.<\/p>\n<p style=\"text-align: center;\"><a href=\"http:\/\/www.sabine-seyffert.de\/blog\/wp-content\/uploads\/2018\/03\/Lichtert\u00fcte-Fr\u00fchling-5.jpg\"><img loading=\"lazy\" decoding=\"async\" class=\"alignnone size-full wp-image-12147\" src=\"http:\/\/www.sabine-seyffert.de\/blog\/wp-content\/uploads\/2018\/03\/Lichtert\u00fcte-Fr\u00fchling-5.jpg\" alt=\"\" width=\"800\" height=\"600\" srcset=\"https:\/\/www.sabine-seyffert.de\/blog\/wp-content\/uploads\/2018\/03\/Lichtert\u00fcte-Fr\u00fchling-5.jpg 800w, https:\/\/www.sabine-seyffert.de\/blog\/wp-content\/uploads\/2018\/03\/Lichtert\u00fcte-Fr\u00fchling-5-300x225.jpg 300w, https:\/\/www.sabine-seyffert.de\/blog\/wp-content\/uploads\/2018\/03\/Lichtert\u00fcte-Fr\u00fchling-5-768x576.jpg 768w\" sizes=\"auto, (max-width: 800px) 100vw, 800px\" \/><\/a><\/p>\n<p style=\"text-align: justify;\"><strong>Ein kleiner Tipp: <\/strong>Da man diese T\u00fcten aufgestellt als Deko benutzt ist es ratsam beide Seiten entsprechend zu gestalten, damit diese von jedem Blickwinkel aus sch\u00f6n aussehen.<\/p>\n<p style=\"text-align: center;\"><a href=\"http:\/\/www.sabine-seyffert.de\/blog\/wp-content\/uploads\/2018\/03\/Lichtert\u00fcte-Fr\u00fchling-4.jpg\"><img loading=\"lazy\" decoding=\"async\" class=\"alignnone size-full wp-image-12148\" src=\"http:\/\/www.sabine-seyffert.de\/blog\/wp-content\/uploads\/2018\/03\/Lichtert\u00fcte-Fr\u00fchling-4.jpg\" alt=\"\" width=\"800\" height=\"600\" srcset=\"https:\/\/www.sabine-seyffert.de\/blog\/wp-content\/uploads\/2018\/03\/Lichtert\u00fcte-Fr\u00fchling-4.jpg 800w, https:\/\/www.sabine-seyffert.de\/blog\/wp-content\/uploads\/2018\/03\/Lichtert\u00fcte-Fr\u00fchling-4-300x225.jpg 300w, https:\/\/www.sabine-seyffert.de\/blog\/wp-content\/uploads\/2018\/03\/Lichtert\u00fcte-Fr\u00fchling-4-768x576.jpg 768w\" sizes=\"auto, (max-width: 800px) 100vw, 800px\" \/><\/a><\/p>\n<p style=\"text-align: justify;\">Weitere Ideen rund um Ostern findet ihr \u00fcbrigens in <a href=\"http:\/\/www.sabine-seyffert.de\/blog\/?cat=23\" target=\"_blank\" rel=\"noopener\">dieser Fr\u00fchlingsrubrik<\/a>, weitere kleine Geschenkideen <a href=\"http:\/\/www.sabine-seyffert.de\/blog\/?cat=36\" target=\"_blank\" rel=\"noopener\">da<\/a>, mehr Gr\u00fcn <a href=\"http:\/\/naturkinder.typepad.com\/naturkinder\/2018\/03\/gruenzeug-we-love-green-stuff-3.html\" target=\"_blank\" rel=\"noopener\">dort<\/a> und andere kreative Sachen an <a href=\"http:\/\/www.creadienstag.de\/2018\/03\/linkparty324.html\" target=\"_blank\" rel=\"noopener\">dieser<\/a> Stelle.<\/p>\n<p style=\"text-align: center;\"><a href=\"http:\/\/www.sabine-seyffert.de\/blog\/wp-content\/uploads\/2018\/03\/Lichtert\u00fcte-Fr\u00fchling-2.jpg\"><img loading=\"lazy\" decoding=\"async\" class=\"alignnone size-full wp-image-12149\" src=\"http:\/\/www.sabine-seyffert.de\/blog\/wp-content\/uploads\/2018\/03\/Lichtert\u00fcte-Fr\u00fchling-2.jpg\" alt=\"\" width=\"600\" height=\"800\" srcset=\"https:\/\/www.sabine-seyffert.de\/blog\/wp-content\/uploads\/2018\/03\/Lichtert\u00fcte-Fr\u00fchling-2.jpg 600w, https:\/\/www.sabine-seyffert.de\/blog\/wp-content\/uploads\/2018\/03\/Lichtert\u00fcte-Fr\u00fchling-2-225x300.jpg 225w\" sizes=\"auto, (max-width: 600px) 100vw, 600px\" \/><\/a><\/p>\n<p style=\"text-align: justify;\"><a href=\"http:\/\/www.sabine-seyffert.de\/blog\/?page_id=32#urheberrecht\">urheberrechtlich gesch\u00fctzt<\/a>, \u00a9 Sabine Seyffert<\/p>\n","protected":false},"excerpt":{"rendered":"<p>Nach den winterlichten Lichtert\u00fcten und den herzlichen Lichtergeschenken zum Valentinstag gibt es nun auch noch ein paar strahlende Fr\u00fchlingsgr\u00fc\u00dfe. Diese Idee kam mir wieder einmal spontan. Und das helle Kerzenlicht erinnerte mich gleich an die warme Fr\u00fchlingssonne, die nach dem Winter alles ganz liebevoll wachk\u00fcsst und aus dem tiefen Winterschlaf holt. Au\u00dferdem ist Kerzenglanz bei&#8230; <a href=\"https:\/\/www.sabine-seyffert.de\/blog\/diy-deko-idee-fuer-zu-hause-leuchtende-fruehlingsgruesse-sorgen-fuer-gemuetlichkeit-im-trauten-heim\/\" class=\"more-link\">Read more: DIY &#038; Deko Idee f\u00fcr zu Hause: Leuchtende Fr\u00fchlingsgr\u00fc\u00dfe sorgen f\u00fcr Gem\u00fctlichkeit im trauten Heim<\/a><\/p>\n","protected":false},"author":2,"featured_media":0,"comment_status":"open","ping_status":"open","sticky":false,"template":"","format":"standard","meta":{"_metis_text_type":"","_metis_text_length":2779,"_post_count":0,"footnotes":""},"categories":[12,23,36],"tags":[],"class_list":["post-12139","post","type-post","status-publish","format-standard","hentry","category-deko-ideen","category-fruhling","category-klitzekleine-geschenkideen"],"_links":{"self":[{"href":"https:\/\/www.sabine-seyffert.de\/blog\/wp-json\/wp\/v2\/posts\/12139","targetHints":{"allow":["GET"]}}],"collection":[{"href":"https:\/\/www.sabine-seyffert.de\/blog\/wp-json\/wp\/v2\/posts"}],"about":[{"href":"https:\/\/www.sabine-seyffert.de\/blog\/wp-json\/wp\/v2\/types\/post"}],"author":[{"embeddable":true,"href":"https:\/\/www.sabine-seyffert.de\/blog\/wp-json\/wp\/v2\/users\/2"}],"replies":[{"embeddable":true,"href":"https:\/\/www.sabine-seyffert.de\/blog\/wp-json\/wp\/v2\/comments?post=12139"}],"version-history":[{"count":7,"href":"https:\/\/www.sabine-seyffert.de\/blog\/wp-json\/wp\/v2\/posts\/12139\/revisions"}],"predecessor-version":[{"id":12186,"href":"https:\/\/www.sabine-seyffert.de\/blog\/wp-json\/wp\/v2\/posts\/12139\/revisions\/12186"}],"wp:attachment":[{"href":"https:\/\/www.sabine-seyffert.de\/blog\/wp-json\/wp\/v2\/media?parent=12139"}],"wp:term":[{"taxonomy":"category","embeddable":true,"href":"https:\/\/www.sabine-seyffert.de\/blog\/wp-json\/wp\/v2\/categories?post=12139"},{"taxonomy":"post_tag","embeddable":true,"href":"https:\/\/www.sabine-seyffert.de\/blog\/wp-json\/wp\/v2\/tags?post=12139"}],"curies":[{"name":"wp","href":"https:\/\/api.w.org\/{rel}","templated":true}]}}