{"id":1198,"date":"2013-04-06T10:58:17","date_gmt":"2013-04-06T08:58:17","guid":{"rendered":"http:\/\/www.sabine-seyffert.de\/blog\/?p=1198"},"modified":"2013-05-13T09:58:44","modified_gmt":"2013-05-13T07:58:44","slug":"ein-stuck-vom-blauen-himmel","status":"publish","type":"post","link":"https:\/\/www.sabine-seyffert.de\/blog\/ein-stuck-vom-blauen-himmel\/","title":{"rendered":"Ein St\u00fcck vom blauen Himmel"},"content":{"rendered":"<p style=\"text-align: center;\"><img loading=\"lazy\" decoding=\"async\" alt=\"\" src=\"https:\/\/ssl-vg03.met.vgwort.de\/na\/4132eb7adf774f558e2987488189862f\" width=\"1\" height=\"1\" \/><a href=\"http:\/\/www.sabine-seyffert.de\/blog\/wp-content\/uploads\/2013\/04\/Himmel-1-osterferien.jpg\"><img loading=\"lazy\" decoding=\"async\" class=\"alignnone size-full wp-image-1199\" alt=\"Himmel 1 osterferien\" src=\"http:\/\/www.sabine-seyffert.de\/blog\/wp-content\/uploads\/2013\/04\/Himmel-1-osterferien.jpg\" width=\"785\" height=\"582\" srcset=\"https:\/\/www.sabine-seyffert.de\/blog\/wp-content\/uploads\/2013\/04\/Himmel-1-osterferien.jpg 785w, https:\/\/www.sabine-seyffert.de\/blog\/wp-content\/uploads\/2013\/04\/Himmel-1-osterferien-300x222.jpg 300w\" sizes=\"auto, (max-width: 785px) 100vw, 785px\" \/><\/a><\/p>\n<p style=\"text-align: justify;\">Die Ferien neigen sich bei uns leider schon dem Ende zu. Am Montag geht die Schule wieder los und der Alltag mit all seinen Verpflichtungen erwartet uns.<br \/>\nLeider hat sich in den letzten beiden Wochen der Himmel \u00fcber dem Tal nicht gerade von seiner sch\u00f6nsten Zeit gezeigt. Und das obwohl Ferien waren, die man so wunderbar f\u00fcr gemeinsame Unternehmungen oder einen gem\u00fctlichen Nachmittag im Garten h\u00e4tte nutzen k\u00f6nnen.<\/p>\n<p style=\"text-align: center;\"><a href=\"http:\/\/www.sabine-seyffert.de\/blog\/wp-content\/uploads\/2013\/04\/Himmel-2-osterferien.jpg\"><img loading=\"lazy\" decoding=\"async\" class=\"alignnone size-full wp-image-1200\" alt=\"Himmel 2 osterferien\" src=\"http:\/\/www.sabine-seyffert.de\/blog\/wp-content\/uploads\/2013\/04\/Himmel-2-osterferien.jpg\" width=\"800\" height=\"600\" srcset=\"https:\/\/www.sabine-seyffert.de\/blog\/wp-content\/uploads\/2013\/04\/Himmel-2-osterferien.jpg 800w, https:\/\/www.sabine-seyffert.de\/blog\/wp-content\/uploads\/2013\/04\/Himmel-2-osterferien-300x225.jpg 300w\" sizes=\"auto, (max-width: 800px) 100vw, 800px\" \/><\/a><\/p>\n<p style=\"text-align: justify;\">Bei dem ganzen recht tr\u00fcben Grau, das auf die Stimmung dr\u00fcckt, den winterlichen Temperaturen, die mich jeden Morgen auf dem Weg zum Kindergarten haben halb erfrieren lassen und dem Schnee, den wir auch Ostern \u00fcber uns ergehen lassen mussten \u2013 muss dringend etwas blauer Himmel her! So geht es mir zumindest. Aus diesem Grund wird es dringend Zeit etwas nachzuhelfen. Denn ich w\u00fcnsche mir inzwischen den Fr\u00fchling mit etwas milderen Temperaturen und ein paar Farbtupfern sehnlichst herbei.<\/p>\n<p style=\"text-align: center;\"><a href=\"http:\/\/www.sabine-seyffert.de\/blog\/wp-content\/uploads\/2013\/04\/Himmel-4-osterferien.jpg\"><img loading=\"lazy\" decoding=\"async\" class=\"alignnone size-full wp-image-1202\" alt=\"Himmel 4 osterferien\" src=\"http:\/\/www.sabine-seyffert.de\/blog\/wp-content\/uploads\/2013\/04\/Himmel-4-osterferien.jpg\" width=\"800\" height=\"600\" srcset=\"https:\/\/www.sabine-seyffert.de\/blog\/wp-content\/uploads\/2013\/04\/Himmel-4-osterferien.jpg 800w, https:\/\/www.sabine-seyffert.de\/blog\/wp-content\/uploads\/2013\/04\/Himmel-4-osterferien-300x225.jpg 300w\" sizes=\"auto, (max-width: 800px) 100vw, 800px\" \/><\/a><\/p>\n<p style=\"text-align: justify;\">Nat\u00fcrlich ist der Himmel nicht nur heiter und blau, sondern bietet und ganz nach Laune eine bunte Palette verschiedener Himmelsfarben und Stimmungen. Gerade das liebe ich auch sehr an ihm. Schlie\u00dflich kommt gerade der Himmel ausgesprochen oft in meinen Entspannungsgeschichten und Fantasiereisen vor. Aber jetzt, so Anfang April und nach der langen \u201eGut-Wetter-Durststrecke\u201c habe ich das dringende Bed\u00fcrfnis meine Seele mal mit etwas strahlendem Blau zu streicheln um ein wenig neue Kraft zu tanken und den Glauben nicht zu verlieren, dass der Fr\u00fchling doch noch bei uns einkehrt.<\/p>\n<p style=\"text-align: center;\"><a href=\"http:\/\/www.sabine-seyffert.de\/blog\/wp-content\/uploads\/2013\/04\/Himmel-3-osterferien.jpg\"><img loading=\"lazy\" decoding=\"async\" class=\"alignnone size-full wp-image-1201\" alt=\"Himmel 3 osterferien\" src=\"http:\/\/www.sabine-seyffert.de\/blog\/wp-content\/uploads\/2013\/04\/Himmel-3-osterferien.jpg\" width=\"600\" height=\"800\" srcset=\"https:\/\/www.sabine-seyffert.de\/blog\/wp-content\/uploads\/2013\/04\/Himmel-3-osterferien.jpg 600w, https:\/\/www.sabine-seyffert.de\/blog\/wp-content\/uploads\/2013\/04\/Himmel-3-osterferien-225x300.jpg 225w\" sizes=\"auto, (max-width: 600px) 100vw, 600px\" \/><\/a><\/p>\n<p style=\"text-align: justify;\">So habe ich mein Fotoarchiv kr\u00e4ftig durchforstet und bin tats\u00e4chlich f\u00fcndig geworden. Trotz kalten Temperaturen habe ich auf einem morgendlichen Spaziergang vor einigen Wochen ein paar Himmelsbilder gefunden, die einen wahrhaft strahlendes Himmelsblau zeigen, dass einfach nur gut tut, einen auftanken l\u00e4sst und nicht nur helles Licht, sondern auch eine Portion Zuversicht schenkt. Mir hat der blaue Himmel am besagten Morgen wirklich rundum gut getan und mir ein echtes L\u00e4cheln auf die Lippen gezaubert \u2013 einfach wundersch\u00f6n!<\/p>\n<p style=\"text-align: justify;\">In der Hoffung, dass ich mit dem wunderbar blauen Himmel auch andere erfreue, schicke ich ein St\u00fcck vom Himmel direkt zu <a href=\"http:\/\/www.dieraumfee.blogspot.de\/\" target=\"_blank\">Katja<\/a> in die Himmelssammlung!<\/p>\n<p><a href=\"http:\/\/www.sabine-seyffert.de\/blog\/?page_id=32#urheberrecht\">urherrechtlich gesch\u00fctzt<\/a>, \u00a9 Sabine Seyffert<\/p>\n","protected":false},"excerpt":{"rendered":"<p>Die Ferien neigen sich bei uns leider schon dem Ende zu. Am Montag geht die Schule wieder los und der Alltag mit all seinen Verpflichtungen erwartet uns. Leider hat sich in den letzten beiden Wochen der Himmel \u00fcber dem Tal nicht gerade von seiner sch\u00f6nsten Zeit gezeigt. Und das obwohl Ferien waren, die man so&#8230; <a href=\"https:\/\/www.sabine-seyffert.de\/blog\/ein-stuck-vom-blauen-himmel\/\" class=\"more-link\">Read more: Ein St\u00fcck vom blauen Himmel<\/a><\/p>\n","protected":false},"author":2,"featured_media":0,"comment_status":"open","ping_status":"open","sticky":false,"template":"","format":"standard","meta":{"_metis_text_type":"","_metis_text_length":2206,"_post_count":0,"footnotes":""},"categories":[37],"tags":[],"class_list":["post-1198","post","type-post","status-publish","format-standard","hentry","category-himmlisches"],"_links":{"self":[{"href":"https:\/\/www.sabine-seyffert.de\/blog\/wp-json\/wp\/v2\/posts\/1198","targetHints":{"allow":["GET"]}}],"collection":[{"href":"https:\/\/www.sabine-seyffert.de\/blog\/wp-json\/wp\/v2\/posts"}],"about":[{"href":"https:\/\/www.sabine-seyffert.de\/blog\/wp-json\/wp\/v2\/types\/post"}],"author":[{"embeddable":true,"href":"https:\/\/www.sabine-seyffert.de\/blog\/wp-json\/wp\/v2\/users\/2"}],"replies":[{"embeddable":true,"href":"https:\/\/www.sabine-seyffert.de\/blog\/wp-json\/wp\/v2\/comments?post=1198"}],"version-history":[{"count":10,"href":"https:\/\/www.sabine-seyffert.de\/blog\/wp-json\/wp\/v2\/posts\/1198\/revisions"}],"predecessor-version":[{"id":9881,"href":"https:\/\/www.sabine-seyffert.de\/blog\/wp-json\/wp\/v2\/posts\/1198\/revisions\/9881"}],"wp:attachment":[{"href":"https:\/\/www.sabine-seyffert.de\/blog\/wp-json\/wp\/v2\/media?parent=1198"}],"wp:term":[{"taxonomy":"category","embeddable":true,"href":"https:\/\/www.sabine-seyffert.de\/blog\/wp-json\/wp\/v2\/categories?post=1198"},{"taxonomy":"post_tag","embeddable":true,"href":"https:\/\/www.sabine-seyffert.de\/blog\/wp-json\/wp\/v2\/tags?post=1198"}],"curies":[{"name":"wp","href":"https:\/\/api.w.org\/{rel}","templated":true}]}}