{"id":11962,"date":"2018-02-22T07:28:31","date_gmt":"2018-02-22T05:28:31","guid":{"rendered":"http:\/\/www.sabine-seyffert.de\/blog\/?p=11962"},"modified":"2018-02-22T07:28:31","modified_gmt":"2018-02-22T05:28:31","slug":"fruchtige-rezept-idee-fuer-kleine-suessmaeuler-pancakes-mit-mohn-vanillepudding-und-himbeeren","status":"publish","type":"post","link":"https:\/\/www.sabine-seyffert.de\/blog\/fruchtige-rezept-idee-fuer-kleine-suessmaeuler-pancakes-mit-mohn-vanillepudding-und-himbeeren\/","title":{"rendered":"Fruchtige Rezept Idee f\u00fcr kleine S\u00fc\u00dfm\u00e4uler: Pancakes mit Mohn, Vanillepudding und Himbeeren"},"content":{"rendered":"<p style=\"text-align: justify;\"><img loading=\"lazy\" decoding=\"async\" src=\"https:\/\/ssl-vg03.met.vgwort.de\/na\/9c321dd004e147b0a96a0ac89987ad96\" alt=\"\" width=\"1\" height=\"1\" \/>Wenn es nach den Kindern ginge, d\u00fcrfte es wohl jeden Tag etwas S\u00fc\u00dfes zum Mittagessen geben. Allerdings ist dies bei uns doch eher die Ausnahme. So wie diese selbst gemachten Pancakes mit Mohn und roten Beeren, mhhh\u2026 Die schmecken wunderbar und wenn welche \u00fcbrig bleiben, k\u00f6nnen die am n\u00e4chsten Tag noch als leckerer Pausensnack mit in die Brotbox wandern. Vorausgesetzt sie wurden nicht schon vorab alle aufgefuttert \ud83d\ude09<\/p>\n<p style=\"text-align: center;\"><a href=\"http:\/\/www.sabine-seyffert.de\/blog\/wp-content\/uploads\/2018\/02\/Himbeer-Mohn-Pancake-1.jpg\"><img loading=\"lazy\" decoding=\"async\" class=\"alignnone size-full wp-image-11963\" src=\"http:\/\/www.sabine-seyffert.de\/blog\/wp-content\/uploads\/2018\/02\/Himbeer-Mohn-Pancake-1.jpg\" alt=\"\" width=\"600\" height=\"800\" srcset=\"https:\/\/www.sabine-seyffert.de\/blog\/wp-content\/uploads\/2018\/02\/Himbeer-Mohn-Pancake-1.jpg 600w, https:\/\/www.sabine-seyffert.de\/blog\/wp-content\/uploads\/2018\/02\/Himbeer-Mohn-Pancake-1-225x300.jpg 225w\" sizes=\"auto, (max-width: 600px) 100vw, 600px\" \/><\/a><\/p>\n<p style=\"text-align: justify;\"><strong>Das wird gebraucht:<\/strong><br \/>\n600 g Mehl, 800 ml Milch (in unserem Fall pflanzliche Sojamilch mit Vanillegeschmack), 2 Essl\u00f6ffel Amaretto oder ersatzweise 2 Tropfen Bittermandelaroma, 500 g Himbeeren (tiefgek\u00fchlt oder im Sommer frische Beeren) 3 Essl\u00f6ffel Zucker, 2 Essl\u00f6ffel braunen Zucker, \u00bd P\u00e4ckchen Backpulver, mehrere Essl\u00f6ffel gemahlener Mohn (die genaue Menge ist Geschmackssache und kann beliebig variiert werden!), 1 P\u00e4ckchen Vanillezucker, 1 Ei oder f\u00fcr Veganer 1 TL Ei Ersatz Pulver, etwas Wasser, 500 g Becher Vanillepudding sowie pflanzliches Fett f\u00fcr die Pfanne<\/p>\n<p style=\"text-align: center;\"><a href=\"http:\/\/www.sabine-seyffert.de\/blog\/wp-content\/uploads\/2018\/02\/Himbeer-Mohn-Pancake-8.jpg\"><img loading=\"lazy\" decoding=\"async\" class=\"alignnone size-full wp-image-11964\" src=\"http:\/\/www.sabine-seyffert.de\/blog\/wp-content\/uploads\/2018\/02\/Himbeer-Mohn-Pancake-8.jpg\" alt=\"\" width=\"800\" height=\"600\" srcset=\"https:\/\/www.sabine-seyffert.de\/blog\/wp-content\/uploads\/2018\/02\/Himbeer-Mohn-Pancake-8.jpg 800w, https:\/\/www.sabine-seyffert.de\/blog\/wp-content\/uploads\/2018\/02\/Himbeer-Mohn-Pancake-8-300x225.jpg 300w, https:\/\/www.sabine-seyffert.de\/blog\/wp-content\/uploads\/2018\/02\/Himbeer-Mohn-Pancake-8-768x576.jpg 768w\" sizes=\"auto, (max-width: 800px) 100vw, 800px\" \/><\/a><\/p>\n<p style=\"text-align: justify;\"><strong>So wird\u2019s gemacht:<\/strong><br \/>\nIn einer gro\u00dfen R\u00fchrsch\u00fcssel verr\u00fchrt man das Ei (bei veganer Zubereitung erst das Ei Ersatz Pulver mit etwas lauwarmen Leitungswasser zu einem Brei anr\u00fchren!), mit der Milch, dem Mehl, Backpulver, dem P\u00e4ckchen Vanillezucker, dem Amaretto und 3 Essl\u00f6ffeln Zucker zu einem kl\u00fcmpchenfreien Teig.<\/p>\n<p style=\"text-align: center;\"><a href=\"http:\/\/www.sabine-seyffert.de\/blog\/wp-content\/uploads\/2018\/02\/Himbeer-Mohn-Pancake-6.jpg\"><img loading=\"lazy\" decoding=\"async\" class=\"alignnone size-full wp-image-11965\" src=\"http:\/\/www.sabine-seyffert.de\/blog\/wp-content\/uploads\/2018\/02\/Himbeer-Mohn-Pancake-6.jpg\" alt=\"\" width=\"800\" height=\"600\" srcset=\"https:\/\/www.sabine-seyffert.de\/blog\/wp-content\/uploads\/2018\/02\/Himbeer-Mohn-Pancake-6.jpg 800w, https:\/\/www.sabine-seyffert.de\/blog\/wp-content\/uploads\/2018\/02\/Himbeer-Mohn-Pancake-6-300x225.jpg 300w, https:\/\/www.sabine-seyffert.de\/blog\/wp-content\/uploads\/2018\/02\/Himbeer-Mohn-Pancake-6-768x576.jpg 768w\" sizes=\"auto, (max-width: 800px) 100vw, 800px\" \/><\/a><\/p>\n<p style=\"text-align: justify;\">Zum Schluss hebt man noch den gemahlenen Mohn unter. Jetzt erhitzt man etwas Fett in einer gro\u00dfen Pfanne und b\u00e4ckt darin nacheinander die Pancakes darin goldbraun.<\/p>\n<p style=\"text-align: center;\"><a href=\"http:\/\/www.sabine-seyffert.de\/blog\/wp-content\/uploads\/2018\/02\/Himbeer-Mohn-Pancake-5.jpg\"><img loading=\"lazy\" decoding=\"async\" class=\"alignnone size-full wp-image-11966\" src=\"http:\/\/www.sabine-seyffert.de\/blog\/wp-content\/uploads\/2018\/02\/Himbeer-Mohn-Pancake-5.jpg\" alt=\"\" width=\"800\" height=\"600\" srcset=\"https:\/\/www.sabine-seyffert.de\/blog\/wp-content\/uploads\/2018\/02\/Himbeer-Mohn-Pancake-5.jpg 800w, https:\/\/www.sabine-seyffert.de\/blog\/wp-content\/uploads\/2018\/02\/Himbeer-Mohn-Pancake-5-300x225.jpg 300w, https:\/\/www.sabine-seyffert.de\/blog\/wp-content\/uploads\/2018\/02\/Himbeer-Mohn-Pancake-5-768x576.jpg 768w\" sizes=\"auto, (max-width: 800px) 100vw, 800px\" \/><\/a><\/p>\n<p style=\"text-align: justify;\">F\u00fcr den Fall, dass ihr keine frischen sondern tiefgefrorene Himbeeren als Beilage verwendet, k\u00f6nnt ihr die Beeren in einen kleinen Topf geben und mit 2 Essl\u00f6ffeln braunem Zucker bei leichter Temperatur auftauen und etwas erw\u00e4rmen lassen.<\/p>\n<p style=\"text-align: center;\"><a href=\"http:\/\/www.sabine-seyffert.de\/blog\/wp-content\/uploads\/2018\/02\/Himbeer-Mohn-Pancake-4.jpg\"><img loading=\"lazy\" decoding=\"async\" class=\"alignnone size-full wp-image-11967\" src=\"http:\/\/www.sabine-seyffert.de\/blog\/wp-content\/uploads\/2018\/02\/Himbeer-Mohn-Pancake-4.jpg\" alt=\"\" width=\"800\" height=\"600\" srcset=\"https:\/\/www.sabine-seyffert.de\/blog\/wp-content\/uploads\/2018\/02\/Himbeer-Mohn-Pancake-4.jpg 800w, https:\/\/www.sabine-seyffert.de\/blog\/wp-content\/uploads\/2018\/02\/Himbeer-Mohn-Pancake-4-300x225.jpg 300w, https:\/\/www.sabine-seyffert.de\/blog\/wp-content\/uploads\/2018\/02\/Himbeer-Mohn-Pancake-4-768x576.jpg 768w\" sizes=\"auto, (max-width: 800px) 100vw, 800px\" \/><\/a><\/p>\n<p style=\"text-align: justify;\">Die frisch gebackenen Pancakes k\u00f6nnt ihr anschlie\u00dfend auf den Tellern anrichten, etwas Vanillepudding und Himbeeren dazu geben. Wer Mohn so gerne mag wie ich, kann auch noch einen Teel\u00f6ffel gemahlenen Mohn dar\u00fcber streuen und das Ganze dann warm genie\u00dfen. Guten Appetit!<\/p>\n<p style=\"text-align: center;\"><a href=\"http:\/\/www.sabine-seyffert.de\/blog\/wp-content\/uploads\/2018\/02\/Himbeer-Mohn-Pancake-3.jpg\"><img loading=\"lazy\" decoding=\"async\" class=\"alignnone size-full wp-image-11968\" src=\"http:\/\/www.sabine-seyffert.de\/blog\/wp-content\/uploads\/2018\/02\/Himbeer-Mohn-Pancake-3.jpg\" alt=\"\" width=\"800\" height=\"600\" srcset=\"https:\/\/www.sabine-seyffert.de\/blog\/wp-content\/uploads\/2018\/02\/Himbeer-Mohn-Pancake-3.jpg 800w, https:\/\/www.sabine-seyffert.de\/blog\/wp-content\/uploads\/2018\/02\/Himbeer-Mohn-Pancake-3-300x225.jpg 300w, https:\/\/www.sabine-seyffert.de\/blog\/wp-content\/uploads\/2018\/02\/Himbeer-Mohn-Pancake-3-768x576.jpg 768w\" sizes=\"auto, (max-width: 800px) 100vw, 800px\" \/><\/a><\/p>\n<p style=\"text-align: justify;\">Weitere s\u00fc\u00dfe Leckereien gibt es in <a href=\"http:\/\/www.sabine-seyffert.de\/blog\/?cat=31\" target=\"_blank\" rel=\"noopener\">dieser Rubrik<\/a>, vegane Rezepte Ideen <a href=\"http:\/\/www.sabine-seyffert.de\/blog\/?cat=44\" target=\"_blank\" rel=\"noopener\">dort<\/a> und alle herzhaften, vegetarischen Rezepte <a href=\"http:\/\/www.sabine-seyffert.de\/blog\/?cat=30\" target=\"_blank\" rel=\"noopener\">dort<\/a>.<\/p>\n<p style=\"text-align: center;\"><a href=\"http:\/\/www.sabine-seyffert.de\/blog\/wp-content\/uploads\/2018\/02\/Himbeer-Mohn-Pancake-2.jpg\"><img loading=\"lazy\" decoding=\"async\" class=\"alignnone size-full wp-image-11969\" src=\"http:\/\/www.sabine-seyffert.de\/blog\/wp-content\/uploads\/2018\/02\/Himbeer-Mohn-Pancake-2.jpg\" alt=\"\" width=\"800\" height=\"600\" srcset=\"https:\/\/www.sabine-seyffert.de\/blog\/wp-content\/uploads\/2018\/02\/Himbeer-Mohn-Pancake-2.jpg 800w, https:\/\/www.sabine-seyffert.de\/blog\/wp-content\/uploads\/2018\/02\/Himbeer-Mohn-Pancake-2-300x225.jpg 300w, https:\/\/www.sabine-seyffert.de\/blog\/wp-content\/uploads\/2018\/02\/Himbeer-Mohn-Pancake-2-768x576.jpg 768w\" sizes=\"auto, (max-width: 800px) 100vw, 800px\" \/><\/a><\/p>\n<p><a href=\"http:\/\/www.sabine-seyffert.de\/blog\/?page_id=32#urheberrecht\">urheberrechtlich gesch\u00fctzt<\/a>, \u00a9 Sabine Seyffert<\/p>\n","protected":false},"excerpt":{"rendered":"<p>Wenn es nach den Kindern ginge, d\u00fcrfte es wohl jeden Tag etwas S\u00fc\u00dfes zum Mittagessen geben. Allerdings ist dies bei uns doch eher die Ausnahme. So wie diese selbst gemachten Pancakes mit Mohn und roten Beeren, mhhh\u2026 Die schmecken wunderbar und wenn welche \u00fcbrig bleiben, k\u00f6nnen die am n\u00e4chsten Tag noch als leckerer Pausensnack mit&#8230; <a href=\"https:\/\/www.sabine-seyffert.de\/blog\/fruchtige-rezept-idee-fuer-kleine-suessmaeuler-pancakes-mit-mohn-vanillepudding-und-himbeeren\/\" class=\"more-link\">Read more: Fruchtige Rezept Idee f\u00fcr kleine S\u00fc\u00dfm\u00e4uler: Pancakes mit Mohn, Vanillepudding und Himbeeren<\/a><\/p>\n","protected":false},"author":2,"featured_media":0,"comment_status":"open","ping_status":"open","sticky":false,"template":"","format":"standard","meta":{"_metis_text_type":"","_metis_text_length":2141,"_post_count":0,"footnotes":""},"categories":[31,44],"tags":[],"class_list":["post-11962","post","type-post","status-publish","format-standard","hentry","category-rezepte-suse-kuchen-co","category-rezepte-vegan"],"_links":{"self":[{"href":"https:\/\/www.sabine-seyffert.de\/blog\/wp-json\/wp\/v2\/posts\/11962","targetHints":{"allow":["GET"]}}],"collection":[{"href":"https:\/\/www.sabine-seyffert.de\/blog\/wp-json\/wp\/v2\/posts"}],"about":[{"href":"https:\/\/www.sabine-seyffert.de\/blog\/wp-json\/wp\/v2\/types\/post"}],"author":[{"embeddable":true,"href":"https:\/\/www.sabine-seyffert.de\/blog\/wp-json\/wp\/v2\/users\/2"}],"replies":[{"embeddable":true,"href":"https:\/\/www.sabine-seyffert.de\/blog\/wp-json\/wp\/v2\/comments?post=11962"}],"version-history":[{"count":2,"href":"https:\/\/www.sabine-seyffert.de\/blog\/wp-json\/wp\/v2\/posts\/11962\/revisions"}],"predecessor-version":[{"id":11971,"href":"https:\/\/www.sabine-seyffert.de\/blog\/wp-json\/wp\/v2\/posts\/11962\/revisions\/11971"}],"wp:attachment":[{"href":"https:\/\/www.sabine-seyffert.de\/blog\/wp-json\/wp\/v2\/media?parent=11962"}],"wp:term":[{"taxonomy":"category","embeddable":true,"href":"https:\/\/www.sabine-seyffert.de\/blog\/wp-json\/wp\/v2\/categories?post=11962"},{"taxonomy":"post_tag","embeddable":true,"href":"https:\/\/www.sabine-seyffert.de\/blog\/wp-json\/wp\/v2\/tags?post=11962"}],"curies":[{"name":"wp","href":"https:\/\/api.w.org\/{rel}","templated":true}]}}