{"id":11839,"date":"2018-02-02T07:23:05","date_gmt":"2018-02-02T05:23:05","guid":{"rendered":"http:\/\/www.sabine-seyffert.de\/blog\/?p=11839"},"modified":"2018-02-05T17:43:25","modified_gmt":"2018-02-05T15:43:25","slug":"diy-basteln-mit-kindern-selbst-gemachte-fruehlingsdeko-schneegloeckchen-aus-eierkartons","status":"publish","type":"post","link":"https:\/\/www.sabine-seyffert.de\/blog\/diy-basteln-mit-kindern-selbst-gemachte-fruehlingsdeko-schneegloeckchen-aus-eierkartons\/","title":{"rendered":"DIY Basteln mit Kindern: Selbst gemachte Fr\u00fchlingsdeko \u2013 Schneegl\u00f6ckchen aus Eierkartons"},"content":{"rendered":"<p style=\"text-align: justify;\"><img loading=\"lazy\" decoding=\"async\" src=\"https:\/\/ssl-vg03.met.vgwort.de\/na\/7716a91f1d784d67bfa20d98fa8b16f4\" alt=\"\" width=\"1\" height=\"1\" \/>Heute habe ich mal wieder eine tolle Upcycling Idee f\u00fcr euch. Im Vorgarten konnte ich bereits die ersten Schneegl\u00f6ckchen entdecken und da mir in der K\u00fcche ein Stapel alter Eierkartons in die H\u00e4nde fiel, haben wir diese kurzerhand zu einem Blumenstrau\u00df verbastelt. Ein Bastelspa\u00df f\u00fcr kleine Kinderh\u00e4nde und alle, die sich so langsam nach etwas Fr\u00fchling sehnen.<br \/>\nAlso schnappt euch ein paar alte Eierschachteln, Schere und wei\u00dfe Farbe und bastelt mit uns ein paar bl\u00fchende Schneegl\u00f6ckchen f\u00fcr die Vase!<\/p>\n<p style=\"text-align: center;\"><a href=\"http:\/\/www.sabine-seyffert.de\/blog\/wp-content\/uploads\/2018\/02\/Bastelidee-Schneegl\u00f6ckchen-2.jpg\"><img loading=\"lazy\" decoding=\"async\" class=\"alignnone size-full wp-image-11840\" src=\"http:\/\/www.sabine-seyffert.de\/blog\/wp-content\/uploads\/2018\/02\/Bastelidee-Schneegl\u00f6ckchen-2.jpg\" alt=\"\" width=\"600\" height=\"800\" srcset=\"https:\/\/www.sabine-seyffert.de\/blog\/wp-content\/uploads\/2018\/02\/Bastelidee-Schneegl\u00f6ckchen-2.jpg 600w, https:\/\/www.sabine-seyffert.de\/blog\/wp-content\/uploads\/2018\/02\/Bastelidee-Schneegl\u00f6ckchen-2-225x300.jpg 225w\" sizes=\"auto, (max-width: 600px) 100vw, 600px\" \/><\/a><\/p>\n<p style=\"text-align: justify;\"><strong>Das wird gebraucht:<\/strong><br \/>\nLeere Eierkartons, Bastelmesser, Schere, Borstenpinsel, wei\u00dfe Farbe (wasserl\u00f6slich), wei\u00dfes Seidenpapier, Draht, Holzperlen, gr\u00fcnes Tonpapier (kein Tonkarton, der ist zu fest!), Kleber, uni gr\u00fcnes Masking Tapes, abwaschbare Tischdecke oder Bastelunterlage sowie ggf. Malkittel f\u00fcr die Kinder<\/p>\n<p style=\"text-align: center;\"><a href=\"http:\/\/www.sabine-seyffert.de\/blog\/wp-content\/uploads\/2018\/02\/Bastelidee-Schneegl\u00f6ckchen-13.jpg\"><img loading=\"lazy\" decoding=\"async\" class=\"alignnone size-full wp-image-11841\" src=\"http:\/\/www.sabine-seyffert.de\/blog\/wp-content\/uploads\/2018\/02\/Bastelidee-Schneegl\u00f6ckchen-13.jpg\" alt=\"\" width=\"800\" height=\"600\" srcset=\"https:\/\/www.sabine-seyffert.de\/blog\/wp-content\/uploads\/2018\/02\/Bastelidee-Schneegl\u00f6ckchen-13.jpg 800w, https:\/\/www.sabine-seyffert.de\/blog\/wp-content\/uploads\/2018\/02\/Bastelidee-Schneegl\u00f6ckchen-13-300x225.jpg 300w, https:\/\/www.sabine-seyffert.de\/blog\/wp-content\/uploads\/2018\/02\/Bastelidee-Schneegl\u00f6ckchen-13-768x576.jpg 768w\" sizes=\"auto, (max-width: 800px) 100vw, 800px\" \/><\/a><\/p>\n<p style=\"text-align: justify;\"><strong>So wird\u2019s gemacht:<\/strong><br \/>\nWie gut, wenn nicht alles gleich im M\u00fcll landet und hier zum Basteln vieles gesammelt wird. So konnten wir die leeren Eierkartons prima verwenden.<\/p>\n<p style=\"text-align: center;\"><a href=\"http:\/\/www.sabine-seyffert.de\/blog\/wp-content\/uploads\/2018\/02\/Bastelidee-Schneegl\u00f6ckchen-12.jpg\"><img loading=\"lazy\" decoding=\"async\" class=\"alignnone size-full wp-image-11842\" src=\"http:\/\/www.sabine-seyffert.de\/blog\/wp-content\/uploads\/2018\/02\/Bastelidee-Schneegl\u00f6ckchen-12.jpg\" alt=\"\" width=\"800\" height=\"600\" srcset=\"https:\/\/www.sabine-seyffert.de\/blog\/wp-content\/uploads\/2018\/02\/Bastelidee-Schneegl\u00f6ckchen-12.jpg 800w, https:\/\/www.sabine-seyffert.de\/blog\/wp-content\/uploads\/2018\/02\/Bastelidee-Schneegl\u00f6ckchen-12-300x225.jpg 300w, https:\/\/www.sabine-seyffert.de\/blog\/wp-content\/uploads\/2018\/02\/Bastelidee-Schneegl\u00f6ckchen-12-768x576.jpg 768w\" sizes=\"auto, (max-width: 800px) 100vw, 800px\" \/><\/a><\/p>\n<p style=\"text-align: justify;\">Dazu trennt man mit einer Schere (oder einem scharfen Cutter) die Inneren Kegel heraus und rundet die unteren Kanten mit Hilfe der Schere ab. Die Pappe ist recht stabil und fest, daher sollte hierbei ein Erwachsener den Kindern helfend zur Hand gehen!<\/p>\n<p style=\"text-align: center;\"><a href=\"http:\/\/www.sabine-seyffert.de\/blog\/wp-content\/uploads\/2018\/02\/Bastelidee-Schneegl\u00f6ckchen-11.jpg\"><img loading=\"lazy\" decoding=\"async\" class=\"alignnone size-full wp-image-11843\" src=\"http:\/\/www.sabine-seyffert.de\/blog\/wp-content\/uploads\/2018\/02\/Bastelidee-Schneegl\u00f6ckchen-11.jpg\" alt=\"\" width=\"800\" height=\"600\" srcset=\"https:\/\/www.sabine-seyffert.de\/blog\/wp-content\/uploads\/2018\/02\/Bastelidee-Schneegl\u00f6ckchen-11.jpg 800w, https:\/\/www.sabine-seyffert.de\/blog\/wp-content\/uploads\/2018\/02\/Bastelidee-Schneegl\u00f6ckchen-11-300x225.jpg 300w, https:\/\/www.sabine-seyffert.de\/blog\/wp-content\/uploads\/2018\/02\/Bastelidee-Schneegl\u00f6ckchen-11-768x576.jpg 768w\" sizes=\"auto, (max-width: 800px) 100vw, 800px\" \/><\/a><\/p>\n<p style=\"text-align: justify;\">Anschlie\u00dfend bemalt man die zugeschnittenen Eierkartonkegel mit uni wei\u00dfer Farbe. Ich habe wasserl\u00f6sliche Bastelfarbe verwendet, die sich auswaschen l\u00e4sst und bei der sich auch die Pinsel sp\u00e4ter problemlos reinigen lassen.<\/p>\n<p style=\"text-align: center;\"><a href=\"http:\/\/www.sabine-seyffert.de\/blog\/wp-content\/uploads\/2018\/02\/Bastelidee-Schneegl\u00f6ckchen-10.jpg\"><img loading=\"lazy\" decoding=\"async\" class=\"alignnone size-full wp-image-11844\" src=\"http:\/\/www.sabine-seyffert.de\/blog\/wp-content\/uploads\/2018\/02\/Bastelidee-Schneegl\u00f6ckchen-10.jpg\" alt=\"\" width=\"800\" height=\"600\" srcset=\"https:\/\/www.sabine-seyffert.de\/blog\/wp-content\/uploads\/2018\/02\/Bastelidee-Schneegl\u00f6ckchen-10.jpg 800w, https:\/\/www.sabine-seyffert.de\/blog\/wp-content\/uploads\/2018\/02\/Bastelidee-Schneegl\u00f6ckchen-10-300x225.jpg 300w, https:\/\/www.sabine-seyffert.de\/blog\/wp-content\/uploads\/2018\/02\/Bastelidee-Schneegl\u00f6ckchen-10-768x576.jpg 768w\" sizes=\"auto, (max-width: 800px) 100vw, 800px\" \/><\/a><\/p>\n<p style=\"text-align: justify;\">Anschlie\u00dfend schneidet man aus wei\u00dfem Seidenpapier l\u00e4ngliche Bl\u00fctenbl\u00e4tter und aus dem gr\u00fcnen Tonpapier schmale, lange Rechtecke, die dieselbe L\u00e4nge wie der Draht haben.<\/p>\n<p style=\"text-align: center;\"><a href=\"http:\/\/www.sabine-seyffert.de\/blog\/wp-content\/uploads\/2018\/02\/Bastelidee-Schneegl\u00f6ckchen-9.jpg\"><img loading=\"lazy\" decoding=\"async\" class=\"alignnone size-full wp-image-11845\" src=\"http:\/\/www.sabine-seyffert.de\/blog\/wp-content\/uploads\/2018\/02\/Bastelidee-Schneegl\u00f6ckchen-9.jpg\" alt=\"\" width=\"800\" height=\"600\" srcset=\"https:\/\/www.sabine-seyffert.de\/blog\/wp-content\/uploads\/2018\/02\/Bastelidee-Schneegl\u00f6ckchen-9.jpg 800w, https:\/\/www.sabine-seyffert.de\/blog\/wp-content\/uploads\/2018\/02\/Bastelidee-Schneegl\u00f6ckchen-9-300x225.jpg 300w, https:\/\/www.sabine-seyffert.de\/blog\/wp-content\/uploads\/2018\/02\/Bastelidee-Schneegl\u00f6ckchen-9-768x576.jpg 768w\" sizes=\"auto, (max-width: 800px) 100vw, 800px\" \/><\/a><\/p>\n<p style=\"text-align: justify;\">Jetzt nimmt man einen Draht, steckt oben eine Holzperle drauf und dreht diese mit dem Draht so ein, dass diese fest sitzt und nicht abrutscht.<\/p>\n<p style=\"text-align: center;\"><a href=\"http:\/\/www.sabine-seyffert.de\/blog\/wp-content\/uploads\/2018\/02\/Bastelidee-Schneegl\u00f6ckchen-7.jpg\"><img loading=\"lazy\" decoding=\"async\" class=\"alignnone size-full wp-image-11846\" src=\"http:\/\/www.sabine-seyffert.de\/blog\/wp-content\/uploads\/2018\/02\/Bastelidee-Schneegl\u00f6ckchen-7.jpg\" alt=\"\" width=\"800\" height=\"600\" srcset=\"https:\/\/www.sabine-seyffert.de\/blog\/wp-content\/uploads\/2018\/02\/Bastelidee-Schneegl\u00f6ckchen-7.jpg 800w, https:\/\/www.sabine-seyffert.de\/blog\/wp-content\/uploads\/2018\/02\/Bastelidee-Schneegl\u00f6ckchen-7-300x225.jpg 300w, https:\/\/www.sabine-seyffert.de\/blog\/wp-content\/uploads\/2018\/02\/Bastelidee-Schneegl\u00f6ckchen-7-768x576.jpg 768w\" sizes=\"auto, (max-width: 800px) 100vw, 800px\" \/><\/a><\/p>\n<p style=\"text-align: justify;\">Mit dem anderen Drahtende piekst man nun von Unten durch den bemalten Eierkarton, so dass die Perle Innen liegt und der Draht nach Au\u00dfen schaut.<\/p>\n<p style=\"text-align: center;\"><a href=\"http:\/\/www.sabine-seyffert.de\/blog\/wp-content\/uploads\/2018\/02\/Bastelidee-Schneegl\u00f6ckchen-6.jpg\"><img loading=\"lazy\" decoding=\"async\" class=\"alignnone size-full wp-image-11847\" src=\"http:\/\/www.sabine-seyffert.de\/blog\/wp-content\/uploads\/2018\/02\/Bastelidee-Schneegl\u00f6ckchen-6.jpg\" alt=\"\" width=\"800\" height=\"600\" srcset=\"https:\/\/www.sabine-seyffert.de\/blog\/wp-content\/uploads\/2018\/02\/Bastelidee-Schneegl\u00f6ckchen-6.jpg 800w, https:\/\/www.sabine-seyffert.de\/blog\/wp-content\/uploads\/2018\/02\/Bastelidee-Schneegl\u00f6ckchen-6-300x225.jpg 300w, https:\/\/www.sabine-seyffert.de\/blog\/wp-content\/uploads\/2018\/02\/Bastelidee-Schneegl\u00f6ckchen-6-768x576.jpg 768w\" sizes=\"auto, (max-width: 800px) 100vw, 800px\" \/><\/a><\/p>\n<p style=\"text-align: justify;\">Darum befestigt man nun eins der schmalen Tonpapierst\u00fccke, so dass der Draht nicht mehr zu sehen ist. Zwischen Eierkarton und gr\u00fcnem Papier legt man nun dicht an dicht einiger der wei\u00dfen Seidenpapier-Bl\u00fctenbl\u00e4tter und fixiert diese, in dem man diese mit dem Maskingtape eng umwickelt.<\/p>\n<p style=\"text-align: center;\"><a href=\"http:\/\/www.sabine-seyffert.de\/blog\/wp-content\/uploads\/2018\/02\/Bastelidee-Schneegl\u00f6ckchen-5.jpg\"><img loading=\"lazy\" decoding=\"async\" class=\"alignnone size-full wp-image-11848\" src=\"http:\/\/www.sabine-seyffert.de\/blog\/wp-content\/uploads\/2018\/02\/Bastelidee-Schneegl\u00f6ckchen-5.jpg\" alt=\"\" width=\"800\" height=\"600\" srcset=\"https:\/\/www.sabine-seyffert.de\/blog\/wp-content\/uploads\/2018\/02\/Bastelidee-Schneegl\u00f6ckchen-5.jpg 800w, https:\/\/www.sabine-seyffert.de\/blog\/wp-content\/uploads\/2018\/02\/Bastelidee-Schneegl\u00f6ckchen-5-300x225.jpg 300w, https:\/\/www.sabine-seyffert.de\/blog\/wp-content\/uploads\/2018\/02\/Bastelidee-Schneegl\u00f6ckchen-5-768x576.jpg 768w\" sizes=\"auto, (max-width: 800px) 100vw, 800px\" \/><\/a><\/p>\n<p style=\"text-align: justify;\">Anschlie\u00dfend kann man den Draht samt Bl\u00fctenkopf in die gew\u00fcnschte Form biegen und fertig ist das Schneegl\u00f6ckchen!<\/p>\n<p style=\"text-align: center;\"><a href=\"http:\/\/www.sabine-seyffert.de\/blog\/wp-content\/uploads\/2018\/02\/Bastelidee-Schneegl\u00f6ckchen-4.jpg\"><img loading=\"lazy\" decoding=\"async\" class=\"alignnone size-full wp-image-11849\" src=\"http:\/\/www.sabine-seyffert.de\/blog\/wp-content\/uploads\/2018\/02\/Bastelidee-Schneegl\u00f6ckchen-4.jpg\" alt=\"\" width=\"800\" height=\"600\" srcset=\"https:\/\/www.sabine-seyffert.de\/blog\/wp-content\/uploads\/2018\/02\/Bastelidee-Schneegl\u00f6ckchen-4.jpg 800w, https:\/\/www.sabine-seyffert.de\/blog\/wp-content\/uploads\/2018\/02\/Bastelidee-Schneegl\u00f6ckchen-4-300x225.jpg 300w, https:\/\/www.sabine-seyffert.de\/blog\/wp-content\/uploads\/2018\/02\/Bastelidee-Schneegl\u00f6ckchen-4-768x576.jpg 768w\" sizes=\"auto, (max-width: 800px) 100vw, 800px\" \/><\/a><\/p>\n<p style=\"text-align: justify;\">Weitere Bastelideen f\u00fcr Kinder findet ihr in <a href=\"http:\/\/www.sabine-seyffert.de\/blog\/?cat=32\" target=\"_blank\" rel=\"noopener\">dieser Rubrik<\/a>, Upcycling Ideen <a href=\"http:\/\/www.sabine-seyffert.de\/blog\/?cat=47\" target=\"_blank\" rel=\"noopener\">hier<\/a>, alles zum Thema Fr\u00fchling an <a href=\"http:\/\/www.sabine-seyffert.de\/blog\/?cat=23\" target=\"_blank\" rel=\"noopener\">dieser Stelle<\/a>, kreative Sachen <a href=\"http:\/\/www.creadienstag.de\/2018\/01\/linkparty317.html\" target=\"_blank\" rel=\"noopener\">da<\/a> und mehr Gr\u00fcn <a href=\"http:\/\/naturkinder.typepad.com\/naturkinder\/2018\/02\/gruenzeug-we-love-green-stuff.html\" target=\"_blank\" rel=\"noopener\">dort<\/a>.<\/p>\n<p style=\"text-align: center;\"><a href=\"http:\/\/www.sabine-seyffert.de\/blog\/wp-content\/uploads\/2018\/02\/Bastelidee-Schneegl\u00f6ckchen-3.jpg\"><img loading=\"lazy\" decoding=\"async\" class=\"alignnone size-full wp-image-11850\" src=\"http:\/\/www.sabine-seyffert.de\/blog\/wp-content\/uploads\/2018\/02\/Bastelidee-Schneegl\u00f6ckchen-3.jpg\" alt=\"\" width=\"800\" height=\"600\" srcset=\"https:\/\/www.sabine-seyffert.de\/blog\/wp-content\/uploads\/2018\/02\/Bastelidee-Schneegl\u00f6ckchen-3.jpg 800w, https:\/\/www.sabine-seyffert.de\/blog\/wp-content\/uploads\/2018\/02\/Bastelidee-Schneegl\u00f6ckchen-3-300x225.jpg 300w, https:\/\/www.sabine-seyffert.de\/blog\/wp-content\/uploads\/2018\/02\/Bastelidee-Schneegl\u00f6ckchen-3-768x576.jpg 768w\" sizes=\"auto, (max-width: 800px) 100vw, 800px\" \/><\/a><\/p>\n<p style=\"text-align: justify;\"><a href=\"http:\/\/www.sabine-seyffert.de\/blog\/?page_id=32#urheberrecht\">urheberrechtlich gesch\u00fctzt<\/a>, \u00a9 Sabine Seyffert<\/p>\n","protected":false},"excerpt":{"rendered":"<p>Heute habe ich mal wieder eine tolle Upcycling Idee f\u00fcr euch. Im Vorgarten konnte ich bereits die ersten Schneegl\u00f6ckchen entdecken und da mir in der K\u00fcche ein Stapel alter Eierkartons in die H\u00e4nde fiel, haben wir diese kurzerhand zu einem Blumenstrau\u00df verbastelt. Ein Bastelspa\u00df f\u00fcr kleine Kinderh\u00e4nde und alle, die sich so langsam nach etwas&#8230; <a href=\"https:\/\/www.sabine-seyffert.de\/blog\/diy-basteln-mit-kindern-selbst-gemachte-fruehlingsdeko-schneegloeckchen-aus-eierkartons\/\" class=\"more-link\">Read more: DIY Basteln mit Kindern: Selbst gemachte Fr\u00fchlingsdeko \u2013 Schneegl\u00f6ckchen aus Eierkartons<\/a><\/p>\n","protected":false},"author":2,"featured_media":0,"comment_status":"open","ping_status":"open","sticky":false,"template":"","format":"standard","meta":{"_metis_text_type":"","_metis_text_length":2519,"_post_count":0,"footnotes":""},"categories":[32,23,47],"tags":[],"class_list":["post-11839","post","type-post","status-publish","format-standard","hentry","category-kreatives-fur-kleine-kinderhande","category-fruhling","category-upcyceltes"],"_links":{"self":[{"href":"https:\/\/www.sabine-seyffert.de\/blog\/wp-json\/wp\/v2\/posts\/11839","targetHints":{"allow":["GET"]}}],"collection":[{"href":"https:\/\/www.sabine-seyffert.de\/blog\/wp-json\/wp\/v2\/posts"}],"about":[{"href":"https:\/\/www.sabine-seyffert.de\/blog\/wp-json\/wp\/v2\/types\/post"}],"author":[{"embeddable":true,"href":"https:\/\/www.sabine-seyffert.de\/blog\/wp-json\/wp\/v2\/users\/2"}],"replies":[{"embeddable":true,"href":"https:\/\/www.sabine-seyffert.de\/blog\/wp-json\/wp\/v2\/comments?post=11839"}],"version-history":[{"count":4,"href":"https:\/\/www.sabine-seyffert.de\/blog\/wp-json\/wp\/v2\/posts\/11839\/revisions"}],"predecessor-version":[{"id":11871,"href":"https:\/\/www.sabine-seyffert.de\/blog\/wp-json\/wp\/v2\/posts\/11839\/revisions\/11871"}],"wp:attachment":[{"href":"https:\/\/www.sabine-seyffert.de\/blog\/wp-json\/wp\/v2\/media?parent=11839"}],"wp:term":[{"taxonomy":"category","embeddable":true,"href":"https:\/\/www.sabine-seyffert.de\/blog\/wp-json\/wp\/v2\/categories?post=11839"},{"taxonomy":"post_tag","embeddable":true,"href":"https:\/\/www.sabine-seyffert.de\/blog\/wp-json\/wp\/v2\/tags?post=11839"}],"curies":[{"name":"wp","href":"https:\/\/api.w.org\/{rel}","templated":true}]}}