{"id":11801,"date":"2018-01-27T09:22:42","date_gmt":"2018-01-27T07:22:42","guid":{"rendered":"http:\/\/www.sabine-seyffert.de\/blog\/?p=11801"},"modified":"2018-01-27T09:22:42","modified_gmt":"2018-01-27T07:22:42","slug":"leben-mit-kindern-wenn-ich-morgens-frueh-aufstehe-von-morgenmuffeln-fruehem-aufstehen","status":"publish","type":"post","link":"https:\/\/www.sabine-seyffert.de\/blog\/leben-mit-kindern-wenn-ich-morgens-frueh-aufstehe-von-morgenmuffeln-fruehem-aufstehen\/","title":{"rendered":"Leben mit Kindern: Wenn ich morgens fr\u00fch aufstehe\u2026 Von Morgenmuffeln &#038; fr\u00fchem Aufstehen"},"content":{"rendered":"<p style=\"text-align: justify;\"><img loading=\"lazy\" decoding=\"async\" src=\"https:\/\/ssl-vg03.met.vgwort.de\/na\/006cc25e66c54f089e3b336af9aaded8\" alt=\"\" width=\"1\" height=\"1\" \/>Vor ein paar Tagen erz\u00e4hlte eine Freundin von dem morgendlichen \u201eKampf\u201c die Kinder zu wecken. Mehr als 30 Minuten lang w\u00fcrde sie ben\u00f6tigen ihre Tochter aus dem Bett zu bekommen. Auch bei anderen Familien liegen bereits am fr\u00fchen Morgen die Nerven blank. Lustigerweise gibt es zwar unz\u00e4hlige Ratgeber und B\u00fccher zum Thema \u201eEinschlafen\u201c, aber mir ist kein einziges Werk bekannt, in dem es um das Aufstehen und die damit verbundenen Probleme geht.<br \/>\nW\u00e4hrend der eine von uns bereits kurz bevor der Wecker klingelt gut gelaunt aus den Federn h\u00fcpft, dreht sich ein anderer noch zigfach um und mag einfach nicht wach werden.<br \/>\nEin Patentrezept f\u00fcr das morgendliche Aufstehen kann ich euch zwar auch nicht liefern, aber allerhand Erfahrungen in unserem Familienleben mit vier Kindern. Vielleicht ist der ein oder andere Tipp f\u00fcr euch ja hilfreich.<\/p>\n<p style=\"text-align: center;\"><a href=\"http:\/\/www.sabine-seyffert.de\/blog\/wp-content\/uploads\/2018\/01\/Aufstehen-2.jpg\"><img loading=\"lazy\" decoding=\"async\" class=\"alignnone size-full wp-image-11802\" src=\"http:\/\/www.sabine-seyffert.de\/blog\/wp-content\/uploads\/2018\/01\/Aufstehen-2.jpg\" alt=\"\" width=\"800\" height=\"600\" srcset=\"https:\/\/www.sabine-seyffert.de\/blog\/wp-content\/uploads\/2018\/01\/Aufstehen-2.jpg 800w, https:\/\/www.sabine-seyffert.de\/blog\/wp-content\/uploads\/2018\/01\/Aufstehen-2-300x225.jpg 300w, https:\/\/www.sabine-seyffert.de\/blog\/wp-content\/uploads\/2018\/01\/Aufstehen-2-768x576.jpg 768w\" sizes=\"auto, (max-width: 800px) 100vw, 800px\" \/><\/a><\/p>\n<p style=\"text-align: justify;\"><strong>Ein neuer Tag beginnt<\/strong><br \/>\nMorgens aufzustehen bereitet vielen Kindern wenig Freude. Wahre Morgenmuffel brauchen ihre Zeit um wach zu werden. Vielleicht hilft etwas gute Laune, denn die ist ja bekanntlich anstecken. Wenn ihr morgens ein fr\u00f6hliches \u201eGuten Morgen\u201c ins Kinderzimmer schmettert, steckt dies vielleicht den einen oder anderen Miesepeter an.<\/p>\n<p style=\"text-align: justify;\"><strong>Bin ich aufgewacht und die Sonne lacht&#8230;<\/strong><br \/>\nSingt ihr gerne? Singen kann hervorragend schlechte Laune am Morgen vertreiben. Und wenn ihr noch ein tolles Aufwecklied kennen, das des Tag einl\u00e4utet \u2013 noch viel besser!<br \/>\nMeine j\u00fcngste Tochter liebt Musik. Und gerade in den ersten Wochen, die sie auf der Welt war, begann sie den Morgen mit Geschrei. In solchen F\u00e4llen hat ein kleines Lied oftmals wahre Wunder bewirkt.<\/p>\n<p style=\"text-align: center;\"><a href=\"http:\/\/www.sabine-seyffert.de\/blog\/wp-content\/uploads\/2018\/01\/Aufstehen-5.jpg\"><img loading=\"lazy\" decoding=\"async\" class=\"alignnone size-full wp-image-11803\" src=\"http:\/\/www.sabine-seyffert.de\/blog\/wp-content\/uploads\/2018\/01\/Aufstehen-5.jpg\" alt=\"\" width=\"600\" height=\"800\" srcset=\"https:\/\/www.sabine-seyffert.de\/blog\/wp-content\/uploads\/2018\/01\/Aufstehen-5.jpg 600w, https:\/\/www.sabine-seyffert.de\/blog\/wp-content\/uploads\/2018\/01\/Aufstehen-5-225x300.jpg 225w\" sizes=\"auto, (max-width: 600px) 100vw, 600px\" \/><\/a><\/p>\n<p style=\"text-align: justify;\"><strong>Kleines Morgenkonzert<\/strong><br \/>\nEs ist mittlerweile lang her, aber ich erinnere mich noch sehr gut daran: Auf einer Ferienfreizeit wurden wir morgens von den Betreuern geweckt. Dabei f\u00e4llt es gerade nach geselligen Abenden sehr schwer aufzustehen. So haben die Betreuer sich samt Gitarren auf dem Flur platziert, alle Zimmert\u00fcren der Jugendherberge ge\u00f6ffnet und gemeinsam musiziert!<br \/>\nNat\u00fcrlich ist im Alltag nicht immer Zeit f\u00fcr so etwas, aber wenn man bedenkt wie lange man oftmals braucht ein Kind zu wecken, macht es ein kleines Lied auf der Gitarre o.\u00e4. auch nicht schwieriger. Alternativ tut es sicher auch lustige Musik aus dem Rekorder \u2013 eine praktische Alternative f\u00fcr alle, die nicht selbst singen m\u00f6chten!<\/p>\n<p style=\"text-align: justify;\"><strong>Ein total verr\u00fcckter Morgen<\/strong><br \/>\nWarum nicht mal einen Tag mit verr\u00fcckten Ideen beginnen. Spiel und Spa\u00df lieben die Kinder und vor allen Dingen, macht ein lustiges Lachen vieles leichter. So mit Sicherheit auch das Aufstehen! Also stellt euch vor, es ist ein ganz verr\u00fcckter Morgen. Ihr geht ins Kinderzimmer und ruft: \u201eGuten Morgen, aufstehen Ihr Lieben!\u201c Na, tut sich was? Nein? Dann probiert es doch mal auf Englisch, Franz\u00f6sisch oder einer Phantasiesprache! Brummt wie ein B\u00e4r, lispelt das \u201eGuten Morgen\u201c, stottert, die Kinder m\u00f6gen bitte aufstehen, singt, fl\u00fcstert oder meckert es wie eine Ziege&#8230; Das macht allem riesigen Spa\u00df und vor allen Dingen macht dieses Herumbl\u00f6deln mit Sicherheit alle Familienmitglieder hellwach!<\/p>\n<p style=\"text-align: center;\"><a href=\"http:\/\/www.sabine-seyffert.de\/blog\/wp-content\/uploads\/2018\/01\/Aufstehen-3.jpg\"><img loading=\"lazy\" decoding=\"async\" class=\"alignnone size-full wp-image-11804\" src=\"http:\/\/www.sabine-seyffert.de\/blog\/wp-content\/uploads\/2018\/01\/Aufstehen-3.jpg\" alt=\"\" width=\"800\" height=\"600\" srcset=\"https:\/\/www.sabine-seyffert.de\/blog\/wp-content\/uploads\/2018\/01\/Aufstehen-3.jpg 800w, https:\/\/www.sabine-seyffert.de\/blog\/wp-content\/uploads\/2018\/01\/Aufstehen-3-300x225.jpg 300w, https:\/\/www.sabine-seyffert.de\/blog\/wp-content\/uploads\/2018\/01\/Aufstehen-3-768x576.jpg 768w\" sizes=\"auto, (max-width: 800px) 100vw, 800px\" \/><\/a><\/p>\n<p style=\"text-align: justify;\"><strong>Aufgepasst, das Kitzelmonster geht um<\/strong><br \/>\nKennt ihr das Kitzelmonster? Ein freches, ungest\u00fcmes Monster das nur Quatsch im Kopf hat. Am liebsten kitzelt es nat\u00fcrlich. Mit Vorliebe Kinder, die zu m\u00fcde zum Aufstehen sind. Erst zwickt und zwackt, das kleine Kitzelmonster, mal hier dann dort. Immer mehr und mehr &#8230; Bis die Kinder vor lauter Lachen mit einem Mal hellwach sind!<\/p>\n<p style=\"text-align: justify;\"><strong>Es war einmal eine Prinzessin Dornr\u00f6schen&#8230;<\/strong><br \/>\nWelches M\u00e4dchen w\u00fcnscht sich nicht mal eine richtige Prinzessin zu sein, wie im M\u00e4rchen? Wie w\u00e4re es mit Dornr\u00f6schen. Die hat 100 lange Jahre geschlafen und war daher mit Sicherheit genau so m\u00fcde, wie eure Lieben, die mal wieder gar nicht wach zu kriegen sind. Lasst die Kinder zu kleinen Prinzessinnen werden, die ausgiebig wach gek\u00fcsst werden m\u00fcssen. Jede Stelle, die noch m\u00fcde ist wird mit einem Gute Morgen Kuss geweckt \u2013 einfach zauberhaft!<\/p>\n<p style=\"text-align: justify;\"><strong> Guten Morgen, aufgewacht!<\/strong><br \/>\nWenn es nicht gerade Winter ist und es morgens heller ist, dann wirkt es wahre Wunder die Sonne einmal \u201eherein\u201c zu lassen. Dann hei\u00dft es Vorh\u00e4nge zur Seite (oder Rollos hoch), Fenster weit auf und ein fr\u00f6hliches \u201eGuten Morgen, aufgewacht! Aufgewacht, die Sonne lacht!\u201c So f\u00e4llt es einem wirklich leichter aus dem Bett zu springen und sich auf den Tag zu freuen. Wenn es drau\u00dfen in Str\u00f6men regnet, ist dies nat\u00fcrlich nicht so verlockend und man sollte eher zu einer anderen Aufweckidee greifen!<\/p>\n<p style=\"text-align: center;\"><a href=\"http:\/\/www.sabine-seyffert.de\/blog\/wp-content\/uploads\/2018\/01\/Aufstehen-4.jpg\"><img loading=\"lazy\" decoding=\"async\" class=\"alignnone size-full wp-image-11805\" src=\"http:\/\/www.sabine-seyffert.de\/blog\/wp-content\/uploads\/2018\/01\/Aufstehen-4.jpg\" alt=\"\" width=\"600\" height=\"800\" srcset=\"https:\/\/www.sabine-seyffert.de\/blog\/wp-content\/uploads\/2018\/01\/Aufstehen-4.jpg 600w, https:\/\/www.sabine-seyffert.de\/blog\/wp-content\/uploads\/2018\/01\/Aufstehen-4-225x300.jpg 225w\" sizes=\"auto, (max-width: 600px) 100vw, 600px\" \/><\/a><\/p>\n<p style=\"text-align: justify;\"><strong>Ein Wecker wirkt wunder<\/strong><br \/>\nEs gab mal Zeiten, da wirkte bei unseren Kindern leider nichts was das Aufstehen beschleunigen konnte. Bis wir f\u00fcr die Kinder einen Wecker angeschafft haben. Und siehe da, das Aufstehen war kein Problem mehr.<br \/>\n<strong>Kleiner Tipp:<\/strong><br \/>\nF\u00fcr diejenigen, denen selbst der Wecker beim Aufstehen nicht hilft: Der Wecker wird am Abend gestellt und ein anderer versteckt ihn im Zimmer. Damit das \u201eSummen\u201c einem nicht den letzten Nerv t\u00f6tet hilft nur eins \u2013 schnell aus dem Bett und den Wecker suchen&#8230;<\/p>\n<p style=\"text-align: justify;\"><strong>Wer ist als Erster fertig?<\/strong><br \/>\nManchmal findet ein Wettstreit gro\u00dfen Anklang. Nicht immer, aber ab und an ist dies sicher ein Trick kleine Morgenmuffel dazu zu bekommen, sich zu beeilen. Vielleicht weckt ihr die kleine Rasselbande mal mit den Worten: \u201eWer als erstes angezogen am Tisch sitzt darf sich das gr\u00f6\u00dfte H\u00f6rnchen aussuchen!\u201c Sollte das zu Streitigkeiten f\u00fchren (die man so fr\u00fch am Morgen so gar nicht gebrauchen kann) schaffen Sie andere Anreize. Wer als erstes fertig ist, darf die Kerze am Tisch anz\u00fcnden, die Lieblingsmarmelade auf den Tisch stellen, die Haust\u00fcr auf dem Weg zum Kindergarten \/ Schule abschlie\u00dfen o.\u00e4.<\/p>\n<p style=\"text-align: justify;\"><strong>Kleine Morgengymnastik um alle aufzuwecken<\/strong><br \/>\nBei unseren Kindern gab es ein tolles Kinderlied, das hier wirklich ein Hit war. Es begann so: \u201eHallo und guten Morgen, so beginnt bei uns der Tag, ich mach euch das mal vor und wer will macht\u2019s nach &#8230;\u201c<br \/>\nDieses Lied kann man hervorragend umdichten und beliebig erweitern. So k\u00f6nnte man beispielsweise eine nette Fr\u00fchgymnastik daraus entstehen lassen.<br \/>\nDerjenige, der das Lied anstimmt macht gleich im Anschluss eine Bewegung vor. Zum Beispiel sich Recken und Strecken. Alle anderen machen mit, das ist ja klar. Dann ist der n\u00e4chste an der Reihe und \u00fcberlegt, wie man die M\u00fcdigkeit am besten vertreiben kann (G\u00e4hnen, H\u00fcpfen, sich gegenseitig wachkitzeln etc.). Wieder machen alle mit. Bis schlie\u00dflich jeder einmal an der Reihe war und jeder putzmunter ist.<\/p>\n<p style=\"text-align: center;\"><a href=\"http:\/\/www.sabine-seyffert.de\/blog\/wp-content\/uploads\/2018\/01\/Aufstehen-1.jpg\"><img loading=\"lazy\" decoding=\"async\" class=\"alignnone size-full wp-image-11806\" src=\"http:\/\/www.sabine-seyffert.de\/blog\/wp-content\/uploads\/2018\/01\/Aufstehen-1.jpg\" alt=\"\" width=\"800\" height=\"600\" srcset=\"https:\/\/www.sabine-seyffert.de\/blog\/wp-content\/uploads\/2018\/01\/Aufstehen-1.jpg 800w, https:\/\/www.sabine-seyffert.de\/blog\/wp-content\/uploads\/2018\/01\/Aufstehen-1-300x225.jpg 300w, https:\/\/www.sabine-seyffert.de\/blog\/wp-content\/uploads\/2018\/01\/Aufstehen-1-768x576.jpg 768w\" sizes=\"auto, (max-width: 800px) 100vw, 800px\" \/><\/a><\/p>\n<p style=\"text-align: justify;\">Wie sieht es denn bei euch aus \u2013 l\u00e4uft das Wecken in der Fr\u00fch ganz einfach und harmonisch ab oder gibt es hierbei auch Reibereien?<\/p>\n<p style=\"text-align: justify;\">Weitere Artikel zum Leben mit Kindern findet ihr in der <a href=\"http:\/\/www.sabine-seyffert.de\/blog\/?cat=52\" target=\"_blank\" rel=\"noopener\">Rubrik Familie<\/a>.<\/p>\n<p style=\"text-align: justify;\">Ein ganz herzlicher Dank an meine liebe Kollegin <a href=\"http:\/\/susanne-krauss.de\/\" target=\"_blank\" rel=\"noopener\">Susanne Krauss<\/a>, die mir erlaubt hat ihre Illustrationen aus unseren gemeinsamen Bilderb\u00fcchern zu verwenden \ud83d\ude42<\/p>\n<p style=\"text-align: justify;\"><a href=\"http:\/\/www.sabine-seyffert.de\/blog\/?page_id=32#urheberrecht\">urheberrechtlich gesch\u00fctzt<\/a>, \u00a9 Sabine Seyffert<\/p>\n","protected":false},"excerpt":{"rendered":"<p>Vor ein paar Tagen erz\u00e4hlte eine Freundin von dem morgendlichen \u201eKampf\u201c die Kinder zu wecken. Mehr als 30 Minuten lang w\u00fcrde sie ben\u00f6tigen ihre Tochter aus dem Bett zu bekommen. Auch bei anderen Familien liegen bereits am fr\u00fchen Morgen die Nerven blank. Lustigerweise gibt es zwar unz\u00e4hlige Ratgeber und B\u00fccher zum Thema \u201eEinschlafen\u201c, aber mir&#8230; <a href=\"https:\/\/www.sabine-seyffert.de\/blog\/leben-mit-kindern-wenn-ich-morgens-frueh-aufstehe-von-morgenmuffeln-fruehem-aufstehen\/\" class=\"more-link\">Read more: Leben mit Kindern: Wenn ich morgens fr\u00fch aufstehe\u2026 Von Morgenmuffeln &#038; fr\u00fchem Aufstehen<\/a><\/p>\n","protected":false},"author":2,"featured_media":0,"comment_status":"open","ping_status":"open","sticky":false,"template":"","format":"standard","meta":{"_metis_text_type":"","_metis_text_length":6771,"_post_count":0,"footnotes":""},"categories":[52,10],"tags":[],"class_list":["post-11801","post","type-post","status-publish","format-standard","hentry","category-familie","category-spiel-spas"],"_links":{"self":[{"href":"https:\/\/www.sabine-seyffert.de\/blog\/wp-json\/wp\/v2\/posts\/11801","targetHints":{"allow":["GET"]}}],"collection":[{"href":"https:\/\/www.sabine-seyffert.de\/blog\/wp-json\/wp\/v2\/posts"}],"about":[{"href":"https:\/\/www.sabine-seyffert.de\/blog\/wp-json\/wp\/v2\/types\/post"}],"author":[{"embeddable":true,"href":"https:\/\/www.sabine-seyffert.de\/blog\/wp-json\/wp\/v2\/users\/2"}],"replies":[{"embeddable":true,"href":"https:\/\/www.sabine-seyffert.de\/blog\/wp-json\/wp\/v2\/comments?post=11801"}],"version-history":[{"count":5,"href":"https:\/\/www.sabine-seyffert.de\/blog\/wp-json\/wp\/v2\/posts\/11801\/revisions"}],"predecessor-version":[{"id":11811,"href":"https:\/\/www.sabine-seyffert.de\/blog\/wp-json\/wp\/v2\/posts\/11801\/revisions\/11811"}],"wp:attachment":[{"href":"https:\/\/www.sabine-seyffert.de\/blog\/wp-json\/wp\/v2\/media?parent=11801"}],"wp:term":[{"taxonomy":"category","embeddable":true,"href":"https:\/\/www.sabine-seyffert.de\/blog\/wp-json\/wp\/v2\/categories?post=11801"},{"taxonomy":"post_tag","embeddable":true,"href":"https:\/\/www.sabine-seyffert.de\/blog\/wp-json\/wp\/v2\/tags?post=11801"}],"curies":[{"name":"wp","href":"https:\/\/api.w.org\/{rel}","templated":true}]}}