{"id":11689,"date":"2018-01-09T06:42:43","date_gmt":"2018-01-09T04:42:43","guid":{"rendered":"http:\/\/www.sabine-seyffert.de\/blog\/?p=11689"},"modified":"2018-01-09T06:42:43","modified_gmt":"2018-01-09T04:42:43","slug":"diy-basteln-upcycling-mit-kindern-ein-leuchtender-schneemann-wir-basteln-ein-windlicht","status":"publish","type":"post","link":"https:\/\/www.sabine-seyffert.de\/blog\/diy-basteln-upcycling-mit-kindern-ein-leuchtender-schneemann-wir-basteln-ein-windlicht\/","title":{"rendered":"DIY Basteln &#038; Upcycling mit Kindern: Ein leuchtender Schneemann \u2013 wir basteln ein Windlicht"},"content":{"rendered":"<p style=\"text-align: justify;\"><img loading=\"lazy\" decoding=\"async\" src=\"https:\/\/ssl-vg03.met.vgwort.de\/na\/371388d47d6d49c9a7449ae703cde811\" alt=\"\" width=\"1\" height=\"1\" \/>Wer findet, dass der Winter ungem\u00fctlich ist? Der sollte sich vielleicht an folgender Bastelidee einmal probieren. Denn mit diesem s\u00fc\u00dfen Schneemann kommt ein warmes Leuchten auf. Der wei\u00dfe Kerl strahlt mit dem winterwei\u00dfen Schnee um die Wette und verbreitet in den vier W\u00e4nden hellen Lichterglanz, der f\u00fcr Wohlbefinden und reichlich Gem\u00fctlichkeit sorgt.<br \/>\nSchon allein der kecke Blick ist zu sch\u00f6n! Vor allen Dingen aber werden die Kinder diesen Schneemann lieben, denn er schmilzt nicht. Selbst wenn er drinnen im warmen Wohnzimmer in Heizungsn\u00e4he steht.<\/p>\n<p style=\"text-align: center;\"><a href=\"http:\/\/www.sabine-seyffert.de\/blog\/wp-content\/uploads\/2018\/01\/Schneemann-Windlicht.jpg\"><img loading=\"lazy\" decoding=\"async\" class=\"alignnone size-full wp-image-11690\" src=\"http:\/\/www.sabine-seyffert.de\/blog\/wp-content\/uploads\/2018\/01\/Schneemann-Windlicht.jpg\" alt=\"\" width=\"600\" height=\"800\" srcset=\"https:\/\/www.sabine-seyffert.de\/blog\/wp-content\/uploads\/2018\/01\/Schneemann-Windlicht.jpg 600w, https:\/\/www.sabine-seyffert.de\/blog\/wp-content\/uploads\/2018\/01\/Schneemann-Windlicht-225x300.jpg 225w\" sizes=\"auto, (max-width: 600px) 100vw, 600px\" \/><\/a><\/p>\n<p style=\"text-align: justify;\"><strong>Das wird gebraucht:<\/strong><br \/>\nEin gr\u00f6\u00dferes, leeres Marmeladenglas, wei\u00dfes Seidenpapier, etwas Tapetenkleister Pulver, eine wasserfeste Bastelunterlage, schwarzen Tonkarton, eine Bastelschere, Klebstoff, ein kleines St\u00fcck orangefarbenes Papier, ein Teelicht<\/p>\n<p style=\"text-align: center;\"><a href=\"http:\/\/www.sabine-seyffert.de\/blog\/wp-content\/uploads\/2018\/01\/Schneemann-Windlicht-10.jpg\"><img loading=\"lazy\" decoding=\"async\" class=\"alignnone size-full wp-image-11691\" src=\"http:\/\/www.sabine-seyffert.de\/blog\/wp-content\/uploads\/2018\/01\/Schneemann-Windlicht-10.jpg\" alt=\"\" width=\"800\" height=\"600\" srcset=\"https:\/\/www.sabine-seyffert.de\/blog\/wp-content\/uploads\/2018\/01\/Schneemann-Windlicht-10.jpg 800w, https:\/\/www.sabine-seyffert.de\/blog\/wp-content\/uploads\/2018\/01\/Schneemann-Windlicht-10-300x225.jpg 300w, https:\/\/www.sabine-seyffert.de\/blog\/wp-content\/uploads\/2018\/01\/Schneemann-Windlicht-10-768x576.jpg 768w\" sizes=\"auto, (max-width: 800px) 100vw, 800px\" \/><\/a><\/p>\n<p style=\"text-align: justify;\"><strong>So wird\u2019s gemacht:<\/strong><br \/>\nLeere Marmeladengl\u00e4ser werden bei uns stets gesammelt. Wenn man diese nicht braucht um selbst gemachte Marmelade darin aufzubewahren, dann sind diese zum Verpacken oder auch zum Basteln immer bestens geeignet. So wie f\u00fcr dieses selbst gemachte Windlicht. Das Glas sollte so gro\u00df sein, dass auf jeden Fall eine Kerze hinein passt.<\/p>\n<p style=\"text-align: center;\"><a href=\"http:\/\/www.sabine-seyffert.de\/blog\/wp-content\/uploads\/2018\/01\/Schneemann-Windlicht-9.jpg\"><img loading=\"lazy\" decoding=\"async\" class=\"alignnone size-full wp-image-11692\" src=\"http:\/\/www.sabine-seyffert.de\/blog\/wp-content\/uploads\/2018\/01\/Schneemann-Windlicht-9.jpg\" alt=\"\" width=\"800\" height=\"600\" srcset=\"https:\/\/www.sabine-seyffert.de\/blog\/wp-content\/uploads\/2018\/01\/Schneemann-Windlicht-9.jpg 800w, https:\/\/www.sabine-seyffert.de\/blog\/wp-content\/uploads\/2018\/01\/Schneemann-Windlicht-9-300x225.jpg 300w, https:\/\/www.sabine-seyffert.de\/blog\/wp-content\/uploads\/2018\/01\/Schneemann-Windlicht-9-768x576.jpg 768w\" sizes=\"auto, (max-width: 800px) 100vw, 800px\" \/><\/a><\/p>\n<p style=\"text-align: justify;\">In einem kleinen Gef\u00e4\u00df (wie w\u00e4re es mit einem weiteren Marmeladenglas, darin kann man den anger\u00fchrten Tapetenkleister problemlos lange Zeit aufbewahren!) r\u00fchrt man mit lauwarmen Leitungswasser etwas Tapetenkleister zu einem z\u00e4hfl\u00fcssigen Brei.<\/p>\n<p style=\"text-align: center;\"><a href=\"http:\/\/www.sabine-seyffert.de\/blog\/wp-content\/uploads\/2018\/01\/Schneemann-Windlicht-8.jpg\"><img loading=\"lazy\" decoding=\"async\" class=\"alignnone size-full wp-image-11693\" src=\"http:\/\/www.sabine-seyffert.de\/blog\/wp-content\/uploads\/2018\/01\/Schneemann-Windlicht-8.jpg\" alt=\"\" width=\"800\" height=\"600\" srcset=\"https:\/\/www.sabine-seyffert.de\/blog\/wp-content\/uploads\/2018\/01\/Schneemann-Windlicht-8.jpg 800w, https:\/\/www.sabine-seyffert.de\/blog\/wp-content\/uploads\/2018\/01\/Schneemann-Windlicht-8-300x225.jpg 300w, https:\/\/www.sabine-seyffert.de\/blog\/wp-content\/uploads\/2018\/01\/Schneemann-Windlicht-8-768x576.jpg 768w\" sizes=\"auto, (max-width: 800px) 100vw, 800px\" \/><\/a><\/p>\n<p style=\"text-align: justify;\">Aufgepasst, der Kleister dickt nach \u2013 also besser ein paar Minuten ruhen lassen und bei Bedarf lieber sp\u00e4ter noch etwas Pulver hinzugeben, falls der Brei zu d\u00fcnnfl\u00fcssig sein sollte.<\/p>\n<p style=\"text-align: center;\"><a href=\"http:\/\/www.sabine-seyffert.de\/blog\/wp-content\/uploads\/2018\/01\/Schneemann-Windlicht-7.jpg\"><img loading=\"lazy\" decoding=\"async\" class=\"alignnone size-full wp-image-11694\" src=\"http:\/\/www.sabine-seyffert.de\/blog\/wp-content\/uploads\/2018\/01\/Schneemann-Windlicht-7.jpg\" alt=\"\" width=\"800\" height=\"600\" srcset=\"https:\/\/www.sabine-seyffert.de\/blog\/wp-content\/uploads\/2018\/01\/Schneemann-Windlicht-7.jpg 800w, https:\/\/www.sabine-seyffert.de\/blog\/wp-content\/uploads\/2018\/01\/Schneemann-Windlicht-7-300x225.jpg 300w, https:\/\/www.sabine-seyffert.de\/blog\/wp-content\/uploads\/2018\/01\/Schneemann-Windlicht-7-768x576.jpg 768w\" sizes=\"auto, (max-width: 800px) 100vw, 800px\" \/><\/a><\/p>\n<p style=\"text-align: justify;\">Zum Bekleben braucht man ein kleines St\u00fcck Seidenpapier. In der Regel reichen 1-2 Schichten vollkommen aus. Das Papier kann man dazu in kleinere St\u00fccke schneiden, dann das Glas mit Kleister einstreichen und das Papier gr\u00fcndlich auf dem Kleister glatt streichen. Sind keine freien Stellen mehr zu sehen, l\u00e4sst man das Glas an einem warmen Ort trocknen.<\/p>\n<p style=\"text-align: center;\"><a href=\"http:\/\/www.sabine-seyffert.de\/blog\/wp-content\/uploads\/2018\/01\/Schneemann-Windlicht-11.jpg\"><img loading=\"lazy\" decoding=\"async\" class=\"alignnone size-full wp-image-11695\" src=\"http:\/\/www.sabine-seyffert.de\/blog\/wp-content\/uploads\/2018\/01\/Schneemann-Windlicht-11.jpg\" alt=\"\" width=\"600\" height=\"800\" srcset=\"https:\/\/www.sabine-seyffert.de\/blog\/wp-content\/uploads\/2018\/01\/Schneemann-Windlicht-11.jpg 600w, https:\/\/www.sabine-seyffert.de\/blog\/wp-content\/uploads\/2018\/01\/Schneemann-Windlicht-11-225x300.jpg 225w\" sizes=\"auto, (max-width: 600px) 100vw, 600px\" \/><\/a><\/p>\n<p style=\"text-align: justify;\">Anschlie\u00dfend bekommt der Schneemann nat\u00fcrlich noch ein Gesicht aus Kohlenst\u00fcckchen und einer gro\u00dfen Karotte, daf\u00fcr schneidet man das Papier in die gew\u00fcnschten Formen und klebt diese mit normalem Kleber auf.<\/p>\n<p style=\"text-align: center;\"><a href=\"http:\/\/www.sabine-seyffert.de\/blog\/wp-content\/uploads\/2018\/01\/Schneemann-Windlicht-6.jpg\"><img loading=\"lazy\" decoding=\"async\" class=\"alignnone size-full wp-image-11696\" src=\"http:\/\/www.sabine-seyffert.de\/blog\/wp-content\/uploads\/2018\/01\/Schneemann-Windlicht-6.jpg\" alt=\"\" width=\"800\" height=\"600\" srcset=\"https:\/\/www.sabine-seyffert.de\/blog\/wp-content\/uploads\/2018\/01\/Schneemann-Windlicht-6.jpg 800w, https:\/\/www.sabine-seyffert.de\/blog\/wp-content\/uploads\/2018\/01\/Schneemann-Windlicht-6-300x225.jpg 300w, https:\/\/www.sabine-seyffert.de\/blog\/wp-content\/uploads\/2018\/01\/Schneemann-Windlicht-6-768x576.jpg 768w\" sizes=\"auto, (max-width: 800px) 100vw, 800px\" \/><\/a><\/p>\n<p style=\"text-align: justify;\">Au\u00dferdem bastelt man dem Schneemann noch einen Hut. Daf\u00fcr ben\u00f6tigt man einen gro\u00dfen Kreis mit einer \u00d6ffnung Innen. Der Innere Kreis sollte genau so gro\u00df sein, dass man den Rand des Marmeladenglases hindurch stecken kann. So hab man bereits die Hutkrempe.<\/p>\n<p style=\"text-align: center;\"><a href=\"http:\/\/www.sabine-seyffert.de\/blog\/wp-content\/uploads\/2018\/01\/Schneemann-Windlicht-5.jpg\"><img loading=\"lazy\" decoding=\"async\" class=\"alignnone size-full wp-image-11697\" src=\"http:\/\/www.sabine-seyffert.de\/blog\/wp-content\/uploads\/2018\/01\/Schneemann-Windlicht-5.jpg\" alt=\"\" width=\"800\" height=\"600\" srcset=\"https:\/\/www.sabine-seyffert.de\/blog\/wp-content\/uploads\/2018\/01\/Schneemann-Windlicht-5.jpg 800w, https:\/\/www.sabine-seyffert.de\/blog\/wp-content\/uploads\/2018\/01\/Schneemann-Windlicht-5-300x225.jpg 300w, https:\/\/www.sabine-seyffert.de\/blog\/wp-content\/uploads\/2018\/01\/Schneemann-Windlicht-5-768x576.jpg 768w\" sizes=\"auto, (max-width: 800px) 100vw, 800px\" \/><\/a><\/p>\n<p style=\"text-align: justify;\">F\u00fcr den oberen Teil ben\u00f6tigt man einen l\u00e4ngeren, schwarzen Papierstreifen, den man hochkant um den Glasrand wickelt. Das Ende klebt man gut fest, alternativ kann man diese aus zusammen tackern, das geht schneller. Jetzt fehlt nur noch ein Teelicht Innen und das winterliche Leuchten kann beginnen!<\/p>\n<p style=\"text-align: center;\"><a href=\"http:\/\/www.sabine-seyffert.de\/blog\/wp-content\/uploads\/2018\/01\/Schneemann-Windlicht-1.jpg\"><img loading=\"lazy\" decoding=\"async\" class=\"alignnone size-full wp-image-11698\" src=\"http:\/\/www.sabine-seyffert.de\/blog\/wp-content\/uploads\/2018\/01\/Schneemann-Windlicht-1.jpg\" alt=\"\" width=\"600\" height=\"800\" srcset=\"https:\/\/www.sabine-seyffert.de\/blog\/wp-content\/uploads\/2018\/01\/Schneemann-Windlicht-1.jpg 600w, https:\/\/www.sabine-seyffert.de\/blog\/wp-content\/uploads\/2018\/01\/Schneemann-Windlicht-1-225x300.jpg 225w\" sizes=\"auto, (max-width: 600px) 100vw, 600px\" \/><\/a><\/p>\n<p style=\"text-align: justify;\"><strong>Ein kleiner Tipp:<\/strong><br \/>\nUnser Schneemann hat noch ein paar Schneeflocken auf den Hut bekommen. Diese kann man mit einem wei\u00dfen Lackstift auftupfen oder auch mit einem Motivlocher Eiskristalle ausstanzen und aufkleben.<\/p>\n<p style=\"text-align: center;\"><a href=\"http:\/\/www.sabine-seyffert.de\/blog\/wp-content\/uploads\/2018\/01\/Schneemann-Windlicht-4.jpg\"><img loading=\"lazy\" decoding=\"async\" class=\"alignnone size-full wp-image-11699\" src=\"http:\/\/www.sabine-seyffert.de\/blog\/wp-content\/uploads\/2018\/01\/Schneemann-Windlicht-4.jpg\" alt=\"\" width=\"600\" height=\"800\" srcset=\"https:\/\/www.sabine-seyffert.de\/blog\/wp-content\/uploads\/2018\/01\/Schneemann-Windlicht-4.jpg 600w, https:\/\/www.sabine-seyffert.de\/blog\/wp-content\/uploads\/2018\/01\/Schneemann-Windlicht-4-225x300.jpg 225w\" sizes=\"auto, (max-width: 600px) 100vw, 600px\" \/><\/a><\/p>\n<p style=\"text-align: justify;\">Weitere Bastelideen f\u00fcr Kinder gibt es in <a href=\"http:\/\/www.sabine-seyffert.de\/blog\/?cat=32\" target=\"_blank\" rel=\"noopener\">dieser Rubrik<\/a>, Deko Ideen dort, Upcyceltes <a href=\"http:\/\/www.sabine-seyffert.de\/blog\/?cat=47\" target=\"_blank\" rel=\"noopener\">hier<\/a>, alles zum Thema Winter an <a href=\"http:\/\/www.sabine-seyffert.de\/blog\/?cat=22\" target=\"_blank\" rel=\"noopener\">dieser Stelle<\/a> und andere kreative Sachen <a href=\"http:\/\/www.creadienstag.de\/2018\/01\/linkparty313.html\" target=\"_blank\" rel=\"noopener\">da<\/a>.<br \/>\n<a href=\"http:\/\/www.sabine-seyffert.de\/blog\/?page_id=32#urheberrecht\">urheberrechtlich gesch\u00fctzt<\/a>, \u00a9 Sabine Seyffert<\/p>\n","protected":false},"excerpt":{"rendered":"<p>Wer findet, dass der Winter ungem\u00fctlich ist? Der sollte sich vielleicht an folgender Bastelidee einmal probieren. Denn mit diesem s\u00fc\u00dfen Schneemann kommt ein warmes Leuchten auf. Der wei\u00dfe Kerl strahlt mit dem winterwei\u00dfen Schnee um die Wette und verbreitet in den vier W\u00e4nden hellen Lichterglanz, der f\u00fcr Wohlbefinden und reichlich Gem\u00fctlichkeit sorgt. Schon allein der&#8230; <a href=\"https:\/\/www.sabine-seyffert.de\/blog\/diy-basteln-upcycling-mit-kindern-ein-leuchtender-schneemann-wir-basteln-ein-windlicht\/\" class=\"more-link\">Read more: DIY Basteln &#038; Upcycling mit Kindern: Ein leuchtender Schneemann \u2013 wir basteln ein Windlicht<\/a><\/p>\n","protected":false},"author":2,"featured_media":0,"comment_status":"open","ping_status":"open","sticky":false,"template":"","format":"standard","meta":{"_metis_text_type":"","_metis_text_length":3105,"_post_count":0,"footnotes":""},"categories":[32,12,47,22],"tags":[],"class_list":["post-11689","post","type-post","status-publish","format-standard","hentry","category-kreatives-fur-kleine-kinderhande","category-deko-ideen","category-upcyceltes","category-winter"],"_links":{"self":[{"href":"https:\/\/www.sabine-seyffert.de\/blog\/wp-json\/wp\/v2\/posts\/11689","targetHints":{"allow":["GET"]}}],"collection":[{"href":"https:\/\/www.sabine-seyffert.de\/blog\/wp-json\/wp\/v2\/posts"}],"about":[{"href":"https:\/\/www.sabine-seyffert.de\/blog\/wp-json\/wp\/v2\/types\/post"}],"author":[{"embeddable":true,"href":"https:\/\/www.sabine-seyffert.de\/blog\/wp-json\/wp\/v2\/users\/2"}],"replies":[{"embeddable":true,"href":"https:\/\/www.sabine-seyffert.de\/blog\/wp-json\/wp\/v2\/comments?post=11689"}],"version-history":[{"count":3,"href":"https:\/\/www.sabine-seyffert.de\/blog\/wp-json\/wp\/v2\/posts\/11689\/revisions"}],"predecessor-version":[{"id":11705,"href":"https:\/\/www.sabine-seyffert.de\/blog\/wp-json\/wp\/v2\/posts\/11689\/revisions\/11705"}],"wp:attachment":[{"href":"https:\/\/www.sabine-seyffert.de\/blog\/wp-json\/wp\/v2\/media?parent=11689"}],"wp:term":[{"taxonomy":"category","embeddable":true,"href":"https:\/\/www.sabine-seyffert.de\/blog\/wp-json\/wp\/v2\/categories?post=11689"},{"taxonomy":"post_tag","embeddable":true,"href":"https:\/\/www.sabine-seyffert.de\/blog\/wp-json\/wp\/v2\/tags?post=11689"}],"curies":[{"name":"wp","href":"https:\/\/api.w.org\/{rel}","templated":true}]}}