{"id":1168,"date":"2013-04-03T17:07:54","date_gmt":"2013-04-03T15:07:54","guid":{"rendered":"http:\/\/www.sabine-seyffert.de\/blog\/?p=1168"},"modified":"2015-09-21T18:33:53","modified_gmt":"2015-09-21T16:33:53","slug":"etwas-verspatet-aber-mit-einem-hauch-von-fruhling","status":"publish","type":"post","link":"https:\/\/www.sabine-seyffert.de\/blog\/etwas-verspatet-aber-mit-einem-hauch-von-fruhling\/","title":{"rendered":"Etwas versp\u00e4tet, aber mit einem Hauch von Fr\u00fchling"},"content":{"rendered":"<p style=\"text-align: justify;\"><img loading=\"lazy\" decoding=\"async\" src=\"https:\/\/ssl-vg03.met.vgwort.de\/na\/35eeffbe57cb493994699ea0631bb65e\" alt=\"\" width=\"1\" height=\"1\" \/>Man merkt, ich bin derzeit im Ferienmodus und genie\u00dfe mit meiner Familie die kurze Auszeit von Schule und t\u00e4glichen Terminen, die sonst im Alltag stets anstehen und uns allesamt mehr oder weniger intensiv fordern. Ganz besonders genie\u00dfe ich im Moment die \u201ekochfreien\u201c Tage. Ich muss mir keine Gedanken \u00fcber das l\u00e4stige Einkaufen machen, den Kopf zerbrechen \u00fcber Fragen wie \u201e<em>Was koche ich heute blo\u00df wieder<\/em>?\u201c und kann jedem Mittag ruhig und relaxt entgegen sehen\u2026<br \/>\nAber keine Bange, meine Familie muss nicht hungern! Nein, es gibt jeden Mittag ein tolles, neues Gericht, dass sich eine meiner gro\u00dfen T\u00f6chter in unserer Auswahl an Kochb\u00fcchern alles ausgeguckt hat und so an jedem neuen Ferientag mit viel Liebe, Geduld und einer gro\u00dfen Portion Hingabe f\u00fcr unsere Familie zubereitet. Das ist f\u00fcr mich als Mutter \u2013 Urlaub pur und wunderbar entspannt!<\/p>\n<p style=\"text-align: justify;\">Als besagte Tochter mir vor kurzem morgens mitteilte, die Pubert\u00e4t sei nun bei ihr endlich vorbei, erntete sie von mir ein (zugegeben) skeptisches L\u00e4cheln, aber ich glaube, sie hatte recht! Und dann ist es einfach nur toll schon so eigenst\u00e4ndige, gro\u00dfe Kinder zu haben. Also zumindest Pubert\u00e4t Nummer eins w\u00e4re, wie es ausschaut, geschafft!<\/p>\n<p style=\"text-align: center;\"><a href=\"http:\/\/www.sabine-seyffert.de\/blog\/wp-content\/uploads\/2013\/04\/Fr\u00fchlingspost-mit-Urheber-1.jpg\"><img loading=\"lazy\" decoding=\"async\" class=\"alignnone size-full wp-image-1170\" src=\"http:\/\/www.sabine-seyffert.de\/blog\/wp-content\/uploads\/2013\/04\/Fr\u00fchlingspost-mit-Urheber-1.jpg\" alt=\"Fr\u00fchlingspost mit Urheber 1\" width=\"614\" height=\"468\" srcset=\"https:\/\/www.sabine-seyffert.de\/blog\/wp-content\/uploads\/2013\/04\/Fr\u00fchlingspost-mit-Urheber-1.jpg 614w, https:\/\/www.sabine-seyffert.de\/blog\/wp-content\/uploads\/2013\/04\/Fr\u00fchlingspost-mit-Urheber-1-300x228.jpg 300w\" sizes=\"auto, (max-width: 614px) 100vw, 614px\" \/><\/a><\/p>\n<p style=\"text-align: justify;\">Vor lauter Entspannung und Ferien h\u00e4tte ich dann fast vergessen, dass bereits ein Hauch von Fr\u00fchling bei mir eingezogen ist. Und zwar noch schnell bevor Post Nummer zwei im Briefkasten liegt. Recht p\u00fcnktlich zum offiziellen Fr\u00fchlingsstart ist die erste Post wohlbehalten bei mir eingetroffen. Eine rundum fr\u00fchlingshafte Post, von <a href=\"http:\/\/creatiphoto.wordpress.com\" target=\"_blank\">Tabea Vahlenkamp<\/a>. Bei den Farben muss der Fr\u00fchling nun einfach kommen. Vielen Dank auch auf diesem Weg an Machern <a href=\"http:\/\/tabea-heinicker.blogspot.com \" target=\"_blank\">Tabea Heinicker<\/a> und <a href=\"http:\/\/www.muellerinart.blogspot.de\/\" target=\"_blank\">Michaela M\u00fcller<\/a>, denen wir die zauberhafte Idee mit der <a href=\"http:\/\/www.sabine-seyffert.de\/blog\/?p=678\" target=\"_blank\">Fr\u00fchlingspost<\/a> zu verdanken haben. Ich bin froh mit dabei zu sein und habe meine Karten schon allesamt fertig, obwohl ich erst im Mai mit meiner Post an der Reihe bin. Aber ich kann den Fr\u00fchling einfach nicht l\u00e4nger abwarten!<\/p>\n<p style=\"text-align: center;\"><a href=\"http:\/\/www.sabine-seyffert.de\/blog\/wp-content\/uploads\/2013\/04\/Fr\u00fchlingspost-mit-Urheber-2.jpg\"><img loading=\"lazy\" decoding=\"async\" class=\"alignnone size-full wp-image-1188\" src=\"http:\/\/www.sabine-seyffert.de\/blog\/wp-content\/uploads\/2013\/04\/Fr\u00fchlingspost-mit-Urheber-2.jpg\" alt=\"Fr\u00fchlingspost mit Urheber 2\" width=\"800\" height=\"717\" srcset=\"https:\/\/www.sabine-seyffert.de\/blog\/wp-content\/uploads\/2013\/04\/Fr\u00fchlingspost-mit-Urheber-2.jpg 800w, https:\/\/www.sabine-seyffert.de\/blog\/wp-content\/uploads\/2013\/04\/Fr\u00fchlingspost-mit-Urheber-2-300x268.jpg 300w\" sizes=\"auto, (max-width: 800px) 100vw, 800px\" \/><\/a><\/p>\n<p style=\"text-align: justify;\">In diesem Sinne gibt es hier in kleiner Blick auf Post Nummer eins und somit einen Hauch von Fr\u00fchling, der sich wie ein \u201eblaues Band\u201c durchs Land zieht\u2026<\/p>\n<p><a href=\"http:\/\/www.sabine-seyffert.de\/blog\/?page_id=32#urheberrecht\">urherrechtlich gesch\u00fctzt<\/a>, \u00a9 Sabine Seyffert<\/p>\n","protected":false},"excerpt":{"rendered":"<p>Man merkt, ich bin derzeit im Ferienmodus und genie\u00dfe mit meiner Familie die kurze Auszeit von Schule und t\u00e4glichen Terminen, die sonst im Alltag stets anstehen und uns allesamt mehr oder weniger intensiv fordern. Ganz besonders genie\u00dfe ich im Moment die \u201ekochfreien\u201c Tage. Ich muss mir keine Gedanken \u00fcber das l\u00e4stige Einkaufen machen, den Kopf&#8230; <a href=\"https:\/\/www.sabine-seyffert.de\/blog\/etwas-verspatet-aber-mit-einem-hauch-von-fruhling\/\" class=\"more-link\">Read more: Etwas versp\u00e4tet, aber mit einem Hauch von Fr\u00fchling<\/a><\/p>\n","protected":false},"author":2,"featured_media":0,"comment_status":"open","ping_status":"open","sticky":false,"template":"","format":"standard","meta":{"_metis_text_type":"","_metis_text_length":2128,"_post_count":0,"footnotes":""},"categories":[23],"tags":[],"class_list":["post-1168","post","type-post","status-publish","format-standard","hentry","category-fruhling"],"_links":{"self":[{"href":"https:\/\/www.sabine-seyffert.de\/blog\/wp-json\/wp\/v2\/posts\/1168","targetHints":{"allow":["GET"]}}],"collection":[{"href":"https:\/\/www.sabine-seyffert.de\/blog\/wp-json\/wp\/v2\/posts"}],"about":[{"href":"https:\/\/www.sabine-seyffert.de\/blog\/wp-json\/wp\/v2\/types\/post"}],"author":[{"embeddable":true,"href":"https:\/\/www.sabine-seyffert.de\/blog\/wp-json\/wp\/v2\/users\/2"}],"replies":[{"embeddable":true,"href":"https:\/\/www.sabine-seyffert.de\/blog\/wp-json\/wp\/v2\/comments?post=1168"}],"version-history":[{"count":29,"href":"https:\/\/www.sabine-seyffert.de\/blog\/wp-json\/wp\/v2\/posts\/1168\/revisions"}],"predecessor-version":[{"id":6131,"href":"https:\/\/www.sabine-seyffert.de\/blog\/wp-json\/wp\/v2\/posts\/1168\/revisions\/6131"}],"wp:attachment":[{"href":"https:\/\/www.sabine-seyffert.de\/blog\/wp-json\/wp\/v2\/media?parent=1168"}],"wp:term":[{"taxonomy":"category","embeddable":true,"href":"https:\/\/www.sabine-seyffert.de\/blog\/wp-json\/wp\/v2\/categories?post=1168"},{"taxonomy":"post_tag","embeddable":true,"href":"https:\/\/www.sabine-seyffert.de\/blog\/wp-json\/wp\/v2\/tags?post=1168"}],"curies":[{"name":"wp","href":"https:\/\/api.w.org\/{rel}","templated":true}]}}