{"id":11637,"date":"2017-12-21T07:19:29","date_gmt":"2017-12-21T05:19:29","guid":{"rendered":"http:\/\/www.sabine-seyffert.de\/blog\/?p=11637"},"modified":"2022-12-05T11:17:08","modified_gmt":"2022-12-05T09:17:08","slug":"diy-last-minute-geschenkverpackung-fuer-weihnachten-mit-kerzenschein-tannenbaum","status":"publish","type":"post","link":"https:\/\/www.sabine-seyffert.de\/blog\/diy-last-minute-geschenkverpackung-fuer-weihnachten-mit-kerzenschein-tannenbaum\/","title":{"rendered":"DIY Last Minute Geschenkverpackung f\u00fcr Weihnachten mit Kerzenschein &#038; Tannenbaum"},"content":{"rendered":"<p style=\"text-align: justify;\"> <img loading=\"lazy\" decoding=\"async\" src=\"https:\/\/ssl-vg03.met.vgwort.de\/na\/99bba000a4da4264bb707f4d439e199f\" alt=\"\" width=\"1\" height=\"1\" \/>So kurz vor Weihnachten kommt bei den meisten dann doch etwas Hektik und Weihnachtsstress auf. Vielleicht schlummern im Schrank bei euch ja sogar noch Weihnachtsgeschenke, die bislang nicht verpackt sind\u2026 Aber keine Angst. Genau daf\u00fcr habe ich eine ganz wunderbare Bastelidee, wie sich diese Geschenke nicht nur richtig sch\u00f6n, sondern vor allem blitzschnell verpacken lassen. Diese Last-Minute-Geschenkverpackung wird am 24. Dezember f\u00fcr leuchtende Augen sorgen, ganz bestimmt!<\/p>\n<p style=\"text-align: center;\"><a href=\"http:\/\/www.sabine-seyffert.de\/blog\/wp-content\/uploads\/2017\/12\/Geschenk-Kerze-3.jpg\"><img loading=\"lazy\" decoding=\"async\" class=\"alignnone size-full wp-image-11638\" src=\"http:\/\/www.sabine-seyffert.de\/blog\/wp-content\/uploads\/2017\/12\/Geschenk-Kerze-3.jpg\" alt=\"\" width=\"800\" height=\"600\" srcset=\"https:\/\/www.sabine-seyffert.de\/blog\/wp-content\/uploads\/2017\/12\/Geschenk-Kerze-3.jpg 800w, https:\/\/www.sabine-seyffert.de\/blog\/wp-content\/uploads\/2017\/12\/Geschenk-Kerze-3-300x225.jpg 300w, https:\/\/www.sabine-seyffert.de\/blog\/wp-content\/uploads\/2017\/12\/Geschenk-Kerze-3-768x576.jpg 768w\" sizes=\"auto, (max-width: 800px) 100vw, 800px\" \/><\/a><\/p>\n<p style=\"text-align: justify;\"><strong>Das wird gebraucht:<\/strong><br \/>\nUnifarbenes Geschenkpapier (in meinem Fall schwarzes Packpapier \u2013 klappt aber auch mit einem Bogen schwarzem Seidenpapier), Kordel, eine Schere, Hei\u00dfklebepistole samt Klebepatrone, Motivstanzer Tannenbaum, Stern oder ein anderes, weihnachtliches Motiv, eine alte Buchzeitung oder Blatt einer Tageszeitung, eine wei\u00dfe Kerze sowie optional Buchstabenstempel und ein Stempelkissen<\/p>\n<p style=\"text-align: center;\"><a href=\"http:\/\/www.sabine-seyffert.de\/blog\/wp-content\/uploads\/2017\/12\/Geschenk-Kerze.jpg\"><img loading=\"lazy\" decoding=\"async\" class=\"alignnone size-full wp-image-11639\" src=\"http:\/\/www.sabine-seyffert.de\/blog\/wp-content\/uploads\/2017\/12\/Geschenk-Kerze.jpg\" alt=\"\" width=\"800\" height=\"600\" srcset=\"https:\/\/www.sabine-seyffert.de\/blog\/wp-content\/uploads\/2017\/12\/Geschenk-Kerze.jpg 800w, https:\/\/www.sabine-seyffert.de\/blog\/wp-content\/uploads\/2017\/12\/Geschenk-Kerze-300x225.jpg 300w, https:\/\/www.sabine-seyffert.de\/blog\/wp-content\/uploads\/2017\/12\/Geschenk-Kerze-768x576.jpg 768w\" sizes=\"auto, (max-width: 800px) 100vw, 800px\" \/><\/a><\/p>\n<p style=\"text-align: justify;\"><strong>So wird\u2019s gemacht:<\/strong><br \/>\nSchlagt das Weihnachtsgeschenk in das vorhandene Geschenkpapier ein. Wenn ihr eine wei\u00dfe Kerze verwendet, macht sich ein dunkler Papierton gut, damit die Kerze besser zur Geltung kommt. Es klappt aber auch mit jeder anderen Geschenkpapierfarbe!<\/p>\n<p style=\"text-align: center;\"><a href=\"http:\/\/www.sabine-seyffert.de\/blog\/wp-content\/uploads\/2017\/12\/Geschenk-Kerze-5.jpg\"><img loading=\"lazy\" decoding=\"async\" class=\"alignnone size-full wp-image-11640\" src=\"http:\/\/www.sabine-seyffert.de\/blog\/wp-content\/uploads\/2017\/12\/Geschenk-Kerze-5.jpg\" alt=\"\" width=\"800\" height=\"600\" srcset=\"https:\/\/www.sabine-seyffert.de\/blog\/wp-content\/uploads\/2017\/12\/Geschenk-Kerze-5.jpg 800w, https:\/\/www.sabine-seyffert.de\/blog\/wp-content\/uploads\/2017\/12\/Geschenk-Kerze-5-300x225.jpg 300w, https:\/\/www.sabine-seyffert.de\/blog\/wp-content\/uploads\/2017\/12\/Geschenk-Kerze-5-768x576.jpg 768w\" sizes=\"auto, (max-width: 800px) 100vw, 800px\" \/><\/a><\/p>\n<p style=\"text-align: justify;\">Dann stanzt ihr aus einer alten Tageszeitung oder einem Buch mit dem Motivlocher ein paar weihnachtliche Motive aus. Die kann man nun noch mit den Buchstabenstempeln bzw. dem Namen des Empf\u00e4ngers bedrucken, dann braucht man keine Extra Geschenkanh\u00e4nger o.\u00e4. und wei\u00df gleich f\u00fcr wen das Geschenk bestimmt ist.<\/p>\n<p style=\"text-align: center;\"><a href=\"http:\/\/www.sabine-seyffert.de\/blog\/wp-content\/uploads\/2017\/12\/Geschenk-Kerze-6.jpg\"><img loading=\"lazy\" decoding=\"async\" class=\"alignnone size-full wp-image-11641\" src=\"http:\/\/www.sabine-seyffert.de\/blog\/wp-content\/uploads\/2017\/12\/Geschenk-Kerze-6.jpg\" alt=\"\" width=\"800\" height=\"600\" srcset=\"https:\/\/www.sabine-seyffert.de\/blog\/wp-content\/uploads\/2017\/12\/Geschenk-Kerze-6.jpg 800w, https:\/\/www.sabine-seyffert.de\/blog\/wp-content\/uploads\/2017\/12\/Geschenk-Kerze-6-300x225.jpg 300w, https:\/\/www.sabine-seyffert.de\/blog\/wp-content\/uploads\/2017\/12\/Geschenk-Kerze-6-768x576.jpg 768w\" sizes=\"auto, (max-width: 800px) 100vw, 800px\" \/><\/a><\/p>\n<p style=\"text-align: justify;\">Nun kommt die Kordel zum Einsatz. Alternativ kann man auch Wollreste daf\u00fcr verwenden. Wickelt das Band mehrfach kreuz und quer \u00fcber das Geschenk. Die Enden bindet man auf der R\u00fcckseite zu einer Schleife.<\/p>\n<p style=\"text-align: center;\"><a href=\"http:\/\/www.sabine-seyffert.de\/blog\/wp-content\/uploads\/2017\/12\/Geschenk-Kerze-4.jpg\"><img loading=\"lazy\" decoding=\"async\" class=\"alignnone size-full wp-image-11642\" src=\"http:\/\/www.sabine-seyffert.de\/blog\/wp-content\/uploads\/2017\/12\/Geschenk-Kerze-4.jpg\" alt=\"\" width=\"800\" height=\"600\" srcset=\"https:\/\/www.sabine-seyffert.de\/blog\/wp-content\/uploads\/2017\/12\/Geschenk-Kerze-4.jpg 800w, https:\/\/www.sabine-seyffert.de\/blog\/wp-content\/uploads\/2017\/12\/Geschenk-Kerze-4-300x225.jpg 300w, https:\/\/www.sabine-seyffert.de\/blog\/wp-content\/uploads\/2017\/12\/Geschenk-Kerze-4-768x576.jpg 768w\" sizes=\"auto, (max-width: 800px) 100vw, 800px\" \/><\/a><\/p>\n<p style=\"text-align: justify;\">Auf der Vorderseite steckt man nun die Kerze zwischen die gewickelte Kordel. Die gestanzten und bestempelten Papierteile (Tannenb\u00e4ume o.\u00e4.) klebt man nun mit der Hei\u00dfklebepistole so zwischen die F\u00e4den, dass der Name des Beschenkten zu erkennen ist. Fertig ist die stimmungsvolle Geschenkverpackung, die wirklich blitzschnell gemacht ist.<\/p>\n<p style=\"text-align: center;\"><a href=\"http:\/\/www.sabine-seyffert.de\/blog\/wp-content\/uploads\/2017\/12\/Geschenk-Kerze-2.jpg\"><img loading=\"lazy\" decoding=\"async\" class=\"alignnone size-full wp-image-11643\" src=\"http:\/\/www.sabine-seyffert.de\/blog\/wp-content\/uploads\/2017\/12\/Geschenk-Kerze-2.jpg\" alt=\"\" width=\"800\" height=\"600\" srcset=\"https:\/\/www.sabine-seyffert.de\/blog\/wp-content\/uploads\/2017\/12\/Geschenk-Kerze-2.jpg 800w, https:\/\/www.sabine-seyffert.de\/blog\/wp-content\/uploads\/2017\/12\/Geschenk-Kerze-2-300x225.jpg 300w, https:\/\/www.sabine-seyffert.de\/blog\/wp-content\/uploads\/2017\/12\/Geschenk-Kerze-2-768x576.jpg 768w\" sizes=\"auto, (max-width: 800px) 100vw, 800px\" \/><\/a><\/p>\n<p style=\"text-align: justify;\">Weitere Bastelanleitungen f\u00fcr selbst gemachte Geschenkverpackungen sind in <a href=\"http:\/\/www.sabine-seyffert.de\/blog\/?cat=49\" target=\"_blank\" rel=\"noopener\">dieser Rubrik<\/a> zu finden, alles zum Thema Weihnachten und Adventszeit gibt es <a href=\"http:\/\/www.sabine-seyffert.de\/blog\/?cat=41\" target=\"_blank\" rel=\"noopener\">da<\/a> und andere kreative Ideen <a href=\"http:\/\/www.creadienstag.de\/2017\/12\/linkparty-310.html\" target=\"_blank\" rel=\"noopener\">dort<\/a> und an <a href=\"http:\/\/frollein-pfau.blogspot.de\/2017\/12\/dreisaetzedieichnichtmehrhoerenkann.html\" target=\"_blank\" rel=\"noopener\">dieser<\/a> Stelle.<\/p>\n<p style=\"text-align: center;\"><a href=\"http:\/\/www.sabine-seyffert.de\/blog\/wp-content\/uploads\/2017\/12\/Geschenk-Kerze-1.jpg\"><img loading=\"lazy\" decoding=\"async\" class=\"alignnone size-full wp-image-11644\" src=\"http:\/\/www.sabine-seyffert.de\/blog\/wp-content\/uploads\/2017\/12\/Geschenk-Kerze-1.jpg\" alt=\"\" width=\"800\" height=\"600\" srcset=\"https:\/\/www.sabine-seyffert.de\/blog\/wp-content\/uploads\/2017\/12\/Geschenk-Kerze-1.jpg 800w, https:\/\/www.sabine-seyffert.de\/blog\/wp-content\/uploads\/2017\/12\/Geschenk-Kerze-1-300x225.jpg 300w, https:\/\/www.sabine-seyffert.de\/blog\/wp-content\/uploads\/2017\/12\/Geschenk-Kerze-1-768x576.jpg 768w\" sizes=\"auto, (max-width: 800px) 100vw, 800px\" \/><\/a><\/p>\n<p><a href=\"http:\/\/www.sabine-seyffert.de\/blog\/?page_id=32#urheberrecht\">urheberrechtlich gesch\u00fctzt<\/a>, \u00a9 Sabine Seyffert<\/p>\n","protected":false},"excerpt":{"rendered":"<p>So kurz vor Weihnachten kommt bei den meisten dann doch etwas Hektik und Weihnachtsstress auf. Vielleicht schlummern im Schrank bei euch ja sogar noch Weihnachtsgeschenke, die bislang nicht verpackt sind\u2026 Aber keine Angst. Genau daf\u00fcr habe ich eine ganz wunderbare Bastelidee, wie sich diese Geschenke nicht nur richtig sch\u00f6n, sondern vor allem blitzschnell verpacken lassen&#8230;. <a href=\"https:\/\/www.sabine-seyffert.de\/blog\/diy-last-minute-geschenkverpackung-fuer-weihnachten-mit-kerzenschein-tannenbaum\/\" class=\"more-link\">Read more: DIY Last Minute Geschenkverpackung f\u00fcr Weihnachten mit Kerzenschein &#038; Tannenbaum<\/a><\/p>\n","protected":false},"author":2,"featured_media":0,"comment_status":"open","ping_status":"open","sticky":false,"template":"","format":"standard","meta":{"_metis_text_type":"","_metis_text_length":2244,"_post_count":0,"footnotes":""},"categories":[41,49],"tags":[],"class_list":["post-11637","post","type-post","status-publish","format-standard","hentry","category-weihnachten","category-verpackungsideen"],"_links":{"self":[{"href":"https:\/\/www.sabine-seyffert.de\/blog\/wp-json\/wp\/v2\/posts\/11637","targetHints":{"allow":["GET"]}}],"collection":[{"href":"https:\/\/www.sabine-seyffert.de\/blog\/wp-json\/wp\/v2\/posts"}],"about":[{"href":"https:\/\/www.sabine-seyffert.de\/blog\/wp-json\/wp\/v2\/types\/post"}],"author":[{"embeddable":true,"href":"https:\/\/www.sabine-seyffert.de\/blog\/wp-json\/wp\/v2\/users\/2"}],"replies":[{"embeddable":true,"href":"https:\/\/www.sabine-seyffert.de\/blog\/wp-json\/wp\/v2\/comments?post=11637"}],"version-history":[{"count":5,"href":"https:\/\/www.sabine-seyffert.de\/blog\/wp-json\/wp\/v2\/posts\/11637\/revisions"}],"predecessor-version":[{"id":24585,"href":"https:\/\/www.sabine-seyffert.de\/blog\/wp-json\/wp\/v2\/posts\/11637\/revisions\/24585"}],"wp:attachment":[{"href":"https:\/\/www.sabine-seyffert.de\/blog\/wp-json\/wp\/v2\/media?parent=11637"}],"wp:term":[{"taxonomy":"category","embeddable":true,"href":"https:\/\/www.sabine-seyffert.de\/blog\/wp-json\/wp\/v2\/categories?post=11637"},{"taxonomy":"post_tag","embeddable":true,"href":"https:\/\/www.sabine-seyffert.de\/blog\/wp-json\/wp\/v2\/tags?post=11637"}],"curies":[{"name":"wp","href":"https:\/\/api.w.org\/{rel}","templated":true}]}}