{"id":11598,"date":"2017-12-16T08:50:36","date_gmt":"2017-12-16T06:50:36","guid":{"rendered":"http:\/\/www.sabine-seyffert.de\/blog\/?p=11598"},"modified":"2017-12-16T08:50:36","modified_gmt":"2017-12-16T06:50:36","slug":"geschenke-aus-der-kueche-schoen-verpackt-verpackungsidee-fuer-selbst-gemachte-weihnachtsmarmelade","status":"publish","type":"post","link":"https:\/\/www.sabine-seyffert.de\/blog\/geschenke-aus-der-kueche-schoen-verpackt-verpackungsidee-fuer-selbst-gemachte-weihnachtsmarmelade\/","title":{"rendered":"Geschenke aus der K\u00fcche sch\u00f6n verpackt \u2013 Verpackungsidee f\u00fcr selbst gemachte Weihnachtsmarmelade"},"content":{"rendered":"<p style=\"text-align: justify;\"><img loading=\"lazy\" decoding=\"async\" src=\"https:\/\/ssl-vg03.met.vgwort.de\/na\/5742d71bfd134bac93ff79738add3250\" alt=\"\" width=\"1\" height=\"1\" \/>Die frisch gekochte <a href=\"http:\/\/www.sabine-seyffert.de\/blog\/?p=11587\" target=\"_blank\" rel=\"noopener\">Erdbeer-Zimt-Marmelade<\/a> steht in unserer K\u00fcche und wartet schon sehns\u00fcchtig darauf feierlich verpackt zu werden. Denn schlie\u00dflich wollen wir einen Schwung dieser selbst gekochten Marmelade ja in der Weihnachtszeit zum Verschenken nutzen und mit den kleinen Geschenken aus der K\u00fcche anderen eine Freude machen.<br \/>\nDa die von mir verwendeten Marmeladengl\u00e4ser so s\u00fc\u00dfe P\u00fcnktchendeckel haben, wollte ich diese diesmal nicht verstecken wie bei der <a href=\"http:\/\/www.sabine-seyffert.de\/blog\/?p=8907\" target=\"_blank\" rel=\"noopener\">Apfelmarzipanmarmelade<\/a> aus dem letzten Jahr. Aber ein bisschen mehr Pfiff sollten die Gl\u00e4ser f\u00fcr diesen Zweck schon haben.<\/p>\n<p style=\"text-align: center;\"><a href=\"http:\/\/www.sabine-seyffert.de\/blog\/wp-content\/uploads\/2017\/12\/Geschenkverpackung-Zimtmarmelade-4.jpg\"><img loading=\"lazy\" decoding=\"async\" class=\"alignnone size-full wp-image-11599\" src=\"http:\/\/www.sabine-seyffert.de\/blog\/wp-content\/uploads\/2017\/12\/Geschenkverpackung-Zimtmarmelade-4.jpg\" alt=\"\" width=\"800\" height=\"600\" srcset=\"https:\/\/www.sabine-seyffert.de\/blog\/wp-content\/uploads\/2017\/12\/Geschenkverpackung-Zimtmarmelade-4.jpg 800w, https:\/\/www.sabine-seyffert.de\/blog\/wp-content\/uploads\/2017\/12\/Geschenkverpackung-Zimtmarmelade-4-300x225.jpg 300w, https:\/\/www.sabine-seyffert.de\/blog\/wp-content\/uploads\/2017\/12\/Geschenkverpackung-Zimtmarmelade-4-768x576.jpg 768w\" sizes=\"auto, (max-width: 800px) 100vw, 800px\" \/><\/a><\/p>\n<p style=\"text-align: justify;\"><strong>Das wird gebraucht:<\/strong><br \/>\nGl\u00e4ser mit selbst gekochter Marmelade, rotes Chiffonband, Zimtstangen, Schere, Kordel, ein Din A4 Bogen Tonkarton (in meinem Fall Kraftpapier) &amp; wei\u00dfes Transparentpapier extra stark, Computer samt Drucker, Lochzange, Metall\u00f6sen, Nietenzange<\/p>\n<p style=\"text-align: center;\"><a href=\"http:\/\/www.sabine-seyffert.de\/blog\/wp-content\/uploads\/2017\/12\/Geschenkverpackung-Zimtmarmelade-10.jpg\"><img loading=\"lazy\" decoding=\"async\" class=\"alignnone size-full wp-image-11600\" src=\"http:\/\/www.sabine-seyffert.de\/blog\/wp-content\/uploads\/2017\/12\/Geschenkverpackung-Zimtmarmelade-10.jpg\" alt=\"\" width=\"800\" height=\"600\" srcset=\"https:\/\/www.sabine-seyffert.de\/blog\/wp-content\/uploads\/2017\/12\/Geschenkverpackung-Zimtmarmelade-10.jpg 800w, https:\/\/www.sabine-seyffert.de\/blog\/wp-content\/uploads\/2017\/12\/Geschenkverpackung-Zimtmarmelade-10-300x225.jpg 300w, https:\/\/www.sabine-seyffert.de\/blog\/wp-content\/uploads\/2017\/12\/Geschenkverpackung-Zimtmarmelade-10-768x576.jpg 768w\" sizes=\"auto, (max-width: 800px) 100vw, 800px\" \/><\/a><\/p>\n<p style=\"text-align: justify;\"><strong>So wird\u2019s gemacht:<\/strong><br \/>\nAm PC habe ich mit entsprechende \u201eEtiketten\u201c als Anh\u00e4nger gedruckt. Diese habe ich zu einem Wimpel geschnitten und damit diese edler aussehen, habe ich einen Wimpel aus festem Transparentpapier dar\u00fcber gelegt.<\/p>\n<p style=\"text-align: center;\"><a href=\"http:\/\/www.sabine-seyffert.de\/blog\/wp-content\/uploads\/2017\/12\/Geschenkverpackung-Zimtmarmelade-8.jpg\"><img loading=\"lazy\" decoding=\"async\" class=\"alignnone size-full wp-image-11601\" src=\"http:\/\/www.sabine-seyffert.de\/blog\/wp-content\/uploads\/2017\/12\/Geschenkverpackung-Zimtmarmelade-8.jpg\" alt=\"\" width=\"800\" height=\"600\" srcset=\"https:\/\/www.sabine-seyffert.de\/blog\/wp-content\/uploads\/2017\/12\/Geschenkverpackung-Zimtmarmelade-8.jpg 800w, https:\/\/www.sabine-seyffert.de\/blog\/wp-content\/uploads\/2017\/12\/Geschenkverpackung-Zimtmarmelade-8-300x225.jpg 300w, https:\/\/www.sabine-seyffert.de\/blog\/wp-content\/uploads\/2017\/12\/Geschenkverpackung-Zimtmarmelade-8-768x576.jpg 768w\" sizes=\"auto, (max-width: 800px) 100vw, 800px\" \/><\/a><\/p>\n<p style=\"text-align: justify;\">So schimmert der gedruckt Schriftzug von Unten durch. Wenn die beiden Wimpel passgenau \u00fcbereinander liegen, locht man diese mit der Lochzange und steckt eine Metall\u00f6se hindurch. Die befestigt man mit der \u00d6senzange und zieht etwas Kordel hindurch, so dass man den Anh\u00e4nger um den Deckel des Glases binden kann.<\/p>\n<p style=\"text-align: center;\"><a href=\"http:\/\/www.sabine-seyffert.de\/blog\/wp-content\/uploads\/2017\/12\/Geschenkverpackung-Zimtmarmelade-3.jpg\"><img loading=\"lazy\" decoding=\"async\" class=\"alignnone size-full wp-image-11602\" src=\"http:\/\/www.sabine-seyffert.de\/blog\/wp-content\/uploads\/2017\/12\/Geschenkverpackung-Zimtmarmelade-3.jpg\" alt=\"\" width=\"800\" height=\"600\" srcset=\"https:\/\/www.sabine-seyffert.de\/blog\/wp-content\/uploads\/2017\/12\/Geschenkverpackung-Zimtmarmelade-3.jpg 800w, https:\/\/www.sabine-seyffert.de\/blog\/wp-content\/uploads\/2017\/12\/Geschenkverpackung-Zimtmarmelade-3-300x225.jpg 300w, https:\/\/www.sabine-seyffert.de\/blog\/wp-content\/uploads\/2017\/12\/Geschenkverpackung-Zimtmarmelade-3-768x576.jpg 768w\" sizes=\"auto, (max-width: 800px) 100vw, 800px\" \/><\/a><\/p>\n<p style=\"text-align: justify;\">Au\u00dferdem habe ich mit einem l\u00e4ngeren St\u00fcck roten Chiffon Geschenkband jeweils eine Zimtstange um die Marmeladengl\u00e4ser gebunden und mit Schleife versehen. So sieht die Marmelade richtig sch\u00f6n weihnachtlich aus.<\/p>\n<p style=\"text-align: center;\"><a href=\"http:\/\/www.sabine-seyffert.de\/blog\/wp-content\/uploads\/2017\/12\/Geschenkverpackung-Zimtmarmelade-7.jpg\"><img loading=\"lazy\" decoding=\"async\" class=\"alignnone size-full wp-image-11603\" src=\"http:\/\/www.sabine-seyffert.de\/blog\/wp-content\/uploads\/2017\/12\/Geschenkverpackung-Zimtmarmelade-7.jpg\" alt=\"\" width=\"800\" height=\"600\" srcset=\"https:\/\/www.sabine-seyffert.de\/blog\/wp-content\/uploads\/2017\/12\/Geschenkverpackung-Zimtmarmelade-7.jpg 800w, https:\/\/www.sabine-seyffert.de\/blog\/wp-content\/uploads\/2017\/12\/Geschenkverpackung-Zimtmarmelade-7-300x225.jpg 300w, https:\/\/www.sabine-seyffert.de\/blog\/wp-content\/uploads\/2017\/12\/Geschenkverpackung-Zimtmarmelade-7-768x576.jpg 768w\" sizes=\"auto, (max-width: 800px) 100vw, 800px\" \/><\/a><\/p>\n<p style=\"text-align: justify;\">Einige Rezepte Ideen f\u00fcr k\u00f6stliche Marmelade findet Ihr \u00fcbrigens unter folgenden Links:<\/p>\n<ul>\n<li style=\"text-align: justify;\">* <a href=\"http:\/\/www.sabine-seyffert.de\/blog\/?p=7441\" target=\"_blank\" rel=\"noopener\">Erdbeermarmelade mit Vanille &amp; Amaretto<\/a><\/li>\n<li style=\"text-align: justify;\">* <a href=\"http:\/\/www.sabine-seyffert.de\/blog\/?p=11082\" target=\"_blank\" rel=\"noopener\">Samtige Pflaumenmarmelade<\/a><br \/>\n* <a href=\"http:\/\/www.sabine-seyffert.de\/blog\/?p=3367\" target=\"_blank\" rel=\"noopener\">Apfelmarzipanmarmelade<\/a><br \/>\n* <a href=\"http:\/\/www.sabine-seyffert.de\/blog\/?p=6652\" target=\"_blank\" rel=\"noopener\">Kirschmarzipanmarmelade<\/a><br \/>\n* <a href=\"http:\/\/www.sabine-seyffert.de\/blog\/?p=9096\" target=\"_blank\" rel=\"noopener\">Kirschmarmelade mit Mohn<\/a><br \/>\n* <a href=\"http:\/\/www.sabine-seyffert.de\/blog\/?p=4924\" target=\"_blank\" rel=\"noopener\">Kirschmarmelade mit dunkler Schokolade<\/a><br \/>\n* <a href=\"http:\/\/www.sabine-seyffert.de\/blog\/?p=11587\" target=\"_blank\" rel=\"noopener\">Erdbeer-Zimt-Marmelade<\/a><br \/>\n* <a href=\"http:\/\/www.sabine-seyffert.de\/blog\/?p=4346\" target=\"_blank\" rel=\"noopener\">Erdbeermarmelade mit wei\u00dfer Schokolade<\/a><\/li>\n<\/ul>\n<p style=\"text-align: center;\"><a href=\"http:\/\/www.sabine-seyffert.de\/blog\/wp-content\/uploads\/2017\/12\/Geschenkverpackung-Zimtmarmelade.jpg\"><img loading=\"lazy\" decoding=\"async\" class=\"alignnone size-full wp-image-11604\" src=\"http:\/\/www.sabine-seyffert.de\/blog\/wp-content\/uploads\/2017\/12\/Geschenkverpackung-Zimtmarmelade.jpg\" alt=\"\" width=\"800\" height=\"600\" srcset=\"https:\/\/www.sabine-seyffert.de\/blog\/wp-content\/uploads\/2017\/12\/Geschenkverpackung-Zimtmarmelade.jpg 800w, https:\/\/www.sabine-seyffert.de\/blog\/wp-content\/uploads\/2017\/12\/Geschenkverpackung-Zimtmarmelade-300x225.jpg 300w, https:\/\/www.sabine-seyffert.de\/blog\/wp-content\/uploads\/2017\/12\/Geschenkverpackung-Zimtmarmelade-768x576.jpg 768w\" sizes=\"auto, (max-width: 800px) 100vw, 800px\" \/><\/a><\/p>\n<p><a href=\"http:\/\/www.sabine-seyffert.de\/blog\/?page_id=32#urheberrecht\">urheberrechtlich gesch\u00fctzt<\/a>, \u00a9 Sabine Seyffert<\/p>\n","protected":false},"excerpt":{"rendered":"<p>Die frisch gekochte Erdbeer-Zimt-Marmelade steht in unserer K\u00fcche und wartet schon sehns\u00fcchtig darauf feierlich verpackt zu werden. Denn schlie\u00dflich wollen wir einen Schwung dieser selbst gekochten Marmelade ja in der Weihnachtszeit zum Verschenken nutzen und mit den kleinen Geschenken aus der K\u00fcche anderen eine Freude machen. Da die von mir verwendeten Marmeladengl\u00e4ser so s\u00fc\u00dfe P\u00fcnktchendeckel&#8230; <a href=\"https:\/\/www.sabine-seyffert.de\/blog\/geschenke-aus-der-kueche-schoen-verpackt-verpackungsidee-fuer-selbst-gemachte-weihnachtsmarmelade\/\" class=\"more-link\">Read more: Geschenke aus der K\u00fcche sch\u00f6n verpackt \u2013 Verpackungsidee f\u00fcr selbst gemachte Weihnachtsmarmelade<\/a><\/p>\n","protected":false},"author":2,"featured_media":0,"comment_status":"open","ping_status":"open","sticky":false,"template":"","format":"standard","meta":{"_metis_text_type":"","_metis_text_length":1987,"_post_count":0,"footnotes":""},"categories":[41,43,49],"tags":[],"class_list":["post-11598","post","type-post","status-publish","format-standard","hentry","category-weihnachten","category-geschenke-aus-der-kueche","category-verpackungsideen"],"_links":{"self":[{"href":"https:\/\/www.sabine-seyffert.de\/blog\/wp-json\/wp\/v2\/posts\/11598","targetHints":{"allow":["GET"]}}],"collection":[{"href":"https:\/\/www.sabine-seyffert.de\/blog\/wp-json\/wp\/v2\/posts"}],"about":[{"href":"https:\/\/www.sabine-seyffert.de\/blog\/wp-json\/wp\/v2\/types\/post"}],"author":[{"embeddable":true,"href":"https:\/\/www.sabine-seyffert.de\/blog\/wp-json\/wp\/v2\/users\/2"}],"replies":[{"embeddable":true,"href":"https:\/\/www.sabine-seyffert.de\/blog\/wp-json\/wp\/v2\/comments?post=11598"}],"version-history":[{"count":2,"href":"https:\/\/www.sabine-seyffert.de\/blog\/wp-json\/wp\/v2\/posts\/11598\/revisions"}],"predecessor-version":[{"id":11606,"href":"https:\/\/www.sabine-seyffert.de\/blog\/wp-json\/wp\/v2\/posts\/11598\/revisions\/11606"}],"wp:attachment":[{"href":"https:\/\/www.sabine-seyffert.de\/blog\/wp-json\/wp\/v2\/media?parent=11598"}],"wp:term":[{"taxonomy":"category","embeddable":true,"href":"https:\/\/www.sabine-seyffert.de\/blog\/wp-json\/wp\/v2\/categories?post=11598"},{"taxonomy":"post_tag","embeddable":true,"href":"https:\/\/www.sabine-seyffert.de\/blog\/wp-json\/wp\/v2\/tags?post=11598"}],"curies":[{"name":"wp","href":"https:\/\/api.w.org\/{rel}","templated":true}]}}