{"id":11489,"date":"2017-12-01T07:20:27","date_gmt":"2017-12-01T05:20:27","guid":{"rendered":"http:\/\/www.sabine-seyffert.de\/blog\/?p=11489"},"modified":"2017-12-04T18:12:35","modified_gmt":"2017-12-04T16:12:35","slug":"verpackungsidee-weihnachtliche-geschenkverpackung-waescheklammer-weihnachtsengel-als-deko","status":"publish","type":"post","link":"https:\/\/www.sabine-seyffert.de\/blog\/verpackungsidee-weihnachtliche-geschenkverpackung-waescheklammer-weihnachtsengel-als-deko\/","title":{"rendered":"Verpackungsidee &#038; weihnachtliche Geschenkverpackung: W\u00e4scheklammer -Weihnachtsengel als Deko"},"content":{"rendered":"<p style=\"text-align: justify;\"><img loading=\"lazy\" decoding=\"async\" src=\"https:\/\/ssl-vg03.met.vgwort.de\/na\/650cf453452248e9a7b83a456448d970\" alt=\"\" width=\"1\" height=\"1\" \/>Seid Ihr noch auf der Suche nach einer s\u00fc\u00dfen Geschenkverpackung f\u00fcr eure Weihnachtsgeschenke? Dann habe ich die passende Idee f\u00fcr Euch. Und zwar eine, die nicht zu aufw\u00e4ndig ist, gleich ins Auge f\u00e4llt und zugleich eine stimmungsvolle Deko.<br \/>\nF\u00fcr eine liebe Freundin musste ein Geschenk verpackt werden und weil wir seit etlichen Jahren gut befreundet sind, sollte auch die Verpackung mit allerhand Herzblut gestaltet sein. Kurzerhand habe ich einen kleinen Engel gebastelt, der nicht nur wunderbar zu Weihnachten passt, sondern auch als Schutzengel dient.<\/p>\n<p style=\"text-align: center;\"><a href=\"http:\/\/www.sabine-seyffert.de\/blog\/wp-content\/uploads\/2017\/11\/Engel-Klammer-Holz-4.jpg\"><img loading=\"lazy\" decoding=\"async\" class=\"alignnone size-full wp-image-11490\" src=\"http:\/\/www.sabine-seyffert.de\/blog\/wp-content\/uploads\/2017\/11\/Engel-Klammer-Holz-4.jpg\" alt=\"\" width=\"800\" height=\"600\" srcset=\"https:\/\/www.sabine-seyffert.de\/blog\/wp-content\/uploads\/2017\/11\/Engel-Klammer-Holz-4.jpg 800w, https:\/\/www.sabine-seyffert.de\/blog\/wp-content\/uploads\/2017\/11\/Engel-Klammer-Holz-4-300x225.jpg 300w, https:\/\/www.sabine-seyffert.de\/blog\/wp-content\/uploads\/2017\/11\/Engel-Klammer-Holz-4-768x576.jpg 768w\" sizes=\"auto, (max-width: 800px) 100vw, 800px\" \/><\/a><\/p>\n<p style=\"text-align: justify;\"><strong>Das wird gebraucht:<\/strong><br \/>\n1 Papieruntersetzer mit Spitze in Herzform, Kleber oder eine Hei\u00dfklebepistole mit Patrone, d\u00fcnner Basteldraht, wei\u00dfe M\u00e4rchenwolle, eine W\u00e4scheklammer aus Holz, einen kleinen Stern (Streudeko oder mit einem Motivlocher ausgestanzt), etwas Kordel sowie optional ein St\u00fcck Nylongarn, wenn der Engel als weihnachtliche Anh\u00e4nger genutzt werden soll<\/p>\n<p style=\"text-align: center;\"><a href=\"http:\/\/www.sabine-seyffert.de\/blog\/wp-content\/uploads\/2017\/11\/Engel-Klammer-Holz-1.jpg\"><img loading=\"lazy\" decoding=\"async\" class=\"alignnone size-full wp-image-11491\" src=\"http:\/\/www.sabine-seyffert.de\/blog\/wp-content\/uploads\/2017\/11\/Engel-Klammer-Holz-1.jpg\" alt=\"\" width=\"800\" height=\"600\" srcset=\"https:\/\/www.sabine-seyffert.de\/blog\/wp-content\/uploads\/2017\/11\/Engel-Klammer-Holz-1.jpg 800w, https:\/\/www.sabine-seyffert.de\/blog\/wp-content\/uploads\/2017\/11\/Engel-Klammer-Holz-1-300x225.jpg 300w, https:\/\/www.sabine-seyffert.de\/blog\/wp-content\/uploads\/2017\/11\/Engel-Klammer-Holz-1-768x576.jpg 768w\" sizes=\"auto, (max-width: 800px) 100vw, 800px\" \/><\/a><\/p>\n<p style=\"text-align: justify;\"><strong>So wird\u2019s gemacht:<\/strong><br \/>\nDas Geschenk verpackt man in unifarbenes Geschenkpapier. In meinem Fall, wie sollt es auch anders sein, in Packpapier. Von <a href=\"http:\/\/www.sabine-seyffert.de\/blog\/?p=8801\" target=\"_blank\" rel=\"noopener\">diesem stimmungsvollen Adventskalender<\/a> hatte ich noch einen Schwung Spitzendeckchen aus Papier in Herzform \u00fcbrig. Somit hatte ich die filigranen Engelsfl\u00fcgel schon mal fertig.<\/p>\n<p style=\"text-align: center;\"><a href=\"http:\/\/www.sabine-seyffert.de\/blog\/wp-content\/uploads\/2017\/11\/Engel-Klammer-Holz-8.jpg\"><img loading=\"lazy\" decoding=\"async\" class=\"alignnone size-full wp-image-11492\" src=\"http:\/\/www.sabine-seyffert.de\/blog\/wp-content\/uploads\/2017\/11\/Engel-Klammer-Holz-8.jpg\" alt=\"\" width=\"800\" height=\"600\" srcset=\"https:\/\/www.sabine-seyffert.de\/blog\/wp-content\/uploads\/2017\/11\/Engel-Klammer-Holz-8.jpg 800w, https:\/\/www.sabine-seyffert.de\/blog\/wp-content\/uploads\/2017\/11\/Engel-Klammer-Holz-8-300x225.jpg 300w, https:\/\/www.sabine-seyffert.de\/blog\/wp-content\/uploads\/2017\/11\/Engel-Klammer-Holz-8-768x576.jpg 768w\" sizes=\"auto, (max-width: 800px) 100vw, 800px\" \/><\/a><\/p>\n<p style=\"text-align: justify;\">Der Engel selbst besteht aus einer Holzw\u00e4scheklammer, wie man sie in vielen Bastell\u00e4den bekommt. F\u00fcr die Haare habe ich ein St\u00fcck naturfarbener M\u00e4rchenwolle genommen und mit etwas d\u00fcnnem Basteldraht um das obere Ende der W\u00e4scheklapper gewickelt.<\/p>\n<p style=\"text-align: center;\"><a href=\"http:\/\/www.sabine-seyffert.de\/blog\/wp-content\/uploads\/2017\/11\/Engel-Klammer-Holz-7.jpg\"><img loading=\"lazy\" decoding=\"async\" class=\"alignnone size-full wp-image-11493\" src=\"http:\/\/www.sabine-seyffert.de\/blog\/wp-content\/uploads\/2017\/11\/Engel-Klammer-Holz-7.jpg\" alt=\"\" width=\"800\" height=\"600\" srcset=\"https:\/\/www.sabine-seyffert.de\/blog\/wp-content\/uploads\/2017\/11\/Engel-Klammer-Holz-7.jpg 800w, https:\/\/www.sabine-seyffert.de\/blog\/wp-content\/uploads\/2017\/11\/Engel-Klammer-Holz-7-300x225.jpg 300w, https:\/\/www.sabine-seyffert.de\/blog\/wp-content\/uploads\/2017\/11\/Engel-Klammer-Holz-7-768x576.jpg 768w\" sizes=\"auto, (max-width: 800px) 100vw, 800px\" \/><\/a><\/p>\n<p style=\"text-align: justify;\">\u00dcber das mit der Schere abgeschnittene Drahtende habe ich auf der Vorderseite einen kleinen, silbernen Stern geklebt.<\/p>\n<p style=\"text-align: center;\"><a href=\"http:\/\/www.sabine-seyffert.de\/blog\/wp-content\/uploads\/2017\/11\/Engel-Klammer-Holz-6.jpg\"><img loading=\"lazy\" decoding=\"async\" class=\"alignnone size-full wp-image-11494\" src=\"http:\/\/www.sabine-seyffert.de\/blog\/wp-content\/uploads\/2017\/11\/Engel-Klammer-Holz-6.jpg\" alt=\"\" width=\"800\" height=\"600\" srcset=\"https:\/\/www.sabine-seyffert.de\/blog\/wp-content\/uploads\/2017\/11\/Engel-Klammer-Holz-6.jpg 800w, https:\/\/www.sabine-seyffert.de\/blog\/wp-content\/uploads\/2017\/11\/Engel-Klammer-Holz-6-300x225.jpg 300w, https:\/\/www.sabine-seyffert.de\/blog\/wp-content\/uploads\/2017\/11\/Engel-Klammer-Holz-6-768x576.jpg 768w\" sizes=\"auto, (max-width: 800px) 100vw, 800px\" \/><\/a><\/p>\n<p style=\"text-align: justify;\">Zum Schluss befestigt man mit etwas Kleber das herzf\u00f6rmige Papierdeckchen auf der R\u00fcckseite des Engels, so dass dies ausschaut wie die Fl\u00fcgel.<\/p>\n<p style=\"text-align: center;\"><a href=\"http:\/\/www.sabine-seyffert.de\/blog\/wp-content\/uploads\/2017\/11\/Engel-Klammer-Holz-5.jpg\"><img loading=\"lazy\" decoding=\"async\" class=\"alignnone size-full wp-image-11495\" src=\"http:\/\/www.sabine-seyffert.de\/blog\/wp-content\/uploads\/2017\/11\/Engel-Klammer-Holz-5.jpg\" alt=\"\" width=\"800\" height=\"600\" srcset=\"https:\/\/www.sabine-seyffert.de\/blog\/wp-content\/uploads\/2017\/11\/Engel-Klammer-Holz-5.jpg 800w, https:\/\/www.sabine-seyffert.de\/blog\/wp-content\/uploads\/2017\/11\/Engel-Klammer-Holz-5-300x225.jpg 300w, https:\/\/www.sabine-seyffert.de\/blog\/wp-content\/uploads\/2017\/11\/Engel-Klammer-Holz-5-768x576.jpg 768w\" sizes=\"auto, (max-width: 800px) 100vw, 800px\" \/><\/a><\/p>\n<p style=\"text-align: justify;\">Wer mag, bindet ein St\u00fcck Nylon um den Hals des Engels, so dass man damit den Weihnachtsbaum schm\u00fccken oder diesen als Fensterdeko nutzen kann.<br \/>\nDen fertigen Engel habe ich auf das Geschenk gelegt und etwas Kordel darum gewickelt. Nat\u00fcrlich durfte auch mein Lieblingsstempel als Aufdruck nicht fehlen. Und wie gef\u00e4llt Euch die Geschenkverpackung?<\/p>\n<p style=\"text-align: center;\"><a href=\"http:\/\/www.sabine-seyffert.de\/blog\/wp-content\/uploads\/2017\/11\/Engel-Klammer-Holz-2.jpg\"><img loading=\"lazy\" decoding=\"async\" class=\"alignnone size-full wp-image-11496\" src=\"http:\/\/www.sabine-seyffert.de\/blog\/wp-content\/uploads\/2017\/11\/Engel-Klammer-Holz-2.jpg\" alt=\"\" width=\"800\" height=\"600\" srcset=\"https:\/\/www.sabine-seyffert.de\/blog\/wp-content\/uploads\/2017\/11\/Engel-Klammer-Holz-2.jpg 800w, https:\/\/www.sabine-seyffert.de\/blog\/wp-content\/uploads\/2017\/11\/Engel-Klammer-Holz-2-300x225.jpg 300w, https:\/\/www.sabine-seyffert.de\/blog\/wp-content\/uploads\/2017\/11\/Engel-Klammer-Holz-2-768x576.jpg 768w\" sizes=\"auto, (max-width: 800px) 100vw, 800px\" \/><\/a><\/p>\n<p style=\"text-align: justify;\">Weitere Verpackungsideen f\u00fcr Geschenke tummeln sich in<a href=\"http:\/\/www.sabine-seyffert.de\/blog\/?cat=49\" target=\"_blank\" rel=\"noopener\"> dieser Rubrik<\/a>, alle Ideen rund um die Adventszeit <a href=\"http:\/\/www.sabine-seyffert.de\/blog\/?cat=41\" target=\"_blank\" rel=\"noopener\">hier<\/a> und anderes Kreatives <a href=\"http:\/\/www.creadienstag.de\/2017\/11\/linkparty308.html\" target=\"_blank\" rel=\"noopener\">da<\/a>.<\/p>\n<p style=\"text-align: center;\"><a href=\"http:\/\/www.sabine-seyffert.de\/blog\/wp-content\/uploads\/2017\/11\/Engel-Klammer-Holz-3.jpg\"><img loading=\"lazy\" decoding=\"async\" class=\"alignnone size-full wp-image-11497\" src=\"http:\/\/www.sabine-seyffert.de\/blog\/wp-content\/uploads\/2017\/11\/Engel-Klammer-Holz-3.jpg\" alt=\"\" width=\"800\" height=\"600\" srcset=\"https:\/\/www.sabine-seyffert.de\/blog\/wp-content\/uploads\/2017\/11\/Engel-Klammer-Holz-3.jpg 800w, https:\/\/www.sabine-seyffert.de\/blog\/wp-content\/uploads\/2017\/11\/Engel-Klammer-Holz-3-300x225.jpg 300w, https:\/\/www.sabine-seyffert.de\/blog\/wp-content\/uploads\/2017\/11\/Engel-Klammer-Holz-3-768x576.jpg 768w\" sizes=\"auto, (max-width: 800px) 100vw, 800px\" \/><\/a><\/p>\n<p style=\"text-align: center;\">Startet alle gut in den Dezember!<br \/>\n<a href=\"http:\/\/www.sabine-seyffert.de\/blog\/?page_id=32#urheberrecht\">urheberrechtlich gesch\u00fctzt<\/a>, \u00a9 Sabine Seyffert<\/p>\n","protected":false},"excerpt":{"rendered":"<p>Seid Ihr noch auf der Suche nach einer s\u00fc\u00dfen Geschenkverpackung f\u00fcr eure Weihnachtsgeschenke? Dann habe ich die passende Idee f\u00fcr Euch. Und zwar eine, die nicht zu aufw\u00e4ndig ist, gleich ins Auge f\u00e4llt und zugleich eine stimmungsvolle Deko. F\u00fcr eine liebe Freundin musste ein Geschenk verpackt werden und weil wir seit etlichen Jahren gut befreundet&#8230; <a href=\"https:\/\/www.sabine-seyffert.de\/blog\/verpackungsidee-weihnachtliche-geschenkverpackung-waescheklammer-weihnachtsengel-als-deko\/\" class=\"more-link\">Read more: Verpackungsidee &#038; weihnachtliche Geschenkverpackung: W\u00e4scheklammer -Weihnachtsengel als Deko<\/a><\/p>\n","protected":false},"author":2,"featured_media":0,"comment_status":"open","ping_status":"open","sticky":false,"template":"","format":"standard","meta":{"_metis_text_type":"","_metis_text_length":2304,"_post_count":0,"footnotes":""},"categories":[41,49],"tags":[],"class_list":["post-11489","post","type-post","status-publish","format-standard","hentry","category-weihnachten","category-verpackungsideen"],"_links":{"self":[{"href":"https:\/\/www.sabine-seyffert.de\/blog\/wp-json\/wp\/v2\/posts\/11489","targetHints":{"allow":["GET"]}}],"collection":[{"href":"https:\/\/www.sabine-seyffert.de\/blog\/wp-json\/wp\/v2\/posts"}],"about":[{"href":"https:\/\/www.sabine-seyffert.de\/blog\/wp-json\/wp\/v2\/types\/post"}],"author":[{"embeddable":true,"href":"https:\/\/www.sabine-seyffert.de\/blog\/wp-json\/wp\/v2\/users\/2"}],"replies":[{"embeddable":true,"href":"https:\/\/www.sabine-seyffert.de\/blog\/wp-json\/wp\/v2\/comments?post=11489"}],"version-history":[{"count":3,"href":"https:\/\/www.sabine-seyffert.de\/blog\/wp-json\/wp\/v2\/posts\/11489\/revisions"}],"predecessor-version":[{"id":11525,"href":"https:\/\/www.sabine-seyffert.de\/blog\/wp-json\/wp\/v2\/posts\/11489\/revisions\/11525"}],"wp:attachment":[{"href":"https:\/\/www.sabine-seyffert.de\/blog\/wp-json\/wp\/v2\/media?parent=11489"}],"wp:term":[{"taxonomy":"category","embeddable":true,"href":"https:\/\/www.sabine-seyffert.de\/blog\/wp-json\/wp\/v2\/categories?post=11489"},{"taxonomy":"post_tag","embeddable":true,"href":"https:\/\/www.sabine-seyffert.de\/blog\/wp-json\/wp\/v2\/tags?post=11489"}],"curies":[{"name":"wp","href":"https:\/\/api.w.org\/{rel}","templated":true}]}}