{"id":11452,"date":"2017-11-25T10:45:12","date_gmt":"2017-11-25T08:45:12","guid":{"rendered":"http:\/\/www.sabine-seyffert.de\/blog\/?p=11452"},"modified":"2017-11-28T07:02:15","modified_gmt":"2017-11-28T05:02:15","slug":"diy-verpackungsidee-adventskalender-weihnachtlich-verpackt-mit-adventskalenderzahlen-1-24","status":"publish","type":"post","link":"https:\/\/www.sabine-seyffert.de\/blog\/diy-verpackungsidee-adventskalender-weihnachtlich-verpackt-mit-adventskalenderzahlen-1-24\/","title":{"rendered":"DIY Verpackungsidee: Adventskalender weihnachtlich verpackt mit Adventskalenderzahlen 1-24"},"content":{"rendered":"<p style=\"text-align: justify;\"><img loading=\"lazy\" decoding=\"async\" src=\"https:\/\/ssl-vg03.met.vgwort.de\/na\/2ff1855bf69f4712a4e5c040c16312b5\" alt=\"\" width=\"1\" height=\"1\" \/>Nachdem ich euch in diesem Jahr schon zwei selbst gebastelte Adventskalender gezeigt habe, das <a href=\"http:\/\/www.sabine-seyffert.de\/blog\/?p=11330\" target=\"_blank\" rel=\"noopener\">wei\u00dfe Adventskalenderdorf<\/a> sowie den <a href=\"http:\/\/www.sabine-seyffert.de\/blog\/?p=11393\" target=\"_blank\" rel=\"noopener\">upcycelten Elch<\/a>, gibt es noch eine weitere Bastelidee zum Thema.<br \/>\nDas ich Adventskalender kaufe hat hier eigentlich absoluten seltenheitswert. Dennoch habe ich es im letzten Jahr ausnahmsweise getan und habe nach einer stimmungsvollen Verpackung f\u00fcr diesen kleinen Kalender gesucht. Irgendwie sollte die Verpackung schon ein wenig auf den Inhalt hinweisen und in die Vorweihnachtszeit passen.<\/p>\n<p style=\"text-align: center;\"><a href=\"http:\/\/www.sabine-seyffert.de\/blog\/wp-content\/uploads\/2017\/11\/Adventskalenderverpackung-1.jpg\"><img loading=\"lazy\" decoding=\"async\" class=\"alignnone size-full wp-image-11453\" src=\"http:\/\/www.sabine-seyffert.de\/blog\/wp-content\/uploads\/2017\/11\/Adventskalenderverpackung-1.jpg\" alt=\"\" width=\"800\" height=\"600\" srcset=\"https:\/\/www.sabine-seyffert.de\/blog\/wp-content\/uploads\/2017\/11\/Adventskalenderverpackung-1.jpg 800w, https:\/\/www.sabine-seyffert.de\/blog\/wp-content\/uploads\/2017\/11\/Adventskalenderverpackung-1-300x225.jpg 300w, https:\/\/www.sabine-seyffert.de\/blog\/wp-content\/uploads\/2017\/11\/Adventskalenderverpackung-1-768x576.jpg 768w\" sizes=\"auto, (max-width: 800px) 100vw, 800px\" \/><\/a><\/p>\n<p style=\"text-align: justify;\"><strong>Das wird gebraucht:<\/strong><br \/>\nHelleres Naturpapier, Packpapier, Motivstanzer Kreis mit Wellenrand (Durchmesser 2,5 cm) sowie ein Kreisstanzer (Durchmesser 1 cm), Klebstoff, 1 Bogen wei\u00dfes Papier und einen Drucker<\/p>\n<p style=\"text-align: center;\"><a href=\"http:\/\/www.sabine-seyffert.de\/blog\/wp-content\/uploads\/2017\/11\/Adventskalenderverpackung.jpg\"><img loading=\"lazy\" decoding=\"async\" class=\"alignnone size-full wp-image-11454\" src=\"http:\/\/www.sabine-seyffert.de\/blog\/wp-content\/uploads\/2017\/11\/Adventskalenderverpackung.jpg\" alt=\"\" width=\"800\" height=\"600\" srcset=\"https:\/\/www.sabine-seyffert.de\/blog\/wp-content\/uploads\/2017\/11\/Adventskalenderverpackung.jpg 800w, https:\/\/www.sabine-seyffert.de\/blog\/wp-content\/uploads\/2017\/11\/Adventskalenderverpackung-300x225.jpg 300w, https:\/\/www.sabine-seyffert.de\/blog\/wp-content\/uploads\/2017\/11\/Adventskalenderverpackung-768x576.jpg 768w\" sizes=\"auto, (max-width: 800px) 100vw, 800px\" \/><\/a><\/p>\n<p style=\"text-align: justify;\"><strong>So wird\u2019s gemacht:<\/strong><br \/>\nZuerst habe ich den gekauften Adventskalender in sch\u00f6nes Naturpapier verpackt. Hier gefiel mir die nat\u00fcrliche Struktur und Farbe sehr gut. Passend dazu wollte ich den verpackten Kalender mit Adventskalenderzahlen von 1-24 versehen. Diese sollten farblich auf das sch\u00f6ne Naturpapier abgestimmt sein.<\/p>\n<p style=\"text-align: center;\"><a href=\"http:\/\/www.sabine-seyffert.de\/blog\/wp-content\/uploads\/2017\/11\/Adventskalenderverpackung-8.jpg\"><img loading=\"lazy\" decoding=\"async\" class=\"alignnone size-full wp-image-11455\" src=\"http:\/\/www.sabine-seyffert.de\/blog\/wp-content\/uploads\/2017\/11\/Adventskalenderverpackung-8.jpg\" alt=\"\" width=\"800\" height=\"600\" srcset=\"https:\/\/www.sabine-seyffert.de\/blog\/wp-content\/uploads\/2017\/11\/Adventskalenderverpackung-8.jpg 800w, https:\/\/www.sabine-seyffert.de\/blog\/wp-content\/uploads\/2017\/11\/Adventskalenderverpackung-8-300x225.jpg 300w, https:\/\/www.sabine-seyffert.de\/blog\/wp-content\/uploads\/2017\/11\/Adventskalenderverpackung-8-768x576.jpg 768w\" sizes=\"auto, (max-width: 800px) 100vw, 800px\" \/><\/a><\/p>\n<p style=\"text-align: justify;\">So habe ich mir am Computer 24 Zahlen gestaltet. Dazu kann man die Zahlen Eins bis Vierundzwanzig jeweils in einer anderen Schriftart ausdrucken oder auch kleine Raffinessen in Form von Rechenaufgaben einbauen: Beispielsweise statt einer 4 steht dann auf der Adventskalenderzahl die Rechenaufgabe 2+2 oder statt der 21 hei\u00dft es hier 3 x 7. Hier und da kann man eine der Zahlen auch einfach als ganzes Wort ausschreiben.<\/p>\n<p style=\"text-align: center;\"><a href=\"http:\/\/www.sabine-seyffert.de\/blog\/wp-content\/uploads\/2017\/11\/Adventskalenderverpackung-7.jpg\"><img loading=\"lazy\" decoding=\"async\" class=\"alignnone size-full wp-image-11456\" src=\"http:\/\/www.sabine-seyffert.de\/blog\/wp-content\/uploads\/2017\/11\/Adventskalenderverpackung-7.jpg\" alt=\"\" width=\"800\" height=\"600\" srcset=\"https:\/\/www.sabine-seyffert.de\/blog\/wp-content\/uploads\/2017\/11\/Adventskalenderverpackung-7.jpg 800w, https:\/\/www.sabine-seyffert.de\/blog\/wp-content\/uploads\/2017\/11\/Adventskalenderverpackung-7-300x225.jpg 300w, https:\/\/www.sabine-seyffert.de\/blog\/wp-content\/uploads\/2017\/11\/Adventskalenderverpackung-7-768x576.jpg 768w\" sizes=\"auto, (max-width: 800px) 100vw, 800px\" \/><\/a><\/p>\n<p style=\"text-align: justify;\">Hat man auf diese Weise 24 Zahlen zusammen, die einem vom Schriftbild her gefallen, druckt man diese auf ein wei\u00dfes Blatt Papier und stanzt diese mit dem kleinen Motivlocher \u201eKreis\u201c aus. Weil dies allein zu langweilig aussieht, haben meine Adventskalenderzahlen noch einen Rahmen mit Wellenrand bekommen.<\/p>\n<p style=\"text-align: center;\"><a href=\"http:\/\/www.sabine-seyffert.de\/blog\/wp-content\/uploads\/2017\/11\/Adventskalenderverpackung-4.jpg\"><img loading=\"lazy\" decoding=\"async\" class=\"alignnone size-full wp-image-11457\" src=\"http:\/\/www.sabine-seyffert.de\/blog\/wp-content\/uploads\/2017\/11\/Adventskalenderverpackung-4.jpg\" alt=\"\" width=\"800\" height=\"600\" srcset=\"https:\/\/www.sabine-seyffert.de\/blog\/wp-content\/uploads\/2017\/11\/Adventskalenderverpackung-4.jpg 800w, https:\/\/www.sabine-seyffert.de\/blog\/wp-content\/uploads\/2017\/11\/Adventskalenderverpackung-4-300x225.jpg 300w, https:\/\/www.sabine-seyffert.de\/blog\/wp-content\/uploads\/2017\/11\/Adventskalenderverpackung-4-768x576.jpg 768w\" sizes=\"auto, (max-width: 800px) 100vw, 800px\" \/><\/a><\/p>\n<p style=\"text-align: justify;\">Dazu habe ich mit dem gr\u00f6\u00dferen Motivstanzer 24 Kreise aus normalem Packpapier ausgestanzt.<\/p>\n<p style=\"text-align: center;\"><a href=\"http:\/\/www.sabine-seyffert.de\/blog\/wp-content\/uploads\/2017\/11\/Adventskalenderverpackung-3.jpg\"><img loading=\"lazy\" decoding=\"async\" class=\"alignnone size-full wp-image-11458\" src=\"http:\/\/www.sabine-seyffert.de\/blog\/wp-content\/uploads\/2017\/11\/Adventskalenderverpackung-3.jpg\" alt=\"\" width=\"800\" height=\"600\" srcset=\"https:\/\/www.sabine-seyffert.de\/blog\/wp-content\/uploads\/2017\/11\/Adventskalenderverpackung-3.jpg 800w, https:\/\/www.sabine-seyffert.de\/blog\/wp-content\/uploads\/2017\/11\/Adventskalenderverpackung-3-300x225.jpg 300w, https:\/\/www.sabine-seyffert.de\/blog\/wp-content\/uploads\/2017\/11\/Adventskalenderverpackung-3-768x576.jpg 768w\" sizes=\"auto, (max-width: 800px) 100vw, 800px\" \/><\/a><\/p>\n<p style=\"text-align: justify;\">Nun verteilt man die Adventskalenderzahlen gleichm\u00e4\u00dfig auf dem verpackten Geschenk und klebt diese auf. Schon hat man eine weihnachtliche Verpackung, die gleich ins Auge f\u00e4llt!<\/p>\n<p style=\"text-align: center;\"><a href=\"http:\/\/www.sabine-seyffert.de\/blog\/wp-content\/uploads\/2017\/11\/Adventskalenderverpackung-2.jpg\"><img loading=\"lazy\" decoding=\"async\" class=\"alignnone size-full wp-image-11459\" src=\"http:\/\/www.sabine-seyffert.de\/blog\/wp-content\/uploads\/2017\/11\/Adventskalenderverpackung-2.jpg\" alt=\"\" width=\"800\" height=\"600\" srcset=\"https:\/\/www.sabine-seyffert.de\/blog\/wp-content\/uploads\/2017\/11\/Adventskalenderverpackung-2.jpg 800w, https:\/\/www.sabine-seyffert.de\/blog\/wp-content\/uploads\/2017\/11\/Adventskalenderverpackung-2-300x225.jpg 300w, https:\/\/www.sabine-seyffert.de\/blog\/wp-content\/uploads\/2017\/11\/Adventskalenderverpackung-2-768x576.jpg 768w\" sizes=\"auto, (max-width: 800px) 100vw, 800px\" \/><\/a><\/p>\n<p style=\"text-align: justify;\"><strong>Ein kleiner Tipp:<\/strong><br \/>\nWer mag und rechtzeitig mit dem Basteln beginnt, kann diese Zahlen auch in gr\u00f6\u00dferer Ausf\u00fchrung anfertigen und als Anh\u00e4nger f\u00fcr einen selbst gebastelten Adventskalender nutzen!<\/p>\n<p style=\"text-align: center;\"><a href=\"http:\/\/www.sabine-seyffert.de\/blog\/wp-content\/uploads\/2017\/11\/Adventskalenderverpackung-10.jpg\"><img loading=\"lazy\" decoding=\"async\" class=\"alignnone size-full wp-image-11460\" src=\"http:\/\/www.sabine-seyffert.de\/blog\/wp-content\/uploads\/2017\/11\/Adventskalenderverpackung-10.jpg\" alt=\"\" width=\"800\" height=\"600\" srcset=\"https:\/\/www.sabine-seyffert.de\/blog\/wp-content\/uploads\/2017\/11\/Adventskalenderverpackung-10.jpg 800w, https:\/\/www.sabine-seyffert.de\/blog\/wp-content\/uploads\/2017\/11\/Adventskalenderverpackung-10-300x225.jpg 300w, https:\/\/www.sabine-seyffert.de\/blog\/wp-content\/uploads\/2017\/11\/Adventskalenderverpackung-10-768x576.jpg 768w\" sizes=\"auto, (max-width: 800px) 100vw, 800px\" \/><\/a><\/p>\n<p style=\"text-align: justify;\">Weitere Bastelanleitungen rund um die Adventszeit und Weihnachten gibt es in <a href=\"http:\/\/www.sabine-seyffert.de\/blog\/?cat=41\" target=\"_blank\" rel=\"noopener\">dieser Rubrik<\/a>, Ideen zu selbst gemachten Geschenkverpackungen <a href=\"http:\/\/www.sabine-seyffert.de\/blog\/?cat=49\" target=\"_blank\" rel=\"noopener\">dort<\/a> und andere kreative Sachen <a href=\"http:\/\/www.creadienstag.de\/2017\/11\/linkparty307.html\" target=\"_blank\" rel=\"noopener\">da<\/a>.<br \/>\n<a href=\"http:\/\/www.sabine-seyffert.de\/blog\/?page_id=32#urheberrecht\">urheberrechtlich gesch\u00fctzt<\/a>, \u00a9 Sabine Seyffert<\/p>\n","protected":false},"excerpt":{"rendered":"<p>Nachdem ich euch in diesem Jahr schon zwei selbst gebastelte Adventskalender gezeigt habe, das wei\u00dfe Adventskalenderdorf sowie den upcycelten Elch, gibt es noch eine weitere Bastelidee zum Thema. Das ich Adventskalender kaufe hat hier eigentlich absoluten seltenheitswert. Dennoch habe ich es im letzten Jahr ausnahmsweise getan und habe nach einer stimmungsvollen Verpackung f\u00fcr diesen kleinen&#8230; <a href=\"https:\/\/www.sabine-seyffert.de\/blog\/diy-verpackungsidee-adventskalender-weihnachtlich-verpackt-mit-adventskalenderzahlen-1-24\/\" class=\"more-link\">Read more: DIY Verpackungsidee: Adventskalender weihnachtlich verpackt mit Adventskalenderzahlen 1-24<\/a><\/p>\n","protected":false},"author":2,"featured_media":0,"comment_status":"open","ping_status":"open","sticky":false,"template":"","format":"standard","meta":{"_metis_text_type":"","_metis_text_length":2451,"_post_count":0,"footnotes":""},"categories":[41,49],"tags":[],"class_list":["post-11452","post","type-post","status-publish","format-standard","hentry","category-weihnachten","category-verpackungsideen"],"_links":{"self":[{"href":"https:\/\/www.sabine-seyffert.de\/blog\/wp-json\/wp\/v2\/posts\/11452","targetHints":{"allow":["GET"]}}],"collection":[{"href":"https:\/\/www.sabine-seyffert.de\/blog\/wp-json\/wp\/v2\/posts"}],"about":[{"href":"https:\/\/www.sabine-seyffert.de\/blog\/wp-json\/wp\/v2\/types\/post"}],"author":[{"embeddable":true,"href":"https:\/\/www.sabine-seyffert.de\/blog\/wp-json\/wp\/v2\/users\/2"}],"replies":[{"embeddable":true,"href":"https:\/\/www.sabine-seyffert.de\/blog\/wp-json\/wp\/v2\/comments?post=11452"}],"version-history":[{"count":2,"href":"https:\/\/www.sabine-seyffert.de\/blog\/wp-json\/wp\/v2\/posts\/11452\/revisions"}],"predecessor-version":[{"id":11475,"href":"https:\/\/www.sabine-seyffert.de\/blog\/wp-json\/wp\/v2\/posts\/11452\/revisions\/11475"}],"wp:attachment":[{"href":"https:\/\/www.sabine-seyffert.de\/blog\/wp-json\/wp\/v2\/media?parent=11452"}],"wp:term":[{"taxonomy":"category","embeddable":true,"href":"https:\/\/www.sabine-seyffert.de\/blog\/wp-json\/wp\/v2\/categories?post=11452"},{"taxonomy":"post_tag","embeddable":true,"href":"https:\/\/www.sabine-seyffert.de\/blog\/wp-json\/wp\/v2\/tags?post=11452"}],"curies":[{"name":"wp","href":"https:\/\/api.w.org\/{rel}","templated":true}]}}