{"id":11361,"date":"2017-11-11T11:27:09","date_gmt":"2017-11-11T09:27:09","guid":{"rendered":"http:\/\/www.sabine-seyffert.de\/blog\/?p=11361"},"modified":"2017-11-11T11:27:09","modified_gmt":"2017-11-11T09:27:09","slug":"familienurlaub-in-zeeland-ausflugstipp-in-domburg-burg-kasteel-westhove-der-zauberwald","status":"publish","type":"post","link":"https:\/\/www.sabine-seyffert.de\/blog\/familienurlaub-in-zeeland-ausflugstipp-in-domburg-burg-kasteel-westhove-der-zauberwald\/","title":{"rendered":"Familienurlaub in Zeeland: Ausflugstipp in Domburg \u2013 Burg \u201eKasteel Westhove\u201c &#038; der Zauberwald"},"content":{"rendered":"<p style=\"text-align: justify;\"><img loading=\"lazy\" decoding=\"async\" src=\"https:\/\/ssl-vg03.met.vgwort.de\/na\/c106bad6bc0b49d396cb3326072674e6\" alt=\"\" width=\"1\" height=\"1\" \/>Die Herbstferien liegen bereits hinter uns. In der ersten Ferienwoche haben wir uns eine Auszeit am Meer geg\u00f6nnt und uns reichlich Seeluft um die Nase wehen lassen. Neben den etlichen Wassergr\u00e4ben, Sandburgen und Springgruben, die w\u00e4hrend des Familienurlaubs am Strand gegraben wurden, waren wir auch unterwegs um die Gegend zu erkunden.<\/p>\n<p style=\"text-align: center;\"><a href=\"http:\/\/www.sabine-seyffert.de\/blog\/wp-content\/uploads\/2017\/11\/Ferien-Schloss-7.jpg\"><img loading=\"lazy\" decoding=\"async\" class=\"alignnone size-full wp-image-11362\" src=\"http:\/\/www.sabine-seyffert.de\/blog\/wp-content\/uploads\/2017\/11\/Ferien-Schloss-7.jpg\" alt=\"\" width=\"800\" height=\"600\" srcset=\"https:\/\/www.sabine-seyffert.de\/blog\/wp-content\/uploads\/2017\/11\/Ferien-Schloss-7.jpg 800w, https:\/\/www.sabine-seyffert.de\/blog\/wp-content\/uploads\/2017\/11\/Ferien-Schloss-7-300x225.jpg 300w, https:\/\/www.sabine-seyffert.de\/blog\/wp-content\/uploads\/2017\/11\/Ferien-Schloss-7-768x576.jpg 768w\" sizes=\"auto, (max-width: 800px) 100vw, 800px\" \/><\/a><\/p>\n<p style=\"text-align: justify;\">So f\u00fchrte uns ein Ausflug zum <a href=\"https:\/\/nl.wikipedia.org\/wiki\/Kasteel_Westhove\" target=\"_blank\" rel=\"noopener\">Kasteel Westhove<\/a> auf Walcheren, das genau zwischen den beiden St\u00e4dten Oostkapelle und Domburg liegt. Wer nicht zu Fu\u00df oder per Fahrrad dorthin m\u00f6chte, der kann sein Auto auf einem nahe gelegen Parkplatz abstellen, denn eine f\u00fcr PKW zugelassene Zufahrtsstrasse zur Burg gibt es nicht.<\/p>\n<p style=\"text-align: center;\"><a href=\"http:\/\/www.sabine-seyffert.de\/blog\/wp-content\/uploads\/2017\/11\/Ferien-Schloss-6.jpg\"><img loading=\"lazy\" decoding=\"async\" class=\"alignnone size-full wp-image-11363\" src=\"http:\/\/www.sabine-seyffert.de\/blog\/wp-content\/uploads\/2017\/11\/Ferien-Schloss-6.jpg\" alt=\"\" width=\"800\" height=\"600\" srcset=\"https:\/\/www.sabine-seyffert.de\/blog\/wp-content\/uploads\/2017\/11\/Ferien-Schloss-6.jpg 800w, https:\/\/www.sabine-seyffert.de\/blog\/wp-content\/uploads\/2017\/11\/Ferien-Schloss-6-300x225.jpg 300w, https:\/\/www.sabine-seyffert.de\/blog\/wp-content\/uploads\/2017\/11\/Ferien-Schloss-6-768x576.jpg 768w\" sizes=\"auto, (max-width: 800px) 100vw, 800px\" \/><\/a><\/p>\n<p style=\"text-align: justify;\">Zuerst geht es den Fu\u00dfweg durch eine lange Allee entlang. Die Wege, die direkt zum Kasteel f\u00fchren, sind allesamt flach und auch Kinderwagen tauglich.<\/p>\n<p style=\"text-align: center;\"><a href=\"http:\/\/www.sabine-seyffert.de\/blog\/wp-content\/uploads\/2017\/11\/Ferien-Schloss-15.jpg\"><img loading=\"lazy\" decoding=\"async\" class=\"alignnone size-full wp-image-11364\" src=\"http:\/\/www.sabine-seyffert.de\/blog\/wp-content\/uploads\/2017\/11\/Ferien-Schloss-15.jpg\" alt=\"\" width=\"600\" height=\"800\" srcset=\"https:\/\/www.sabine-seyffert.de\/blog\/wp-content\/uploads\/2017\/11\/Ferien-Schloss-15.jpg 600w, https:\/\/www.sabine-seyffert.de\/blog\/wp-content\/uploads\/2017\/11\/Ferien-Schloss-15-225x300.jpg 225w\" sizes=\"auto, (max-width: 600px) 100vw, 600px\" \/><\/a><\/p>\n<p style=\"text-align: justify;\">Die Burg geh\u00f6rte einst zu der Abtei von <a href=\"https:\/\/de.wikipedia.org\/wiki\/Middelburg\" target=\"_blank\" rel=\"noopener\">Middelburg<\/a>, der Hauptstadt der niederl\u00e4ndischen Provinz Zeeland und wurde erstmals im Jahre 1277 urkundlich erw\u00e4hnt. Heute ist nur noch ein kleiner Teil der Burg \u00fcbrig.<\/p>\n<p style=\"text-align: center;\"><a href=\"http:\/\/www.sabine-seyffert.de\/blog\/wp-content\/uploads\/2017\/11\/Ferien-Schloss-2.jpg\"><img loading=\"lazy\" decoding=\"async\" class=\"alignnone size-full wp-image-11365\" src=\"http:\/\/www.sabine-seyffert.de\/blog\/wp-content\/uploads\/2017\/11\/Ferien-Schloss-2.jpg\" alt=\"\" width=\"800\" height=\"600\" srcset=\"https:\/\/www.sabine-seyffert.de\/blog\/wp-content\/uploads\/2017\/11\/Ferien-Schloss-2.jpg 800w, https:\/\/www.sabine-seyffert.de\/blog\/wp-content\/uploads\/2017\/11\/Ferien-Schloss-2-300x225.jpg 300w, https:\/\/www.sabine-seyffert.de\/blog\/wp-content\/uploads\/2017\/11\/Ferien-Schloss-2-768x576.jpg 768w\" sizes=\"auto, (max-width: 800px) 100vw, 800px\" \/><\/a><\/p>\n<p style=\"text-align: justify;\">Der Hauptteil der Burg mit seinen beiden Seitenfl\u00fcgeln ist rundum von Wasser umgeben und erinnerte mich daher ein wenig an das <a href=\"http:\/\/www.sabine-seyffert.de\/blog\/?p=5881\" target=\"_blank\" rel=\"noopener\">Wasserschloss Anholt<\/a>, von dem ich euch hier schon einmal ausf\u00fchrlich berichtet habe.<\/p>\n<p style=\"text-align: center;\"><a href=\"http:\/\/www.sabine-seyffert.de\/blog\/wp-content\/uploads\/2017\/11\/Ferien-Schloss-1.jpg\"><img loading=\"lazy\" decoding=\"async\" class=\"alignnone size-full wp-image-11366\" src=\"http:\/\/www.sabine-seyffert.de\/blog\/wp-content\/uploads\/2017\/11\/Ferien-Schloss-1.jpg\" alt=\"\" width=\"800\" height=\"600\" srcset=\"https:\/\/www.sabine-seyffert.de\/blog\/wp-content\/uploads\/2017\/11\/Ferien-Schloss-1.jpg 800w, https:\/\/www.sabine-seyffert.de\/blog\/wp-content\/uploads\/2017\/11\/Ferien-Schloss-1-300x225.jpg 300w, https:\/\/www.sabine-seyffert.de\/blog\/wp-content\/uploads\/2017\/11\/Ferien-Schloss-1-768x576.jpg 768w\" sizes=\"auto, (max-width: 800px) 100vw, 800px\" \/><\/a><\/p>\n<p style=\"text-align: justify;\">Wenn wir die Schilder richtig gedeutet haben, ist im Innern der Burg mittlerweile eine Jugendherberge zu finden. Auf dem ger\u00e4umigen Innenhof findet man allerhand Sitzgelegenheiten und Spielm\u00f6glichkeiten, wie beispielsweise eine Tischtennisplatte.<\/p>\n<p style=\"text-align: center;\"><a href=\"http:\/\/www.sabine-seyffert.de\/blog\/wp-content\/uploads\/2017\/11\/Ferien-Schloss-28.jpg\"><img loading=\"lazy\" decoding=\"async\" class=\"alignnone size-full wp-image-11367\" src=\"http:\/\/www.sabine-seyffert.de\/blog\/wp-content\/uploads\/2017\/11\/Ferien-Schloss-28.jpg\" alt=\"\" width=\"800\" height=\"600\" srcset=\"https:\/\/www.sabine-seyffert.de\/blog\/wp-content\/uploads\/2017\/11\/Ferien-Schloss-28.jpg 800w, https:\/\/www.sabine-seyffert.de\/blog\/wp-content\/uploads\/2017\/11\/Ferien-Schloss-28-300x225.jpg 300w, https:\/\/www.sabine-seyffert.de\/blog\/wp-content\/uploads\/2017\/11\/Ferien-Schloss-28-768x576.jpg 768w\" sizes=\"auto, (max-width: 800px) 100vw, 800px\" \/><\/a><\/p>\n<p style=\"text-align: justify;\">Ein St\u00fcck entfernt gibt es auch ein Museum Namens <a href=\"https:\/\/nl.wikipedia.org\/wiki\/Terra_Maris\" target=\"_blank\" rel=\"noopener\">Terra Maris<\/a>, das wir jedoch nicht besichtigt haben. Stattdessen sind wir im Schlosspark umher gewandert. Hier sind die Wege schon etwas schmaler. Hier und dort gibt es kleine Br\u00fccken, die \u00fcber die Wassergr\u00e4ben f\u00fchren.<\/p>\n<p style=\"text-align: center;\"><a href=\"http:\/\/www.sabine-seyffert.de\/blog\/wp-content\/uploads\/2017\/11\/Ferien-Schloss-11.jpg\"><img loading=\"lazy\" decoding=\"async\" class=\"alignnone size-full wp-image-11368\" src=\"http:\/\/www.sabine-seyffert.de\/blog\/wp-content\/uploads\/2017\/11\/Ferien-Schloss-11.jpg\" alt=\"\" width=\"600\" height=\"800\" srcset=\"https:\/\/www.sabine-seyffert.de\/blog\/wp-content\/uploads\/2017\/11\/Ferien-Schloss-11.jpg 600w, https:\/\/www.sabine-seyffert.de\/blog\/wp-content\/uploads\/2017\/11\/Ferien-Schloss-11-225x300.jpg 225w\" sizes=\"auto, (max-width: 600px) 100vw, 600px\" \/><\/a><\/p>\n<p style=\"text-align: justify;\">An einer Stelle entdecken wir einen gro\u00dfen Esskastanienbaum, unter dem wir allerhand heruntergefallene Maronen sammeln k\u00f6nnen. Allerdings sind die Schalen sehr pieksig und nicht immer gelingt es, die gl\u00e4nzenden Herbstfr\u00fcchte daraus hervor zu locken.<\/p>\n<p style=\"text-align: center;\"><a href=\"http:\/\/www.sabine-seyffert.de\/blog\/wp-content\/uploads\/2017\/11\/Ferien-Schloss-5.jpg\"><img loading=\"lazy\" decoding=\"async\" class=\"alignnone size-full wp-image-11369\" src=\"http:\/\/www.sabine-seyffert.de\/blog\/wp-content\/uploads\/2017\/11\/Ferien-Schloss-5.jpg\" alt=\"\" width=\"800\" height=\"600\" srcset=\"https:\/\/www.sabine-seyffert.de\/blog\/wp-content\/uploads\/2017\/11\/Ferien-Schloss-5.jpg 800w, https:\/\/www.sabine-seyffert.de\/blog\/wp-content\/uploads\/2017\/11\/Ferien-Schloss-5-300x225.jpg 300w, https:\/\/www.sabine-seyffert.de\/blog\/wp-content\/uploads\/2017\/11\/Ferien-Schloss-5-768x576.jpg 768w\" sizes=\"auto, (max-width: 800px) 100vw, 800px\" \/><\/a><\/p>\n<p style=\"text-align: justify;\">Ein St\u00fcck weiter kommen wir in einen wahren \u201eZauberwald\u201c, der offensichtlich auch andere Besucher magisch anzieht. Au\u00dfer Picknick Tischen und Holzb\u00e4nken, findet man unz\u00e4hlige B\u00e4ume, deren \u00c4ste zum Spielen, Verstecken und vor allen Dingen aber zum Klettern einladen!<\/p>\n<p style=\"text-align: center;\"><a href=\"http:\/\/www.sabine-seyffert.de\/blog\/wp-content\/uploads\/2017\/11\/Ferien-Schloss-4.jpg\"><img loading=\"lazy\" decoding=\"async\" class=\"alignnone size-full wp-image-11370\" src=\"http:\/\/www.sabine-seyffert.de\/blog\/wp-content\/uploads\/2017\/11\/Ferien-Schloss-4.jpg\" alt=\"\" width=\"800\" height=\"600\" srcset=\"https:\/\/www.sabine-seyffert.de\/blog\/wp-content\/uploads\/2017\/11\/Ferien-Schloss-4.jpg 800w, https:\/\/www.sabine-seyffert.de\/blog\/wp-content\/uploads\/2017\/11\/Ferien-Schloss-4-300x225.jpg 300w, https:\/\/www.sabine-seyffert.de\/blog\/wp-content\/uploads\/2017\/11\/Ferien-Schloss-4-768x576.jpg 768w\" sizes=\"auto, (max-width: 800px) 100vw, 800px\" \/><\/a><\/p>\n<p style=\"text-align: justify;\">Von hier aus, kann man den Strand erreichen und die Aussicht aufs Meer genie\u00dfen. Allerdings sind wir von dem kleinen Wald so angetan, dass wir die Natur hier noch ein wenig genie\u00dfen m\u00f6chten und kreuz und quer durch die kleinen Waldpfade spazieren. Obwohl es bereits Ende Oktober ist, sind die B\u00e4ume hier noch erstaunlich gr\u00fcn.<\/p>\n<p style=\"text-align: center;\"><a href=\"http:\/\/www.sabine-seyffert.de\/blog\/wp-content\/uploads\/2017\/11\/Ferien-Schloss-3.jpg\"><img loading=\"lazy\" decoding=\"async\" class=\"alignnone size-full wp-image-11371\" src=\"http:\/\/www.sabine-seyffert.de\/blog\/wp-content\/uploads\/2017\/11\/Ferien-Schloss-3.jpg\" alt=\"\" width=\"800\" height=\"600\" srcset=\"https:\/\/www.sabine-seyffert.de\/blog\/wp-content\/uploads\/2017\/11\/Ferien-Schloss-3.jpg 800w, https:\/\/www.sabine-seyffert.de\/blog\/wp-content\/uploads\/2017\/11\/Ferien-Schloss-3-300x225.jpg 300w, https:\/\/www.sabine-seyffert.de\/blog\/wp-content\/uploads\/2017\/11\/Ferien-Schloss-3-768x576.jpg 768w\" sizes=\"auto, (max-width: 800px) 100vw, 800px\" \/><\/a><\/p>\n<p style=\"text-align: justify;\">In einem abgegrenzten Waldgebiet, das f\u00fcr Hunde verboten ist, kann man mit etwas Gl\u00fcck auch Rehe beobachten. Aber obwohl wir dort ganz alleine unterwegs waren, hatten wir leider klein Gl\u00fcck.<\/p>\n<p style=\"text-align: center;\"><a href=\"http:\/\/www.sabine-seyffert.de\/blog\/wp-content\/uploads\/2017\/11\/Ferien-Schloss-22.jpg\"><img loading=\"lazy\" decoding=\"async\" class=\"alignnone size-full wp-image-11373\" src=\"http:\/\/www.sabine-seyffert.de\/blog\/wp-content\/uploads\/2017\/11\/Ferien-Schloss-22.jpg\" alt=\"\" width=\"600\" height=\"800\" srcset=\"https:\/\/www.sabine-seyffert.de\/blog\/wp-content\/uploads\/2017\/11\/Ferien-Schloss-22.jpg 600w, https:\/\/www.sabine-seyffert.de\/blog\/wp-content\/uploads\/2017\/11\/Ferien-Schloss-22-225x300.jpg 225w\" sizes=\"auto, (max-width: 600px) 100vw, 600px\" \/><\/a><\/p>\n<p style=\"text-align: justify;\">Auf jeden Fall ein sch\u00f6nes Ausflugsziel f\u00fcr Familien, die die Natur m\u00f6gen und ein erholsames Kontrastprogramm zum regen Treiben am Strand \ud83d\ude42 War von euch schon mal jemand dort? \u00dcbrigens habe ich im Blog Archiv noch einen weiteren Ausflugstipp f\u00fcr euch, der ganz in der N\u00e4he ist: Die Hafenstadt <a href=\"http:\/\/www.sabine-seyffert.de\/blog\/?p=5934\" target=\"_blank\" rel=\"noopener\">Veere<\/a>.<\/p>\n<p style=\"text-align: center;\"><a href=\"http:\/\/www.sabine-seyffert.de\/blog\/wp-content\/uploads\/2017\/11\/Ferien-Schloss.jpg\"><img loading=\"lazy\" decoding=\"async\" class=\"alignnone size-full wp-image-11374\" src=\"http:\/\/www.sabine-seyffert.de\/blog\/wp-content\/uploads\/2017\/11\/Ferien-Schloss.jpg\" alt=\"\" width=\"600\" height=\"800\" srcset=\"https:\/\/www.sabine-seyffert.de\/blog\/wp-content\/uploads\/2017\/11\/Ferien-Schloss.jpg 600w, https:\/\/www.sabine-seyffert.de\/blog\/wp-content\/uploads\/2017\/11\/Ferien-Schloss-225x300.jpg 225w\" sizes=\"auto, (max-width: 600px) 100vw, 600px\" \/><\/a><\/p>\n<p><a href=\"http:\/\/www.sabine-seyffert.de\/blog\/?page_id=32#urheberrecht\">urheberrechtlich gesch\u00fctzt<\/a>, \u00a9 Sabine Seyffert<\/p>\n","protected":false},"excerpt":{"rendered":"<p>Die Herbstferien liegen bereits hinter uns. In der ersten Ferienwoche haben wir uns eine Auszeit am Meer geg\u00f6nnt und uns reichlich Seeluft um die Nase wehen lassen. Neben den etlichen Wassergr\u00e4ben, Sandburgen und Springgruben, die w\u00e4hrend des Familienurlaubs am Strand gegraben wurden, waren wir auch unterwegs um die Gegend zu erkunden. So f\u00fchrte uns ein&#8230; <a href=\"https:\/\/www.sabine-seyffert.de\/blog\/familienurlaub-in-zeeland-ausflugstipp-in-domburg-burg-kasteel-westhove-der-zauberwald\/\" class=\"more-link\">Read more: Familienurlaub in Zeeland: Ausflugstipp in Domburg \u2013 Burg \u201eKasteel Westhove\u201c &#038; der Zauberwald<\/a><\/p>\n","protected":false},"author":2,"featured_media":0,"comment_status":"open","ping_status":"open","sticky":false,"template":"","format":"standard","meta":{"_metis_text_type":"","_metis_text_length":3117,"_post_count":0,"footnotes":""},"categories":[38],"tags":[],"class_list":["post-11361","post","type-post","status-publish","format-standard","hentry","category-ferien"],"_links":{"self":[{"href":"https:\/\/www.sabine-seyffert.de\/blog\/wp-json\/wp\/v2\/posts\/11361","targetHints":{"allow":["GET"]}}],"collection":[{"href":"https:\/\/www.sabine-seyffert.de\/blog\/wp-json\/wp\/v2\/posts"}],"about":[{"href":"https:\/\/www.sabine-seyffert.de\/blog\/wp-json\/wp\/v2\/types\/post"}],"author":[{"embeddable":true,"href":"https:\/\/www.sabine-seyffert.de\/blog\/wp-json\/wp\/v2\/users\/2"}],"replies":[{"embeddable":true,"href":"https:\/\/www.sabine-seyffert.de\/blog\/wp-json\/wp\/v2\/comments?post=11361"}],"version-history":[{"count":2,"href":"https:\/\/www.sabine-seyffert.de\/blog\/wp-json\/wp\/v2\/posts\/11361\/revisions"}],"predecessor-version":[{"id":11376,"href":"https:\/\/www.sabine-seyffert.de\/blog\/wp-json\/wp\/v2\/posts\/11361\/revisions\/11376"}],"wp:attachment":[{"href":"https:\/\/www.sabine-seyffert.de\/blog\/wp-json\/wp\/v2\/media?parent=11361"}],"wp:term":[{"taxonomy":"category","embeddable":true,"href":"https:\/\/www.sabine-seyffert.de\/blog\/wp-json\/wp\/v2\/categories?post=11361"},{"taxonomy":"post_tag","embeddable":true,"href":"https:\/\/www.sabine-seyffert.de\/blog\/wp-json\/wp\/v2\/tags?post=11361"}],"curies":[{"name":"wp","href":"https:\/\/api.w.org\/{rel}","templated":true}]}}