{"id":1132,"date":"2013-03-30T13:48:41","date_gmt":"2013-03-30T11:48:41","guid":{"rendered":"http:\/\/www.sabine-seyffert.de\/blog\/?p=1132"},"modified":"2023-02-16T17:34:30","modified_gmt":"2023-02-16T15:34:30","slug":"bist-du-mude-kleiner-osterhase","status":"publish","type":"post","link":"https:\/\/www.sabine-seyffert.de\/blog\/bist-du-mude-kleiner-osterhase\/","title":{"rendered":"Bist du m\u00fcde, kleiner Osterhase?"},"content":{"rendered":"<p><strong><img loading=\"lazy\" decoding=\"async\" src=\"https:\/\/ssl-vg03.met.vgwort.de\/na\/cb209c2f830541fda820728000180572\" alt=\"\" width=\"1\" height=\"1\" \/><br \/>\nEine Fl\u00fcstergeschichte f\u00fcr die Osterzeit<\/strong><\/p>\n<p style=\"text-align: justify;\">Wenn man die Ostertage mal mit Kinderaugen betrachtet, stellt man fest, dass dies ganz sch\u00f6n spannend und aufregend sind. Allein das Warten auf den Osterhasen: Traut Meister Lampe sich dieses Jahr bei dem Winterwetter und den eisigen Temperaturen \u00fcberhaupt aus seinem Bau? Auch die Ostereiersuche ist f\u00fcr Kinder ein kleines Abenteuer f\u00fcr sich.<br \/>\nDoch was tun, wenn der Abend naht und die Kinder trotz Ostertrubel, ins Bett gehen und schlafen sollen? M\u00f6glicherweise kann die folgende Fl\u00fcstergeschichte etwas Ruhe ins Geschehen bringen und beim Einschlafen helfen\u2026<\/p>\n<p style=\"text-align: center;\"><a href=\"http:\/\/www.sabine-seyffert.de\/blog\/wp-content\/uploads\/2013\/03\/Osternhase-2-Fl\u00fcstergeschichte-.jpg\"><img loading=\"lazy\" decoding=\"async\" class=\"alignnone size-full wp-image-1133\" src=\"http:\/\/www.sabine-seyffert.de\/blog\/wp-content\/uploads\/2013\/03\/Osternhase-2-Fl\u00fcstergeschichte-.jpg\" alt=\"Osternhase 2 Fl\u00fcstergeschichte\" width=\"820\" height=\"620\" srcset=\"https:\/\/www.sabine-seyffert.de\/blog\/wp-content\/uploads\/2013\/03\/Osternhase-2-Fl\u00fcstergeschichte-.jpg 820w, https:\/\/www.sabine-seyffert.de\/blog\/wp-content\/uploads\/2013\/03\/Osternhase-2-Fl\u00fcstergeschichte--300x226.jpg 300w\" sizes=\"auto, (max-width: 820px) 100vw, 820px\" \/><\/a><\/p>\n<p style=\"text-align: justify;\"><strong>So geht\u2019s:<\/strong><br \/>\n<em>Am besten legt sich das Kind in sein Bett und man setzt sich so daneben, dass man die Hand und den Arm des Kindes gut erreichen kann.<\/em><\/p>\n<p style=\"text-align: justify;\">Schau mal hier, mitten in deiner Hand sitzt ein kleiner Osterhase!<\/p>\n<p style=\"text-align: justify;\"><em>Man nimmt die Hand des Kindes und streichelt, am besten mit dem Daumen, die Handinnenfl\u00e4che.<\/em><\/p>\n<p style=\"text-align: justify;\">Und wie es sich f\u00fcr einen richtigen Osterhasen geh\u00f6rt, hat der nat\u00fcrlich auch zwei lange Ohren. Sp\u00fcrst du sie?<\/p>\n<p style=\"text-align: justify;\"><em>Mit dem Daumen \u00fcber Zeige- und Mittelfinger sowie Ring- und kleinem Finger nach oben zur Fingerspitze streichen.<\/em><\/p>\n<p style=\"text-align: justify;\">Ganz neugierig macht sich der kleine Osterhase auf den Weg durchs gr\u00fcne Gras\u2026<\/p>\n<p style=\"text-align: justify;\"><em>Mit der Hand langsam (!) und in ruhigem Tempo den Arm des Kindes nach oben massieren. Hierbei kommt es auf die Intensit\u00e4t und liebevolle Ber\u00fchrung an, die das Kind vor dem Einschlafen genie\u00dfen soll.<\/em><\/p>\n<p style=\"text-align: justify;\">Er hoppelt man hier entlang\u2026 Dann mal dort\u2026 Schaut dann hier hinter einen Busch hervor und an anderer Stelle h\u00fcpft er um ein paar bunte Blumen herum\u2026<\/p>\n<p style=\"text-align: justify;\"><em>Damit die Massage nicht zu eint\u00f6nig wird und auch f\u00fcr j\u00fcngere Kinder durch die Abwechslung im Geschehen interessant bleibt, variiert man die Ber\u00fchrung durch leichtes \u201eKlopfen\u201c, die das Hasenhoppeln darstellen und hierbei den Arm immer weiter nach Oben streicheln.<\/em><\/p>\n<p style=\"text-align: justify;\">Der Osterhase ist in diesem Jahr sehr flei\u00dfig und versteckt viele bunte Eier im gr\u00fcnen Gras\u2026<\/p>\n<p style=\"text-align: justify;\"><em>Mit dem Daumen hier und da auf dem Arm sanft kreisende Bewegungen vollziehen.<\/em><\/p>\n<p style=\"text-align: justify;\">Schlie\u00dflich ist der kleine Osterhase m\u00fcde. Er l\u00e4sst sich auf die Wiese plumpsen und streckt alle Viere weit von sich\u2026<\/p>\n<p style=\"text-align: justify;\"><em>Die Fingerspitzen eng aneinandergelegt auf der Schulter des Kindes aufsetzen und dann die Finger dicht am K\u00f6rper nach Au\u00dfen fahren lassen, so dass man schlie\u00dflich mit diesem Griff die Kinderschulter mit seiner Hand umfasst.<\/em><\/p>\n<p style=\"text-align: justify;\">Ach das tut gut, herrlich sich so auszuruhen\u2026 Und ganz ruhig und entspannt im gr\u00fcnen Gras zu liegen\u2026<\/p>\n<p style=\"text-align: justify;\"><em>Die Schulter weiterhin umfassen und in vollkommen ruhigen, m\u00f6glichst gleichm\u00e4\u00dfigen Bewegungen \u201eschaukeln\u201c. Die Schaukelbewegung sollte so ruhig sein, dass sie den Kindern beim Einschlafen dienlich ist. Dieser Hinweis hilft dem Massierenden sicher dabei das richtige Tempo zu finden \ud83d\ude42<\/em><\/p>\n<p style=\"text-align: justify;\">Besonders gut gef\u00e4llt dem kleinen Osterhasen sich die Sonne auf den Bauch scheinen zu lassen\u2026<\/p>\n<p style=\"text-align: justify;\"><em>Beide Handfl\u00e4chen mit Druck ganz schnell aneinander reiben, so dass diese warm werden. Die erw\u00e4rmten H\u00e4nde auf die Schulter des Kindes legen und dort ruhen lassen. Die wohltuende W\u00e4rme hilft beim Entspannen und schenkt Geborgenheit.<\/em><\/p>\n<p style=\"text-align: justify;\">Der Osterhase muss g\u00e4hnen, so m\u00fcde ist der kleine Kerl!<\/p>\n<p style=\"text-align: justify;\"><em>Wenn das Kind mag, darf es mitg\u00e4hnen. Das befreit und entspannt.<\/em><\/p>\n<p style=\"text-align: justify;\">M\u00fcde schl\u00fcpft der kleine Osterhase dann in dein Ohr hinein und schl\u00e4ft dort ganz schnell ein\u2026 Gute Nacht, kleiner Osterhase und tr\u00e4um was Sch\u00f6nes\u2026<\/p>\n<p style=\"text-align: justify;\"><em>Mit der Hand das Ohr des Kindes leicht kneten und sanft massieren. Dann mit den Fingern leicht (!) ins Ohr fassen und sich mit einem Gute Nacht Kuss \u201everabschieden\u201c.<\/em><\/p>\n<p style=\"text-align: justify;\"><strong>Ein kleiner Tipp:<\/strong><br \/>\nFl\u00fcstergeschichten sind f\u00fcr Kinder immer etwas Besonders und f\u00fcr viele ein willkommenes Ritual am Abend um besser Einschlafen zu k\u00f6nnen. Wer neugierig ist und weitere Fl\u00fcstergeschichten sucht, wird <a href=\"http:\/\/www.sabine-seyffert.de\/blog\/?p=687\" target=\"_blank\" rel=\"noopener\">hier<\/a> f\u00fcndig, da geht es um &#8220;Gute Nacht Gefl\u00fcster&#8221;.<\/p>\n<p style=\"text-align: center;\"><a href=\"http:\/\/www.sabine-seyffert.de\/blog\/wp-content\/uploads\/2013\/03\/Osternhase-1.jpg\"><img loading=\"lazy\" decoding=\"async\" class=\"alignnone size-full wp-image-1134\" src=\"http:\/\/www.sabine-seyffert.de\/blog\/wp-content\/uploads\/2013\/03\/Osternhase-1.jpg\" alt=\"Osternhase 1\" width=\"860\" height=\"660\" srcset=\"https:\/\/www.sabine-seyffert.de\/blog\/wp-content\/uploads\/2013\/03\/Osternhase-1.jpg 860w, https:\/\/www.sabine-seyffert.de\/blog\/wp-content\/uploads\/2013\/03\/Osternhase-1-300x230.jpg 300w\" sizes=\"auto, (max-width: 860px) 100vw, 860px\" \/><\/a><\/p>\n<p style=\"text-align: justify;\">Mit dieser \u00f6sterlichen Fl\u00fcstergeschichte m\u00f6chte ich all den lieben Besuchern meines Blogs einmal von ganzen Herzen danken f\u00fcr die vielen, netten Kommentare, die mich jedes Mal so r\u00fchren und mich wirklich riesig freuen. So w\u00fcnsche ich allen meinen Lesern klein &amp; gro\u00df ein wundersch\u00f6nes Osterfest mit einem so flei\u00dfigen Osterhasen, wie aus meiner Geschichte, vielen bunten Ostereiern &amp; anderen K\u00f6stlichkeiten, strahlend blauem Himmel und eine ganz gro\u00dfen Portion Sonnenschein!<\/p>\n<p style=\"text-align: justify;\">Herzlichst,<\/p>\n<p style=\"text-align: justify;\">Sabine Seyffert<\/p>\n<p style=\"text-align: justify;\"><a href=\"http:\/\/www.sabine-seyffert.de\/blog\/?page_id=32#urheberrecht\">urherrechtlich gesch\u00fctzt<\/a>, \u00a9 Sabine Seyffert<\/p>\n","protected":false},"excerpt":{"rendered":"<p>Eine Fl\u00fcstergeschichte f\u00fcr die Osterzeit Wenn man die Ostertage mal mit Kinderaugen betrachtet, stellt man fest, dass dies ganz sch\u00f6n spannend und aufregend sind. Allein das Warten auf den Osterhasen: Traut Meister Lampe sich dieses Jahr bei dem Winterwetter und den eisigen Temperaturen \u00fcberhaupt aus seinem Bau? Auch die Ostereiersuche ist f\u00fcr Kinder ein kleines&#8230; <a href=\"https:\/\/www.sabine-seyffert.de\/blog\/bist-du-mude-kleiner-osterhase\/\" class=\"more-link\">Read more: Bist du m\u00fcde, kleiner Osterhase?<\/a><\/p>\n","protected":false},"author":2,"featured_media":0,"comment_status":"open","ping_status":"open","sticky":false,"template":"","format":"standard","meta":{"_metis_text_type":"","_metis_text_length":4314,"_post_count":0,"footnotes":""},"categories":[4,13,57],"tags":[],"class_list":["post-1132","post","type-post","status-publish","format-standard","hentry","category-fantasiereisen","category-massagen","category-ostern"],"_links":{"self":[{"href":"https:\/\/www.sabine-seyffert.de\/blog\/wp-json\/wp\/v2\/posts\/1132","targetHints":{"allow":["GET"]}}],"collection":[{"href":"https:\/\/www.sabine-seyffert.de\/blog\/wp-json\/wp\/v2\/posts"}],"about":[{"href":"https:\/\/www.sabine-seyffert.de\/blog\/wp-json\/wp\/v2\/types\/post"}],"author":[{"embeddable":true,"href":"https:\/\/www.sabine-seyffert.de\/blog\/wp-json\/wp\/v2\/users\/2"}],"replies":[{"embeddable":true,"href":"https:\/\/www.sabine-seyffert.de\/blog\/wp-json\/wp\/v2\/comments?post=1132"}],"version-history":[{"count":11,"href":"https:\/\/www.sabine-seyffert.de\/blog\/wp-json\/wp\/v2\/posts\/1132\/revisions"}],"predecessor-version":[{"id":25438,"href":"https:\/\/www.sabine-seyffert.de\/blog\/wp-json\/wp\/v2\/posts\/1132\/revisions\/25438"}],"wp:attachment":[{"href":"https:\/\/www.sabine-seyffert.de\/blog\/wp-json\/wp\/v2\/media?parent=1132"}],"wp:term":[{"taxonomy":"category","embeddable":true,"href":"https:\/\/www.sabine-seyffert.de\/blog\/wp-json\/wp\/v2\/categories?post=1132"},{"taxonomy":"post_tag","embeddable":true,"href":"https:\/\/www.sabine-seyffert.de\/blog\/wp-json\/wp\/v2\/tags?post=1132"}],"curies":[{"name":"wp","href":"https:\/\/api.w.org\/{rel}","templated":true}]}}