{"id":11179,"date":"2017-10-02T10:36:55","date_gmt":"2017-10-02T08:36:55","guid":{"rendered":"http:\/\/www.sabine-seyffert.de\/blog\/?p=11179"},"modified":"2017-10-09T17:40:08","modified_gmt":"2017-10-09T15:40:08","slug":"diy-bastelidee-mit-herbstblaettern-so-bunt-leuchtet-der-herbst-wir-bemalen-blaetter","status":"publish","type":"post","link":"https:\/\/www.sabine-seyffert.de\/blog\/diy-bastelidee-mit-herbstblaettern-so-bunt-leuchtet-der-herbst-wir-bemalen-blaetter\/","title":{"rendered":"DIY &#038; Bastelidee mit Herbstbl\u00e4ttern: So bunt leuchtet der Herbst \u2013 wir bemalen Bl\u00e4tter"},"content":{"rendered":"<p style=\"text-align: justify;\"><img loading=\"lazy\" decoding=\"async\" src=\"https:\/\/ssl-vg03.met.vgwort.de\/na\/f785a7932cc74ee9b9dbf26673176246\" alt=\"\" width=\"1\" height=\"1\" \/>Der Herbst geh\u00f6rt zu meiner liebsten Jahreszeit. Beim Spazieren wandern daher regelm\u00e4\u00dfig sch\u00f6ne Bl\u00e4tter in eine gro\u00dfe Tasche und werden dann zu Hause gepresst. Dieses Jahr haben wir die Bl\u00e4tter mal nicht f\u00fcr <a href=\"http:\/\/www.sabine-seyffert.de\/blog\/?p=2948\" target=\"_blank\" rel=\"noopener\">einen Bl\u00e4tterkranz<\/a> verwendet, sondern einen Teil davon f\u00fcr eine herbstliche Bastelei genutzt. Soviel kann ich vorab verraten \u2013 wenn man erst einmal mit der bunten Bl\u00e4ttermalerei anf\u00e4ngt, kann man damit nicht wieder aufh\u00f6ren\u2026<\/p>\n<p style=\"text-align: center;\"><a href=\"http:\/\/www.sabine-seyffert.de\/blog\/wp-content\/uploads\/2017\/10\/Bl\u00e4ttermalerei-10.jpg\"><img loading=\"lazy\" decoding=\"async\" class=\"alignnone size-full wp-image-11180\" src=\"http:\/\/www.sabine-seyffert.de\/blog\/wp-content\/uploads\/2017\/10\/Bl\u00e4ttermalerei-10.jpg\" alt=\"\" width=\"800\" height=\"600\" srcset=\"https:\/\/www.sabine-seyffert.de\/blog\/wp-content\/uploads\/2017\/10\/Bl\u00e4ttermalerei-10.jpg 800w, https:\/\/www.sabine-seyffert.de\/blog\/wp-content\/uploads\/2017\/10\/Bl\u00e4ttermalerei-10-300x225.jpg 300w, https:\/\/www.sabine-seyffert.de\/blog\/wp-content\/uploads\/2017\/10\/Bl\u00e4ttermalerei-10-768x576.jpg 768w\" sizes=\"auto, (max-width: 800px) 100vw, 800px\" \/><\/a><\/p>\n<p style=\"text-align: justify;\"><strong>Das wird gebraucht:<\/strong><br \/>\nHerbstbl\u00e4tter in verschiedenen Gr\u00f6\u00dfen und Formen, alte Zeitungen oder eine Bastelunterlage, farbige Lackstifte<\/p>\n<p style=\"text-align: center;\"><a href=\"http:\/\/www.sabine-seyffert.de\/blog\/wp-content\/uploads\/2017\/10\/Bl\u00e4ttermalerei-11.jpg\"><img loading=\"lazy\" decoding=\"async\" class=\"alignnone size-full wp-image-11181\" src=\"http:\/\/www.sabine-seyffert.de\/blog\/wp-content\/uploads\/2017\/10\/Bl\u00e4ttermalerei-11.jpg\" alt=\"\" width=\"800\" height=\"600\" srcset=\"https:\/\/www.sabine-seyffert.de\/blog\/wp-content\/uploads\/2017\/10\/Bl\u00e4ttermalerei-11.jpg 800w, https:\/\/www.sabine-seyffert.de\/blog\/wp-content\/uploads\/2017\/10\/Bl\u00e4ttermalerei-11-300x225.jpg 300w, https:\/\/www.sabine-seyffert.de\/blog\/wp-content\/uploads\/2017\/10\/Bl\u00e4ttermalerei-11-768x576.jpg 768w\" sizes=\"auto, (max-width: 800px) 100vw, 800px\" \/><\/a><\/p>\n<p style=\"text-align: justify;\"><strong>So wird\u2019s gemacht:<\/strong><br \/>\nIm Bastelladen habe ich die Mitarbeiter mit meiner Frage ziemlich auf Trab gehalten. Zum Bemalen der gepressten Herbstbl\u00e4tter wollte ich passende Stifte haben.<\/p>\n<p style=\"text-align: center;\"><a href=\"http:\/\/www.sabine-seyffert.de\/blog\/wp-content\/uploads\/2017\/10\/Bl\u00e4ttermalerei-9.jpg\"><img loading=\"lazy\" decoding=\"async\" class=\"alignnone size-full wp-image-11182\" src=\"http:\/\/www.sabine-seyffert.de\/blog\/wp-content\/uploads\/2017\/10\/Bl\u00e4ttermalerei-9.jpg\" alt=\"\" width=\"800\" height=\"600\" srcset=\"https:\/\/www.sabine-seyffert.de\/blog\/wp-content\/uploads\/2017\/10\/Bl\u00e4ttermalerei-9.jpg 800w, https:\/\/www.sabine-seyffert.de\/blog\/wp-content\/uploads\/2017\/10\/Bl\u00e4ttermalerei-9-300x225.jpg 300w, https:\/\/www.sabine-seyffert.de\/blog\/wp-content\/uploads\/2017\/10\/Bl\u00e4ttermalerei-9-768x576.jpg 768w\" sizes=\"auto, (max-width: 800px) 100vw, 800px\" \/><\/a><\/p>\n<p style=\"text-align: justify;\">Mit einem normalen Lackstift in wei\u00df habe ich ja <a href=\"http:\/\/www.sabine-seyffert.de\/blog\/?p=8321\" target=\"_blank\" rel=\"noopener\">hier<\/a> bereits gezeigt, wie man kleine Gl\u00fcckpilze bzw. Fliegenpilze basteln kann. Allerdings wollte ich die Bl\u00e4tter diesmal farbig bemalen, damit diese so bunt werden, wie die B\u00e4ume im herbstlichen Wald.<\/p>\n<p style=\"text-align: center;\"><a href=\"http:\/\/www.sabine-seyffert.de\/blog\/wp-content\/uploads\/2017\/10\/Bl\u00e4ttermalerei-4.jpg\"><img loading=\"lazy\" decoding=\"async\" class=\"alignnone size-full wp-image-11183\" src=\"http:\/\/www.sabine-seyffert.de\/blog\/wp-content\/uploads\/2017\/10\/Bl\u00e4ttermalerei-4.jpg\" alt=\"\" width=\"800\" height=\"600\" srcset=\"https:\/\/www.sabine-seyffert.de\/blog\/wp-content\/uploads\/2017\/10\/Bl\u00e4ttermalerei-4.jpg 800w, https:\/\/www.sabine-seyffert.de\/blog\/wp-content\/uploads\/2017\/10\/Bl\u00e4ttermalerei-4-300x225.jpg 300w, https:\/\/www.sabine-seyffert.de\/blog\/wp-content\/uploads\/2017\/10\/Bl\u00e4ttermalerei-4-768x576.jpg 768w\" sizes=\"auto, (max-width: 800px) 100vw, 800px\" \/><\/a><\/p>\n<p style=\"text-align: justify;\">Der Tipp einer Kundin war daf\u00fcr Stifte mit Stoffmalfarbe zu benutzen. Allerdings war die Auswahl an Farben nicht so gro\u00df, wie die Stifte mit Acryllack als Inhalt. Die Farben w\u00fcrden nach Aussage der Verk\u00e4uferin noch besser leuchten. Also habe ich einen Versuch gewagt, da es in jedem Fall Stifte sein sollte, damit auch Kinder mitbasteln und Malen k\u00f6nnen.<\/p>\n<p style=\"text-align: center;\"><a href=\"http:\/\/www.sabine-seyffert.de\/blog\/wp-content\/uploads\/2017\/10\/Bl\u00e4ttermalerei-7.jpg\"><img loading=\"lazy\" decoding=\"async\" class=\"alignnone size-full wp-image-11184\" src=\"http:\/\/www.sabine-seyffert.de\/blog\/wp-content\/uploads\/2017\/10\/Bl\u00e4ttermalerei-7.jpg\" alt=\"\" width=\"800\" height=\"600\" srcset=\"https:\/\/www.sabine-seyffert.de\/blog\/wp-content\/uploads\/2017\/10\/Bl\u00e4ttermalerei-7.jpg 800w, https:\/\/www.sabine-seyffert.de\/blog\/wp-content\/uploads\/2017\/10\/Bl\u00e4ttermalerei-7-300x225.jpg 300w, https:\/\/www.sabine-seyffert.de\/blog\/wp-content\/uploads\/2017\/10\/Bl\u00e4ttermalerei-7-768x576.jpg 768w\" sizes=\"auto, (max-width: 800px) 100vw, 800px\" \/><\/a><\/p>\n<p style=\"text-align: justify;\">Das Rot, Orange und Pink leuchten wunderbar. Das Gelb und das Gold dagegen sieht man auf den gelblichen Bl\u00e4ttern nicht so gut. Dennoch hat das Bemalen der Bl\u00e4tter allen gro\u00dfen Spa\u00df gemacht. Denn dies ist nicht nur eine kreative Besch\u00e4ftigungsidee f\u00fcr verregnete Herbsttage, sondern man kann sich hierbei kreativ herrlich austoben und deiner Fantasie freien Lauf lassen.<\/p>\n<p style=\"text-align: center;\"><a href=\"http:\/\/www.sabine-seyffert.de\/blog\/wp-content\/uploads\/2017\/10\/Bl\u00e4ttermalerei-7-1.jpg\"><img loading=\"lazy\" decoding=\"async\" class=\"alignnone size-full wp-image-11185\" src=\"http:\/\/www.sabine-seyffert.de\/blog\/wp-content\/uploads\/2017\/10\/Bl\u00e4ttermalerei-7-1.jpg\" alt=\"\" width=\"800\" height=\"600\" srcset=\"https:\/\/www.sabine-seyffert.de\/blog\/wp-content\/uploads\/2017\/10\/Bl\u00e4ttermalerei-7-1.jpg 800w, https:\/\/www.sabine-seyffert.de\/blog\/wp-content\/uploads\/2017\/10\/Bl\u00e4ttermalerei-7-1-300x225.jpg 300w, https:\/\/www.sabine-seyffert.de\/blog\/wp-content\/uploads\/2017\/10\/Bl\u00e4ttermalerei-7-1-768x576.jpg 768w\" sizes=\"auto, (max-width: 800px) 100vw, 800px\" \/><\/a><\/p>\n<p style=\"text-align: justify;\"><strong>Ein kleiner Tipp:<\/strong><br \/>\nMit den gemusterten Herbstbl\u00e4ttern lassen sich prima selbst gemachte Postkarten dekorieren oder verpackte Geschenke bekleben und versch\u00f6nern.<\/p>\n<p style=\"text-align: center;\"><a href=\"http:\/\/www.sabine-seyffert.de\/blog\/wp-content\/uploads\/2017\/10\/Bl\u00e4ttermalerei-1.jpg\"><img loading=\"lazy\" decoding=\"async\" class=\"alignnone size-full wp-image-11186\" src=\"http:\/\/www.sabine-seyffert.de\/blog\/wp-content\/uploads\/2017\/10\/Bl\u00e4ttermalerei-1.jpg\" alt=\"\" width=\"800\" height=\"600\" srcset=\"https:\/\/www.sabine-seyffert.de\/blog\/wp-content\/uploads\/2017\/10\/Bl\u00e4ttermalerei-1.jpg 800w, https:\/\/www.sabine-seyffert.de\/blog\/wp-content\/uploads\/2017\/10\/Bl\u00e4ttermalerei-1-300x225.jpg 300w, https:\/\/www.sabine-seyffert.de\/blog\/wp-content\/uploads\/2017\/10\/Bl\u00e4ttermalerei-1-768x576.jpg 768w\" sizes=\"auto, (max-width: 800px) 100vw, 800px\" \/><\/a><\/p>\n<p style=\"text-align: justify;\">Weitere Bastelideen f\u00fcr kleine Kinderh\u00e4nde findet Ihr \u00fcbrigens in <a href=\"http:\/\/www.sabine-seyffert.de\/blog\/?cat=32\" target=\"_blank\" rel=\"noopener\">dieser Rubrik<\/a>, alles zum Thema Herbst gibt es an <a href=\"http:\/\/www.sabine-seyffert.de\/blog\/?cat=25\" target=\"_blank\" rel=\"noopener\">dieser Stelle<\/a>, andere kreative Ideen <a href=\"http:\/\/www.creadienstag.de\/2017\/10\/linkparty-300.html\" target=\"_blank\" rel=\"noopener\">dort<\/a> und mehr \u201eGr\u00fcn\u201c <a href=\"http:\/\/naturkinder.typepad.com\/naturkinder\/2017\/10\/gruenzeug-we-love-green-stuff.html\" target=\"_blank\" rel=\"noopener\">da<\/a>.<\/p>\n<p><a href=\"http:\/\/www.sabine-seyffert.de\/blog\/?page_id=32#urheberrecht\">urheberrechtlich gesch\u00fctzt<\/a>, \u00a9 Sabine Seyffert<\/p>\n","protected":false},"excerpt":{"rendered":"<p>Der Herbst geh\u00f6rt zu meiner liebsten Jahreszeit. Beim Spazieren wandern daher regelm\u00e4\u00dfig sch\u00f6ne Bl\u00e4tter in eine gro\u00dfe Tasche und werden dann zu Hause gepresst. Dieses Jahr haben wir die Bl\u00e4tter mal nicht f\u00fcr einen Bl\u00e4tterkranz verwendet, sondern einen Teil davon f\u00fcr eine herbstliche Bastelei genutzt. Soviel kann ich vorab verraten \u2013 wenn man erst einmal&#8230; <a href=\"https:\/\/www.sabine-seyffert.de\/blog\/diy-bastelidee-mit-herbstblaettern-so-bunt-leuchtet-der-herbst-wir-bemalen-blaetter\/\" class=\"more-link\">Read more: DIY &#038; Bastelidee mit Herbstbl\u00e4ttern: So bunt leuchtet der Herbst \u2013 wir bemalen Bl\u00e4tter<\/a><\/p>\n","protected":false},"author":2,"featured_media":0,"comment_status":"open","ping_status":"open","sticky":false,"template":"","format":"standard","meta":{"_metis_text_type":"","_metis_text_length":2101,"_post_count":0,"footnotes":""},"categories":[32,25],"tags":[],"class_list":["post-11179","post","type-post","status-publish","format-standard","hentry","category-kreatives-fur-kleine-kinderhande","category-herbst"],"_links":{"self":[{"href":"https:\/\/www.sabine-seyffert.de\/blog\/wp-json\/wp\/v2\/posts\/11179","targetHints":{"allow":["GET"]}}],"collection":[{"href":"https:\/\/www.sabine-seyffert.de\/blog\/wp-json\/wp\/v2\/posts"}],"about":[{"href":"https:\/\/www.sabine-seyffert.de\/blog\/wp-json\/wp\/v2\/types\/post"}],"author":[{"embeddable":true,"href":"https:\/\/www.sabine-seyffert.de\/blog\/wp-json\/wp\/v2\/users\/2"}],"replies":[{"embeddable":true,"href":"https:\/\/www.sabine-seyffert.de\/blog\/wp-json\/wp\/v2\/comments?post=11179"}],"version-history":[{"count":4,"href":"https:\/\/www.sabine-seyffert.de\/blog\/wp-json\/wp\/v2\/posts\/11179\/revisions"}],"predecessor-version":[{"id":11221,"href":"https:\/\/www.sabine-seyffert.de\/blog\/wp-json\/wp\/v2\/posts\/11179\/revisions\/11221"}],"wp:attachment":[{"href":"https:\/\/www.sabine-seyffert.de\/blog\/wp-json\/wp\/v2\/media?parent=11179"}],"wp:term":[{"taxonomy":"category","embeddable":true,"href":"https:\/\/www.sabine-seyffert.de\/blog\/wp-json\/wp\/v2\/categories?post=11179"},{"taxonomy":"post_tag","embeddable":true,"href":"https:\/\/www.sabine-seyffert.de\/blog\/wp-json\/wp\/v2\/tags?post=11179"}],"curies":[{"name":"wp","href":"https:\/\/api.w.org\/{rel}","templated":true}]}}