{"id":11109,"date":"2017-09-19T05:42:26","date_gmt":"2017-09-19T03:42:26","guid":{"rendered":"http:\/\/www.sabine-seyffert.de\/blog\/?p=11109"},"modified":"2017-09-19T05:42:26","modified_gmt":"2017-09-19T03:42:26","slug":"diy-geschenkverpackung-zum-geburtstag-herzlichen-glueckwunsch-allerhand-geburtstagskerzen","status":"publish","type":"post","link":"https:\/\/www.sabine-seyffert.de\/blog\/diy-geschenkverpackung-zum-geburtstag-herzlichen-glueckwunsch-allerhand-geburtstagskerzen\/","title":{"rendered":"DIY Geschenkverpackung zum Geburtstag: Herzlichen Gl\u00fcckwunsch &#038; allerhand Geburtstagskerzen"},"content":{"rendered":"<p style=\"text-align: justify;\"><img loading=\"lazy\" decoding=\"async\" src=\"https:\/\/ssl-vg03.met.vgwort.de\/na\/e982da2dba934dd0922f6d06a48165a8\" alt=\"\" width=\"1\" height=\"1\" \/>Nach den farbenfrohen Bastelideen zu unserem Kindergeburtstag bzw. Regenbogenfest (<a href=\"http:\/\/www.sabine-seyffert.de\/blog\/?p=10982\" target=\"_blank\" rel=\"noopener\">Einladung<\/a>, <a href=\"http:\/\/www.sabine-seyffert.de\/blog\/?p=11024\" target=\"_blank\" rel=\"noopener\">Tischdeko<\/a>, <a href=\"http:\/\/www.sabine-seyffert.de\/blog\/?p=11024\" target=\"_blank\" rel=\"noopener\">Windlichter<\/a>), kommt nun noch eine sch\u00f6ne Verpackungsidee. Denn Geburtstag zu haben macht einfach Spa\u00df. Und f\u00fcr Kinder ist ein solcher Tag noch viel aufregender. Da wartet au\u00dfer einem kleinen Berg an kunterbunten Geburtstagsgeschenken sicher noch ein leckerer Geburtstagskuchen mit brennenden Kerzen, die das Geburtstagskind allesamt auspusten darf. Und genau diese Kerzen habe ich nachgebastelt und damit ein Geschenk geschm\u00fcckt. Wie das geht, verrate ich euch jetzt!<\/p>\n<p style=\"text-align: center;\"><a href=\"http:\/\/www.sabine-seyffert.de\/blog\/wp-content\/uploads\/2017\/09\/Geschenkverpackung-Kerze-14.jpg\"><img loading=\"lazy\" decoding=\"async\" class=\"alignnone size-full wp-image-11110\" src=\"http:\/\/www.sabine-seyffert.de\/blog\/wp-content\/uploads\/2017\/09\/Geschenkverpackung-Kerze-14.jpg\" alt=\"\" width=\"800\" height=\"600\" srcset=\"https:\/\/www.sabine-seyffert.de\/blog\/wp-content\/uploads\/2017\/09\/Geschenkverpackung-Kerze-14.jpg 800w, https:\/\/www.sabine-seyffert.de\/blog\/wp-content\/uploads\/2017\/09\/Geschenkverpackung-Kerze-14-300x225.jpg 300w, https:\/\/www.sabine-seyffert.de\/blog\/wp-content\/uploads\/2017\/09\/Geschenkverpackung-Kerze-14-768x576.jpg 768w\" sizes=\"auto, (max-width: 800px) 100vw, 800px\" \/><\/a><\/p>\n<p style=\"text-align: justify;\"><strong>Das wird gebraucht:<\/strong><br \/>\nWei\u00dfes Packpapier, etwas naturfarbenen Bast, eine Bastelschere, farbiges Tonpapier (keinen Tonkarton, der ist zu fest!), d\u00fcnne Kordel, Pastellkreide in gelb, Kleber, Hei\u00dfklebepistole samt Klebepatrone, einen Bunt- oder Bleistift und ggf. Buchstabenstempel samt Stempelkissen<\/p>\n<p style=\"text-align: center;\"><a href=\"http:\/\/www.sabine-seyffert.de\/blog\/wp-content\/uploads\/2017\/09\/Geschenkverpackung-Kerze-13.jpg\"><img loading=\"lazy\" decoding=\"async\" class=\"alignnone size-full wp-image-11111\" src=\"http:\/\/www.sabine-seyffert.de\/blog\/wp-content\/uploads\/2017\/09\/Geschenkverpackung-Kerze-13.jpg\" alt=\"\" width=\"800\" height=\"600\" srcset=\"https:\/\/www.sabine-seyffert.de\/blog\/wp-content\/uploads\/2017\/09\/Geschenkverpackung-Kerze-13.jpg 800w, https:\/\/www.sabine-seyffert.de\/blog\/wp-content\/uploads\/2017\/09\/Geschenkverpackung-Kerze-13-300x225.jpg 300w, https:\/\/www.sabine-seyffert.de\/blog\/wp-content\/uploads\/2017\/09\/Geschenkverpackung-Kerze-13-768x576.jpg 768w\" sizes=\"auto, (max-width: 800px) 100vw, 800px\" \/><\/a><\/p>\n<p style=\"text-align: justify;\"><strong>So wird\u2019s gemacht:<\/strong><br \/>\nVerpackt habe ich das Geschenk dieses Mal mit wei\u00dfem Packpapier, damit die bunten Kerzen darauf besser zur Geltung kommen und sch\u00f6ner Leuchten.<\/p>\n<p style=\"text-align: center;\"><a href=\"http:\/\/www.sabine-seyffert.de\/blog\/wp-content\/uploads\/2017\/09\/Geschenkverpackung-Kerze-10.jpg\"><img loading=\"lazy\" decoding=\"async\" class=\"alignnone size-full wp-image-11112\" src=\"http:\/\/www.sabine-seyffert.de\/blog\/wp-content\/uploads\/2017\/09\/Geschenkverpackung-Kerze-10.jpg\" alt=\"\" width=\"800\" height=\"600\" srcset=\"https:\/\/www.sabine-seyffert.de\/blog\/wp-content\/uploads\/2017\/09\/Geschenkverpackung-Kerze-10.jpg 800w, https:\/\/www.sabine-seyffert.de\/blog\/wp-content\/uploads\/2017\/09\/Geschenkverpackung-Kerze-10-300x225.jpg 300w, https:\/\/www.sabine-seyffert.de\/blog\/wp-content\/uploads\/2017\/09\/Geschenkverpackung-Kerze-10-768x576.jpg 768w\" sizes=\"auto, (max-width: 800px) 100vw, 800px\" \/><\/a><\/p>\n<p style=\"text-align: justify;\">Dann habe ich aus bunten Bastelpapierresten kleine Rechtecke (etwa in der Gr\u00f6\u00dfe 5 x 7 cm) ausgeschnitten.<\/p>\n<p style=\"text-align: center;\"><a href=\"http:\/\/www.sabine-seyffert.de\/blog\/wp-content\/uploads\/2017\/09\/Geschenkverpackung-Kerze-12.jpg\"><img loading=\"lazy\" decoding=\"async\" class=\"alignnone size-full wp-image-11113\" src=\"http:\/\/www.sabine-seyffert.de\/blog\/wp-content\/uploads\/2017\/09\/Geschenkverpackung-Kerze-12.jpg\" alt=\"\" width=\"800\" height=\"600\" srcset=\"https:\/\/www.sabine-seyffert.de\/blog\/wp-content\/uploads\/2017\/09\/Geschenkverpackung-Kerze-12.jpg 800w, https:\/\/www.sabine-seyffert.de\/blog\/wp-content\/uploads\/2017\/09\/Geschenkverpackung-Kerze-12-300x225.jpg 300w, https:\/\/www.sabine-seyffert.de\/blog\/wp-content\/uploads\/2017\/09\/Geschenkverpackung-Kerze-12-768x576.jpg 768w\" sizes=\"auto, (max-width: 800px) 100vw, 800px\" \/><\/a><\/p>\n<p style=\"text-align: justify;\">Von der Kordel schneidet man kleine St\u00fccke als Kerzendocht ab. Jetzt rollt man jedes der bunten Papierst\u00fccke aus. Das klappt wunderbar mit Hilfe eines Stiftes um den man das Papier rollt.<\/p>\n<p style=\"text-align: center;\"><a href=\"http:\/\/www.sabine-seyffert.de\/blog\/wp-content\/uploads\/2017\/09\/Geschenkverpackung-Kerze-9.jpg\"><img loading=\"lazy\" decoding=\"async\" class=\"alignnone size-full wp-image-11114\" src=\"http:\/\/www.sabine-seyffert.de\/blog\/wp-content\/uploads\/2017\/09\/Geschenkverpackung-Kerze-9.jpg\" alt=\"\" width=\"800\" height=\"600\" srcset=\"https:\/\/www.sabine-seyffert.de\/blog\/wp-content\/uploads\/2017\/09\/Geschenkverpackung-Kerze-9.jpg 800w, https:\/\/www.sabine-seyffert.de\/blog\/wp-content\/uploads\/2017\/09\/Geschenkverpackung-Kerze-9-300x225.jpg 300w, https:\/\/www.sabine-seyffert.de\/blog\/wp-content\/uploads\/2017\/09\/Geschenkverpackung-Kerze-9-768x576.jpg 768w\" sizes=\"auto, (max-width: 800px) 100vw, 800px\" \/><\/a><\/p>\n<p style=\"text-align: justify;\">Am oberen Rand der Rechtecke klebt man mit etwas Hei\u00dfkleber eines der Kordelst\u00fcckchen. Sind alle Papiere vorbereitet, rollt man die bunten \u201eKerzen\u201c nun m\u00f6glichst gleichm\u00e4\u00dfig zu einer langen Rolle und befestigt die Enden mit Hei\u00dfkleber. Das geht in dem Fall am schnellsten.<\/p>\n<p style=\"text-align: center;\"><a href=\"http:\/\/www.sabine-seyffert.de\/blog\/wp-content\/uploads\/2017\/09\/Geschenkverpackung-Kerze-7.jpg\"><img loading=\"lazy\" decoding=\"async\" class=\"alignnone size-full wp-image-11115\" src=\"http:\/\/www.sabine-seyffert.de\/blog\/wp-content\/uploads\/2017\/09\/Geschenkverpackung-Kerze-7.jpg\" alt=\"\" width=\"800\" height=\"600\" srcset=\"https:\/\/www.sabine-seyffert.de\/blog\/wp-content\/uploads\/2017\/09\/Geschenkverpackung-Kerze-7.jpg 800w, https:\/\/www.sabine-seyffert.de\/blog\/wp-content\/uploads\/2017\/09\/Geschenkverpackung-Kerze-7-300x225.jpg 300w, https:\/\/www.sabine-seyffert.de\/blog\/wp-content\/uploads\/2017\/09\/Geschenkverpackung-Kerze-7-768x576.jpg 768w\" sizes=\"auto, (max-width: 800px) 100vw, 800px\" \/><\/a><\/p>\n<p style=\"text-align: justify;\">Die fertigen Papierkerzen brauchen nun noch eine kleine Flamme. Dazu habe ich der Kerzen und Geburtstagszahl entsprechend aus rotem und orangefarbenen Papierresten kleine Flammen geschnitten und \u00fcbereinander geklebt.<\/p>\n<p style=\"text-align: center;\"><a href=\"http:\/\/www.sabine-seyffert.de\/blog\/wp-content\/uploads\/2017\/09\/Geschenkverpackung-Kerze-6.jpg\"><img loading=\"lazy\" decoding=\"async\" class=\"alignnone size-full wp-image-11116\" src=\"http:\/\/www.sabine-seyffert.de\/blog\/wp-content\/uploads\/2017\/09\/Geschenkverpackung-Kerze-6.jpg\" alt=\"\" width=\"800\" height=\"600\" srcset=\"https:\/\/www.sabine-seyffert.de\/blog\/wp-content\/uploads\/2017\/09\/Geschenkverpackung-Kerze-6.jpg 800w, https:\/\/www.sabine-seyffert.de\/blog\/wp-content\/uploads\/2017\/09\/Geschenkverpackung-Kerze-6-300x225.jpg 300w, https:\/\/www.sabine-seyffert.de\/blog\/wp-content\/uploads\/2017\/09\/Geschenkverpackung-Kerze-6-768x576.jpg 768w\" sizes=\"auto, (max-width: 800px) 100vw, 800px\" \/><\/a><\/p>\n<p style=\"text-align: justify;\">Auf das Geschenk habe ich mit Pastellkreide noch einen gelben Umriss gezeichnet und die Farbe um die Papierflammen gewischt.<\/p>\n<p style=\"text-align: center;\"><a href=\"http:\/\/www.sabine-seyffert.de\/blog\/wp-content\/uploads\/2017\/09\/Geschenkverpackung-Kerze-5.jpg\"><img loading=\"lazy\" decoding=\"async\" class=\"alignnone size-full wp-image-11117\" src=\"http:\/\/www.sabine-seyffert.de\/blog\/wp-content\/uploads\/2017\/09\/Geschenkverpackung-Kerze-5.jpg\" alt=\"\" width=\"800\" height=\"600\" srcset=\"https:\/\/www.sabine-seyffert.de\/blog\/wp-content\/uploads\/2017\/09\/Geschenkverpackung-Kerze-5.jpg 800w, https:\/\/www.sabine-seyffert.de\/blog\/wp-content\/uploads\/2017\/09\/Geschenkverpackung-Kerze-5-300x225.jpg 300w, https:\/\/www.sabine-seyffert.de\/blog\/wp-content\/uploads\/2017\/09\/Geschenkverpackung-Kerze-5-768x576.jpg 768w\" sizes=\"auto, (max-width: 800px) 100vw, 800px\" \/><\/a><\/p>\n<p style=\"text-align: justify;\">Ganz zum Schluss klebt man die Papierkerzen in der gew\u00fcnschten Farbfolge auf das Geschenk. In meinem Fall habe ich um die Kerzen noch eine sch\u00f6ne Schleife aus Naturbast gebunden, damit es richtig feierlich aussieht.<\/p>\n<p style=\"text-align: center;\"><a href=\"http:\/\/www.sabine-seyffert.de\/blog\/wp-content\/uploads\/2017\/09\/Geschenkverpackung-Kerze-4.jpg\"><img loading=\"lazy\" decoding=\"async\" class=\"alignnone size-full wp-image-11118\" src=\"http:\/\/www.sabine-seyffert.de\/blog\/wp-content\/uploads\/2017\/09\/Geschenkverpackung-Kerze-4.jpg\" alt=\"\" width=\"800\" height=\"600\" srcset=\"https:\/\/www.sabine-seyffert.de\/blog\/wp-content\/uploads\/2017\/09\/Geschenkverpackung-Kerze-4.jpg 800w, https:\/\/www.sabine-seyffert.de\/blog\/wp-content\/uploads\/2017\/09\/Geschenkverpackung-Kerze-4-300x225.jpg 300w, https:\/\/www.sabine-seyffert.de\/blog\/wp-content\/uploads\/2017\/09\/Geschenkverpackung-Kerze-4-768x576.jpg 768w\" sizes=\"auto, (max-width: 800px) 100vw, 800px\" \/><\/a><\/p>\n<p style=\"text-align: justify;\">Wer mag kann mit Buchstabenstempeln noch eine kleine Botschaft, einen Geburtstagsgru\u00df oder anderen Gl\u00fcckwunsch stempeln.<\/p>\n<p style=\"text-align: center;\"><a href=\"http:\/\/www.sabine-seyffert.de\/blog\/wp-content\/uploads\/2017\/09\/Geschenkverpackung-Kerze-3.jpg\"><img loading=\"lazy\" decoding=\"async\" class=\"alignnone size-full wp-image-11119\" src=\"http:\/\/www.sabine-seyffert.de\/blog\/wp-content\/uploads\/2017\/09\/Geschenkverpackung-Kerze-3.jpg\" alt=\"\" width=\"800\" height=\"600\" srcset=\"https:\/\/www.sabine-seyffert.de\/blog\/wp-content\/uploads\/2017\/09\/Geschenkverpackung-Kerze-3.jpg 800w, https:\/\/www.sabine-seyffert.de\/blog\/wp-content\/uploads\/2017\/09\/Geschenkverpackung-Kerze-3-300x225.jpg 300w, https:\/\/www.sabine-seyffert.de\/blog\/wp-content\/uploads\/2017\/09\/Geschenkverpackung-Kerze-3-768x576.jpg 768w\" sizes=\"auto, (max-width: 800px) 100vw, 800px\" \/><\/a><\/p>\n<p style=\"text-align: justify;\">Weitere ausgefallene Verpackungsideen f\u00fcr Geschenke findet Ihr \u00fcbrigens in <a href=\"http:\/\/www.sabine-seyffert.de\/blog\/?cat=49\" target=\"_blank\" rel=\"noopener\">dieser Rubrik<\/a>, alles zum Thema Kindergeburtstag &amp; Feiern mit Kindern <a href=\"http:\/\/www.sabine-seyffert.de\/blog\/?cat=21\" target=\"_blank\" rel=\"noopener\">hier<\/a> und andere kreative Sachen <a href=\"http:\/\/www.creadienstag.de\/2017\/09\/297.html\" target=\"_blank\" rel=\"noopener\">da<\/a>!<\/p>\n<p style=\"text-align: center;\"><a href=\"http:\/\/www.sabine-seyffert.de\/blog\/wp-content\/uploads\/2017\/09\/Geschenkverpackung-Kerze-1.jpg\"><img loading=\"lazy\" decoding=\"async\" class=\"alignnone size-full wp-image-11120\" src=\"http:\/\/www.sabine-seyffert.de\/blog\/wp-content\/uploads\/2017\/09\/Geschenkverpackung-Kerze-1.jpg\" alt=\"\" width=\"800\" height=\"600\" srcset=\"https:\/\/www.sabine-seyffert.de\/blog\/wp-content\/uploads\/2017\/09\/Geschenkverpackung-Kerze-1.jpg 800w, https:\/\/www.sabine-seyffert.de\/blog\/wp-content\/uploads\/2017\/09\/Geschenkverpackung-Kerze-1-300x225.jpg 300w, https:\/\/www.sabine-seyffert.de\/blog\/wp-content\/uploads\/2017\/09\/Geschenkverpackung-Kerze-1-768x576.jpg 768w\" sizes=\"auto, (max-width: 800px) 100vw, 800px\" \/><\/a><\/p>\n<p style=\"text-align: justify;\"><a href=\"http:\/\/www.sabine-seyffert.de\/blog\/?page_id=32#urheberrecht\">urheberrechtlich gesch\u00fctzt<\/a>, \u00a9 Sabine Seyffert<\/p>\n","protected":false},"excerpt":{"rendered":"<p>Nach den farbenfrohen Bastelideen zu unserem Kindergeburtstag bzw. Regenbogenfest (Einladung, Tischdeko, Windlichter), kommt nun noch eine sch\u00f6ne Verpackungsidee. Denn Geburtstag zu haben macht einfach Spa\u00df. Und f\u00fcr Kinder ist ein solcher Tag noch viel aufregender. Da wartet au\u00dfer einem kleinen Berg an kunterbunten Geburtstagsgeschenken sicher noch ein leckerer Geburtstagskuchen mit brennenden Kerzen, die das Geburtstagskind&#8230; <a href=\"https:\/\/www.sabine-seyffert.de\/blog\/diy-geschenkverpackung-zum-geburtstag-herzlichen-glueckwunsch-allerhand-geburtstagskerzen\/\" class=\"more-link\">Read more: DIY Geschenkverpackung zum Geburtstag: Herzlichen Gl\u00fcckwunsch &#038; allerhand Geburtstagskerzen<\/a><\/p>\n","protected":false},"author":2,"featured_media":0,"comment_status":"open","ping_status":"open","sticky":false,"template":"","format":"standard","meta":{"_metis_text_type":"","_metis_text_length":2506,"_post_count":0,"footnotes":""},"categories":[49,21],"tags":[],"class_list":["post-11109","post","type-post","status-publish","format-standard","hentry","category-verpackungsideen","category-kinderfeste-partys"],"_links":{"self":[{"href":"https:\/\/www.sabine-seyffert.de\/blog\/wp-json\/wp\/v2\/posts\/11109","targetHints":{"allow":["GET"]}}],"collection":[{"href":"https:\/\/www.sabine-seyffert.de\/blog\/wp-json\/wp\/v2\/posts"}],"about":[{"href":"https:\/\/www.sabine-seyffert.de\/blog\/wp-json\/wp\/v2\/types\/post"}],"author":[{"embeddable":true,"href":"https:\/\/www.sabine-seyffert.de\/blog\/wp-json\/wp\/v2\/users\/2"}],"replies":[{"embeddable":true,"href":"https:\/\/www.sabine-seyffert.de\/blog\/wp-json\/wp\/v2\/comments?post=11109"}],"version-history":[{"count":3,"href":"https:\/\/www.sabine-seyffert.de\/blog\/wp-json\/wp\/v2\/posts\/11109\/revisions"}],"predecessor-version":[{"id":11123,"href":"https:\/\/www.sabine-seyffert.de\/blog\/wp-json\/wp\/v2\/posts\/11109\/revisions\/11123"}],"wp:attachment":[{"href":"https:\/\/www.sabine-seyffert.de\/blog\/wp-json\/wp\/v2\/media?parent=11109"}],"wp:term":[{"taxonomy":"category","embeddable":true,"href":"https:\/\/www.sabine-seyffert.de\/blog\/wp-json\/wp\/v2\/categories?post=11109"},{"taxonomy":"post_tag","embeddable":true,"href":"https:\/\/www.sabine-seyffert.de\/blog\/wp-json\/wp\/v2\/tags?post=11109"}],"curies":[{"name":"wp","href":"https:\/\/api.w.org\/{rel}","templated":true}]}}