{"id":10982,"date":"2017-08-29T05:57:20","date_gmt":"2017-08-29T03:57:20","guid":{"rendered":"http:\/\/www.sabine-seyffert.de\/blog\/?p=10982"},"modified":"2017-09-14T09:13:50","modified_gmt":"2017-09-14T07:13:50","slug":"wir-feiern-kindergeburtstag-einladungskarten-selbst-gemacht-eine-wolke-mit-regenbogen","status":"publish","type":"post","link":"https:\/\/www.sabine-seyffert.de\/blog\/wir-feiern-kindergeburtstag-einladungskarten-selbst-gemacht-eine-wolke-mit-regenbogen\/","title":{"rendered":"Wir feiern Kindergeburtstag: Einladungskarten selbst gemacht \u2013 eine Wolke mit Regenbogen"},"content":{"rendered":"<p style=\"text-align: justify;\"><img loading=\"lazy\" decoding=\"async\" src=\"https:\/\/ssl-vg03.met.vgwort.de\/na\/34ce2cbee3d14bbabe792f9b923daa2a\" alt=\"\" width=\"1\" height=\"1\" \/><br \/>\nEndlich gibt es hier mal wieder einen Kinderparty zu der fr\u00f6hliche Einladungskarten gebastelt werden d\u00fcrfen. Dazu hatte ich mir noch eine Weile Gedanken gemacht und auf meinem Schreibtisch auf einem Notizzettel entsprechende Skizzen angefertigt. Es sollte unbedingt eine gro\u00dfe Wolke mit buntem Regenbogen sein. Und die ist es in der Tat geworden. Den entsprechenden Einladungstext mit allen wichtigen Informationen zur Geburtstagsfeier haben ihren Platz auf den bunten Papierstreifen gefunden.<\/p>\n<p style=\"text-align: center;\"><a href=\"http:\/\/www.sabine-seyffert.de\/blog\/wp-content\/uploads\/2017\/08\/Einladungen-Wolke-8.jpg\"><img loading=\"lazy\" decoding=\"async\" class=\"alignnone size-full wp-image-10983\" src=\"http:\/\/www.sabine-seyffert.de\/blog\/wp-content\/uploads\/2017\/08\/Einladungen-Wolke-8.jpg\" alt=\"\" width=\"800\" height=\"600\" srcset=\"https:\/\/www.sabine-seyffert.de\/blog\/wp-content\/uploads\/2017\/08\/Einladungen-Wolke-8.jpg 800w, https:\/\/www.sabine-seyffert.de\/blog\/wp-content\/uploads\/2017\/08\/Einladungen-Wolke-8-300x225.jpg 300w, https:\/\/www.sabine-seyffert.de\/blog\/wp-content\/uploads\/2017\/08\/Einladungen-Wolke-8-768x576.jpg 768w\" sizes=\"auto, (max-width: 800px) 100vw, 800px\" \/><\/a><\/p>\n<p style=\"text-align: justify;\"><strong>Das wird gebraucht:<\/strong><br \/>\nBastelschablone \u201eWolke\u201c (alte Kartonage, Bleistift), wei\u00dfes Tonpapier, Bastelschere, wei\u00dfes N\u00e4hgarn, N\u00e4hmaschine, Lochzange, Metall\u00f6sen, Nietenzange, wei\u00dfes Transparentpapier extra stark, farbiges Seidenpapier (alternativ Krepppapier), buntes Tonpapier (kein Fotokarton, der ist zu fest!), Kordel, Bastelkleber, Drucker<\/p>\n<p style=\"text-align: center;\"><a href=\"http:\/\/www.sabine-seyffert.de\/blog\/wp-content\/uploads\/2017\/08\/Einladungen-Wolke-9.jpg\"><img loading=\"lazy\" decoding=\"async\" class=\"alignnone size-full wp-image-10984\" src=\"http:\/\/www.sabine-seyffert.de\/blog\/wp-content\/uploads\/2017\/08\/Einladungen-Wolke-9.jpg\" alt=\"\" width=\"800\" height=\"600\" srcset=\"https:\/\/www.sabine-seyffert.de\/blog\/wp-content\/uploads\/2017\/08\/Einladungen-Wolke-9.jpg 800w, https:\/\/www.sabine-seyffert.de\/blog\/wp-content\/uploads\/2017\/08\/Einladungen-Wolke-9-300x225.jpg 300w, https:\/\/www.sabine-seyffert.de\/blog\/wp-content\/uploads\/2017\/08\/Einladungen-Wolke-9-768x576.jpg 768w\" sizes=\"auto, (max-width: 800px) 100vw, 800px\" \/><\/a><\/p>\n<p style=\"text-align: justify;\"><strong>So wird\u2019s gemacht:<\/strong><br \/>\nZuerst habe ich mir auf einer leeren Verpackung eine Wolke in XL Format gezeichnet und ausgeschnitten. Mit dieser Bastelvorlage habe ich dann auf dem Bogen wei\u00dfen Tonkarton pro Einladungen zwei dieser Wolken gezeichnet. Hat man die ben\u00f6tigte Anzahl an Wolken zusammen, schneidet man diese aus.<\/p>\n<p style=\"text-align: center;\">\u00a0<a href=\"http:\/\/www.sabine-seyffert.de\/blog\/wp-content\/uploads\/2017\/08\/Einladungen-Wolke-10.jpg\"><img loading=\"lazy\" decoding=\"async\" class=\"alignnone size-full wp-image-10986\" src=\"http:\/\/www.sabine-seyffert.de\/blog\/wp-content\/uploads\/2017\/08\/Einladungen-Wolke-10.jpg\" alt=\"\" width=\"800\" height=\"600\" srcset=\"https:\/\/www.sabine-seyffert.de\/blog\/wp-content\/uploads\/2017\/08\/Einladungen-Wolke-10.jpg 800w, https:\/\/www.sabine-seyffert.de\/blog\/wp-content\/uploads\/2017\/08\/Einladungen-Wolke-10-300x225.jpg 300w, https:\/\/www.sabine-seyffert.de\/blog\/wp-content\/uploads\/2017\/08\/Einladungen-Wolke-10-768x576.jpg 768w\" sizes=\"auto, (max-width: 800px) 100vw, 800px\" \/><\/a><\/p>\n<p style=\"text-align: justify;\">Von dem durchsichtigen Transparentpapier habe ich mit ein St\u00fcck in Portkartengr\u00f6\u00dfe ausgeschnitten und mit Hilfe meines Druckers mit allen Namen der eingeladenen Kinder bedruckt. Die Namen schneidet man in l\u00e4ngeren Streifen auseinander.<\/p>\n<p style=\"text-align: center;\"><a href=\"http:\/\/www.sabine-seyffert.de\/blog\/wp-content\/uploads\/2017\/08\/Einladungen-Wolke-11.jpg\"><img loading=\"lazy\" decoding=\"async\" class=\"alignnone size-full wp-image-10987\" src=\"http:\/\/www.sabine-seyffert.de\/blog\/wp-content\/uploads\/2017\/08\/Einladungen-Wolke-11.jpg\" alt=\"\" width=\"800\" height=\"600\" srcset=\"https:\/\/www.sabine-seyffert.de\/blog\/wp-content\/uploads\/2017\/08\/Einladungen-Wolke-11.jpg 800w, https:\/\/www.sabine-seyffert.de\/blog\/wp-content\/uploads\/2017\/08\/Einladungen-Wolke-11-300x225.jpg 300w, https:\/\/www.sabine-seyffert.de\/blog\/wp-content\/uploads\/2017\/08\/Einladungen-Wolke-11-768x576.jpg 768w\" sizes=\"auto, (max-width: 800px) 100vw, 800px\" \/><\/a><\/p>\n<p style=\"text-align: justify;\">Auf das bunte Tonpapier habe ich jeweils die Infos zum Fest gedruckt und f\u00fcr jeden Satz eine andere Farbe gew\u00e4hlt. Beispielsweise: Einladung, zur Geburtstagsfeier, am, um, Ort, Telefonnummer, Name u.a.m.<\/p>\n<p style=\"text-align: center;\"><a href=\"http:\/\/www.sabine-seyffert.de\/blog\/wp-content\/uploads\/2017\/08\/Einladungen-Wolke-7.jpg\"><img loading=\"lazy\" decoding=\"async\" class=\"alignnone size-full wp-image-10988\" src=\"http:\/\/www.sabine-seyffert.de\/blog\/wp-content\/uploads\/2017\/08\/Einladungen-Wolke-7.jpg\" alt=\"\" width=\"800\" height=\"600\" srcset=\"https:\/\/www.sabine-seyffert.de\/blog\/wp-content\/uploads\/2017\/08\/Einladungen-Wolke-7.jpg 800w, https:\/\/www.sabine-seyffert.de\/blog\/wp-content\/uploads\/2017\/08\/Einladungen-Wolke-7-300x225.jpg 300w, https:\/\/www.sabine-seyffert.de\/blog\/wp-content\/uploads\/2017\/08\/Einladungen-Wolke-7-768x576.jpg 768w\" sizes=\"auto, (max-width: 800px) 100vw, 800px\" \/><\/a><\/p>\n<p style=\"text-align: justify;\">Auch diese Zeilen werden mit Hilfe der Schere in Streifen auseinander getrennt. Au\u00dferdem ben\u00f6tigt man von dem farbigen Seidenpapier ebenfalls d\u00fcnne Papierstreifen um die Einladungen noch etwas plastischer und lebendiger zu machen.<\/p>\n<p style=\"text-align: center;\"><a href=\"http:\/\/www.sabine-seyffert.de\/blog\/wp-content\/uploads\/2017\/08\/Einladungen-Wolke-6.jpg\"><img loading=\"lazy\" decoding=\"async\" class=\"alignnone size-full wp-image-10989\" src=\"http:\/\/www.sabine-seyffert.de\/blog\/wp-content\/uploads\/2017\/08\/Einladungen-Wolke-6.jpg\" alt=\"\" width=\"800\" height=\"600\" srcset=\"https:\/\/www.sabine-seyffert.de\/blog\/wp-content\/uploads\/2017\/08\/Einladungen-Wolke-6.jpg 800w, https:\/\/www.sabine-seyffert.de\/blog\/wp-content\/uploads\/2017\/08\/Einladungen-Wolke-6-300x225.jpg 300w, https:\/\/www.sabine-seyffert.de\/blog\/wp-content\/uploads\/2017\/08\/Einladungen-Wolke-6-768x576.jpg 768w\" sizes=\"auto, (max-width: 800px) 100vw, 800px\" \/><\/a><\/p>\n<p style=\"text-align: justify;\">Jetzt nimmt man eine Wolke und klebt \u00fcber die gesamte Breite des unteren Randes in der gew\u00fcnschten Reihenfolge den Einladungstext und setzt immer einen Streifen Seidenpapier dazwischen.<\/p>\n<p style=\"text-align: center;\"><a href=\"http:\/\/www.sabine-seyffert.de\/blog\/wp-content\/uploads\/2017\/08\/Einladungen-Wolke-5.jpg\"><img loading=\"lazy\" decoding=\"async\" class=\"alignnone size-full wp-image-10990\" src=\"http:\/\/www.sabine-seyffert.de\/blog\/wp-content\/uploads\/2017\/08\/Einladungen-Wolke-5.jpg\" alt=\"\" width=\"800\" height=\"600\" srcset=\"https:\/\/www.sabine-seyffert.de\/blog\/wp-content\/uploads\/2017\/08\/Einladungen-Wolke-5.jpg 800w, https:\/\/www.sabine-seyffert.de\/blog\/wp-content\/uploads\/2017\/08\/Einladungen-Wolke-5-300x225.jpg 300w, https:\/\/www.sabine-seyffert.de\/blog\/wp-content\/uploads\/2017\/08\/Einladungen-Wolke-5-768x576.jpg 768w\" sizes=\"auto, (max-width: 800px) 100vw, 800px\" \/><\/a><\/p>\n<p style=\"text-align: justify;\">Anschlie\u00dfend legt man eine zweite Wolke passgenau dar\u00fcber und n\u00e4ht dieses mit der N\u00e4hmaschine und einer Zickzacknaht zusammen. Am Wolkenrand habe ich jeweils einen Transparentpapierstreifen mit dem Namen dazwischen gesteckt und festgen\u00e4ht. So wei\u00df man gleich f\u00fcr welchen Gast die Einladung bestimmt ist.<\/p>\n<p style=\"text-align: center;\"><a href=\"http:\/\/www.sabine-seyffert.de\/blog\/wp-content\/uploads\/2017\/08\/Einladung-Wolke.jpg\"><img loading=\"lazy\" decoding=\"async\" class=\"alignnone size-full wp-image-10992\" src=\"http:\/\/www.sabine-seyffert.de\/blog\/wp-content\/uploads\/2017\/08\/Einladung-Wolke.jpg\" alt=\"\" width=\"600\" height=\"800\" srcset=\"https:\/\/www.sabine-seyffert.de\/blog\/wp-content\/uploads\/2017\/08\/Einladung-Wolke.jpg 600w, https:\/\/www.sabine-seyffert.de\/blog\/wp-content\/uploads\/2017\/08\/Einladung-Wolke-225x300.jpg 225w\" sizes=\"auto, (max-width: 600px) 100vw, 600px\" \/><\/a><\/p>\n<p style=\"text-align: justify;\">Ganz zum Schluss locht man die Wolke am oberen Rand, dr\u00fcckt eine \u00d6se hinein und befestigt diese mit der Nietenzange. Nun noch ein etwa 10 cm langes St\u00fcck Kordel durchziehen und zusammenknoten. So kann man mit der kunterbunten Geburtstagseinladung auch das Kinderzimmerfenster schm\u00fccken \ud83d\ude42<\/p>\n<p>Tischkarten im Regenbogendesign findet ihr <a href=\"http:\/\/www.sabine-seyffert.de\/blog\/?p=11024\" target=\"_blank\" rel=\"noopener\">hier<\/a>, leuchtende Tischdeko mit Regenbogen Windlichtern <a href=\"http:\/\/www.sabine-seyffert.de\/blog\/?p=11067\" target=\"_blank\" rel=\"noopener\">dort<\/a>, eine weitere BastelideeWeitere Ideen zum Thema &#8220;Feiern mit Kinder&#8221; gibt es in <a href=\"http:\/\/www.sabine-seyffert.de\/blog\/?cat=21\" target=\"_blank\" rel=\"noopener\">dieser Rubrik<\/a> und andere kreative Sachen <a href=\"http:\/\/www.creadienstag.de\/2017\/08\/294.html\" target=\"_blank\" rel=\"noopener nofollow\">da<\/a>.<\/p>\n<p style=\"text-align: center;\"><a href=\"http:\/\/www.sabine-seyffert.de\/blog\/wp-content\/uploads\/2017\/08\/Einladungen-Wolke-1.jpg\"><img loading=\"lazy\" decoding=\"async\" class=\"alignnone size-full wp-image-10993\" src=\"http:\/\/www.sabine-seyffert.de\/blog\/wp-content\/uploads\/2017\/08\/Einladungen-Wolke-1.jpg\" alt=\"\" width=\"600\" height=\"800\" srcset=\"https:\/\/www.sabine-seyffert.de\/blog\/wp-content\/uploads\/2017\/08\/Einladungen-Wolke-1.jpg 600w, https:\/\/www.sabine-seyffert.de\/blog\/wp-content\/uploads\/2017\/08\/Einladungen-Wolke-1-225x300.jpg 225w\" sizes=\"auto, (max-width: 600px) 100vw, 600px\" \/><\/a><\/p>\n<p style=\"text-align: justify;\"><a href=\"http:\/\/www.sabine-seyffert.de\/blog\/?page_id=32#urheberrecht\">urheberrechtlich gesch\u00fctzt<\/a>, \u00a9 Sabine Seyffert<\/p>\n","protected":false},"excerpt":{"rendered":"<p>Endlich gibt es hier mal wieder einen Kinderparty zu der fr\u00f6hliche Einladungskarten gebastelt werden d\u00fcrfen. Dazu hatte ich mir noch eine Weile Gedanken gemacht und auf meinem Schreibtisch auf einem Notizzettel entsprechende Skizzen angefertigt. Es sollte unbedingt eine gro\u00dfe Wolke mit buntem Regenbogen sein. Und die ist es in der Tat geworden. Den entsprechenden Einladungstext&#8230; <a href=\"https:\/\/www.sabine-seyffert.de\/blog\/wir-feiern-kindergeburtstag-einladungskarten-selbst-gemacht-eine-wolke-mit-regenbogen\/\" class=\"more-link\">Read more: Wir feiern Kindergeburtstag: Einladungskarten selbst gemacht \u2013 eine Wolke mit Regenbogen<\/a><\/p>\n","protected":false},"author":2,"featured_media":0,"comment_status":"open","ping_status":"open","sticky":false,"template":"","format":"standard","meta":{"_metis_text_type":"","_metis_text_length":2882,"_post_count":0,"footnotes":""},"categories":[21,33],"tags":[],"class_list":["post-10982","post","type-post","status-publish","format-standard","hentry","category-kinderfeste-partys","category-kreative-naherein"],"_links":{"self":[{"href":"https:\/\/www.sabine-seyffert.de\/blog\/wp-json\/wp\/v2\/posts\/10982","targetHints":{"allow":["GET"]}}],"collection":[{"href":"https:\/\/www.sabine-seyffert.de\/blog\/wp-json\/wp\/v2\/posts"}],"about":[{"href":"https:\/\/www.sabine-seyffert.de\/blog\/wp-json\/wp\/v2\/types\/post"}],"author":[{"embeddable":true,"href":"https:\/\/www.sabine-seyffert.de\/blog\/wp-json\/wp\/v2\/users\/2"}],"replies":[{"embeddable":true,"href":"https:\/\/www.sabine-seyffert.de\/blog\/wp-json\/wp\/v2\/comments?post=10982"}],"version-history":[{"count":4,"href":"https:\/\/www.sabine-seyffert.de\/blog\/wp-json\/wp\/v2\/posts\/10982\/revisions"}],"predecessor-version":[{"id":11092,"href":"https:\/\/www.sabine-seyffert.de\/blog\/wp-json\/wp\/v2\/posts\/10982\/revisions\/11092"}],"wp:attachment":[{"href":"https:\/\/www.sabine-seyffert.de\/blog\/wp-json\/wp\/v2\/media?parent=10982"}],"wp:term":[{"taxonomy":"category","embeddable":true,"href":"https:\/\/www.sabine-seyffert.de\/blog\/wp-json\/wp\/v2\/categories?post=10982"},{"taxonomy":"post_tag","embeddable":true,"href":"https:\/\/www.sabine-seyffert.de\/blog\/wp-json\/wp\/v2\/tags?post=10982"}],"curies":[{"name":"wp","href":"https:\/\/api.w.org\/{rel}","templated":true}]}}