{"id":10929,"date":"2017-08-22T06:15:28","date_gmt":"2017-08-22T04:15:28","guid":{"rendered":"http:\/\/www.sabine-seyffert.de\/blog\/?p=10929"},"modified":"2017-08-25T14:57:37","modified_gmt":"2017-08-25T12:57:37","slug":"naehen-macht-gluecklich-selbst-genaehte-gemuesebeutel-fuer-den-einkauf-der-umwelt-zu-liebe","status":"publish","type":"post","link":"https:\/\/www.sabine-seyffert.de\/blog\/naehen-macht-gluecklich-selbst-genaehte-gemuesebeutel-fuer-den-einkauf-der-umwelt-zu-liebe\/","title":{"rendered":"N\u00e4hen macht gl\u00fccklich: Selbst gen\u00e4hte Gem\u00fcsebeutel f\u00fcr den Einkauf, der Umwelt zu Liebe"},"content":{"rendered":"<p style=\"text-align: justify;\"><img loading=\"lazy\" decoding=\"async\" src=\"https:\/\/ssl-vg03.met.vgwort.de\/na\/07f7087764a84973abaf3dd7c7774f0d\" alt=\"\" width=\"1\" height=\"1\" \/>Seit langem bin ich beim Einkaufen nun schon mit meinen selbst gen\u00e4hten Beuteln unterwegs. Die t\u00e4gliche Ration an Backwaren kaufe ich mittlerweile ausschlie\u00dflich mit selbst gen\u00e4hten Stoffbeuteln. Dazu habe ich auf dem Blog bereits mehrfach berichtet: Unser <a href=\"http:\/\/www.sabine-seyffert.de\/blog\/?p=6178\" target=\"_blank\" rel=\"noopener\">Brotbeutel<\/a>, die <a href=\"http:\/\/www.sabine-seyffert.de\/blog\/?p=5953\" target=\"_blank\" rel=\"noopener\">Br\u00f6tchent\u00fcte<\/a>, die <a href=\"http:\/\/www.sabine-seyffert.de\/blog\/?p=8248\" target=\"_blank\" rel=\"noopener\">gen\u00e4hte Baguette Tasche<\/a> sowie die <a href=\"http:\/\/www.sabine-seyffert.de\/blog\/?p=9906\" target=\"_blank\" rel=\"noopener\">upcycelten Tragetaschen<\/a>.<\/p>\n<p style=\"text-align: center;\"><a href=\"http:\/\/www.sabine-seyffert.de\/blog\/wp-content\/uploads\/2017\/08\/beutel-Gem\u00fcse-4.jpg\"><img loading=\"lazy\" decoding=\"async\" class=\"alignnone size-full wp-image-10930\" src=\"http:\/\/www.sabine-seyffert.de\/blog\/wp-content\/uploads\/2017\/08\/beutel-Gem\u00fcse-4.jpg\" alt=\"\" width=\"800\" height=\"600\" srcset=\"https:\/\/www.sabine-seyffert.de\/blog\/wp-content\/uploads\/2017\/08\/beutel-Gem\u00fcse-4.jpg 800w, https:\/\/www.sabine-seyffert.de\/blog\/wp-content\/uploads\/2017\/08\/beutel-Gem\u00fcse-4-300x225.jpg 300w, https:\/\/www.sabine-seyffert.de\/blog\/wp-content\/uploads\/2017\/08\/beutel-Gem\u00fcse-4-768x576.jpg 768w\" sizes=\"auto, (max-width: 800px) 100vw, 800px\" \/><\/a><\/p>\n<p style=\"text-align: justify;\">Auch die Eink\u00e4ufe an sich, wandern an der Kasse grunds\u00e4tzlich in einen Einkaufskorb sowie meine mit Stoffresten aufgepimpten Einkaufstaschen aus Stoff. Was bislang noch fehlte, sind umweltfreundliche Beutel f\u00fcr Obst und Gem\u00fcse. Dies kaufe ich zwar grunds\u00e4tzlich lose und ohne diese in Plastikt\u00fcten zu packen.<\/p>\n<p style=\"text-align: center;\"><a href=\"http:\/\/www.sabine-seyffert.de\/blog\/wp-content\/uploads\/2017\/08\/beutel-Gem\u00fcse-0.jpg\"><img loading=\"lazy\" decoding=\"async\" class=\"alignnone size-full wp-image-10931\" src=\"http:\/\/www.sabine-seyffert.de\/blog\/wp-content\/uploads\/2017\/08\/beutel-Gem\u00fcse-0.jpg\" alt=\"\" width=\"800\" height=\"600\" srcset=\"https:\/\/www.sabine-seyffert.de\/blog\/wp-content\/uploads\/2017\/08\/beutel-Gem\u00fcse-0.jpg 800w, https:\/\/www.sabine-seyffert.de\/blog\/wp-content\/uploads\/2017\/08\/beutel-Gem\u00fcse-0-300x225.jpg 300w, https:\/\/www.sabine-seyffert.de\/blog\/wp-content\/uploads\/2017\/08\/beutel-Gem\u00fcse-0-768x576.jpg 768w\" sizes=\"auto, (max-width: 800px) 100vw, 800px\" \/><\/a><\/p>\n<p style=\"text-align: justify;\">Allerdings habe ich mir dabei an der Kasse schon oftmals einen \u201eR\u00fcffel\u201c eingefangen, weil es zu aufw\u00e4ndig sei, dies alles einzeln zu wiegen\u2026 Bei gro\u00dfen Teilen wie \u00c4pfel, Paprika, Zucchini, Aubergine und Co. ist mir das herzlich egal. Die lege ich, wenn es sein muss auch im mehreren Etappen, auf die Waage.<\/p>\n<p style=\"text-align: center;\"><a href=\"http:\/\/www.sabine-seyffert.de\/blog\/wp-content\/uploads\/2017\/08\/beutel-Gem\u00fcse-7.jpg\"><img loading=\"lazy\" decoding=\"async\" class=\"alignnone size-full wp-image-10932\" src=\"http:\/\/www.sabine-seyffert.de\/blog\/wp-content\/uploads\/2017\/08\/beutel-Gem\u00fcse-7.jpg\" alt=\"\" width=\"800\" height=\"600\" srcset=\"https:\/\/www.sabine-seyffert.de\/blog\/wp-content\/uploads\/2017\/08\/beutel-Gem\u00fcse-7.jpg 800w, https:\/\/www.sabine-seyffert.de\/blog\/wp-content\/uploads\/2017\/08\/beutel-Gem\u00fcse-7-300x225.jpg 300w, https:\/\/www.sabine-seyffert.de\/blog\/wp-content\/uploads\/2017\/08\/beutel-Gem\u00fcse-7-768x576.jpg 768w\" sizes=\"auto, (max-width: 800px) 100vw, 800px\" \/><\/a><\/p>\n<p style=\"text-align: justify;\">Allerdings ist dies bei kleineren Gem\u00fcsesorten oder Obst deutlich kniffeliger: Kirschen, Pflaumen, Zwiebeln, Zuckerschoten, Champignons u.a. lassen sich nur m\u00fchsam per Hand zur Waage tragen und an der Supermarktkasse auf dem Band ist dies auch eher schwierig.<\/p>\n<p style=\"text-align: center;\"><a href=\"http:\/\/www.sabine-seyffert.de\/blog\/wp-content\/uploads\/2017\/08\/beutel-Gem\u00fcse-8.jpg\"><img loading=\"lazy\" decoding=\"async\" class=\"alignnone size-full wp-image-10933\" src=\"http:\/\/www.sabine-seyffert.de\/blog\/wp-content\/uploads\/2017\/08\/beutel-Gem\u00fcse-8.jpg\" alt=\"\" width=\"800\" height=\"600\" srcset=\"https:\/\/www.sabine-seyffert.de\/blog\/wp-content\/uploads\/2017\/08\/beutel-Gem\u00fcse-8.jpg 800w, https:\/\/www.sabine-seyffert.de\/blog\/wp-content\/uploads\/2017\/08\/beutel-Gem\u00fcse-8-300x225.jpg 300w, https:\/\/www.sabine-seyffert.de\/blog\/wp-content\/uploads\/2017\/08\/beutel-Gem\u00fcse-8-768x576.jpg 768w\" sizes=\"auto, (max-width: 800px) 100vw, 800px\" \/><\/a><\/p>\n<p style=\"text-align: justify;\">Daher habe ich f\u00fcr diesen Zweck nun die N\u00e4hmaschine rattern lassen und einen Schwung an passenden Beuteln gen\u00e4ht. Und zwar aus Baumwolle und Mesh Netzstoff. Lieber w\u00e4re mir ein Netzstoff aus reiner Baumwolle gewesen, den konnte ich trotz intensiver Suche jedoch nirgends finden.<\/p>\n<p style=\"text-align: center;\"><a href=\"http:\/\/www.sabine-seyffert.de\/blog\/wp-content\/uploads\/2017\/08\/beutel-Gem\u00fcse-5.jpg\"><img loading=\"lazy\" decoding=\"async\" class=\"alignnone size-full wp-image-10934\" src=\"http:\/\/www.sabine-seyffert.de\/blog\/wp-content\/uploads\/2017\/08\/beutel-Gem\u00fcse-5.jpg\" alt=\"\" width=\"800\" height=\"600\" srcset=\"https:\/\/www.sabine-seyffert.de\/blog\/wp-content\/uploads\/2017\/08\/beutel-Gem\u00fcse-5.jpg 800w, https:\/\/www.sabine-seyffert.de\/blog\/wp-content\/uploads\/2017\/08\/beutel-Gem\u00fcse-5-300x225.jpg 300w, https:\/\/www.sabine-seyffert.de\/blog\/wp-content\/uploads\/2017\/08\/beutel-Gem\u00fcse-5-768x576.jpg 768w\" sizes=\"auto, (max-width: 800px) 100vw, 800px\" \/><\/a><\/p>\n<p style=\"text-align: justify;\">Da ich heute Morgen im Radio einen Bericht samt Interview geh\u00f6rt habe, bei dem es um umweltfreundliches Einkaufsverhalten ging, zum Schluss noch ein kleiner Tipp damit dies auch wirklich funktioniert:<\/p>\n<p style=\"text-align: center;\"><a href=\"http:\/\/www.sabine-seyffert.de\/blog\/wp-content\/uploads\/2017\/08\/beutel-Gem\u00fcse-6.jpg\"><img loading=\"lazy\" decoding=\"async\" class=\"alignnone size-full wp-image-10935\" src=\"http:\/\/www.sabine-seyffert.de\/blog\/wp-content\/uploads\/2017\/08\/beutel-Gem\u00fcse-6.jpg\" alt=\"\" width=\"800\" height=\"600\" srcset=\"https:\/\/www.sabine-seyffert.de\/blog\/wp-content\/uploads\/2017\/08\/beutel-Gem\u00fcse-6.jpg 800w, https:\/\/www.sabine-seyffert.de\/blog\/wp-content\/uploads\/2017\/08\/beutel-Gem\u00fcse-6-300x225.jpg 300w, https:\/\/www.sabine-seyffert.de\/blog\/wp-content\/uploads\/2017\/08\/beutel-Gem\u00fcse-6-768x576.jpg 768w\" sizes=\"auto, (max-width: 800px) 100vw, 800px\" \/><\/a><\/p>\n<p style=\"text-align: justify;\">In meinem Einkaufskorb werden grunds\u00e4tzlich alle Stofftaschen, Brotbeutel etc. aufbewahrt, die ggf. f\u00fcr den Einkauf ben\u00f6tigt werden. Auf diese Wege hat man alle notwendigen Taschen gleich bei jedem Einkauf parat.<\/p>\n<p style=\"text-align: center;\"><a href=\"http:\/\/www.sabine-seyffert.de\/blog\/wp-content\/uploads\/2017\/08\/beutel-Gem\u00fcse-3.jpg\"><img loading=\"lazy\" decoding=\"async\" class=\"alignnone size-full wp-image-10936\" src=\"http:\/\/www.sabine-seyffert.de\/blog\/wp-content\/uploads\/2017\/08\/beutel-Gem\u00fcse-3.jpg\" alt=\"\" width=\"800\" height=\"600\" srcset=\"https:\/\/www.sabine-seyffert.de\/blog\/wp-content\/uploads\/2017\/08\/beutel-Gem\u00fcse-3.jpg 800w, https:\/\/www.sabine-seyffert.de\/blog\/wp-content\/uploads\/2017\/08\/beutel-Gem\u00fcse-3-300x225.jpg 300w, https:\/\/www.sabine-seyffert.de\/blog\/wp-content\/uploads\/2017\/08\/beutel-Gem\u00fcse-3-768x576.jpg 768w\" sizes=\"auto, (max-width: 800px) 100vw, 800px\" \/><\/a><\/p>\n<p style=\"text-align: justify;\">Auch im Rucksack trage ich stets zwei Einkaufstaschen aus Stoff bei mir, damit ich f\u00fcr spontane Eink\u00e4ufe zu Fu\u00df immer die passenden Taschen zur Hand habe.<br \/>\nAuf diese Weise klappt das Einkaufen wunderbar und es gibt auch keine \u201eUps, vergessen!\u201c Ausreden mehr.<\/p>\n<p style=\"text-align: center;\"><a href=\"http:\/\/www.sabine-seyffert.de\/blog\/wp-content\/uploads\/2017\/08\/beutel-Gem\u00fcse-2.jpg\"><img loading=\"lazy\" decoding=\"async\" class=\"alignnone size-full wp-image-10937\" src=\"http:\/\/www.sabine-seyffert.de\/blog\/wp-content\/uploads\/2017\/08\/beutel-Gem\u00fcse-2.jpg\" alt=\"\" width=\"800\" height=\"600\" srcset=\"https:\/\/www.sabine-seyffert.de\/blog\/wp-content\/uploads\/2017\/08\/beutel-Gem\u00fcse-2.jpg 800w, https:\/\/www.sabine-seyffert.de\/blog\/wp-content\/uploads\/2017\/08\/beutel-Gem\u00fcse-2-300x225.jpg 300w, https:\/\/www.sabine-seyffert.de\/blog\/wp-content\/uploads\/2017\/08\/beutel-Gem\u00fcse-2-768x576.jpg 768w\" sizes=\"auto, (max-width: 800px) 100vw, 800px\" \/><\/a><\/p>\n<p style=\"text-align: justify;\">Wie h\u00e4ndelt ihr eure Eink\u00e4ufe? Und hat jemand vielleicht noch einen wertvollen Tipp, wie man an der K\u00e4setheke Verpackungsberge vermeiden kann?<\/p>\n<p style=\"text-align: center;\"><a href=\"http:\/\/www.sabine-seyffert.de\/blog\/wp-content\/uploads\/2017\/08\/beutel-Gem\u00fcse-1.jpg\"><img loading=\"lazy\" decoding=\"async\" class=\"alignnone size-full wp-image-10938\" src=\"http:\/\/www.sabine-seyffert.de\/blog\/wp-content\/uploads\/2017\/08\/beutel-Gem\u00fcse-1.jpg\" alt=\"\" width=\"800\" height=\"600\" srcset=\"https:\/\/www.sabine-seyffert.de\/blog\/wp-content\/uploads\/2017\/08\/beutel-Gem\u00fcse-1.jpg 800w, https:\/\/www.sabine-seyffert.de\/blog\/wp-content\/uploads\/2017\/08\/beutel-Gem\u00fcse-1-300x225.jpg 300w, https:\/\/www.sabine-seyffert.de\/blog\/wp-content\/uploads\/2017\/08\/beutel-Gem\u00fcse-1-768x576.jpg 768w\" sizes=\"auto, (max-width: 800px) 100vw, 800px\" \/><\/a><\/p>\n<p style=\"text-align: justify;\">Weitere Ideen rund ums N\u00e4hen findet ihr in <a href=\"http:\/\/www.sabine-seyffert.de\/blog\/?cat=33\" target=\"_blank\" rel=\"noopener\">dieser Rubrik<\/a>, andere kreative Sachen <a href=\"http:\/\/www.creadienstag.de\/2017\/08\/293.html\" target=\"_blank\" rel=\"noopener\">da<\/a> &amp; <a href=\"http:\/\/rundumsweib.blogspot.de\/2017\/08\/rums-3417.html\" target=\"_blank\" rel=\"noopener\">hier<\/a>, mehr Gr\u00fcn <a href=\"http:\/\/naturkinder.com\/\" target=\"_blank\" rel=\"noopener\">dort<\/a>.<\/p>\n<p><a href=\"http:\/\/www.sabine-seyffert.de\/blog\/?page_id=32#urheberrecht\">urheberrechtlich gesch\u00fctzt<\/a>, \u00a9 Sabine Seyffert<\/p>\n","protected":false},"excerpt":{"rendered":"<p>Seit langem bin ich beim Einkaufen nun schon mit meinen selbst gen\u00e4hten Beuteln unterwegs. Die t\u00e4gliche Ration an Backwaren kaufe ich mittlerweile ausschlie\u00dflich mit selbst gen\u00e4hten Stoffbeuteln. Dazu habe ich auf dem Blog bereits mehrfach berichtet: Unser Brotbeutel, die Br\u00f6tchent\u00fcte, die gen\u00e4hte Baguette Tasche sowie die upcycelten Tragetaschen. Auch die Eink\u00e4ufe an sich, wandern an&#8230; <a href=\"https:\/\/www.sabine-seyffert.de\/blog\/naehen-macht-gluecklich-selbst-genaehte-gemuesebeutel-fuer-den-einkauf-der-umwelt-zu-liebe\/\" class=\"more-link\">Read more: N\u00e4hen macht gl\u00fccklich: Selbst gen\u00e4hte Gem\u00fcsebeutel f\u00fcr den Einkauf, der Umwelt zu Liebe<\/a><\/p>\n","protected":false},"author":2,"featured_media":0,"comment_status":"open","ping_status":"open","sticky":false,"template":"","format":"standard","meta":{"_metis_text_type":"","_metis_text_length":2477,"_post_count":0,"footnotes":""},"categories":[33],"tags":[],"class_list":["post-10929","post","type-post","status-publish","format-standard","hentry","category-kreative-naherein"],"_links":{"self":[{"href":"https:\/\/www.sabine-seyffert.de\/blog\/wp-json\/wp\/v2\/posts\/10929","targetHints":{"allow":["GET"]}}],"collection":[{"href":"https:\/\/www.sabine-seyffert.de\/blog\/wp-json\/wp\/v2\/posts"}],"about":[{"href":"https:\/\/www.sabine-seyffert.de\/blog\/wp-json\/wp\/v2\/types\/post"}],"author":[{"embeddable":true,"href":"https:\/\/www.sabine-seyffert.de\/blog\/wp-json\/wp\/v2\/users\/2"}],"replies":[{"embeddable":true,"href":"https:\/\/www.sabine-seyffert.de\/blog\/wp-json\/wp\/v2\/comments?post=10929"}],"version-history":[{"count":5,"href":"https:\/\/www.sabine-seyffert.de\/blog\/wp-json\/wp\/v2\/posts\/10929\/revisions"}],"predecessor-version":[{"id":10979,"href":"https:\/\/www.sabine-seyffert.de\/blog\/wp-json\/wp\/v2\/posts\/10929\/revisions\/10979"}],"wp:attachment":[{"href":"https:\/\/www.sabine-seyffert.de\/blog\/wp-json\/wp\/v2\/media?parent=10929"}],"wp:term":[{"taxonomy":"category","embeddable":true,"href":"https:\/\/www.sabine-seyffert.de\/blog\/wp-json\/wp\/v2\/categories?post=10929"},{"taxonomy":"post_tag","embeddable":true,"href":"https:\/\/www.sabine-seyffert.de\/blog\/wp-json\/wp\/v2\/tags?post=10929"}],"curies":[{"name":"wp","href":"https:\/\/api.w.org\/{rel}","templated":true}]}}