{"id":10890,"date":"2017-08-18T18:35:12","date_gmt":"2017-08-18T16:35:12","guid":{"rendered":"http:\/\/www.sabine-seyffert.de\/blog\/?p=10890"},"modified":"2018-06-27T11:24:00","modified_gmt":"2018-06-27T09:24:00","slug":"familienurlaub-in-ravensburg-wir-bestaunen-die-stadt-von-oben-besteigen-den-blaserturm","status":"publish","type":"post","link":"https:\/\/www.sabine-seyffert.de\/blog\/familienurlaub-in-ravensburg-wir-bestaunen-die-stadt-von-oben-besteigen-den-blaserturm\/","title":{"rendered":"Familienurlaub in Ravensburg: Wir bestaunen die Stadt von oben &#038; besteigen den Blaserturm"},"content":{"rendered":"<p style=\"text-align: justify;\"><img loading=\"lazy\" decoding=\"async\" src=\"https:\/\/ssl-vg03.met.vgwort.de\/na\/c2bc2208631b41248568b6475c20d17e\" alt=\"\" width=\"1\" height=\"1\" \/>Auf der <a href=\"http:\/\/www.sabine-seyffert.de\/blog\/?p=10846\" target=\"_blank\" rel=\"noopener\">Kinder Stadtrallye<\/a> sind wir allerhand T\u00fcrmen begegnet. Die zahlreichen T\u00fcrme und Tore haben die <a href=\"http:\/\/www.sabine-seyffert.de\/blog\/?p=10834\" target=\"_blank\" rel=\"noopener\">Stadt Ravensburg<\/a> bekannt gemacht. So ist es nicht weiter verwunderlich, dass auch ein Turm das Wahrzeichen der Stadt ist: Der <a href=\"https:\/\/de.wikipedia.org\/wiki\/Mehlsack_(Ravensburg)\" target=\"_blank\" rel=\"noopener\">wei\u00dfe Mehlsack<\/a>, der weit in den Himmel hinauf ragt. Diesen findet man \u00fcbrigens direkt oberhalb des Museumsviertels, am Ende der Marktstrasse.<\/p>\n<p style=\"text-align: center;\"><a href=\"http:\/\/www.sabine-seyffert.de\/blog\/wp-content\/uploads\/2017\/08\/Blaserturm-9.jpg\"><img loading=\"lazy\" decoding=\"async\" class=\"alignnone size-full wp-image-10892\" src=\"http:\/\/www.sabine-seyffert.de\/blog\/wp-content\/uploads\/2017\/08\/Blaserturm-9.jpg\" alt=\"\" width=\"600\" height=\"800\" srcset=\"https:\/\/www.sabine-seyffert.de\/blog\/wp-content\/uploads\/2017\/08\/Blaserturm-9.jpg 600w, https:\/\/www.sabine-seyffert.de\/blog\/wp-content\/uploads\/2017\/08\/Blaserturm-9-225x300.jpg 225w\" sizes=\"auto, (max-width: 600px) 100vw, 600px\" \/><\/a><\/p>\n<p style=\"text-align: justify;\">Wir haben uns f\u00fcr heute vorgenommen, einen der vielen T\u00fcrme n\u00e4her zu erkunden. Und zwar den Blaserturm. Diesen findet man direkt auf dem zentral gelegenen Marienplatz, gegen\u00fcber der Touristeninfo. Ist man zu Fu\u00df in der historischen Altstadt unterwegs, kann man diesen gar nicht verfehlen.<\/p>\n<p style=\"text-align: center;\"><a href=\"http:\/\/www.sabine-seyffert.de\/blog\/wp-content\/uploads\/2017\/08\/Blaserturm-Schild.jpg\"><img loading=\"lazy\" decoding=\"async\" class=\"alignnone size-full wp-image-10893\" src=\"http:\/\/www.sabine-seyffert.de\/blog\/wp-content\/uploads\/2017\/08\/Blaserturm-Schild.jpg\" alt=\"\" width=\"800\" height=\"600\" srcset=\"https:\/\/www.sabine-seyffert.de\/blog\/wp-content\/uploads\/2017\/08\/Blaserturm-Schild.jpg 800w, https:\/\/www.sabine-seyffert.de\/blog\/wp-content\/uploads\/2017\/08\/Blaserturm-Schild-300x225.jpg 300w, https:\/\/www.sabine-seyffert.de\/blog\/wp-content\/uploads\/2017\/08\/Blaserturm-Schild-768x576.jpg 768w\" sizes=\"auto, (max-width: 800px) 100vw, 800px\" \/><\/a><\/p>\n<p style=\"text-align: justify;\">Der Blaserturm diente seinerzeit der Stadt als Wach- und Uhrenturm. Bis ins Jahr 1911 war dieser Turm mit einem Blaser besetzt. Dieser musste von dort aus mehrfach t\u00e4glich ein Blassignal f\u00fcr die Stadtbewohner senden: Morgens um 4.00 Uhr in der Fr\u00fch war dies das Signal f\u00fcr die B\u00e4cker mit dem Brotbacken zu beginnen.<\/p>\n<p style=\"text-align: center;\"><a href=\"http:\/\/www.sabine-seyffert.de\/blog\/wp-content\/uploads\/2017\/08\/Blaserturm-1.jpg\"><img loading=\"lazy\" decoding=\"async\" class=\"alignnone size-full wp-image-10894\" src=\"http:\/\/www.sabine-seyffert.de\/blog\/wp-content\/uploads\/2017\/08\/Blaserturm-1.jpg\" alt=\"\" width=\"800\" height=\"600\" srcset=\"https:\/\/www.sabine-seyffert.de\/blog\/wp-content\/uploads\/2017\/08\/Blaserturm-1.jpg 800w, https:\/\/www.sabine-seyffert.de\/blog\/wp-content\/uploads\/2017\/08\/Blaserturm-1-300x225.jpg 300w, https:\/\/www.sabine-seyffert.de\/blog\/wp-content\/uploads\/2017\/08\/Blaserturm-1-768x576.jpg 768w\" sizes=\"auto, (max-width: 800px) 100vw, 800px\" \/><\/a><\/p>\n<p style=\"text-align: justify;\">Gegen Mittag, um 12.00 Uhr wurden die Hausfrauen durch das Blasen darauf aufmerksam, dass es Zeit war das Mittagessen zu kochen. Das Signal um 21.00 Uhr am Abend galt den M\u00e4nnern, f\u00fcr die es nun an der Zeit war nach Hause zur\u00fcck zu kehren und auszuruhen. Der t\u00e4glich letzte Einsatz des Blasers war schlie\u00dflich um Mitternacht. Dann hie\u00df es f\u00fcr die Stadtwachen, die Tore der Stadt zu schlie\u00dfen.<\/p>\n<p style=\"text-align: center;\"><a href=\"http:\/\/www.sabine-seyffert.de\/blog\/wp-content\/uploads\/2017\/08\/Blaserturm-2.jpg\"><img loading=\"lazy\" decoding=\"async\" class=\"alignnone size-full wp-image-10895\" src=\"http:\/\/www.sabine-seyffert.de\/blog\/wp-content\/uploads\/2017\/08\/Blaserturm-2.jpg\" alt=\"\" width=\"600\" height=\"800\" srcset=\"https:\/\/www.sabine-seyffert.de\/blog\/wp-content\/uploads\/2017\/08\/Blaserturm-2.jpg 600w, https:\/\/www.sabine-seyffert.de\/blog\/wp-content\/uploads\/2017\/08\/Blaserturm-2-225x300.jpg 225w\" sizes=\"auto, (max-width: 600px) 100vw, 600px\" \/><\/a><\/p>\n<p style=\"text-align: justify;\">Au\u00dferdem kamen f\u00fcr den Blaser im Falle eines Feuers oder Angriffs weitere Eins\u00e4tze hinzu. Denn vom Turm aus, hatte dieser einen guten \u00dcberblick \u00fcber die gesamte Stadt.<\/p>\n<p style=\"text-align: center;\"><a href=\"http:\/\/www.sabine-seyffert.de\/blog\/wp-content\/uploads\/2017\/08\/Blaserturm-3.jpg\"><img loading=\"lazy\" decoding=\"async\" class=\"alignnone size-full wp-image-10896\" src=\"http:\/\/www.sabine-seyffert.de\/blog\/wp-content\/uploads\/2017\/08\/Blaserturm-3.jpg\" alt=\"\" width=\"600\" height=\"800\" srcset=\"https:\/\/www.sabine-seyffert.de\/blog\/wp-content\/uploads\/2017\/08\/Blaserturm-3.jpg 600w, https:\/\/www.sabine-seyffert.de\/blog\/wp-content\/uploads\/2017\/08\/Blaserturm-3-225x300.jpg 225w\" sizes=\"auto, (max-width: 600px) 100vw, 600px\" \/><\/a><\/p>\n<p style=\"text-align: justify;\">Einen Blaser gibt es heute nat\u00fcrlich nicht mehr. Dieser wurde durch ein Uhrwerk ersetzt, das man im Falle einer Turmbesteigung aus n\u00e4chster N\u00e4he betrachten kann.<\/p>\n<p style=\"text-align: center;\"><a href=\"http:\/\/www.sabine-seyffert.de\/blog\/wp-content\/uploads\/2017\/08\/Blaserturm-4.jpg\"><img loading=\"lazy\" decoding=\"async\" class=\"alignnone size-full wp-image-10897\" src=\"http:\/\/www.sabine-seyffert.de\/blog\/wp-content\/uploads\/2017\/08\/Blaserturm-4.jpg\" alt=\"\" width=\"600\" height=\"800\" srcset=\"https:\/\/www.sabine-seyffert.de\/blog\/wp-content\/uploads\/2017\/08\/Blaserturm-4.jpg 600w, https:\/\/www.sabine-seyffert.de\/blog\/wp-content\/uploads\/2017\/08\/Blaserturm-4-225x300.jpg 225w\" sizes=\"auto, (max-width: 600px) 100vw, 600px\" \/><\/a><\/p>\n<p style=\"text-align: justify;\">Wir haben uns getraut und sind den 51 Meter hohen Turm hinaufgestiegen und haben dabei alle 212 Treppenstufen bis ganz oben bew\u00e4ltigt. F\u00fcr mich mit H\u00f6henangst war dies eine wirkliche Herausforderung.<\/p>\n<p style=\"text-align: center;\"><a href=\"http:\/\/www.sabine-seyffert.de\/blog\/wp-content\/uploads\/2017\/08\/Blaserturm-5.jpg\"><img loading=\"lazy\" decoding=\"async\" class=\"alignnone size-full wp-image-10898\" src=\"http:\/\/www.sabine-seyffert.de\/blog\/wp-content\/uploads\/2017\/08\/Blaserturm-5.jpg\" alt=\"\" width=\"600\" height=\"800\" srcset=\"https:\/\/www.sabine-seyffert.de\/blog\/wp-content\/uploads\/2017\/08\/Blaserturm-5.jpg 600w, https:\/\/www.sabine-seyffert.de\/blog\/wp-content\/uploads\/2017\/08\/Blaserturm-5-225x300.jpg 225w\" sizes=\"auto, (max-width: 600px) 100vw, 600px\" \/><\/a><\/p>\n<p style=\"text-align: justify;\">Somit habe ich ganz oben auf der Ausguckplattform nur ganz kurz verweilt und mich anschlie\u00dfend wieder nach unten begeben, w\u00e4hrend der Rest der Familie die gro\u00dfartige Aussicht \u00fcber die Stadt in vollen Z\u00fcgen genossen hat. Bei gutem Wetter kann man \u00fcbrigens bis zum Bodensee schauen!<\/p>\n<p style=\"text-align: center;\"><a href=\"http:\/\/www.sabine-seyffert.de\/blog\/wp-content\/uploads\/2017\/08\/Blaserturm-6.jpg\"><img loading=\"lazy\" decoding=\"async\" class=\"alignnone size-full wp-image-10899\" src=\"http:\/\/www.sabine-seyffert.de\/blog\/wp-content\/uploads\/2017\/08\/Blaserturm-6.jpg\" alt=\"\" width=\"600\" height=\"800\" srcset=\"https:\/\/www.sabine-seyffert.de\/blog\/wp-content\/uploads\/2017\/08\/Blaserturm-6.jpg 600w, https:\/\/www.sabine-seyffert.de\/blog\/wp-content\/uploads\/2017\/08\/Blaserturm-6-225x300.jpg 225w\" sizes=\"auto, (max-width: 600px) 100vw, 600px\" \/><\/a><\/p>\n<p style=\"text-align: justify;\">Einen Bericht mit allerhand historischen Infos \u00fcber die Stadt Ravensburg findet ihr in <a href=\"http:\/\/www.sabine-seyffert.de\/blog\/?p=10834\" target=\"_blank\" rel=\"noopener\">diesem Artikel<\/a>, eine lustige Stadtrallye f\u00fcr Kinder an <a href=\"http:\/\/www.sabine-seyffert.de\/blog\/?p=10846\" target=\"_blank\" rel=\"noopener\">dieser Stelle<\/a>, alles zum Thema Familienurlaub &amp; Reisen <a href=\"http:\/\/www.sabine-seyffert.de\/blog\/?cat=38\" target=\"_blank\" rel=\"noopener\">hier<\/a> und weitere Ausflugstipps folgen in K\u00fcrze.<\/p>\n<p style=\"text-align: center;\"><a href=\"http:\/\/www.sabine-seyffert.de\/blog\/wp-content\/uploads\/2017\/08\/Blaserturm-7.jpg\"><img loading=\"lazy\" decoding=\"async\" class=\"alignnone size-full wp-image-10900\" src=\"http:\/\/www.sabine-seyffert.de\/blog\/wp-content\/uploads\/2017\/08\/Blaserturm-7.jpg\" alt=\"\" width=\"600\" height=\"800\" srcset=\"https:\/\/www.sabine-seyffert.de\/blog\/wp-content\/uploads\/2017\/08\/Blaserturm-7.jpg 600w, https:\/\/www.sabine-seyffert.de\/blog\/wp-content\/uploads\/2017\/08\/Blaserturm-7-225x300.jpg 225w\" sizes=\"auto, (max-width: 600px) 100vw, 600px\" \/><\/a><\/p>\n<p style=\"text-align: justify;\">Zum Schluss noch ein herzlicher Dank an Frau Gaudszun f\u00fcr die Erlaubnis meine Fotos aus Ravensburg ver\u00f6ffentlichen zu d\u00fcrfen.<\/p>\n<p style=\"text-align: center;\"><a href=\"http:\/\/www.sabine-seyffert.de\/blog\/wp-content\/uploads\/2017\/08\/Ausflug-Blaserturm.jpg\"><img loading=\"lazy\" decoding=\"async\" class=\"alignnone size-full wp-image-10901\" src=\"http:\/\/www.sabine-seyffert.de\/blog\/wp-content\/uploads\/2017\/08\/Ausflug-Blaserturm.jpg\" alt=\"\" width=\"800\" height=\"600\" srcset=\"https:\/\/www.sabine-seyffert.de\/blog\/wp-content\/uploads\/2017\/08\/Ausflug-Blaserturm.jpg 800w, https:\/\/www.sabine-seyffert.de\/blog\/wp-content\/uploads\/2017\/08\/Ausflug-Blaserturm-300x225.jpg 300w, https:\/\/www.sabine-seyffert.de\/blog\/wp-content\/uploads\/2017\/08\/Ausflug-Blaserturm-768x576.jpg 768w\" sizes=\"auto, (max-width: 800px) 100vw, 800px\" \/><\/a><\/p>\n<p style=\"text-align: justify;\"><a href=\"http:\/\/www.sabine-seyffert.de\/blog\/?page_id=32#urheberrecht\">urheberrechtlich gesch\u00fctzt<\/a>, \u00a9 Sabine Seyffert<\/p>\n","protected":false},"excerpt":{"rendered":"<p>Auf der Kinder Stadtrallye sind wir allerhand T\u00fcrmen begegnet. Die zahlreichen T\u00fcrme und Tore haben die Stadt Ravensburg bekannt gemacht. So ist es nicht weiter verwunderlich, dass auch ein Turm das Wahrzeichen der Stadt ist: Der wei\u00dfe Mehlsack, der weit in den Himmel hinauf ragt. Diesen findet man \u00fcbrigens direkt oberhalb des Museumsviertels, am Ende&#8230; <a href=\"https:\/\/www.sabine-seyffert.de\/blog\/familienurlaub-in-ravensburg-wir-bestaunen-die-stadt-von-oben-besteigen-den-blaserturm\/\" class=\"more-link\">Read more: Familienurlaub in Ravensburg: Wir bestaunen die Stadt von oben &#038; besteigen den Blaserturm<\/a><\/p>\n","protected":false},"author":2,"featured_media":0,"comment_status":"open","ping_status":"open","sticky":false,"template":"","format":"standard","meta":{"_metis_text_type":"","_metis_text_length":2601,"_post_count":0,"footnotes":""},"categories":[38,24],"tags":[],"class_list":["post-10890","post","type-post","status-publish","format-standard","hentry","category-ferien","category-sommer"],"_links":{"self":[{"href":"https:\/\/www.sabine-seyffert.de\/blog\/wp-json\/wp\/v2\/posts\/10890","targetHints":{"allow":["GET"]}}],"collection":[{"href":"https:\/\/www.sabine-seyffert.de\/blog\/wp-json\/wp\/v2\/posts"}],"about":[{"href":"https:\/\/www.sabine-seyffert.de\/blog\/wp-json\/wp\/v2\/types\/post"}],"author":[{"embeddable":true,"href":"https:\/\/www.sabine-seyffert.de\/blog\/wp-json\/wp\/v2\/users\/2"}],"replies":[{"embeddable":true,"href":"https:\/\/www.sabine-seyffert.de\/blog\/wp-json\/wp\/v2\/comments?post=10890"}],"version-history":[{"count":6,"href":"https:\/\/www.sabine-seyffert.de\/blog\/wp-json\/wp\/v2\/posts\/10890\/revisions"}],"predecessor-version":[{"id":12937,"href":"https:\/\/www.sabine-seyffert.de\/blog\/wp-json\/wp\/v2\/posts\/10890\/revisions\/12937"}],"wp:attachment":[{"href":"https:\/\/www.sabine-seyffert.de\/blog\/wp-json\/wp\/v2\/media?parent=10890"}],"wp:term":[{"taxonomy":"category","embeddable":true,"href":"https:\/\/www.sabine-seyffert.de\/blog\/wp-json\/wp\/v2\/categories?post=10890"},{"taxonomy":"post_tag","embeddable":true,"href":"https:\/\/www.sabine-seyffert.de\/blog\/wp-json\/wp\/v2\/tags?post=10890"}],"curies":[{"name":"wp","href":"https:\/\/api.w.org\/{rel}","templated":true}]}}