{"id":10879,"date":"2017-08-17T07:24:46","date_gmt":"2017-08-17T05:24:46","guid":{"rendered":"http:\/\/www.sabine-seyffert.de\/blog\/?p=10879"},"modified":"2017-08-22T06:15:09","modified_gmt":"2017-08-22T04:15:09","slug":"diy-naehidee-maritime-feriengruesse-per-post-naehen-macht-gluecklich","status":"publish","type":"post","link":"https:\/\/www.sabine-seyffert.de\/blog\/diy-naehidee-maritime-feriengruesse-per-post-naehen-macht-gluecklich\/","title":{"rendered":"DIY &#038; N\u00e4hidee: Maritime Feriengr\u00fc\u00dfe per Post \u2013 N\u00e4hen macht gl\u00fccklich"},"content":{"rendered":"<p style=\"text-align: justify;\"><img loading=\"lazy\" decoding=\"async\" src=\"https:\/\/ssl-vg03.met.vgwort.de\/na\/0fc2f930849749a8aa9ee4c8263bccdd\" alt=\"\" width=\"1\" height=\"1\" \/>Zwei Wochen Sommerferien liegen noch vor uns. Doch unser Familienurlaub ist bereits vorbei. Und da das Wetter derzeit recht unbest\u00e4ndig ist, haben wir kurzerhand ein paar Feriengr\u00fc\u00dfe selbst gebastelt. Ein kreatives Regenwetter-Ferienprogramm sozusagen \ud83d\ude09<\/p>\n<p style=\"text-align: center;\"><a href=\"http:\/\/www.sabine-seyffert.de\/blog\/wp-content\/uploads\/2017\/08\/Feriengru\u00df-gen\u00e4ht-Atlas-4.jpg\"><img loading=\"lazy\" decoding=\"async\" class=\"alignnone size-full wp-image-10880\" src=\"http:\/\/www.sabine-seyffert.de\/blog\/wp-content\/uploads\/2017\/08\/Feriengru\u00df-gen\u00e4ht-Atlas-4.jpg\" alt=\"\" width=\"800\" height=\"600\" srcset=\"https:\/\/www.sabine-seyffert.de\/blog\/wp-content\/uploads\/2017\/08\/Feriengru\u00df-gen\u00e4ht-Atlas-4.jpg 800w, https:\/\/www.sabine-seyffert.de\/blog\/wp-content\/uploads\/2017\/08\/Feriengru\u00df-gen\u00e4ht-Atlas-4-300x225.jpg 300w, https:\/\/www.sabine-seyffert.de\/blog\/wp-content\/uploads\/2017\/08\/Feriengru\u00df-gen\u00e4ht-Atlas-4-768x576.jpg 768w\" sizes=\"auto, (max-width: 800px) 100vw, 800px\" \/><\/a><\/p>\n<p style=\"text-align: justify;\"><strong>Das wird gebraucht:<\/strong><br \/>\n1 Blanko Postkarte oder unifarbene Karteikarte in Postkartengr\u00f6\u00dfe, N\u00e4hgarn, N\u00e4hmaschine, ein St\u00fcck Landkarte, eine Schere, Buchstabenstempel, ein Stempelkissen sowie optional klitzekleine Papierreste \/ Stoffreste<\/p>\n<p style=\"text-align: center;\"><a href=\"http:\/\/www.sabine-seyffert.de\/blog\/wp-content\/uploads\/2017\/08\/Feriengru\u00df-gen\u00e4ht-Atlas-1.jpg\"><img loading=\"lazy\" decoding=\"async\" class=\"alignnone size-full wp-image-10881\" src=\"http:\/\/www.sabine-seyffert.de\/blog\/wp-content\/uploads\/2017\/08\/Feriengru\u00df-gen\u00e4ht-Atlas-1.jpg\" alt=\"\" width=\"800\" height=\"600\" srcset=\"https:\/\/www.sabine-seyffert.de\/blog\/wp-content\/uploads\/2017\/08\/Feriengru\u00df-gen\u00e4ht-Atlas-1.jpg 800w, https:\/\/www.sabine-seyffert.de\/blog\/wp-content\/uploads\/2017\/08\/Feriengru\u00df-gen\u00e4ht-Atlas-1-300x225.jpg 300w, https:\/\/www.sabine-seyffert.de\/blog\/wp-content\/uploads\/2017\/08\/Feriengru\u00df-gen\u00e4ht-Atlas-1-768x576.jpg 768w\" sizes=\"auto, (max-width: 800px) 100vw, 800px\" \/><\/a><\/p>\n<p style=\"text-align: justify;\"><strong>So wird\u2019s gemacht:<\/strong><br \/>\nAm einfachsten ist es, wenn man unifarbene Karteikarten f\u00fcr die Ferienpost verwendet. Alternativ schneidet man sich einfach die gew\u00fcnschte Kartenanzahl aus einem gro\u00dfen Bogen wei\u00dfen Tonkarton.<\/p>\n<p style=\"text-align: center;\"><a href=\"http:\/\/www.sabine-seyffert.de\/blog\/wp-content\/uploads\/2017\/08\/Feriengru\u00df-gen\u00e4ht-Atlas-2.jpg\"><img loading=\"lazy\" decoding=\"async\" class=\"alignnone size-full wp-image-10882\" src=\"http:\/\/www.sabine-seyffert.de\/blog\/wp-content\/uploads\/2017\/08\/Feriengru\u00df-gen\u00e4ht-Atlas-2.jpg\" alt=\"\" width=\"800\" height=\"600\" srcset=\"https:\/\/www.sabine-seyffert.de\/blog\/wp-content\/uploads\/2017\/08\/Feriengru\u00df-gen\u00e4ht-Atlas-2.jpg 800w, https:\/\/www.sabine-seyffert.de\/blog\/wp-content\/uploads\/2017\/08\/Feriengru\u00df-gen\u00e4ht-Atlas-2-300x225.jpg 300w, https:\/\/www.sabine-seyffert.de\/blog\/wp-content\/uploads\/2017\/08\/Feriengru\u00df-gen\u00e4ht-Atlas-2-768x576.jpg 768w\" sizes=\"auto, (max-width: 800px) 100vw, 800px\" \/><\/a><\/p>\n<p style=\"text-align: justify;\">F\u00fcr das Meer habe ich mir aus einem kaputten, alten Schulbuch eine Seite mit Landkarten herausgetrennt. Davon schneidet man sich in der Breite der Postkarten einen Streifen zur\u00fcck. Den oberen Rand bringt man mit der Bastelschere in Wellenform.<\/p>\n<p style=\"text-align: center;\"><a href=\"http:\/\/www.sabine-seyffert.de\/blog\/wp-content\/uploads\/2017\/08\/Feriengru\u00df-gen\u00e4ht-Atlas-3.jpg\"><img loading=\"lazy\" decoding=\"async\" class=\"alignnone size-full wp-image-10883\" src=\"http:\/\/www.sabine-seyffert.de\/blog\/wp-content\/uploads\/2017\/08\/Feriengru\u00df-gen\u00e4ht-Atlas-3.jpg\" alt=\"\" width=\"800\" height=\"600\" srcset=\"https:\/\/www.sabine-seyffert.de\/blog\/wp-content\/uploads\/2017\/08\/Feriengru\u00df-gen\u00e4ht-Atlas-3.jpg 800w, https:\/\/www.sabine-seyffert.de\/blog\/wp-content\/uploads\/2017\/08\/Feriengru\u00df-gen\u00e4ht-Atlas-3-300x225.jpg 300w, https:\/\/www.sabine-seyffert.de\/blog\/wp-content\/uploads\/2017\/08\/Feriengru\u00df-gen\u00e4ht-Atlas-3-768x576.jpg 768w\" sizes=\"auto, (max-width: 800px) 100vw, 800px\" \/><\/a><\/p>\n<p style=\"text-align: justify;\">Nun legt man das vorbereitete St\u00fcck Landkarte auf die Postkarte und n\u00e4ht diese mit wei\u00dfen Garn und normalen N\u00e4hten fest. Die N\u00e4hte habe ich ebenfalls wellenf\u00f6rmig angeordnet, so dass sie dem \u201eMeer\u201c etwas mehr Tiefe verleihen.<\/p>\n<p style=\"text-align: center;\"><a href=\"http:\/\/www.sabine-seyffert.de\/blog\/wp-content\/uploads\/2017\/08\/Feriengru\u00df-gen\u00e4ht-Atlas-5.jpg\"><img loading=\"lazy\" decoding=\"async\" class=\"alignnone size-full wp-image-10884\" src=\"http:\/\/www.sabine-seyffert.de\/blog\/wp-content\/uploads\/2017\/08\/Feriengru\u00df-gen\u00e4ht-Atlas-5.jpg\" alt=\"\" width=\"800\" height=\"600\" srcset=\"https:\/\/www.sabine-seyffert.de\/blog\/wp-content\/uploads\/2017\/08\/Feriengru\u00df-gen\u00e4ht-Atlas-5.jpg 800w, https:\/\/www.sabine-seyffert.de\/blog\/wp-content\/uploads\/2017\/08\/Feriengru\u00df-gen\u00e4ht-Atlas-5-300x225.jpg 300w, https:\/\/www.sabine-seyffert.de\/blog\/wp-content\/uploads\/2017\/08\/Feriengru\u00df-gen\u00e4ht-Atlas-5-768x576.jpg 768w\" sizes=\"auto, (max-width: 800px) 100vw, 800px\" \/><\/a><\/p>\n<p style=\"text-align: justify;\">Das Boot habe ich frei Hand mit der Maschine aufgen\u00e4ht (wer mag, zeichnet sich mit einem d\u00fcnnen Bleistift den Umriss vor). Aus hellblauem Stoffrest habe ich noch zwei Wolken aufgen\u00e4ht und dem gen\u00e4hten Schiff einen Mini Papierwimpel aufgeklebt. Zum Schluss gibt es noch den Schriftzug \u201eAhoi\u201c, den man ganz schnell mit Buchstabenstempeln ausdrucken kann. Dann fehlt nur noch der gew\u00fcnschte Feriengru\u00df auf der R\u00fcckseite und ab geht die Post!<\/p>\n<p style=\"text-align: center;\"><a href=\"http:\/\/www.sabine-seyffert.de\/blog\/wp-content\/uploads\/2017\/08\/Feriengru\u00df-gen\u00e4ht-Atlas-6.jpg\"><img loading=\"lazy\" decoding=\"async\" class=\"alignnone size-full wp-image-10885\" src=\"http:\/\/www.sabine-seyffert.de\/blog\/wp-content\/uploads\/2017\/08\/Feriengru\u00df-gen\u00e4ht-Atlas-6.jpg\" alt=\"\" width=\"800\" height=\"600\" srcset=\"https:\/\/www.sabine-seyffert.de\/blog\/wp-content\/uploads\/2017\/08\/Feriengru\u00df-gen\u00e4ht-Atlas-6.jpg 800w, https:\/\/www.sabine-seyffert.de\/blog\/wp-content\/uploads\/2017\/08\/Feriengru\u00df-gen\u00e4ht-Atlas-6-300x225.jpg 300w, https:\/\/www.sabine-seyffert.de\/blog\/wp-content\/uploads\/2017\/08\/Feriengru\u00df-gen\u00e4ht-Atlas-6-768x576.jpg 768w\" sizes=\"auto, (max-width: 800px) 100vw, 800px\" \/><\/a><\/p>\n<p style=\"text-align: justify;\">Wenn ihr eine Idee sucht, wie man Urlaubspost oder Gru\u00dfkarten in Szene setzen kann, werft doch mal einen Blick auf <a href=\"http:\/\/www.sabine-seyffert.de\/blog\/?p=4356\" target=\"_blank\" rel=\"noopener\">diese DIY Deko Idee<\/a>. Ausflugsideen und spannende Unternehmungen gibt es in <a href=\"http:\/\/www.sabine-seyffert.de\/blog\/?cat=39\" target=\"_blank\" rel=\"noopener\">dieser Rubrik<\/a>, alles zum Thema Familienurlaub &amp; Reisen <a href=\"http:\/\/www.sabine-seyffert.de\/blog\/?cat=38\" target=\"_blank\" rel=\"noopener\">dort<\/a> sowie andere kreative Sachen <a href=\"http:\/\/www.creadienstag.de\/2017\/08\/293.html\" target=\"_blank\" rel=\"noopener\">da<\/a>.<\/p>\n<p style=\"text-align: center;\"><a href=\"http:\/\/www.sabine-seyffert.de\/blog\/wp-content\/uploads\/2017\/08\/Feriengru\u00df-gen\u00e4ht-Atlas-7.jpg\"><img loading=\"lazy\" decoding=\"async\" class=\"alignnone size-full wp-image-10886\" src=\"http:\/\/www.sabine-seyffert.de\/blog\/wp-content\/uploads\/2017\/08\/Feriengru\u00df-gen\u00e4ht-Atlas-7.jpg\" alt=\"\" width=\"800\" height=\"600\" srcset=\"https:\/\/www.sabine-seyffert.de\/blog\/wp-content\/uploads\/2017\/08\/Feriengru\u00df-gen\u00e4ht-Atlas-7.jpg 800w, https:\/\/www.sabine-seyffert.de\/blog\/wp-content\/uploads\/2017\/08\/Feriengru\u00df-gen\u00e4ht-Atlas-7-300x225.jpg 300w, https:\/\/www.sabine-seyffert.de\/blog\/wp-content\/uploads\/2017\/08\/Feriengru\u00df-gen\u00e4ht-Atlas-7-768x576.jpg 768w\" sizes=\"auto, (max-width: 800px) 100vw, 800px\" \/><\/a><\/p>\n<p><a href=\"http:\/\/www.sabine-seyffert.de\/blog\/?page_id=32#urheberrecht\">urheberrechtlich gesch\u00fctzt<\/a>, \u00a9 Sabine Seyffert<\/p>\n","protected":false},"excerpt":{"rendered":"<p>Zwei Wochen Sommerferien liegen noch vor uns. Doch unser Familienurlaub ist bereits vorbei. Und da das Wetter derzeit recht unbest\u00e4ndig ist, haben wir kurzerhand ein paar Feriengr\u00fc\u00dfe selbst gebastelt. Ein kreatives Regenwetter-Ferienprogramm sozusagen \ud83d\ude09 Das wird gebraucht: 1 Blanko Postkarte oder unifarbene Karteikarte in Postkartengr\u00f6\u00dfe, N\u00e4hgarn, N\u00e4hmaschine, ein St\u00fcck Landkarte, eine Schere, Buchstabenstempel, ein Stempelkissen&#8230; <a href=\"https:\/\/www.sabine-seyffert.de\/blog\/diy-naehidee-maritime-feriengruesse-per-post-naehen-macht-gluecklich\/\" class=\"more-link\">Read more: DIY &#038; N\u00e4hidee: Maritime Feriengr\u00fc\u00dfe per Post \u2013 N\u00e4hen macht gl\u00fccklich<\/a><\/p>\n","protected":false},"author":2,"featured_media":0,"comment_status":"open","ping_status":"open","sticky":false,"template":"","format":"standard","meta":{"_metis_text_type":"","_metis_text_length":1940,"_post_count":0,"footnotes":""},"categories":[38,33,51,24],"tags":[],"class_list":["post-10879","post","type-post","status-publish","format-standard","hentry","category-ferien","category-kreative-naherein","category-postkarten-grusskarten","category-sommer"],"_links":{"self":[{"href":"https:\/\/www.sabine-seyffert.de\/blog\/wp-json\/wp\/v2\/posts\/10879","targetHints":{"allow":["GET"]}}],"collection":[{"href":"https:\/\/www.sabine-seyffert.de\/blog\/wp-json\/wp\/v2\/posts"}],"about":[{"href":"https:\/\/www.sabine-seyffert.de\/blog\/wp-json\/wp\/v2\/types\/post"}],"author":[{"embeddable":true,"href":"https:\/\/www.sabine-seyffert.de\/blog\/wp-json\/wp\/v2\/users\/2"}],"replies":[{"embeddable":true,"href":"https:\/\/www.sabine-seyffert.de\/blog\/wp-json\/wp\/v2\/comments?post=10879"}],"version-history":[{"count":4,"href":"https:\/\/www.sabine-seyffert.de\/blog\/wp-json\/wp\/v2\/posts\/10879\/revisions"}],"predecessor-version":[{"id":10943,"href":"https:\/\/www.sabine-seyffert.de\/blog\/wp-json\/wp\/v2\/posts\/10879\/revisions\/10943"}],"wp:attachment":[{"href":"https:\/\/www.sabine-seyffert.de\/blog\/wp-json\/wp\/v2\/media?parent=10879"}],"wp:term":[{"taxonomy":"category","embeddable":true,"href":"https:\/\/www.sabine-seyffert.de\/blog\/wp-json\/wp\/v2\/categories?post=10879"},{"taxonomy":"post_tag","embeddable":true,"href":"https:\/\/www.sabine-seyffert.de\/blog\/wp-json\/wp\/v2\/tags?post=10879"}],"curies":[{"name":"wp","href":"https:\/\/api.w.org\/{rel}","templated":true}]}}