{"id":10834,"date":"2017-08-11T12:28:53","date_gmt":"2017-08-11T10:28:53","guid":{"rendered":"http:\/\/www.sabine-seyffert.de\/blog\/?p=10834"},"modified":"2017-08-11T12:28:53","modified_gmt":"2017-08-11T10:28:53","slug":"ferienzeit-ist-reisezeit-wir-besuchen-die-stadt-ravensburg-in-baden-wuerttemberg","status":"publish","type":"post","link":"https:\/\/www.sabine-seyffert.de\/blog\/ferienzeit-ist-reisezeit-wir-besuchen-die-stadt-ravensburg-in-baden-wuerttemberg\/","title":{"rendered":"Ferienzeit ist Reisezeit: Wir besuchen die Stadt Ravensburg in Baden W\u00fcrttemberg"},"content":{"rendered":"<p style=\"text-align: justify;\"><img loading=\"lazy\" decoding=\"async\" src=\"https:\/\/ssl-vg03.met.vgwort.de\/na\/63443a4006b44a5f935a3b1f1bd97798\" alt=\"\" width=\"1\" height=\"1\" \/>Es sind Sommerferien. Die nutzen wir nat\u00fcrlich f\u00fcr ein paar Urlaubstage. Der Weg f\u00fchrt uns diesen Sommer nach <a href=\"https:\/\/de.wikipedia.org\/wiki\/Ravensburg\" target=\"_blank\" rel=\"noopener\">Ravensburg<\/a>, ins Schwabenland, das sich heute im Bundesland Baden-W\u00fcrttemberg befindet, fr\u00fcher zu Napoleons Zeiten aber auch schon mal zu Bayern geh\u00f6rte.<\/p>\n<p style=\"text-align: center;\"><a href=\"http:\/\/www.sabine-seyffert.de\/blog\/wp-content\/uploads\/2017\/08\/Altstadt-0.jpg\"><img loading=\"lazy\" decoding=\"async\" class=\"alignnone size-full wp-image-10835\" src=\"http:\/\/www.sabine-seyffert.de\/blog\/wp-content\/uploads\/2017\/08\/Altstadt-0.jpg\" alt=\"\" width=\"600\" height=\"800\" srcset=\"https:\/\/www.sabine-seyffert.de\/blog\/wp-content\/uploads\/2017\/08\/Altstadt-0.jpg 600w, https:\/\/www.sabine-seyffert.de\/blog\/wp-content\/uploads\/2017\/08\/Altstadt-0-225x300.jpg 225w\" sizes=\"auto, (max-width: 600px) 100vw, 600px\" \/><\/a><\/p>\n<p style=\"text-align: justify;\">Verwirrend? Nicht f\u00fcr einen Ravensburger &#8211; denn eigentlich ist bzw. war Ravensburg frei. Genauer gesagt Freie Reichsstadt, seit 1276. Und diesen stolzen, mittelalterlichen Kern haben die historischen Geb\u00e4ude, die acht Z\u00fcnfte, die vielen hohen T\u00fcrme, und der ausladende Marienplatz (der fr\u00fcher mal ein Graben zwischen der Ober- und Unterstadt war).<\/p>\n<p style=\"text-align: center;\"><a href=\"http:\/\/www.sabine-seyffert.de\/blog\/wp-content\/uploads\/2017\/08\/Altstadt-1.jpg\"><img loading=\"lazy\" decoding=\"async\" class=\"alignnone size-full wp-image-10836\" src=\"http:\/\/www.sabine-seyffert.de\/blog\/wp-content\/uploads\/2017\/08\/Altstadt-1.jpg\" alt=\"\" width=\"800\" height=\"600\" srcset=\"https:\/\/www.sabine-seyffert.de\/blog\/wp-content\/uploads\/2017\/08\/Altstadt-1.jpg 800w, https:\/\/www.sabine-seyffert.de\/blog\/wp-content\/uploads\/2017\/08\/Altstadt-1-300x225.jpg 300w, https:\/\/www.sabine-seyffert.de\/blog\/wp-content\/uploads\/2017\/08\/Altstadt-1-768x576.jpg 768w\" sizes=\"auto, (max-width: 800px) 100vw, 800px\" \/><\/a><\/p>\n<p style=\"text-align: justify;\">Die eigene Gerichtsbarkeit und die dicken Stadtmauern stammen noch aus dieser Zeit, und auch der Turm namens Mehlsack, das Wahrzeichen dieser Stadt.<\/p>\n<p style=\"text-align: center;\"><a href=\"http:\/\/www.sabine-seyffert.de\/blog\/wp-content\/uploads\/2017\/08\/Altstadt-4.jpg\"><img loading=\"lazy\" decoding=\"async\" class=\"alignnone size-full wp-image-10838\" src=\"http:\/\/www.sabine-seyffert.de\/blog\/wp-content\/uploads\/2017\/08\/Altstadt-4.jpg\" alt=\"\" width=\"800\" height=\"600\" srcset=\"https:\/\/www.sabine-seyffert.de\/blog\/wp-content\/uploads\/2017\/08\/Altstadt-4.jpg 800w, https:\/\/www.sabine-seyffert.de\/blog\/wp-content\/uploads\/2017\/08\/Altstadt-4-300x225.jpg 300w, https:\/\/www.sabine-seyffert.de\/blog\/wp-content\/uploads\/2017\/08\/Altstadt-4-768x576.jpg 768w\" sizes=\"auto, (max-width: 800px) 100vw, 800px\" \/><\/a><\/p>\n<p style=\"text-align: justify;\">Ravensburg hatte eine herausragende Lage an einem Knotenpunkt von Handelsrouten und wurde u.a. reich durch den Verkauf von Getreide an die Schweizer. Die Gro\u00dfe Ravensburger Handelsgesellschaft spannte im 14. Jh. ein Netz \u00fcber ganz Europa, noch vor den Fuggern.<\/p>\n<p style=\"text-align: center;\"><a href=\"http:\/\/www.sabine-seyffert.de\/blog\/wp-content\/uploads\/2017\/08\/Altstadt-2.jpg\"><img loading=\"lazy\" decoding=\"async\" class=\"alignnone size-full wp-image-10837\" src=\"http:\/\/www.sabine-seyffert.de\/blog\/wp-content\/uploads\/2017\/08\/Altstadt-2.jpg\" alt=\"\" width=\"800\" height=\"600\" srcset=\"https:\/\/www.sabine-seyffert.de\/blog\/wp-content\/uploads\/2017\/08\/Altstadt-2.jpg 800w, https:\/\/www.sabine-seyffert.de\/blog\/wp-content\/uploads\/2017\/08\/Altstadt-2-300x225.jpg 300w, https:\/\/www.sabine-seyffert.de\/blog\/wp-content\/uploads\/2017\/08\/Altstadt-2-768x576.jpg 768w\" sizes=\"auto, (max-width: 800px) 100vw, 800px\" \/><\/a><\/p>\n<p style=\"text-align: justify;\">Kritisch setzt sich die Stadt auch mit dem Hexenwahn auseinander, der hier relativ fr\u00fch einsetzte. Dazu finden Besucher im <a href=\"http:\/\/www.museum-humpis-quartier.de\/\" target=\"_blank\" rel=\"noopener nofollow\">Museum Humpis<\/a> Quartier derzeit auch eine Sonderausstellung: \u201eHexenwahn 1484\u201c<\/p>\n<p style=\"text-align: center;\"><a href=\"http:\/\/www.sabine-seyffert.de\/blog\/wp-content\/uploads\/2017\/08\/Ausflug-Humpis.jpg\"><img loading=\"lazy\" decoding=\"async\" class=\"alignnone size-full wp-image-10839\" src=\"http:\/\/www.sabine-seyffert.de\/blog\/wp-content\/uploads\/2017\/08\/Ausflug-Humpis.jpg\" alt=\"\" width=\"800\" height=\"600\" srcset=\"https:\/\/www.sabine-seyffert.de\/blog\/wp-content\/uploads\/2017\/08\/Ausflug-Humpis.jpg 800w, https:\/\/www.sabine-seyffert.de\/blog\/wp-content\/uploads\/2017\/08\/Ausflug-Humpis-300x225.jpg 300w, https:\/\/www.sabine-seyffert.de\/blog\/wp-content\/uploads\/2017\/08\/Ausflug-Humpis-768x576.jpg 768w\" sizes=\"auto, (max-width: 800px) 100vw, 800px\" \/><\/a><\/p>\n<p style=\"text-align: justify;\">Durch die Entdeckung Amerikas und die \u00c4nderung der Fernhandelswege endete im 17. Jh. langsam aber sicher die Bl\u00fctezeit Ravensburg, wohl auch durch den 30-j\u00e4hrigen Krieg, der die Stadt hart traf. Erst im 19. Jh. konnte mit einsetzender Industrialisierung ein Strukturwandel eingel\u00e4utet werden und die Stadt fast wieder zu alter Gr\u00f6\u00dfe verhelfen.<\/p>\n<p style=\"text-align: center;\"><a href=\"http:\/\/www.sabine-seyffert.de\/blog\/wp-content\/uploads\/2017\/08\/Altstadt-3.jpg\"><img loading=\"lazy\" decoding=\"async\" class=\"alignnone size-full wp-image-10840\" src=\"http:\/\/www.sabine-seyffert.de\/blog\/wp-content\/uploads\/2017\/08\/Altstadt-3.jpg\" alt=\"\" width=\"800\" height=\"600\" srcset=\"https:\/\/www.sabine-seyffert.de\/blog\/wp-content\/uploads\/2017\/08\/Altstadt-3.jpg 800w, https:\/\/www.sabine-seyffert.de\/blog\/wp-content\/uploads\/2017\/08\/Altstadt-3-300x225.jpg 300w, https:\/\/www.sabine-seyffert.de\/blog\/wp-content\/uploads\/2017\/08\/Altstadt-3-768x576.jpg 768w\" sizes=\"auto, (max-width: 800px) 100vw, 800px\" \/><\/a><\/p>\n<p style=\"text-align: justify;\">Besonderen Bekanntheitsgrad erlangte die Stadt nat\u00fcrlich durch den <a href=\"https:\/\/de.wikipedia.org\/wiki\/Otto_Julius_Maier\" target=\"_blank\" rel=\"noopener\">Verleger Otto Maier<\/a> und seinen Ravensburger Verlag.<\/p>\n<p style=\"text-align: center;\"><a href=\"http:\/\/www.sabine-seyffert.de\/blog\/wp-content\/uploads\/2017\/08\/Altstadt-7.jpg\"><img loading=\"lazy\" decoding=\"async\" class=\"alignnone size-full wp-image-10841\" src=\"http:\/\/www.sabine-seyffert.de\/blog\/wp-content\/uploads\/2017\/08\/Altstadt-7.jpg\" alt=\"\" width=\"600\" height=\"800\" srcset=\"https:\/\/www.sabine-seyffert.de\/blog\/wp-content\/uploads\/2017\/08\/Altstadt-7.jpg 600w, https:\/\/www.sabine-seyffert.de\/blog\/wp-content\/uploads\/2017\/08\/Altstadt-7-225x300.jpg 225w\" sizes=\"auto, (max-width: 600px) 100vw, 600px\" \/><\/a><\/p>\n<p style=\"text-align: justify;\">Wir nehmen euch in K\u00fcrze mit auf allerhand spannende Unternehmungen in Ravensburg und Umgebung.<\/p>\n<p style=\"text-align: center;\"><a href=\"http:\/\/www.sabine-seyffert.de\/blog\/wp-content\/uploads\/2017\/08\/Altstadt-Brunnen.jpg\"><img loading=\"lazy\" decoding=\"async\" class=\"alignnone size-full wp-image-10842\" src=\"http:\/\/www.sabine-seyffert.de\/blog\/wp-content\/uploads\/2017\/08\/Altstadt-Brunnen.jpg\" alt=\"\" width=\"600\" height=\"800\" srcset=\"https:\/\/www.sabine-seyffert.de\/blog\/wp-content\/uploads\/2017\/08\/Altstadt-Brunnen.jpg 600w, https:\/\/www.sabine-seyffert.de\/blog\/wp-content\/uploads\/2017\/08\/Altstadt-Brunnen-225x300.jpg 225w\" sizes=\"auto, (max-width: 600px) 100vw, 600px\" \/><\/a><\/p>\n<p style=\"text-align: justify;\">Bis dahin findet ihr allerhand sch\u00f6ne Ausflugsziele f\u00fcr Familien mit Kindern in <a href=\"http:\/\/www.sabine-seyffert.de\/blog\/?cat=39\" target=\"_blank\" rel=\"noopener\">dieser Rubrik<\/a> und alle Berichte zum Thema Familienurlaub &amp; Reisen <a href=\"http:\/\/www.sabine-seyffert.de\/blog\/?cat=38\" target=\"_blank\" rel=\"noopener\">hier<\/a>.<\/p>\n<p>Zum Schlu\u00df noch ein herzlicher Dank an Frau Gaudszun f\u00fcr die Erlaubnis meine Fotos aus Ravensburg ver\u00f6ffentlichen zu d\u00fcrfen.<\/p>\n<p><a href=\"http:\/\/www.sabine-seyffert.de\/blog\/?page_id=32#urheberrecht\">urheberrechtlich gesch\u00fctzt<\/a>, \u00a9 Sabine Seyffert<\/p>\n","protected":false},"excerpt":{"rendered":"<p>Es sind Sommerferien. Die nutzen wir nat\u00fcrlich f\u00fcr ein paar Urlaubstage. Der Weg f\u00fchrt uns diesen Sommer nach Ravensburg, ins Schwabenland, das sich heute im Bundesland Baden-W\u00fcrttemberg befindet, fr\u00fcher zu Napoleons Zeiten aber auch schon mal zu Bayern geh\u00f6rte. Verwirrend? Nicht f\u00fcr einen Ravensburger &#8211; denn eigentlich ist bzw. war Ravensburg frei. Genauer gesagt Freie&#8230; <a href=\"https:\/\/www.sabine-seyffert.de\/blog\/ferienzeit-ist-reisezeit-wir-besuchen-die-stadt-ravensburg-in-baden-wuerttemberg\/\" class=\"more-link\">Read more: Ferienzeit ist Reisezeit: Wir besuchen die Stadt Ravensburg in Baden W\u00fcrttemberg<\/a><\/p>\n","protected":false},"author":2,"featured_media":0,"comment_status":"open","ping_status":"open","sticky":false,"template":"","format":"standard","meta":{"_metis_text_type":"","_metis_text_length":2112,"_post_count":0,"footnotes":""},"categories":[38],"tags":[],"class_list":["post-10834","post","type-post","status-publish","format-standard","hentry","category-ferien"],"_links":{"self":[{"href":"https:\/\/www.sabine-seyffert.de\/blog\/wp-json\/wp\/v2\/posts\/10834","targetHints":{"allow":["GET"]}}],"collection":[{"href":"https:\/\/www.sabine-seyffert.de\/blog\/wp-json\/wp\/v2\/posts"}],"about":[{"href":"https:\/\/www.sabine-seyffert.de\/blog\/wp-json\/wp\/v2\/types\/post"}],"author":[{"embeddable":true,"href":"https:\/\/www.sabine-seyffert.de\/blog\/wp-json\/wp\/v2\/users\/2"}],"replies":[{"embeddable":true,"href":"https:\/\/www.sabine-seyffert.de\/blog\/wp-json\/wp\/v2\/comments?post=10834"}],"version-history":[{"count":3,"href":"https:\/\/www.sabine-seyffert.de\/blog\/wp-json\/wp\/v2\/posts\/10834\/revisions"}],"predecessor-version":[{"id":10845,"href":"https:\/\/www.sabine-seyffert.de\/blog\/wp-json\/wp\/v2\/posts\/10834\/revisions\/10845"}],"wp:attachment":[{"href":"https:\/\/www.sabine-seyffert.de\/blog\/wp-json\/wp\/v2\/media?parent=10834"}],"wp:term":[{"taxonomy":"category","embeddable":true,"href":"https:\/\/www.sabine-seyffert.de\/blog\/wp-json\/wp\/v2\/categories?post=10834"},{"taxonomy":"post_tag","embeddable":true,"href":"https:\/\/www.sabine-seyffert.de\/blog\/wp-json\/wp\/v2\/tags?post=10834"}],"curies":[{"name":"wp","href":"https:\/\/api.w.org\/{rel}","templated":true}]}}