{"id":10820,"date":"2017-08-09T10:35:11","date_gmt":"2017-08-09T08:35:11","guid":{"rendered":"http:\/\/www.sabine-seyffert.de\/blog\/?p=10820"},"modified":"2017-08-14T18:44:09","modified_gmt":"2017-08-14T16:44:09","slug":"geburtstagsgeschenke-schoen-verpackt-alles-gute-zum-geburtstag-ein-fliegender-geburtstagsgruss","status":"publish","type":"post","link":"https:\/\/www.sabine-seyffert.de\/blog\/geburtstagsgeschenke-schoen-verpackt-alles-gute-zum-geburtstag-ein-fliegender-geburtstagsgruss\/","title":{"rendered":"Geburtstagsgeschenke sch\u00f6n verpackt: Alles Gute zum Geburtstag \u2013 ein fliegender Geburtstagsgru\u00df"},"content":{"rendered":"<p style=\"text-align: justify;\"><img loading=\"lazy\" decoding=\"async\" src=\"https:\/\/ssl-vg03.met.vgwort.de\/na\/c191433e3bf4429bbe3c0c2dcc0e5760\" alt=\"\" width=\"1\" height=\"1\" \/>Wenn es sich um Geburtstagsgeschenke f\u00fcr Kinder handelt, werden hier die entsprechenden Pr\u00e4sente nat\u00fcrlich ganz besonders stimmungsvoll verpackt. Und da der Vater des Geburtstagskindes Ballonfahrer ist, hatten wir gleich das passende Motiv f\u00fcr unsere Geschenkverpackung parat: Ein schwebender Hei\u00dfluftballon, der dem Geburtstagskind zur Feier des Tages das Geschenk \u00fcberreicht.<\/p>\n<p style=\"text-align: center;\"><a href=\"http:\/\/www.sabine-seyffert.de\/blog\/wp-content\/uploads\/2017\/08\/Geschenkverpackung-Hei\u00dfluftballon-1.jpg\"><img loading=\"lazy\" decoding=\"async\" class=\"alignnone size-full wp-image-10821\" src=\"http:\/\/www.sabine-seyffert.de\/blog\/wp-content\/uploads\/2017\/08\/Geschenkverpackung-Hei\u00dfluftballon-1.jpg\" alt=\"\" width=\"600\" height=\"800\" srcset=\"https:\/\/www.sabine-seyffert.de\/blog\/wp-content\/uploads\/2017\/08\/Geschenkverpackung-Hei\u00dfluftballon-1.jpg 600w, https:\/\/www.sabine-seyffert.de\/blog\/wp-content\/uploads\/2017\/08\/Geschenkverpackung-Hei\u00dfluftballon-1-225x300.jpg 225w\" sizes=\"auto, (max-width: 600px) 100vw, 600px\" \/><\/a><\/p>\n<p style=\"text-align: justify;\"><strong>Das wird gebraucht:<\/strong><br \/>\nPackpapier, Kleber, Bastelschere, Motivlocher Kreis \/ Kreisschneider, farbiges Tonpapier (d\u00fcnn!), N\u00e4hgarn, N\u00e4hmaschine, Kordel, Streichholzschachtel, Buchstabenstempel samt Stempelkissen, ein Foto<\/p>\n<p style=\"text-align: center;\"><a href=\"http:\/\/www.sabine-seyffert.de\/blog\/wp-content\/uploads\/2017\/08\/Geschenkverpackung-Hei\u00dfluftballon-9.jpg\"><img loading=\"lazy\" decoding=\"async\" class=\"alignnone size-full wp-image-10822\" src=\"http:\/\/www.sabine-seyffert.de\/blog\/wp-content\/uploads\/2017\/08\/Geschenkverpackung-Hei\u00dfluftballon-9.jpg\" alt=\"\" width=\"800\" height=\"600\" srcset=\"https:\/\/www.sabine-seyffert.de\/blog\/wp-content\/uploads\/2017\/08\/Geschenkverpackung-Hei\u00dfluftballon-9.jpg 800w, https:\/\/www.sabine-seyffert.de\/blog\/wp-content\/uploads\/2017\/08\/Geschenkverpackung-Hei\u00dfluftballon-9-300x225.jpg 300w, https:\/\/www.sabine-seyffert.de\/blog\/wp-content\/uploads\/2017\/08\/Geschenkverpackung-Hei\u00dfluftballon-9-768x576.jpg 768w\" sizes=\"auto, (max-width: 800px) 100vw, 800px\" \/><\/a><\/p>\n<p style=\"text-align: justify;\"><strong>So wird\u2019s gemacht:<\/strong><br \/>\nDas Geschenk wird in Packpapier versteckt, so dass es das Geburtstagskind nicht gleich ersp\u00e4ht. Dann ben\u00f6tigt man f\u00fcr den Geburtstagsballon mehrere Kreise.<\/p>\n<p style=\"text-align: center;\"><a href=\"http:\/\/www.sabine-seyffert.de\/blog\/wp-content\/uploads\/2017\/08\/Geschenkverpackung-Hei\u00dfluftballon-10.jpg\"><img loading=\"lazy\" decoding=\"async\" class=\"alignnone size-full wp-image-10823\" src=\"http:\/\/www.sabine-seyffert.de\/blog\/wp-content\/uploads\/2017\/08\/Geschenkverpackung-Hei\u00dfluftballon-10.jpg\" alt=\"\" width=\"800\" height=\"600\" srcset=\"https:\/\/www.sabine-seyffert.de\/blog\/wp-content\/uploads\/2017\/08\/Geschenkverpackung-Hei\u00dfluftballon-10.jpg 800w, https:\/\/www.sabine-seyffert.de\/blog\/wp-content\/uploads\/2017\/08\/Geschenkverpackung-Hei\u00dfluftballon-10-300x225.jpg 300w, https:\/\/www.sabine-seyffert.de\/blog\/wp-content\/uploads\/2017\/08\/Geschenkverpackung-Hei\u00dfluftballon-10-768x576.jpg 768w\" sizes=\"auto, (max-width: 800px) 100vw, 800px\" \/><\/a><\/p>\n<p style=\"text-align: justify;\">Der Einfachheithalber haben wir diese mit dem Motivlocher Kreis in XXL Gr\u00f6\u00dfe ausgestanzt. Alternativ kann man sich diese aber auch mit Hilfe einer Kreisschablone, einem Glas oder anderen runden Gegenstand als Vorlage auf das farbige Papier zeichnen und mit der Schere ausschneiden.<\/p>\n<p style=\"text-align: center;\"><a href=\"http:\/\/www.sabine-seyffert.de\/blog\/wp-content\/uploads\/2017\/08\/Geschenkverpackung-Hei\u00dfluftballon-8.jpg\"><img loading=\"lazy\" decoding=\"async\" class=\"alignnone size-full wp-image-10824\" src=\"http:\/\/www.sabine-seyffert.de\/blog\/wp-content\/uploads\/2017\/08\/Geschenkverpackung-Hei\u00dfluftballon-8.jpg\" alt=\"\" width=\"800\" height=\"600\" srcset=\"https:\/\/www.sabine-seyffert.de\/blog\/wp-content\/uploads\/2017\/08\/Geschenkverpackung-Hei\u00dfluftballon-8.jpg 800w, https:\/\/www.sabine-seyffert.de\/blog\/wp-content\/uploads\/2017\/08\/Geschenkverpackung-Hei\u00dfluftballon-8-300x225.jpg 300w, https:\/\/www.sabine-seyffert.de\/blog\/wp-content\/uploads\/2017\/08\/Geschenkverpackung-Hei\u00dfluftballon-8-768x576.jpg 768w\" sizes=\"auto, (max-width: 800px) 100vw, 800px\" \/><\/a><\/p>\n<p style=\"text-align: justify;\">Einen Kreis habe ich zur Seite gelegt und den anderen Schwung mit Hilfe der N\u00e4hmaschine einmal mittig zusammengen\u00e4ht. Nun kann man die einzelnen Papierschichten f\u00e4cherartig auseinanderfalten und erh\u00e4lt so eine sch\u00f6ne plastische Halbkugel.<\/p>\n<p style=\"text-align: center;\"><a href=\"http:\/\/www.sabine-seyffert.de\/blog\/wp-content\/uploads\/2017\/08\/Geschenkverpackung-Hei\u00dfluftballon-7.jpg\"><img loading=\"lazy\" decoding=\"async\" class=\"alignnone size-full wp-image-10825\" src=\"http:\/\/www.sabine-seyffert.de\/blog\/wp-content\/uploads\/2017\/08\/Geschenkverpackung-Hei\u00dfluftballon-7.jpg\" alt=\"\" width=\"800\" height=\"600\" srcset=\"https:\/\/www.sabine-seyffert.de\/blog\/wp-content\/uploads\/2017\/08\/Geschenkverpackung-Hei\u00dfluftballon-7.jpg 800w, https:\/\/www.sabine-seyffert.de\/blog\/wp-content\/uploads\/2017\/08\/Geschenkverpackung-Hei\u00dfluftballon-7-300x225.jpg 300w, https:\/\/www.sabine-seyffert.de\/blog\/wp-content\/uploads\/2017\/08\/Geschenkverpackung-Hei\u00dfluftballon-7-768x576.jpg 768w\" sizes=\"auto, (max-width: 800px) 100vw, 800px\" \/><\/a><\/p>\n<p style=\"text-align: justify;\">In der Streichholzschachtel, die als Gondel fungiert, haben wir noch eine s\u00fc\u00dfe Kleinigkeit als Gl\u00fccksbringer versteckt. Und damit die Streichholzschachtel sch\u00f6ner aussieht, wurde diese mit einem Restst\u00fcck Wellpappe verziert.<\/p>\n<p style=\"text-align: center;\"><a href=\"http:\/\/www.sabine-seyffert.de\/blog\/wp-content\/uploads\/2017\/08\/Geschenkverpackung-Hei\u00dfluftballon-6.jpg\"><img loading=\"lazy\" decoding=\"async\" class=\"alignnone size-full wp-image-10826\" src=\"http:\/\/www.sabine-seyffert.de\/blog\/wp-content\/uploads\/2017\/08\/Geschenkverpackung-Hei\u00dfluftballon-6.jpg\" alt=\"\" width=\"800\" height=\"600\" srcset=\"https:\/\/www.sabine-seyffert.de\/blog\/wp-content\/uploads\/2017\/08\/Geschenkverpackung-Hei\u00dfluftballon-6.jpg 800w, https:\/\/www.sabine-seyffert.de\/blog\/wp-content\/uploads\/2017\/08\/Geschenkverpackung-Hei\u00dfluftballon-6-300x225.jpg 300w, https:\/\/www.sabine-seyffert.de\/blog\/wp-content\/uploads\/2017\/08\/Geschenkverpackung-Hei\u00dfluftballon-6-768x576.jpg 768w\" sizes=\"auto, (max-width: 800px) 100vw, 800px\" \/><\/a><\/p>\n<p style=\"text-align: justify;\">Jetzt schneidet man das Foto so aus, dass man das Geburtstagskind (Foto) als Passagier in die Ballongondel setzen kann. Bei der Fotoauswahl sollte man daher darauf achten, dass dies vom Gr\u00f6\u00dfenverh\u00e4ltnis her passt.<\/p>\n<p style=\"text-align: center;\"><a href=\"http:\/\/www.sabine-seyffert.de\/blog\/wp-content\/uploads\/2017\/08\/Geschenkverpackung-Hei\u00dfluftballon-4.jpg\"><img loading=\"lazy\" decoding=\"async\" class=\"alignnone size-full wp-image-10827\" src=\"http:\/\/www.sabine-seyffert.de\/blog\/wp-content\/uploads\/2017\/08\/Geschenkverpackung-Hei\u00dfluftballon-4.jpg\" alt=\"\" width=\"800\" height=\"600\" srcset=\"https:\/\/www.sabine-seyffert.de\/blog\/wp-content\/uploads\/2017\/08\/Geschenkverpackung-Hei\u00dfluftballon-4.jpg 800w, https:\/\/www.sabine-seyffert.de\/blog\/wp-content\/uploads\/2017\/08\/Geschenkverpackung-Hei\u00dfluftballon-4-300x225.jpg 300w, https:\/\/www.sabine-seyffert.de\/blog\/wp-content\/uploads\/2017\/08\/Geschenkverpackung-Hei\u00dfluftballon-4-768x576.jpg 768w\" sizes=\"auto, (max-width: 800px) 100vw, 800px\" \/><\/a><\/p>\n<p style=\"text-align: justify;\">Hat man alle ben\u00f6tigten Teile f\u00fcr das Motiv fertig, klebt man dies auf das verpackte Geschenk. Den einzelnen Kreis platziert man an der gew\u00fcnschten Stelle und das Foto samt der Pappschachtel in Abstand darunter. F\u00fcr die Seile habe ich einfache Kordel genommen und die durch die Streichholzschachtel gezogen und die beiden Enden oben in einem aufgeklebten Kreis mit Hei\u00dfkleber befestigt.<\/p>\n<p style=\"text-align: center;\"><a href=\"http:\/\/www.sabine-seyffert.de\/blog\/wp-content\/uploads\/2017\/08\/Geschenkverpackung-Hei\u00dfluftballon-5.jpg\"><img loading=\"lazy\" decoding=\"async\" class=\"alignnone size-full wp-image-10828\" src=\"http:\/\/www.sabine-seyffert.de\/blog\/wp-content\/uploads\/2017\/08\/Geschenkverpackung-Hei\u00dfluftballon-5.jpg\" alt=\"\" width=\"800\" height=\"600\" srcset=\"https:\/\/www.sabine-seyffert.de\/blog\/wp-content\/uploads\/2017\/08\/Geschenkverpackung-Hei\u00dfluftballon-5.jpg 800w, https:\/\/www.sabine-seyffert.de\/blog\/wp-content\/uploads\/2017\/08\/Geschenkverpackung-Hei\u00dfluftballon-5-300x225.jpg 300w, https:\/\/www.sabine-seyffert.de\/blog\/wp-content\/uploads\/2017\/08\/Geschenkverpackung-Hei\u00dfluftballon-5-768x576.jpg 768w\" sizes=\"auto, (max-width: 800px) 100vw, 800px\" \/><\/a><\/p>\n<p style=\"text-align: justify;\">Die Kordelenden verdeckt man nun mit dem gen\u00e4hten Ballonkreis, in dem man diesen genau an der verlaufenden Naht mit Hei\u00dfkleber bestreicht und aufklebt.<br \/>\nSeitlich neben den Hei\u00dfluftballon stempelt man noch den Namen und schon fliegt der Ballon in Richtung Geburtstagsfeier davon\u2026<\/p>\n<p style=\"text-align: center;\"><a href=\"http:\/\/www.sabine-seyffert.de\/blog\/wp-content\/uploads\/2017\/08\/Geschenkverpackung-Hei\u00dfluftballon-3.jpg\"><img loading=\"lazy\" decoding=\"async\" class=\"alignnone size-full wp-image-10829\" src=\"http:\/\/www.sabine-seyffert.de\/blog\/wp-content\/uploads\/2017\/08\/Geschenkverpackung-Hei\u00dfluftballon-3.jpg\" alt=\"\" width=\"800\" height=\"600\" srcset=\"https:\/\/www.sabine-seyffert.de\/blog\/wp-content\/uploads\/2017\/08\/Geschenkverpackung-Hei\u00dfluftballon-3.jpg 800w, https:\/\/www.sabine-seyffert.de\/blog\/wp-content\/uploads\/2017\/08\/Geschenkverpackung-Hei\u00dfluftballon-3-300x225.jpg 300w, https:\/\/www.sabine-seyffert.de\/blog\/wp-content\/uploads\/2017\/08\/Geschenkverpackung-Hei\u00dfluftballon-3-768x576.jpg 768w\" sizes=\"auto, (max-width: 800px) 100vw, 800px\" \/><\/a><\/p>\n<p style=\"text-align: justify;\"><strong>Ein kleiner Tipp:<\/strong><br \/>\nDas Alter des Geburtstagskindes haben wir als Kreis auf die Gondel gestempelt und an der Kordel noch einen \u201eHappy Birthday\u201c Gru\u00df als Wimpel angebracht \ud83d\ude42<\/p>\n<p style=\"text-align: center;\"><a href=\"http:\/\/www.sabine-seyffert.de\/blog\/wp-content\/uploads\/2017\/08\/Geschenkverpackung-Hei\u00dfluftballon-2.jpg\"><img loading=\"lazy\" decoding=\"async\" class=\"alignnone size-full wp-image-10830\" src=\"http:\/\/www.sabine-seyffert.de\/blog\/wp-content\/uploads\/2017\/08\/Geschenkverpackung-Hei\u00dfluftballon-2.jpg\" alt=\"\" width=\"800\" height=\"600\" srcset=\"https:\/\/www.sabine-seyffert.de\/blog\/wp-content\/uploads\/2017\/08\/Geschenkverpackung-Hei\u00dfluftballon-2.jpg 800w, https:\/\/www.sabine-seyffert.de\/blog\/wp-content\/uploads\/2017\/08\/Geschenkverpackung-Hei\u00dfluftballon-2-300x225.jpg 300w, https:\/\/www.sabine-seyffert.de\/blog\/wp-content\/uploads\/2017\/08\/Geschenkverpackung-Hei\u00dfluftballon-2-768x576.jpg 768w\" sizes=\"auto, (max-width: 800px) 100vw, 800px\" \/><\/a><\/p>\n<p style=\"text-align: justify;\">Wer auf der Suche nach weiteren, ausgefallenen Verpackungsideen ist, sollte unbedingt mal einen Blick in <a href=\"http:\/\/www.sabine-seyffert.de\/blog\/?cat=49\" target=\"_blank\" rel=\"noopener\">diese Rubrik<\/a> werfen und andere kreative Sachen gibt es <a href=\"http:\/\/www.creadienstag.de\/2017\/08\/292.html\" target=\"_blank\" rel=\"noopener\">da<\/a>.<\/p>\n<p style=\"text-align: justify;\"><a href=\"http:\/\/www.sabine-seyffert.de\/blog\/?page_id=32#urheberrecht\">urheberrechtlich gesch\u00fctzt<\/a>, \u00a9 Sabine Seyffert<\/p>\n","protected":false},"excerpt":{"rendered":"<p>Wenn es sich um Geburtstagsgeschenke f\u00fcr Kinder handelt, werden hier die entsprechenden Pr\u00e4sente nat\u00fcrlich ganz besonders stimmungsvoll verpackt. Und da der Vater des Geburtstagskindes Ballonfahrer ist, hatten wir gleich das passende Motiv f\u00fcr unsere Geschenkverpackung parat: Ein schwebender Hei\u00dfluftballon, der dem Geburtstagskind zur Feier des Tages das Geschenk \u00fcberreicht. Das wird gebraucht: Packpapier, Kleber, Bastelschere,&#8230; <a href=\"https:\/\/www.sabine-seyffert.de\/blog\/geburtstagsgeschenke-schoen-verpackt-alles-gute-zum-geburtstag-ein-fliegender-geburtstagsgruss\/\" class=\"more-link\">Read more: Geburtstagsgeschenke sch\u00f6n verpackt: Alles Gute zum Geburtstag \u2013 ein fliegender Geburtstagsgru\u00df<\/a><\/p>\n","protected":false},"author":2,"featured_media":0,"comment_status":"open","ping_status":"open","sticky":false,"template":"","format":"standard","meta":{"_metis_text_type":"","_metis_text_length":2775,"_post_count":0,"footnotes":""},"categories":[49,21],"tags":[],"class_list":["post-10820","post","type-post","status-publish","format-standard","hentry","category-verpackungsideen","category-kinderfeste-partys"],"_links":{"self":[{"href":"https:\/\/www.sabine-seyffert.de\/blog\/wp-json\/wp\/v2\/posts\/10820","targetHints":{"allow":["GET"]}}],"collection":[{"href":"https:\/\/www.sabine-seyffert.de\/blog\/wp-json\/wp\/v2\/posts"}],"about":[{"href":"https:\/\/www.sabine-seyffert.de\/blog\/wp-json\/wp\/v2\/types\/post"}],"author":[{"embeddable":true,"href":"https:\/\/www.sabine-seyffert.de\/blog\/wp-json\/wp\/v2\/users\/2"}],"replies":[{"embeddable":true,"href":"https:\/\/www.sabine-seyffert.de\/blog\/wp-json\/wp\/v2\/comments?post=10820"}],"version-history":[{"count":3,"href":"https:\/\/www.sabine-seyffert.de\/blog\/wp-json\/wp\/v2\/posts\/10820\/revisions"}],"predecessor-version":[{"id":10874,"href":"https:\/\/www.sabine-seyffert.de\/blog\/wp-json\/wp\/v2\/posts\/10820\/revisions\/10874"}],"wp:attachment":[{"href":"https:\/\/www.sabine-seyffert.de\/blog\/wp-json\/wp\/v2\/media?parent=10820"}],"wp:term":[{"taxonomy":"category","embeddable":true,"href":"https:\/\/www.sabine-seyffert.de\/blog\/wp-json\/wp\/v2\/categories?post=10820"},{"taxonomy":"post_tag","embeddable":true,"href":"https:\/\/www.sabine-seyffert.de\/blog\/wp-json\/wp\/v2\/tags?post=10820"}],"curies":[{"name":"wp","href":"https:\/\/api.w.org\/{rel}","templated":true}]}}