{"id":10776,"date":"2017-07-28T06:12:55","date_gmt":"2017-07-28T04:12:55","guid":{"rendered":"http:\/\/www.sabine-seyffert.de\/blog\/?p=10776"},"modified":"2018-06-27T11:08:08","modified_gmt":"2018-06-27T09:08:08","slug":"ausflugstipp-fuer-familien-ein-besuch-im-maerchenhaften-sinneswald-in-leichlingen","status":"publish","type":"post","link":"https:\/\/www.sabine-seyffert.de\/blog\/ausflugstipp-fuer-familien-ein-besuch-im-maerchenhaften-sinneswald-in-leichlingen\/","title":{"rendered":"Ausflugstipp f\u00fcr Familien: Ein Besuch im m\u00e4rchenhaften SinnesWald in Leichlingen"},"content":{"rendered":"<p style=\"text-align: justify;\"><img loading=\"lazy\" decoding=\"async\" src=\"https:\/\/ssl-vg03.met.vgwort.de\/na\/49cd56de16a143b685017a23b33411e9\" alt=\"\" width=\"1\" height=\"1\" \/>P\u00fcnktlich zum Start in die diesj\u00e4hrigen Schulferien, ist das tolle Sommerwetter vorbei und es beginnt zu regnen. Aber davon lassen wir und die Ferien ganz sicher nicht verderben. Wozu gibt es Regenjacke und Gummistiefel?<\/p>\n<p style=\"text-align: center;\"><a href=\"http:\/\/www.sabine-seyffert.de\/blog\/wp-content\/uploads\/2017\/07\/Ausflug-Sinneswald-Doppel.jpg\"><img loading=\"lazy\" decoding=\"async\" class=\"alignnone size-full wp-image-10777\" src=\"http:\/\/www.sabine-seyffert.de\/blog\/wp-content\/uploads\/2017\/07\/Ausflug-Sinneswald-Doppel.jpg\" alt=\"\" width=\"800\" height=\"600\" srcset=\"https:\/\/www.sabine-seyffert.de\/blog\/wp-content\/uploads\/2017\/07\/Ausflug-Sinneswald-Doppel.jpg 800w, https:\/\/www.sabine-seyffert.de\/blog\/wp-content\/uploads\/2017\/07\/Ausflug-Sinneswald-Doppel-300x225.jpg 300w, https:\/\/www.sabine-seyffert.de\/blog\/wp-content\/uploads\/2017\/07\/Ausflug-Sinneswald-Doppel-768x576.jpg 768w\" sizes=\"auto, (max-width: 800px) 100vw, 800px\" \/><\/a><\/p>\n<p style=\"text-align: justify;\">Und genau in dieser wetterfesten Montur und mit Picknick im Rucksack haben wir uns am letzten Wochenende auf den Weg nach Leichlingen gemacht. Ziel unseres Familienausflugs und Ferienprogramms war der <a href=\"https:\/\/de.wikipedia.org\/wiki\/Murbach_(Wupper)\" target=\"_blank\" rel=\"noopener nofollow\">SinnesWald<\/a>, von dem ich vor einigen Jahren <a href=\"http:\/\/www.sabine-seyffert.de\/blog\/?p=3038\" target=\"_blank\" rel=\"noopener\">hier<\/a> auf meinem Blog schon einmal berichtet habe.<\/p>\n<p style=\"text-align: center;\"><a href=\"http:\/\/www.sabine-seyffert.de\/blog\/wp-content\/uploads\/2017\/07\/Ausflug-Sinneswald-0.jpg\"><img loading=\"lazy\" decoding=\"async\" class=\"alignnone size-full wp-image-10778\" src=\"http:\/\/www.sabine-seyffert.de\/blog\/wp-content\/uploads\/2017\/07\/Ausflug-Sinneswald-0.jpg\" alt=\"\" width=\"600\" height=\"800\" srcset=\"https:\/\/www.sabine-seyffert.de\/blog\/wp-content\/uploads\/2017\/07\/Ausflug-Sinneswald-0.jpg 600w, https:\/\/www.sabine-seyffert.de\/blog\/wp-content\/uploads\/2017\/07\/Ausflug-Sinneswald-0-225x300.jpg 225w\" sizes=\"auto, (max-width: 600px) 100vw, 600px\" \/><\/a><\/p>\n<p style=\"text-align: justify;\">Vom Parkplatz aus, sind wir ein ganzes St\u00fcck entlang der Wupper gewandert. Die frische Luft samt der Natur tat richtig gut, schlie\u00dflich kann man ja nicht den ganzen Tag drinnen hocken, sondern m\u00f6chte gerade in der Ferienzeit etwas sch\u00f6nes erleben. Da kommt so ein Spaziergang doch gerade recht. Vor allen Dingen, wenn man ein sch\u00f6nes Ziel dabei vor Augen hat!<\/p>\n<p style=\"text-align: center;\"><a href=\"http:\/\/www.sabine-seyffert.de\/blog\/wp-content\/uploads\/2017\/07\/Ausflug-Sinneswald-Doppel-6.jpg\"><img loading=\"lazy\" decoding=\"async\" class=\"alignnone size-full wp-image-10779\" src=\"http:\/\/www.sabine-seyffert.de\/blog\/wp-content\/uploads\/2017\/07\/Ausflug-Sinneswald-Doppel-6.jpg\" alt=\"\" width=\"800\" height=\"600\" srcset=\"https:\/\/www.sabine-seyffert.de\/blog\/wp-content\/uploads\/2017\/07\/Ausflug-Sinneswald-Doppel-6.jpg 800w, https:\/\/www.sabine-seyffert.de\/blog\/wp-content\/uploads\/2017\/07\/Ausflug-Sinneswald-Doppel-6-300x225.jpg 300w, https:\/\/www.sabine-seyffert.de\/blog\/wp-content\/uploads\/2017\/07\/Ausflug-Sinneswald-Doppel-6-768x576.jpg 768w\" sizes=\"auto, (max-width: 800px) 100vw, 800px\" \/><\/a><\/p>\n<p style=\"text-align: center; font-size: 9pt;\"><a href=\"http:\/\/www.julien-kempkens.de\/\" target=\"_blank\" rel=\"noopener nofollow\">Julien Kempkens &#8220;Tier&#8221;<\/a><\/p>\n<p style=\"text-align: justify;\">Vor der alten Spinnerei findet man zur rechten Seite gleich die ersten Kunstwerke, die es hier zu bestaunen gibt. Leise pl\u00e4tschert der Bach zwischen der Wiese entlang. Hier und dort zwischen B\u00e4umen, bl\u00fchendem Mohn und sommerlich gr\u00fcnen Hecken, stehen die unterschiedlichsten Skulpturen.<\/p>\n<p style=\"text-align: center;\"><a href=\"http:\/\/www.sabine-seyffert.de\/blog\/wp-content\/uploads\/2017\/07\/Ausflug-Sinneswald-4.jpg\"><img loading=\"lazy\" decoding=\"async\" class=\"alignnone size-full wp-image-10780\" src=\"http:\/\/www.sabine-seyffert.de\/blog\/wp-content\/uploads\/2017\/07\/Ausflug-Sinneswald-4.jpg\" alt=\"\" width=\"600\" height=\"800\" srcset=\"https:\/\/www.sabine-seyffert.de\/blog\/wp-content\/uploads\/2017\/07\/Ausflug-Sinneswald-4.jpg 600w, https:\/\/www.sabine-seyffert.de\/blog\/wp-content\/uploads\/2017\/07\/Ausflug-Sinneswald-4-225x300.jpg 225w\" sizes=\"auto, (max-width: 600px) 100vw, 600px\" \/><\/a><\/p>\n<p style=\"text-align: center; font-size: 9pt;\">Darius Urban &#8220;Zukunft&#8221;<\/p>\n<p style=\"text-align: justify;\">Wir spazieren weiter den Weg entlang, der zum \u201eHaupteingang\u201c des Sinneswaldes f\u00fchrt. Hier geht es \u00fcber eine Br\u00fccke, auf der man den Bach \u00fcberquert und schon ist man mittendrin in einer fast m\u00e4rchenhaften Landschaft, die meine Fantasie im Nu auf Reisen schickt. Der kleine Teich, auf den man schaut, hat in seiner Mitte kleine Inseln, hohe Gr\u00e4ser und einen Steg, auf dem man spazieren kann.<\/p>\n<p style=\"text-align: center;\"><a href=\"http:\/\/www.sabine-seyffert.de\/blog\/wp-content\/uploads\/2017\/07\/Ausflug-Sinneswald-Doppel-5.jpg\"><img loading=\"lazy\" decoding=\"async\" class=\"alignnone size-full wp-image-10781\" src=\"http:\/\/www.sabine-seyffert.de\/blog\/wp-content\/uploads\/2017\/07\/Ausflug-Sinneswald-Doppel-5.jpg\" alt=\"\" width=\"800\" height=\"600\" srcset=\"https:\/\/www.sabine-seyffert.de\/blog\/wp-content\/uploads\/2017\/07\/Ausflug-Sinneswald-Doppel-5.jpg 800w, https:\/\/www.sabine-seyffert.de\/blog\/wp-content\/uploads\/2017\/07\/Ausflug-Sinneswald-Doppel-5-300x225.jpg 300w, https:\/\/www.sabine-seyffert.de\/blog\/wp-content\/uploads\/2017\/07\/Ausflug-Sinneswald-Doppel-5-768x576.jpg 768w\" sizes=\"auto, (max-width: 800px) 100vw, 800px\" \/><\/a><\/p>\n<p style=\"text-align: justify;\">Eine Libelle schwirrt umher und ruht sich dann direkt vor uns aus. Auf dem Hang daneben wachsen viele Kr\u00e4uter. Zwischen diesen sind hier und da auch einige Kunstwerke versteckt. Der Weg f\u00fchrt hier selten einfach nur geradeaus. Stattdessen schl\u00e4ngeln sich zahlreiche kleine Pfade durch das viele Gr\u00fcn der traumhaften Landschaft. \u00dcberall gibt es etwas zu entdecken.<\/p>\n<p style=\"text-align: center;\"><a href=\"http:\/\/www.sabine-seyffert.de\/blog\/wp-content\/uploads\/2017\/07\/Ausflug-Sinneswald-Doppel-4.jpg\"><img loading=\"lazy\" decoding=\"async\" class=\"alignnone size-full wp-image-10782\" src=\"http:\/\/www.sabine-seyffert.de\/blog\/wp-content\/uploads\/2017\/07\/Ausflug-Sinneswald-Doppel-4.jpg\" alt=\"\" width=\"800\" height=\"600\" srcset=\"https:\/\/www.sabine-seyffert.de\/blog\/wp-content\/uploads\/2017\/07\/Ausflug-Sinneswald-Doppel-4.jpg 800w, https:\/\/www.sabine-seyffert.de\/blog\/wp-content\/uploads\/2017\/07\/Ausflug-Sinneswald-Doppel-4-300x225.jpg 300w, https:\/\/www.sabine-seyffert.de\/blog\/wp-content\/uploads\/2017\/07\/Ausflug-Sinneswald-Doppel-4-768x576.jpg 768w\" sizes=\"auto, (max-width: 800px) 100vw, 800px\" \/><br \/>\n<\/a><\/p>\n<p style=\"text-align: center; font-size: 9pt;\">Elfie Hellmich &#8220;Die Zukunft in der Hand&#8221; \/ <a href=\"http:\/\/ela-schneider.de\/\" target=\"_blank\" rel=\"noopener nofollow\">Ela Schneider &#8220;Tor in die Zukunf&#8221;<\/a><\/p>\n<p style=\"text-align: justify;\">Dann geht es weiter durch den Wald. Mal bergauf, dann wieder bergab. \u00dcberall am Wegesrand findet man Dinge, \u00fcber die man staunen kann. An einem Baum mit vielen Wurzeln, wimmelt es nur so vor kleinen Fr\u00f6schen. Wie gut, wenn man mit offenen Augen im SinnesWald umherspaziert, sonst h\u00e4tten wir die wom\u00f6glich glatt \u00fcbersehen \ud83d\ude09<\/p>\n<p style=\"text-align: center;\"><a href=\"http:\/\/www.sabine-seyffert.de\/blog\/wp-content\/uploads\/2017\/07\/Ausflug-Sinneswald-Frosch.jpg\"><img loading=\"lazy\" decoding=\"async\" class=\"alignnone size-full wp-image-10783\" src=\"http:\/\/www.sabine-seyffert.de\/blog\/wp-content\/uploads\/2017\/07\/Ausflug-Sinneswald-Frosch.jpg\" alt=\"\" width=\"600\" height=\"800\" srcset=\"https:\/\/www.sabine-seyffert.de\/blog\/wp-content\/uploads\/2017\/07\/Ausflug-Sinneswald-Frosch.jpg 600w, https:\/\/www.sabine-seyffert.de\/blog\/wp-content\/uploads\/2017\/07\/Ausflug-Sinneswald-Frosch-225x300.jpg 225w\" sizes=\"auto, (max-width: 600px) 100vw, 600px\" \/><\/a><\/p>\n<p style=\"text-align: justify;\">Zum Schluss wird nat\u00fcrlich auch geschaukelt \u2013 diese riesige Baumschaukel ist einfach ein Muss bei jedem Besuch hier!<\/p>\n<p style=\"text-align: center;\"><a href=\"http:\/\/www.sabine-seyffert.de\/blog\/wp-content\/uploads\/2017\/07\/Ausflug-Sinneswald-Doppel-2.jpg\"><img loading=\"lazy\" decoding=\"async\" class=\"alignnone size-full wp-image-10784\" src=\"http:\/\/www.sabine-seyffert.de\/blog\/wp-content\/uploads\/2017\/07\/Ausflug-Sinneswald-Doppel-2.jpg\" alt=\"\" width=\"800\" height=\"600\" srcset=\"https:\/\/www.sabine-seyffert.de\/blog\/wp-content\/uploads\/2017\/07\/Ausflug-Sinneswald-Doppel-2.jpg 800w, https:\/\/www.sabine-seyffert.de\/blog\/wp-content\/uploads\/2017\/07\/Ausflug-Sinneswald-Doppel-2-300x225.jpg 300w, https:\/\/www.sabine-seyffert.de\/blog\/wp-content\/uploads\/2017\/07\/Ausflug-Sinneswald-Doppel-2-768x576.jpg 768w\" sizes=\"auto, (max-width: 800px) 100vw, 800px\" \/><\/a><\/p>\n<p style=\"text-align: justify;\">Bei Sonnenschein und blauem Himmel macht der Ausflug in den SinnesWald mit Sicherheit noch mehr Spa\u00df \u2013 aber ein Besuch hier lohnt sich zu jeder Zeit und egal bei welchem Wetter.<\/p>\n<p style=\"text-align: center;\"><a href=\"http:\/\/www.sabine-seyffert.de\/blog\/wp-content\/uploads\/2017\/07\/Ausflug-Sinneswald-Doppel-1.jpg\"><img loading=\"lazy\" decoding=\"async\" class=\"alignnone size-full wp-image-10785\" src=\"http:\/\/www.sabine-seyffert.de\/blog\/wp-content\/uploads\/2017\/07\/Ausflug-Sinneswald-Doppel-1.jpg\" alt=\"\" width=\"800\" height=\"600\" srcset=\"https:\/\/www.sabine-seyffert.de\/blog\/wp-content\/uploads\/2017\/07\/Ausflug-Sinneswald-Doppel-1.jpg 800w, https:\/\/www.sabine-seyffert.de\/blog\/wp-content\/uploads\/2017\/07\/Ausflug-Sinneswald-Doppel-1-300x225.jpg 300w, https:\/\/www.sabine-seyffert.de\/blog\/wp-content\/uploads\/2017\/07\/Ausflug-Sinneswald-Doppel-1-768x576.jpg 768w\" sizes=\"auto, (max-width: 800px) 100vw, 800px\" \/><\/a><\/p>\n<p style=\"text-align: center; font-size: 9pt;\"><a href=\"http:\/\/www.dirkbalke.com\/\" target=\"_blank\" rel=\"noopener nofollow\">Dirk Balke<\/a> &#8220;Actaeon &#8211; die Zukunft verspielt&#8221;<\/p>\n<p style=\"text-align: justify;\">Ein kleiner Tipp f\u00fcr alle Familien mit Baby oder Kleinkind \u2013 die Wege sind nicht wirklich kinderwagentauglich. Am besten an Tragetuch oder R\u00fcckentrage denken \ud83d\ude09<\/p>\n<p style=\"text-align: center;\"><a href=\"http:\/\/www.sabine-seyffert.de\/blog\/wp-content\/uploads\/2017\/07\/Ausflug-Sinneswald-Doppel-3.jpg\"><img loading=\"lazy\" decoding=\"async\" class=\"alignnone size-full wp-image-10786\" src=\"http:\/\/www.sabine-seyffert.de\/blog\/wp-content\/uploads\/2017\/07\/Ausflug-Sinneswald-Doppel-3.jpg\" alt=\"\" width=\"800\" height=\"600\" srcset=\"https:\/\/www.sabine-seyffert.de\/blog\/wp-content\/uploads\/2017\/07\/Ausflug-Sinneswald-Doppel-3.jpg 800w, https:\/\/www.sabine-seyffert.de\/blog\/wp-content\/uploads\/2017\/07\/Ausflug-Sinneswald-Doppel-3-300x225.jpg 300w, https:\/\/www.sabine-seyffert.de\/blog\/wp-content\/uploads\/2017\/07\/Ausflug-Sinneswald-Doppel-3-768x576.jpg 768w\" sizes=\"auto, (max-width: 800px) 100vw, 800px\" \/><\/a><\/p>\n<p style=\"text-align: center; font-size: 9pt;\">Katja W\u00f6lfing &#8220;Das Zukunftsmobil\u00e9&#8221;<\/p>\n<p style=\"text-align: justify;\">Weitere Ausflugstipps findet ihr \u00fcbrigens in <a href=\"http:\/\/www.sabine-seyffert.de\/blog\/?cat=39\" target=\"_blank\" rel=\"noopener\">dieser Rubrik<\/a> , alles zum Thema \u201eFerien &amp; Reisen\u201c <a href=\"http:\/\/www.sabine-seyffert.de\/blog\/?cat=38\" target=\"_blank\" rel=\"noopener\">dort<\/a> und mehr &#8220;Gr\u00fcn&#8221; <a href=\"http:\/\/naturkinder.com\/\" target=\"_blank\" rel=\"noopener\">da<\/a>.<\/p>\n<p style=\"text-align: center;\"><a href=\"http:\/\/www.sabine-seyffert.de\/blog\/wp-content\/uploads\/2017\/07\/Ausflug-Sinneswald-Libelle.jpg\"><img loading=\"lazy\" decoding=\"async\" class=\"alignnone size-full wp-image-10787\" src=\"http:\/\/www.sabine-seyffert.de\/blog\/wp-content\/uploads\/2017\/07\/Ausflug-Sinneswald-Libelle.jpg\" alt=\"\" width=\"600\" height=\"800\" srcset=\"https:\/\/www.sabine-seyffert.de\/blog\/wp-content\/uploads\/2017\/07\/Ausflug-Sinneswald-Libelle.jpg 600w, https:\/\/www.sabine-seyffert.de\/blog\/wp-content\/uploads\/2017\/07\/Ausflug-Sinneswald-Libelle-225x300.jpg 225w\" sizes=\"auto, (max-width: 600px) 100vw, 600px\" \/><\/a><\/p>\n<p><a href=\"http:\/\/www.sabine-seyffert.de\/blog\/?page_id=32#urheberrecht\">urheberrechtlich gesch\u00fctzt<\/a>, \u00a9 Sabine Seyffert<\/p>\n","protected":false},"excerpt":{"rendered":"<p>P\u00fcnktlich zum Start in die diesj\u00e4hrigen Schulferien, ist das tolle Sommerwetter vorbei und es beginnt zu regnen. Aber davon lassen wir und die Ferien ganz sicher nicht verderben. Wozu gibt es Regenjacke und Gummistiefel? Und genau in dieser wetterfesten Montur und mit Picknick im Rucksack haben wir uns am letzten Wochenende auf den Weg nach&#8230; <a href=\"https:\/\/www.sabine-seyffert.de\/blog\/ausflugstipp-fuer-familien-ein-besuch-im-maerchenhaften-sinneswald-in-leichlingen\/\" class=\"more-link\">Read more: Ausflugstipp f\u00fcr Familien: Ein Besuch im m\u00e4rchenhaften SinnesWald in Leichlingen<\/a><\/p>\n","protected":false},"author":2,"featured_media":0,"comment_status":"open","ping_status":"open","sticky":false,"template":"","format":"standard","meta":{"_metis_text_type":"","_metis_text_length":3156,"_post_count":0,"footnotes":""},"categories":[39,24],"tags":[],"class_list":["post-10776","post","type-post","status-publish","format-standard","hentry","category-ausfluge-co","category-sommer"],"_links":{"self":[{"href":"https:\/\/www.sabine-seyffert.de\/blog\/wp-json\/wp\/v2\/posts\/10776","targetHints":{"allow":["GET"]}}],"collection":[{"href":"https:\/\/www.sabine-seyffert.de\/blog\/wp-json\/wp\/v2\/posts"}],"about":[{"href":"https:\/\/www.sabine-seyffert.de\/blog\/wp-json\/wp\/v2\/types\/post"}],"author":[{"embeddable":true,"href":"https:\/\/www.sabine-seyffert.de\/blog\/wp-json\/wp\/v2\/users\/2"}],"replies":[{"embeddable":true,"href":"https:\/\/www.sabine-seyffert.de\/blog\/wp-json\/wp\/v2\/comments?post=10776"}],"version-history":[{"count":15,"href":"https:\/\/www.sabine-seyffert.de\/blog\/wp-json\/wp\/v2\/posts\/10776\/revisions"}],"predecessor-version":[{"id":12929,"href":"https:\/\/www.sabine-seyffert.de\/blog\/wp-json\/wp\/v2\/posts\/10776\/revisions\/12929"}],"wp:attachment":[{"href":"https:\/\/www.sabine-seyffert.de\/blog\/wp-json\/wp\/v2\/media?parent=10776"}],"wp:term":[{"taxonomy":"category","embeddable":true,"href":"https:\/\/www.sabine-seyffert.de\/blog\/wp-json\/wp\/v2\/categories?post=10776"},{"taxonomy":"post_tag","embeddable":true,"href":"https:\/\/www.sabine-seyffert.de\/blog\/wp-json\/wp\/v2\/tags?post=10776"}],"curies":[{"name":"wp","href":"https:\/\/api.w.org\/{rel}","templated":true}]}}