{"id":10723,"date":"2017-07-11T05:34:33","date_gmt":"2017-07-11T03:34:33","guid":{"rendered":"http:\/\/www.sabine-seyffert.de\/blog\/?p=10723"},"modified":"2017-07-11T05:34:33","modified_gmt":"2017-07-11T03:34:33","slug":"maritimer-bastelspass-bastelidee-bunte-quallen-als-fensterdeko-fuer-das-kinderzimmer","status":"publish","type":"post","link":"https:\/\/www.sabine-seyffert.de\/blog\/maritimer-bastelspass-bastelidee-bunte-quallen-als-fensterdeko-fuer-das-kinderzimmer\/","title":{"rendered":"Maritimer Bastelspa\u00df &#038; Bastelidee: Bunte Quallen als Fensterdeko f\u00fcr das Kinderzimmer"},"content":{"rendered":"<p style=\"text-align: justify;\"><img loading=\"lazy\" decoding=\"async\" src=\"https:\/\/ssl-vg03.met.vgwort.de\/na\/538e9b1914794c82af5238171e7407e8\" alt=\"\" width=\"1\" height=\"1\" \/>Im Sommer zieht es mich oft ans Meer. Doch nicht immer hat man gleich die M\u00f6glichkeit die Koffer zu packen und in Richtung Meer zu reisen. Vielleicht hilft da diese kleine Bastelidee vorerst als kleine Ablenkung. Denn damit kann man nicht nur das Kinderzimmer sondern auch die Fenster ganz maritim schm\u00fccken und sich ein wenig Urlaubsfeeling in die eigenen vier W\u00e4nde holen. Das Basteln ist kinderleicht und ein idealer Zeitvertreib f\u00fcr verregnete Sommertage.<\/p>\n<p style=\"text-align: center;\"><a href=\"http:\/\/www.sabine-seyffert.de\/blog\/wp-content\/uploads\/2017\/07\/Fensterdeko-Qualle-10.jpg\"><img loading=\"lazy\" decoding=\"async\" class=\"alignnone size-full wp-image-10724\" src=\"http:\/\/www.sabine-seyffert.de\/blog\/wp-content\/uploads\/2017\/07\/Fensterdeko-Qualle-10.jpg\" alt=\"\" width=\"800\" height=\"600\" srcset=\"https:\/\/www.sabine-seyffert.de\/blog\/wp-content\/uploads\/2017\/07\/Fensterdeko-Qualle-10.jpg 800w, https:\/\/www.sabine-seyffert.de\/blog\/wp-content\/uploads\/2017\/07\/Fensterdeko-Qualle-10-300x225.jpg 300w, https:\/\/www.sabine-seyffert.de\/blog\/wp-content\/uploads\/2017\/07\/Fensterdeko-Qualle-10-768x576.jpg 768w\" sizes=\"auto, (max-width: 800px) 100vw, 800px\" \/><\/a><\/p>\n<p style=\"text-align: justify;\"><strong>Das wird gebraucht:<\/strong><br \/>\nFester Tonkarton, Bleistift, Radiergummi, buntes Krepppapier, Bastelkleber, wei\u00dfes Geschenkband zum Kr\u00e4useln, wei\u00dfes bzw. durchsichtiges Transparentpapier, ein N\u00e4hnadel, Nylongarn, Bastelschere und ggf. ein Bastelmesser \/ Cutter<\/p>\n<p style=\"text-align: center;\"><a href=\"http:\/\/www.sabine-seyffert.de\/blog\/wp-content\/uploads\/2017\/07\/Fensterdeko-Qualle-11.jpg\"><img loading=\"lazy\" decoding=\"async\" class=\"alignnone size-full wp-image-10725\" src=\"http:\/\/www.sabine-seyffert.de\/blog\/wp-content\/uploads\/2017\/07\/Fensterdeko-Qualle-11.jpg\" alt=\"\" width=\"800\" height=\"600\" srcset=\"https:\/\/www.sabine-seyffert.de\/blog\/wp-content\/uploads\/2017\/07\/Fensterdeko-Qualle-11.jpg 800w, https:\/\/www.sabine-seyffert.de\/blog\/wp-content\/uploads\/2017\/07\/Fensterdeko-Qualle-11-300x225.jpg 300w, https:\/\/www.sabine-seyffert.de\/blog\/wp-content\/uploads\/2017\/07\/Fensterdeko-Qualle-11-768x576.jpg 768w\" sizes=\"auto, (max-width: 800px) 100vw, 800px\" \/><\/a><\/p>\n<p style=\"text-align: justify;\"><strong>So wird\u2019s gemacht:<\/strong><br \/>\nZuerst zeichnet man sich auf dem wei\u00dfen Tonkarton Quallen vor. Diese d\u00fcrfen ruhig unterschiedliche Gr\u00f6\u00dfen und Formen haben, jedoch ben\u00f6tigt man jede der Quallen in zweifacher Ausf\u00fchrung! Wenn man diese mit Bleistift auf den Karton aufzeichnet und ausschneidet, kann man diese Qualle ganz einfach als Bastelvorlage f\u00fcr das passende Gegenst\u00fcck verwenden und anschlie\u00dfend die Bleistiftr\u00e4nder wegradieren.<\/p>\n<p style=\"text-align: center;\"><a href=\"http:\/\/www.sabine-seyffert.de\/blog\/wp-content\/uploads\/2017\/07\/Fensterdeko-Qualle-7.jpg\"><img loading=\"lazy\" decoding=\"async\" class=\"alignnone size-full wp-image-10726\" src=\"http:\/\/www.sabine-seyffert.de\/blog\/wp-content\/uploads\/2017\/07\/Fensterdeko-Qualle-7.jpg\" alt=\"\" width=\"800\" height=\"600\" srcset=\"https:\/\/www.sabine-seyffert.de\/blog\/wp-content\/uploads\/2017\/07\/Fensterdeko-Qualle-7.jpg 800w, https:\/\/www.sabine-seyffert.de\/blog\/wp-content\/uploads\/2017\/07\/Fensterdeko-Qualle-7-300x225.jpg 300w, https:\/\/www.sabine-seyffert.de\/blog\/wp-content\/uploads\/2017\/07\/Fensterdeko-Qualle-7-768x576.jpg 768w\" sizes=\"auto, (max-width: 800px) 100vw, 800px\" \/><\/a><\/p>\n<p style=\"text-align: justify;\">Damit die Quallen wirklich sch\u00f6n bunt werden und im \u201eWasser\u201c in den sch\u00f6nsten Farben glitzern, muss man das Innere aus den Papierquallen heraustrennen. Und zwar so, dass in etwa 1-2 cm Rand stehen bleibt. Bei gr\u00f6\u00dferen Quallen kann man das Innenteil mit der Schere herausschneiden und bei kleineren Quallen ist ein scharfes Bastelmesser hilfreich.<\/p>\n<p style=\"text-align: center;\"><a href=\"http:\/\/www.sabine-seyffert.de\/blog\/wp-content\/uploads\/2017\/07\/Fensterdeko-Qualle-6.jpg\"><img loading=\"lazy\" decoding=\"async\" class=\"alignnone size-full wp-image-10727\" src=\"http:\/\/www.sabine-seyffert.de\/blog\/wp-content\/uploads\/2017\/07\/Fensterdeko-Qualle-6.jpg\" alt=\"\" width=\"800\" height=\"600\" srcset=\"https:\/\/www.sabine-seyffert.de\/blog\/wp-content\/uploads\/2017\/07\/Fensterdeko-Qualle-6.jpg 800w, https:\/\/www.sabine-seyffert.de\/blog\/wp-content\/uploads\/2017\/07\/Fensterdeko-Qualle-6-300x225.jpg 300w, https:\/\/www.sabine-seyffert.de\/blog\/wp-content\/uploads\/2017\/07\/Fensterdeko-Qualle-6-768x576.jpg 768w\" sizes=\"auto, (max-width: 800px) 100vw, 800px\" \/><\/a><\/p>\n<p style=\"text-align: justify;\">Sind alle Quallen soweit vorbereitet, dreht man diese mit der sch\u00f6nen Seite nach unten und klebt von oben wei\u00dfes Transparentpapier darauf. Diese \u00fcberstehenden Transparentpapierr\u00e4nder schneidet man ab. Den inneren Teil des Transparentpapiers kann man nun mit farbigen Papierschnipseln aus Krepppapier bekleben. Je kleiner die St\u00fcck sind und desto mehr Farben aneinandergereiht werden, desto sch\u00f6ner sehen die Quallen aus.<\/p>\n<p style=\"text-align: center;\"><a href=\"http:\/\/www.sabine-seyffert.de\/blog\/wp-content\/uploads\/2017\/07\/Fensterdeko-Qualle-5.jpg\"><img loading=\"lazy\" decoding=\"async\" class=\"alignnone size-full wp-image-10728\" src=\"http:\/\/www.sabine-seyffert.de\/blog\/wp-content\/uploads\/2017\/07\/Fensterdeko-Qualle-5.jpg\" alt=\"\" width=\"800\" height=\"600\" srcset=\"https:\/\/www.sabine-seyffert.de\/blog\/wp-content\/uploads\/2017\/07\/Fensterdeko-Qualle-5.jpg 800w, https:\/\/www.sabine-seyffert.de\/blog\/wp-content\/uploads\/2017\/07\/Fensterdeko-Qualle-5-300x225.jpg 300w, https:\/\/www.sabine-seyffert.de\/blog\/wp-content\/uploads\/2017\/07\/Fensterdeko-Qualle-5-768x576.jpg 768w\" sizes=\"auto, (max-width: 800px) 100vw, 800px\" \/><\/a><\/p>\n<p style=\"text-align: justify;\">Ist das Transparentpapier Innen komplett mit buntem Papier beklebt, befestigt man mit Kleber am unteren Rand l\u00e4ngere Streifen von dem Geschenkpapierband und setzt zum Schluss die passende Quallenh\u00e4lfte als Gegenst\u00fcck dar\u00fcber, so dass das Krepppapier mittig dazwischen sitzt. Wer mag, kann das Geschenkband mittig teilen oder auch leicht \u201ekr\u00e4useln\u201c.<\/p>\n<p style=\"text-align: center;\"><a href=\"http:\/\/www.sabine-seyffert.de\/blog\/wp-content\/uploads\/2017\/07\/Fensterdeko-Qualle-3.jpg\"><img loading=\"lazy\" decoding=\"async\" class=\"alignnone size-full wp-image-10729\" src=\"http:\/\/www.sabine-seyffert.de\/blog\/wp-content\/uploads\/2017\/07\/Fensterdeko-Qualle-3.jpg\" alt=\"\" width=\"800\" height=\"600\" srcset=\"https:\/\/www.sabine-seyffert.de\/blog\/wp-content\/uploads\/2017\/07\/Fensterdeko-Qualle-3.jpg 800w, https:\/\/www.sabine-seyffert.de\/blog\/wp-content\/uploads\/2017\/07\/Fensterdeko-Qualle-3-300x225.jpg 300w, https:\/\/www.sabine-seyffert.de\/blog\/wp-content\/uploads\/2017\/07\/Fensterdeko-Qualle-3-768x576.jpg 768w\" sizes=\"auto, (max-width: 800px) 100vw, 800px\" \/><\/a><\/p>\n<p style=\"text-align: justify;\">Zum Schluss zieht man mit der Nadel etwas Nylongarn durch den oberen Rand und kann die Quallen daran am Fenster, der Zimmerdecke oder an der Wand aufh\u00e4ngen.<\/p>\n<p style=\"text-align: center;\"><a href=\"http:\/\/www.sabine-seyffert.de\/blog\/wp-content\/uploads\/2017\/07\/Fensterdeko-Qualle-1.jpg\"><img loading=\"lazy\" decoding=\"async\" class=\"alignnone size-full wp-image-10730\" src=\"http:\/\/www.sabine-seyffert.de\/blog\/wp-content\/uploads\/2017\/07\/Fensterdeko-Qualle-1.jpg\" alt=\"\" width=\"800\" height=\"600\" srcset=\"https:\/\/www.sabine-seyffert.de\/blog\/wp-content\/uploads\/2017\/07\/Fensterdeko-Qualle-1.jpg 800w, https:\/\/www.sabine-seyffert.de\/blog\/wp-content\/uploads\/2017\/07\/Fensterdeko-Qualle-1-300x225.jpg 300w, https:\/\/www.sabine-seyffert.de\/blog\/wp-content\/uploads\/2017\/07\/Fensterdeko-Qualle-1-768x576.jpg 768w\" sizes=\"auto, (max-width: 800px) 100vw, 800px\" \/><\/a><\/p>\n<p style=\"text-align: justify;\">Weitere Basteleien f\u00fcr Kinder gibt es in <a href=\"http:\/\/www.sabine-seyffert.de\/blog\/?cat=32\" target=\"_blank\" rel=\"noopener\">dieser Rubrik<\/a>, Deko Ideen <a href=\"http:\/\/www.sabine-seyffert.de\/blog\/?cat=12\" target=\"_blank\" rel=\"noopener\">dort<\/a>, alles zum Thema Sommer <a href=\"http:\/\/www.sabine-seyffert.de\/blog\/?cat=24\" target=\"_blank\" rel=\"noopener\">hier<\/a> und andere kreative Sachen <a href=\"http:\/\/www.creadienstag.de\/2017\/07\/linkparty287.html\" target=\"_blank\" rel=\"noopener\">da<\/a>.<\/p>\n<p style=\"text-align: center;\"><a href=\"http:\/\/www.sabine-seyffert.de\/blog\/wp-content\/uploads\/2017\/07\/Fensterdeko-Qualle-2.jpg\"><img loading=\"lazy\" decoding=\"async\" class=\"alignnone size-full wp-image-10731\" src=\"http:\/\/www.sabine-seyffert.de\/blog\/wp-content\/uploads\/2017\/07\/Fensterdeko-Qualle-2.jpg\" alt=\"\" width=\"800\" height=\"600\" srcset=\"https:\/\/www.sabine-seyffert.de\/blog\/wp-content\/uploads\/2017\/07\/Fensterdeko-Qualle-2.jpg 800w, https:\/\/www.sabine-seyffert.de\/blog\/wp-content\/uploads\/2017\/07\/Fensterdeko-Qualle-2-300x225.jpg 300w, https:\/\/www.sabine-seyffert.de\/blog\/wp-content\/uploads\/2017\/07\/Fensterdeko-Qualle-2-768x576.jpg 768w\" sizes=\"auto, (max-width: 800px) 100vw, 800px\" \/><\/a><\/p>\n<p><a href=\"http:\/\/www.sabine-seyffert.de\/blog\/?page_id=32#urheberrecht\">urheberrechtlich gesch\u00fctzt<\/a>, \u00a9 Sabine Seyffert<\/p>\n","protected":false},"excerpt":{"rendered":"<p>Im Sommer zieht es mich oft ans Meer. Doch nicht immer hat man gleich die M\u00f6glichkeit die Koffer zu packen und in Richtung Meer zu reisen. Vielleicht hilft da diese kleine Bastelidee vorerst als kleine Ablenkung. Denn damit kann man nicht nur das Kinderzimmer sondern auch die Fenster ganz maritim schm\u00fccken und sich ein wenig&#8230; <a href=\"https:\/\/www.sabine-seyffert.de\/blog\/maritimer-bastelspass-bastelidee-bunte-quallen-als-fensterdeko-fuer-das-kinderzimmer\/\" class=\"more-link\">Read more: Maritimer Bastelspa\u00df &#038; Bastelidee: Bunte Quallen als Fensterdeko f\u00fcr das Kinderzimmer<\/a><\/p>\n","protected":false},"author":2,"featured_media":0,"comment_status":"open","ping_status":"open","sticky":false,"template":"","format":"standard","meta":{"_metis_text_type":"","_metis_text_length":2581,"_post_count":0,"footnotes":""},"categories":[32,12,24,50],"tags":[],"class_list":["post-10723","post","type-post","status-publish","format-standard","hentry","category-kreatives-fur-kleine-kinderhande","category-deko-ideen","category-sommer","category-unterwasserfest"],"_links":{"self":[{"href":"https:\/\/www.sabine-seyffert.de\/blog\/wp-json\/wp\/v2\/posts\/10723","targetHints":{"allow":["GET"]}}],"collection":[{"href":"https:\/\/www.sabine-seyffert.de\/blog\/wp-json\/wp\/v2\/posts"}],"about":[{"href":"https:\/\/www.sabine-seyffert.de\/blog\/wp-json\/wp\/v2\/types\/post"}],"author":[{"embeddable":true,"href":"https:\/\/www.sabine-seyffert.de\/blog\/wp-json\/wp\/v2\/users\/2"}],"replies":[{"embeddable":true,"href":"https:\/\/www.sabine-seyffert.de\/blog\/wp-json\/wp\/v2\/comments?post=10723"}],"version-history":[{"count":1,"href":"https:\/\/www.sabine-seyffert.de\/blog\/wp-json\/wp\/v2\/posts\/10723\/revisions"}],"predecessor-version":[{"id":10732,"href":"https:\/\/www.sabine-seyffert.de\/blog\/wp-json\/wp\/v2\/posts\/10723\/revisions\/10732"}],"wp:attachment":[{"href":"https:\/\/www.sabine-seyffert.de\/blog\/wp-json\/wp\/v2\/media?parent=10723"}],"wp:term":[{"taxonomy":"category","embeddable":true,"href":"https:\/\/www.sabine-seyffert.de\/blog\/wp-json\/wp\/v2\/categories?post=10723"},{"taxonomy":"post_tag","embeddable":true,"href":"https:\/\/www.sabine-seyffert.de\/blog\/wp-json\/wp\/v2\/tags?post=10723"}],"curies":[{"name":"wp","href":"https:\/\/api.w.org\/{rel}","templated":true}]}}