{"id":10712,"date":"2017-07-08T10:16:39","date_gmt":"2017-07-08T08:16:39","guid":{"rendered":"http:\/\/www.sabine-seyffert.de\/blog\/?p=10712"},"modified":"2018-06-27T11:09:10","modified_gmt":"2018-06-27T09:09:10","slug":"buchtipp-fuer-kinder-in-der-grundschule-schulausflug-mit-oma-eine-aussergewoehnliche-klassenfahrt","status":"publish","type":"post","link":"https:\/\/www.sabine-seyffert.de\/blog\/buchtipp-fuer-kinder-in-der-grundschule-schulausflug-mit-oma-eine-aussergewoehnliche-klassenfahrt\/","title":{"rendered":"Buchtipp f\u00fcr Kinder in der Grundschule: Schulausflug mit Oma \u2013 eine au\u00dfergew\u00f6hnliche Klassenfahrt"},"content":{"rendered":"<p style=\"text-align: justify;\"><img loading=\"lazy\" decoding=\"async\" src=\"https:\/\/ssl-vg03.met.vgwort.de\/na\/dde4aee74c964726a06eba3e0fa85578\" alt=\"\" width=\"1\" height=\"1\" \/>Zum Geburtstag hat meine Tochter allerhand B\u00fcchergutscheine geschenkt bekommen und diese inzwischen gegen einen Schwung neuer B\u00fccher eingetauscht. Ein Buch davon haben wir zusammen gelesen und dabei viel gelacht. Daher m\u00f6chte ich euch dieses Buch \u201eSchulausflug mit Oma\u201c von Sabine Zett n\u00e4her vorstellen. Vielleicht sind unter euch auch Eltern, die Kinder im Grundschulalter haben. F\u00fcr die ist das Thema \u201eKlassenfahrt\u201c nat\u00fcrlich ganz besonders spannend. Und genau um diese geht es in dem Buch:<\/p>\n<p style=\"text-align: center;\"><a href=\"http:\/\/www.sabine-seyffert.de\/blog\/wp-content\/uploads\/2017\/07\/Klassenfahrt-Buch-6.jpg\"><img loading=\"lazy\" decoding=\"async\" class=\"alignnone size-full wp-image-10713\" src=\"http:\/\/www.sabine-seyffert.de\/blog\/wp-content\/uploads\/2017\/07\/Klassenfahrt-Buch-6.jpg\" alt=\"\" width=\"800\" height=\"600\" srcset=\"https:\/\/www.sabine-seyffert.de\/blog\/wp-content\/uploads\/2017\/07\/Klassenfahrt-Buch-6.jpg 800w, https:\/\/www.sabine-seyffert.de\/blog\/wp-content\/uploads\/2017\/07\/Klassenfahrt-Buch-6-300x225.jpg 300w, https:\/\/www.sabine-seyffert.de\/blog\/wp-content\/uploads\/2017\/07\/Klassenfahrt-Buch-6-768x576.jpg 768w\" sizes=\"auto, (max-width: 800px) 100vw, 800px\" \/><\/a><\/p>\n<p style=\"text-align: justify;\">An der Erich K\u00e4stner Grundschule ist es \u00fcblich, dass zum Ende der Grundschulzeit eine Klassenfahrt auf dem Plan steht. Alle Kinder freuen sich schon darauf, doch leider kommt es anders als gedacht. Denn aus verschiedenen Gr\u00fcnden kann die geplante Fahrt nicht wie geplant stattfinden und wird kurzerhand abgesagt.<\/p>\n<p style=\"text-align: center;\"><a href=\"http:\/\/www.sabine-seyffert.de\/blog\/wp-content\/uploads\/2017\/07\/Klassenfahrt-Buch-5.jpg\"><img loading=\"lazy\" decoding=\"async\" class=\"alignnone size-full wp-image-10714\" src=\"http:\/\/www.sabine-seyffert.de\/blog\/wp-content\/uploads\/2017\/07\/Klassenfahrt-Buch-5.jpg\" alt=\"\" width=\"800\" height=\"600\" srcset=\"https:\/\/www.sabine-seyffert.de\/blog\/wp-content\/uploads\/2017\/07\/Klassenfahrt-Buch-5.jpg 800w, https:\/\/www.sabine-seyffert.de\/blog\/wp-content\/uploads\/2017\/07\/Klassenfahrt-Buch-5-300x225.jpg 300w, https:\/\/www.sabine-seyffert.de\/blog\/wp-content\/uploads\/2017\/07\/Klassenfahrt-Buch-5-768x576.jpg 768w\" sizes=\"auto, (max-width: 800px) 100vw, 800px\" \/><\/a><\/p>\n<p style=\"text-align: justify;\">Doch dann findet sich zum Gl\u00fcck doch noch eine L\u00f6sung. Die Fahrt wird zwar gek\u00fcrzt, kann aber doch stattfinden, da sich ein paar freiwillige Helfer gefunden haben, die die Kinder begleiten. Darunter auch Fabians Oma K\u00e4the.<\/p>\n<p style=\"text-align: center;\"><a href=\"http:\/\/www.sabine-seyffert.de\/blog\/wp-content\/uploads\/2017\/07\/Klassenfahrt-Buch-4.jpg\"><img loading=\"lazy\" decoding=\"async\" class=\"alignnone size-full wp-image-10715\" src=\"http:\/\/www.sabine-seyffert.de\/blog\/wp-content\/uploads\/2017\/07\/Klassenfahrt-Buch-4.jpg\" alt=\"\" width=\"800\" height=\"600\" srcset=\"https:\/\/www.sabine-seyffert.de\/blog\/wp-content\/uploads\/2017\/07\/Klassenfahrt-Buch-4.jpg 800w, https:\/\/www.sabine-seyffert.de\/blog\/wp-content\/uploads\/2017\/07\/Klassenfahrt-Buch-4-300x225.jpg 300w, https:\/\/www.sabine-seyffert.de\/blog\/wp-content\/uploads\/2017\/07\/Klassenfahrt-Buch-4-768x576.jpg 768w\" sizes=\"auto, (max-width: 800px) 100vw, 800px\" \/><\/a><\/p>\n<p style=\"text-align: justify;\">Schlie\u00dflich ist der gro\u00dfe Tag gekommen. Alle Familien treffen p\u00fcnktlich ein, jedoch fehlt der Bus und sch\u00f6n beginnt das lustige Abenteuer einer etwas verr\u00fcckten, aber sehr vergn\u00fcglichen Klassenfahrt. Schon die Fahrt mit dem Bus ist etwas abenteuerlich, da die Gro\u00dfeltern, die die Klasse begleiten, so ihre Eigenarten haben. Vor allen Dingen, aber eine schwache Blase und daher muss der Bus st\u00e4ndig anhalten. Besonders peinlich wird es, als Oma K\u00e4the ihren Enkel mit \u201eFabi-Hase\u201c anspricht und das sogar durch den Lautsprecher, so dass es alle im Bus h\u00f6ren k\u00f6nnen\u2026<\/p>\n<p style=\"text-align: center;\"><a href=\"http:\/\/www.sabine-seyffert.de\/blog\/wp-content\/uploads\/2017\/07\/Klassenfahrt-Buch-3.jpg\"><img loading=\"lazy\" decoding=\"async\" class=\"alignnone size-full wp-image-10716\" src=\"http:\/\/www.sabine-seyffert.de\/blog\/wp-content\/uploads\/2017\/07\/Klassenfahrt-Buch-3.jpg\" alt=\"\" width=\"800\" height=\"600\" srcset=\"https:\/\/www.sabine-seyffert.de\/blog\/wp-content\/uploads\/2017\/07\/Klassenfahrt-Buch-3.jpg 800w, https:\/\/www.sabine-seyffert.de\/blog\/wp-content\/uploads\/2017\/07\/Klassenfahrt-Buch-3-300x225.jpg 300w, https:\/\/www.sabine-seyffert.de\/blog\/wp-content\/uploads\/2017\/07\/Klassenfahrt-Buch-3-768x576.jpg 768w\" sizes=\"auto, (max-width: 800px) 100vw, 800px\" \/><\/a><\/p>\n<p style=\"text-align: justify;\">Am Ziel angekommen erwartet die Kinder schon die n\u00e4chste \u00dcberraschung. Denn die Unterkunft ist keine Jugendherberge, sondern ein richtiges Kurhotel namens \u201eSeelen Oase\u201c. Mehrbettzimmer gibt es zum Leidwesen der Kinder nicht, lediglich Doppelzimmer. Der einzige Vorteil, die Betten sind bereits fertig bezogen und auf jedem Zimmer gibt es einen Fernseher. Allerdings werden die Kinder nicht mit offenen Armen empfangen sondern von den anderen G\u00e4sten st\u00e4ndig zur Ruhe ermahnt. Sogar Mittagsruhe ist hier f\u00fcr alle angesagt!<\/p>\n<p style=\"text-align: center;\"><a href=\"http:\/\/www.sabine-seyffert.de\/blog\/wp-content\/uploads\/2017\/07\/Klassenfahrt-Buch-2.jpg\"><img loading=\"lazy\" decoding=\"async\" class=\"alignnone size-full wp-image-10717\" src=\"http:\/\/www.sabine-seyffert.de\/blog\/wp-content\/uploads\/2017\/07\/Klassenfahrt-Buch-2.jpg\" alt=\"\" width=\"800\" height=\"600\" srcset=\"https:\/\/www.sabine-seyffert.de\/blog\/wp-content\/uploads\/2017\/07\/Klassenfahrt-Buch-2.jpg 800w, https:\/\/www.sabine-seyffert.de\/blog\/wp-content\/uploads\/2017\/07\/Klassenfahrt-Buch-2-300x225.jpg 300w, https:\/\/www.sabine-seyffert.de\/blog\/wp-content\/uploads\/2017\/07\/Klassenfahrt-Buch-2-768x576.jpg 768w\" sizes=\"auto, (max-width: 800px) 100vw, 800px\" \/><\/a><\/p>\n<p style=\"text-align: justify;\">Danach wartet der n\u00e4chste Schock, denn im Gegensatz zu einer Jugendherberge gibt es weder Bolz- noch Fu\u00dfballplatz. Nicht mal eine Tischtennisplatte ist in Sicht. Daf\u00fcr werden Schlammb\u00e4der, R\u00fcckenschule und medizinische Betreuung angeboten. Das sind wirklich tolle Aussichten! Und dann schickt Oma auch noch Martin als dritten Jungen mit in Fabians Zimmer. Den kann keiner leiden. Und wie es scheint, hat Martin ein gro\u00dfes Geheimnis. Aber dem sind Fabian und Lukas bereits auf der Spur\u2026<\/p>\n<p style=\"text-align: center;\"><a href=\"http:\/\/www.sabine-seyffert.de\/blog\/wp-content\/uploads\/2017\/07\/Klassenfahrt-Pfotenbande.jpg\"><img loading=\"lazy\" decoding=\"async\" class=\"alignnone size-full wp-image-10718\" src=\"http:\/\/www.sabine-seyffert.de\/blog\/wp-content\/uploads\/2017\/07\/Klassenfahrt-Pfotenbande.jpg\" alt=\"\" width=\"600\" height=\"800\" srcset=\"https:\/\/www.sabine-seyffert.de\/blog\/wp-content\/uploads\/2017\/07\/Klassenfahrt-Pfotenbande.jpg 600w, https:\/\/www.sabine-seyffert.de\/blog\/wp-content\/uploads\/2017\/07\/Klassenfahrt-Pfotenbande-225x300.jpg 225w\" sizes=\"auto, (max-width: 600px) 100vw, 600px\" \/><\/a><\/p>\n<p style=\"text-align: justify;\">Vor kurzem hatte ich euch von der Buchreihe <a href=\"http:\/\/www.sabine-seyffert.de\/blog\/?p=10507\" target=\"_blank\" rel=\"noopener\">der Pfotenbande<\/a> berichtet. Dazu ist gerade ein neuer Band erschienen \u2013 auch zum Thema Klassenfahrt. Das Buch wird bereits bei sch\u00f6nstem Gartenwetter \u201everschlungen\u201c.<\/p>\n<p style=\"text-align: justify;\">Sonnige Samstagsgr\u00fc\u00dfe!<\/p>\n<p><a href=\"http:\/\/www.sabine-seyffert.de\/blog\/?page_id=32#urheberrecht\">urheberrechtlich gesch\u00fctzt<\/a>, \u00a9 Sabine Seyffert<\/p>\n","protected":false},"excerpt":{"rendered":"<p>Zum Geburtstag hat meine Tochter allerhand B\u00fcchergutscheine geschenkt bekommen und diese inzwischen gegen einen Schwung neuer B\u00fccher eingetauscht. Ein Buch davon haben wir zusammen gelesen und dabei viel gelacht. Daher m\u00f6chte ich euch dieses Buch \u201eSchulausflug mit Oma\u201c von Sabine Zett n\u00e4her vorstellen. Vielleicht sind unter euch auch Eltern, die Kinder im Grundschulalter haben. F\u00fcr&#8230; <a href=\"https:\/\/www.sabine-seyffert.de\/blog\/buchtipp-fuer-kinder-in-der-grundschule-schulausflug-mit-oma-eine-aussergewoehnliche-klassenfahrt\/\" class=\"more-link\">Read more: Buchtipp f\u00fcr Kinder in der Grundschule: Schulausflug mit Oma \u2013 eine au\u00dfergew\u00f6hnliche Klassenfahrt<\/a><\/p>\n","protected":false},"author":2,"featured_media":0,"comment_status":"open","ping_status":"open","sticky":false,"template":"","format":"standard","meta":{"_metis_text_type":"","_metis_text_length":2876,"_post_count":0,"footnotes":""},"categories":[39,20,24],"tags":[],"class_list":["post-10712","post","type-post","status-publish","format-standard","hentry","category-ausfluge-co","category-bucher","category-sommer"],"_links":{"self":[{"href":"https:\/\/www.sabine-seyffert.de\/blog\/wp-json\/wp\/v2\/posts\/10712","targetHints":{"allow":["GET"]}}],"collection":[{"href":"https:\/\/www.sabine-seyffert.de\/blog\/wp-json\/wp\/v2\/posts"}],"about":[{"href":"https:\/\/www.sabine-seyffert.de\/blog\/wp-json\/wp\/v2\/types\/post"}],"author":[{"embeddable":true,"href":"https:\/\/www.sabine-seyffert.de\/blog\/wp-json\/wp\/v2\/users\/2"}],"replies":[{"embeddable":true,"href":"https:\/\/www.sabine-seyffert.de\/blog\/wp-json\/wp\/v2\/comments?post=10712"}],"version-history":[{"count":2,"href":"https:\/\/www.sabine-seyffert.de\/blog\/wp-json\/wp\/v2\/posts\/10712\/revisions"}],"predecessor-version":[{"id":10720,"href":"https:\/\/www.sabine-seyffert.de\/blog\/wp-json\/wp\/v2\/posts\/10712\/revisions\/10720"}],"wp:attachment":[{"href":"https:\/\/www.sabine-seyffert.de\/blog\/wp-json\/wp\/v2\/media?parent=10712"}],"wp:term":[{"taxonomy":"category","embeddable":true,"href":"https:\/\/www.sabine-seyffert.de\/blog\/wp-json\/wp\/v2\/categories?post=10712"},{"taxonomy":"post_tag","embeddable":true,"href":"https:\/\/www.sabine-seyffert.de\/blog\/wp-json\/wp\/v2\/tags?post=10712"}],"curies":[{"name":"wp","href":"https:\/\/api.w.org\/{rel}","templated":true}]}}