{"id":10699,"date":"2017-07-06T11:52:41","date_gmt":"2017-07-06T09:52:41","guid":{"rendered":"http:\/\/www.sabine-seyffert.de\/blog\/?p=10699"},"modified":"2017-07-10T19:17:23","modified_gmt":"2017-07-10T17:17:23","slug":"bastelidee-selbst-gemachte-geschenkverpackung-der-sommer-ist-da-wir-wuenschen-schoene-ferien","status":"publish","type":"post","link":"https:\/\/www.sabine-seyffert.de\/blog\/bastelidee-selbst-gemachte-geschenkverpackung-der-sommer-ist-da-wir-wuenschen-schoene-ferien\/","title":{"rendered":"Bastelidee &#038; selbst gemachte Geschenkverpackung: Der Sommer ist da \u2013 wir w\u00fcnschen sch\u00f6ne Ferien!"},"content":{"rendered":"<p style=\"text-align: justify;\"><img loading=\"lazy\" decoding=\"async\" src=\"https:\/\/ssl-vg03.met.vgwort.de\/na\/88190aee0d604e3384700f1ec56f811b\" alt=\"\" width=\"1\" height=\"1\" \/>Die Ferien sind in greifbarer N\u00e4he. Und wie in jedem Jahr gibt es auch zum Ende dieses Schuljahres ein kleines Geschenk f\u00fcr die Lehrerin als Dank f\u00fcr die gute Zusammenarbeit. F\u00fcr dieses Pr\u00e4sent habe ich eine passende Geschenkverpackung ben\u00f6tigt. Offenbar liegt es an der Jahreszeit und den bevorstehenden Sommerferien \u2013 die Sehnsucht nach einer Auszeit am Meer und ganz viel Strand ist pl\u00f6tzlich da. Und davon inspiriert habe ich die<a href=\"http:\/\/www.sabine-seyffert.de\/blog\/?p=7840\" target=\"_blank\" rel=\"noopener\"> Geschenkverpackung der drei kleinen Boote<\/a> etwas verfeinert und abgewandelt.<\/p>\n<p style=\"text-align: center;\"><a href=\"http:\/\/www.sabine-seyffert.de\/blog\/wp-content\/uploads\/2017\/07\/Ferien-Verpackung-2.jpg\"><img loading=\"lazy\" decoding=\"async\" class=\"alignnone size-full wp-image-10700\" src=\"http:\/\/www.sabine-seyffert.de\/blog\/wp-content\/uploads\/2017\/07\/Ferien-Verpackung-2.jpg\" alt=\"\" width=\"800\" height=\"600\" srcset=\"https:\/\/www.sabine-seyffert.de\/blog\/wp-content\/uploads\/2017\/07\/Ferien-Verpackung-2.jpg 800w, https:\/\/www.sabine-seyffert.de\/blog\/wp-content\/uploads\/2017\/07\/Ferien-Verpackung-2-300x225.jpg 300w, https:\/\/www.sabine-seyffert.de\/blog\/wp-content\/uploads\/2017\/07\/Ferien-Verpackung-2-768x576.jpg 768w\" sizes=\"auto, (max-width: 800px) 100vw, 800px\" \/><\/a><\/p>\n<p style=\"text-align: justify;\"><strong>Das wird gebraucht:<\/strong><br \/>\nPackpapier, Bastelschere, uni blaues (hellblau \/ mittelblau) Geschenkpapier, Kleber, Hei\u00dfklebepistole samt Klebepatrone, eine Muschel \/ Schneckenhaus, Buchstabenstempel, Stempelkissen, eine alte Buchseite, Zahnstocher, blau wei\u00df gemusterte Masking Tapes, etwas wei\u00dfes Watte, Dymoger\u00e4t samt Pr\u00e4geband, ein schwarzer Fineliner<\/p>\n<p style=\"text-align: center;\"><a href=\"http:\/\/www.sabine-seyffert.de\/blog\/wp-content\/uploads\/2017\/07\/Ferien-Verpackung-8.jpg\"><img loading=\"lazy\" decoding=\"async\" class=\"alignnone size-full wp-image-10701\" src=\"http:\/\/www.sabine-seyffert.de\/blog\/wp-content\/uploads\/2017\/07\/Ferien-Verpackung-8.jpg\" alt=\"\" width=\"800\" height=\"600\" srcset=\"https:\/\/www.sabine-seyffert.de\/blog\/wp-content\/uploads\/2017\/07\/Ferien-Verpackung-8.jpg 800w, https:\/\/www.sabine-seyffert.de\/blog\/wp-content\/uploads\/2017\/07\/Ferien-Verpackung-8-300x225.jpg 300w, https:\/\/www.sabine-seyffert.de\/blog\/wp-content\/uploads\/2017\/07\/Ferien-Verpackung-8-768x576.jpg 768w\" sizes=\"auto, (max-width: 800px) 100vw, 800px\" \/><\/a><\/p>\n<p style=\"text-align: justify;\"><strong>So wird\u2019s gemacht:<\/strong><br \/>\nDas Geschenk habe ich in Packpapier verpackt und die Vorderseite im Anschluss sommerlich gestaltet. Aus uni blauem Geschenkpapier habe ich zuerst das Meer gestaltet.<\/p>\n<p style=\"text-align: center;\"><a href=\"http:\/\/www.sabine-seyffert.de\/blog\/wp-content\/uploads\/2017\/07\/Blaues-Tape-2.jpg\"><img loading=\"lazy\" decoding=\"async\" class=\"alignnone size-full wp-image-10702\" src=\"http:\/\/www.sabine-seyffert.de\/blog\/wp-content\/uploads\/2017\/07\/Blaues-Tape-2.jpg\" alt=\"\" width=\"800\" height=\"600\" srcset=\"https:\/\/www.sabine-seyffert.de\/blog\/wp-content\/uploads\/2017\/07\/Blaues-Tape-2.jpg 800w, https:\/\/www.sabine-seyffert.de\/blog\/wp-content\/uploads\/2017\/07\/Blaues-Tape-2-300x225.jpg 300w, https:\/\/www.sabine-seyffert.de\/blog\/wp-content\/uploads\/2017\/07\/Blaues-Tape-2-768x576.jpg 768w\" sizes=\"auto, (max-width: 800px) 100vw, 800px\" \/><\/a><\/p>\n<p style=\"text-align: justify;\">Dazu schneidet man das Geschenkpapier in schmale Streifen und trennt den oberen Rand wellenf\u00f6rmig ab. Wenn man unterschiedliche Blaut\u00f6ne verwendet, wirkt das Wasser sch\u00f6n plastisch! Aus einem hellen blau habe ich noch zwei kleine Fische geschnitten und zwischen die Wellen geklebt.<\/p>\n<p style=\"text-align: center;\"><a href=\"http:\/\/www.sabine-seyffert.de\/blog\/wp-content\/uploads\/2017\/07\/Ferien-Verpackung-6.jpg\"><img loading=\"lazy\" decoding=\"async\" class=\"alignnone size-full wp-image-10703\" src=\"http:\/\/www.sabine-seyffert.de\/blog\/wp-content\/uploads\/2017\/07\/Ferien-Verpackung-6.jpg\" alt=\"\" width=\"800\" height=\"600\" srcset=\"https:\/\/www.sabine-seyffert.de\/blog\/wp-content\/uploads\/2017\/07\/Ferien-Verpackung-6.jpg 800w, https:\/\/www.sabine-seyffert.de\/blog\/wp-content\/uploads\/2017\/07\/Ferien-Verpackung-6-300x225.jpg 300w, https:\/\/www.sabine-seyffert.de\/blog\/wp-content\/uploads\/2017\/07\/Ferien-Verpackung-6-768x576.jpg 768w\" sizes=\"auto, (max-width: 800px) 100vw, 800px\" \/><\/a><\/p>\n<p style=\"text-align: justify;\">Aus einer alten Buchseite faltet man ein Papierboot und piekt mittig einen Zahnstocher als Mast hinein. Mit Masking Tape habe ich noch eine Fahne an den Mast geklebt.<\/p>\n<p style=\"text-align: center;\"><a href=\"http:\/\/www.sabine-seyffert.de\/blog\/wp-content\/uploads\/2017\/07\/Ferien-Verpackung-.jpg\"><img loading=\"lazy\" decoding=\"async\" class=\"alignnone size-full wp-image-10704\" src=\"http:\/\/www.sabine-seyffert.de\/blog\/wp-content\/uploads\/2017\/07\/Ferien-Verpackung-.jpg\" alt=\"\" width=\"800\" height=\"600\" srcset=\"https:\/\/www.sabine-seyffert.de\/blog\/wp-content\/uploads\/2017\/07\/Ferien-Verpackung-.jpg 800w, https:\/\/www.sabine-seyffert.de\/blog\/wp-content\/uploads\/2017\/07\/Ferien-Verpackung--300x225.jpg 300w, https:\/\/www.sabine-seyffert.de\/blog\/wp-content\/uploads\/2017\/07\/Ferien-Verpackung--768x576.jpg 768w\" sizes=\"auto, (max-width: 800px) 100vw, 800px\" \/><\/a><\/p>\n<p style=\"text-align: justify;\">Das fertige Boot klebt man mit Hei\u00dfkleber auf die Wellen. Darunter habe ich noch ein Fundst\u00fcck vom letzten Urlaub angebracht, ein kleines Schneckenhaus. Mit Buchstabenstempeln habe ich \u201eSch\u00f6ne Ferien\u201c auf das Geschenk gedruckt.<\/p>\n<p style=\"text-align: center;\"><a href=\"http:\/\/www.sabine-seyffert.de\/blog\/wp-content\/uploads\/2017\/07\/Ferien-Verpackung-9.jpg\"><img loading=\"lazy\" decoding=\"async\" class=\"alignnone size-full wp-image-10705\" src=\"http:\/\/www.sabine-seyffert.de\/blog\/wp-content\/uploads\/2017\/07\/Ferien-Verpackung-9.jpg\" alt=\"\" width=\"800\" height=\"600\" srcset=\"https:\/\/www.sabine-seyffert.de\/blog\/wp-content\/uploads\/2017\/07\/Ferien-Verpackung-9.jpg 800w, https:\/\/www.sabine-seyffert.de\/blog\/wp-content\/uploads\/2017\/07\/Ferien-Verpackung-9-300x225.jpg 300w, https:\/\/www.sabine-seyffert.de\/blog\/wp-content\/uploads\/2017\/07\/Ferien-Verpackung-9-768x576.jpg 768w\" sizes=\"auto, (max-width: 800px) 100vw, 800px\" \/><\/a><\/p>\n<p style=\"text-align: justify;\">Dazwischen kamen noch ein paar wei\u00dfe Wolken aus Watte sowie ein paar V\u00f6gel, gemalt mit Fineliner.<\/p>\n<p style=\"text-align: center;\"><a href=\"http:\/\/www.sabine-seyffert.de\/blog\/wp-content\/uploads\/2017\/07\/Ferien-Verpackung-4.jpg\"><img loading=\"lazy\" decoding=\"async\" class=\"alignnone size-full wp-image-10706\" src=\"http:\/\/www.sabine-seyffert.de\/blog\/wp-content\/uploads\/2017\/07\/Ferien-Verpackung-4.jpg\" alt=\"\" width=\"800\" height=\"600\" srcset=\"https:\/\/www.sabine-seyffert.de\/blog\/wp-content\/uploads\/2017\/07\/Ferien-Verpackung-4.jpg 800w, https:\/\/www.sabine-seyffert.de\/blog\/wp-content\/uploads\/2017\/07\/Ferien-Verpackung-4-300x225.jpg 300w, https:\/\/www.sabine-seyffert.de\/blog\/wp-content\/uploads\/2017\/07\/Ferien-Verpackung-4-768x576.jpg 768w\" sizes=\"auto, (max-width: 800px) 100vw, 800px\" \/><\/a><\/p>\n<p style=\"text-align: justify;\">Am Rand habe ich aus Masking Tape noch ein paar fr\u00f6hliche Wimpel auf das Papier geklebt und mit dem Dymoger\u00e4t \u201eAhoi\u201c als Schriftzug aufgeklebt.<br \/>\nSo steht dem Start in die Sommerferien nichts mehr im Wege \ud83d\ude42<\/p>\n<p style=\"text-align: center;\"><a href=\"http:\/\/www.sabine-seyffert.de\/blog\/wp-content\/uploads\/2017\/07\/Ferien-Verpackung-5.jpg\"><img loading=\"lazy\" decoding=\"async\" class=\"alignnone size-full wp-image-10707\" src=\"http:\/\/www.sabine-seyffert.de\/blog\/wp-content\/uploads\/2017\/07\/Ferien-Verpackung-5.jpg\" alt=\"\" width=\"800\" height=\"600\" srcset=\"https:\/\/www.sabine-seyffert.de\/blog\/wp-content\/uploads\/2017\/07\/Ferien-Verpackung-5.jpg 800w, https:\/\/www.sabine-seyffert.de\/blog\/wp-content\/uploads\/2017\/07\/Ferien-Verpackung-5-300x225.jpg 300w, https:\/\/www.sabine-seyffert.de\/blog\/wp-content\/uploads\/2017\/07\/Ferien-Verpackung-5-768x576.jpg 768w\" sizes=\"auto, (max-width: 800px) 100vw, 800px\" \/><\/a><\/p>\n<p style=\"text-align: justify;\">Weitere Bastelanleitungen f\u00fcr selbst gemachte Geschenkverpackungen gibt es in <a href=\"http:\/\/www.sabine-seyffert.de\/blog\/?cat=49\" target=\"_blank\" rel=\"noopener\">dieser Rubrik<\/a>, alles zum Thema Ferien &amp; Reisen <a href=\"http:\/\/www.sabine-seyffert.de\/blog\/?cat=38\" target=\"_blank\" rel=\"noopener\">hier<\/a>, sommerliches <a href=\"http:\/\/www.sabine-seyffert.de\/blog\/?cat=24\" target=\"_blank\" rel=\"noopener\">dort<\/a> und andere kreative Sachen <a href=\"http:\/\/www.creadienstag.de\/2017\/07\/linkparty287.html\" target=\"_blank\" rel=\"noopener\">da<\/a>.<\/p>\n<p style=\"text-align: center;\"><a href=\"http:\/\/www.sabine-seyffert.de\/blog\/wp-content\/uploads\/2017\/07\/Ferien-Verpackung-1.jpg\"><img loading=\"lazy\" decoding=\"async\" class=\"alignnone size-full wp-image-10708\" src=\"http:\/\/www.sabine-seyffert.de\/blog\/wp-content\/uploads\/2017\/07\/Ferien-Verpackung-1.jpg\" alt=\"\" width=\"800\" height=\"600\" srcset=\"https:\/\/www.sabine-seyffert.de\/blog\/wp-content\/uploads\/2017\/07\/Ferien-Verpackung-1.jpg 800w, https:\/\/www.sabine-seyffert.de\/blog\/wp-content\/uploads\/2017\/07\/Ferien-Verpackung-1-300x225.jpg 300w, https:\/\/www.sabine-seyffert.de\/blog\/wp-content\/uploads\/2017\/07\/Ferien-Verpackung-1-768x576.jpg 768w\" sizes=\"auto, (max-width: 800px) 100vw, 800px\" \/><\/a><\/p>\n<p><a href=\"http:\/\/www.sabine-seyffert.de\/blog\/?page_id=32#urheberrecht\">urheberrechtlich gesch\u00fctzt<\/a>, \u00a9 Sabine Seyffert<\/p>\n","protected":false},"excerpt":{"rendered":"<p>Die Ferien sind in greifbarer N\u00e4he. Und wie in jedem Jahr gibt es auch zum Ende dieses Schuljahres ein kleines Geschenk f\u00fcr die Lehrerin als Dank f\u00fcr die gute Zusammenarbeit. F\u00fcr dieses Pr\u00e4sent habe ich eine passende Geschenkverpackung ben\u00f6tigt. Offenbar liegt es an der Jahreszeit und den bevorstehenden Sommerferien \u2013 die Sehnsucht nach einer Auszeit&#8230; <a href=\"https:\/\/www.sabine-seyffert.de\/blog\/bastelidee-selbst-gemachte-geschenkverpackung-der-sommer-ist-da-wir-wuenschen-schoene-ferien\/\" class=\"more-link\">Read more: Bastelidee &#038; selbst gemachte Geschenkverpackung: Der Sommer ist da \u2013 wir w\u00fcnschen sch\u00f6ne Ferien!<\/a><\/p>\n","protected":false},"author":2,"featured_media":0,"comment_status":"open","ping_status":"open","sticky":false,"template":"","format":"standard","meta":{"_metis_text_type":"","_metis_text_length":2249,"_post_count":0,"footnotes":""},"categories":[38,49,24],"tags":[],"class_list":["post-10699","post","type-post","status-publish","format-standard","hentry","category-ferien","category-verpackungsideen","category-sommer"],"_links":{"self":[{"href":"https:\/\/www.sabine-seyffert.de\/blog\/wp-json\/wp\/v2\/posts\/10699","targetHints":{"allow":["GET"]}}],"collection":[{"href":"https:\/\/www.sabine-seyffert.de\/blog\/wp-json\/wp\/v2\/posts"}],"about":[{"href":"https:\/\/www.sabine-seyffert.de\/blog\/wp-json\/wp\/v2\/types\/post"}],"author":[{"embeddable":true,"href":"https:\/\/www.sabine-seyffert.de\/blog\/wp-json\/wp\/v2\/users\/2"}],"replies":[{"embeddable":true,"href":"https:\/\/www.sabine-seyffert.de\/blog\/wp-json\/wp\/v2\/comments?post=10699"}],"version-history":[{"count":3,"href":"https:\/\/www.sabine-seyffert.de\/blog\/wp-json\/wp\/v2\/posts\/10699\/revisions"}],"predecessor-version":[{"id":10722,"href":"https:\/\/www.sabine-seyffert.de\/blog\/wp-json\/wp\/v2\/posts\/10699\/revisions\/10722"}],"wp:attachment":[{"href":"https:\/\/www.sabine-seyffert.de\/blog\/wp-json\/wp\/v2\/media?parent=10699"}],"wp:term":[{"taxonomy":"category","embeddable":true,"href":"https:\/\/www.sabine-seyffert.de\/blog\/wp-json\/wp\/v2\/categories?post=10699"},{"taxonomy":"post_tag","embeddable":true,"href":"https:\/\/www.sabine-seyffert.de\/blog\/wp-json\/wp\/v2\/tags?post=10699"}],"curies":[{"name":"wp","href":"https:\/\/api.w.org\/{rel}","templated":true}]}}