{"id":10687,"date":"2017-07-04T05:39:45","date_gmt":"2017-07-04T03:39:45","guid":{"rendered":"http:\/\/www.sabine-seyffert.de\/blog\/?p=10687"},"modified":"2017-07-04T05:39:45","modified_gmt":"2017-07-04T03:39:45","slug":"diy-zum-schulstart-mein-schulweg-als-fotobuch-so-macht-lernen-spass-das-schulwegtraining-auch","status":"publish","type":"post","link":"https:\/\/www.sabine-seyffert.de\/blog\/diy-zum-schulstart-mein-schulweg-als-fotobuch-so-macht-lernen-spass-das-schulwegtraining-auch\/","title":{"rendered":"DIY zum Schulstart: Mein Schulweg als Fotobuch \u2013 so macht Lernen Spa\u00df &#038; das Schulwegtraining auch"},"content":{"rendered":"<p style=\"text-align: justify;\"><img loading=\"lazy\" decoding=\"async\" src=\"https:\/\/ssl-vg03.met.vgwort.de\/na\/981b5f092dfe4531a71b8571c07b3076\" alt=\"\" width=\"1\" height=\"1\" \/>Vor der Einschulung bzw. vor den davor liegenden Sommerferien erhielten wir Post von der Grundschule. Alle Schulneulinge mussten in den Schulferien ein Schulwegtagebuch f\u00fchren, mit dem der zuk\u00fcnftige Schulweg m\u00f6glichst oft ge\u00fcbt und schriftlich festgehalten werden sollte.<br \/>\nEine sehr sch\u00f6ne Idee und ganz nach meinem Geschmack. Denn zum einen sollen die Kinder ja lernen ihren t\u00e4glichen Schulweg m\u00f6glichst eigenst\u00e4ndig zu gehen und zum anderen wird dieses Schulwegtraining nicht nur Sicherheit vermitteln sondern auch die Vorfreude auf die Einschulung.<br \/>\nAus diesem Grunde haben wir seinerzeit den Fu\u00dfweg zur nahe gelegenen Grundschule fast t\u00e4glich gemeinsam ge\u00fcbt. Dabei sind uns jedes Mal neue Situationen begegnet und Dinge aufgefallen, die meine Tochter im Stra\u00dfenverkehr als Fu\u00dfg\u00e4nger sehr besch\u00e4ftigt haben. So haben wir nach einem unserer Schulweg Runden beschlossen, beim n\u00e4chsten Mal Fotos zu machen. Anschlie\u00dfend habe ich aus den vielen Fotos dann ein kleines Fotobuch gebastelt, in dem der gesamte Schulweg mit all seinen Begebenheiten ausf\u00fchrlich beschrieben und bebildert ist.<\/p>\n<p style=\"text-align: center;\"><a href=\"http:\/\/www.sabine-seyffert.de\/blog\/wp-content\/uploads\/2017\/07\/Album-Schulweg-4.jpg\"><img loading=\"lazy\" decoding=\"async\" class=\"alignnone size-full wp-image-10688\" src=\"http:\/\/www.sabine-seyffert.de\/blog\/wp-content\/uploads\/2017\/07\/Album-Schulweg-4.jpg\" alt=\"\" width=\"800\" height=\"600\" srcset=\"https:\/\/www.sabine-seyffert.de\/blog\/wp-content\/uploads\/2017\/07\/Album-Schulweg-4.jpg 800w, https:\/\/www.sabine-seyffert.de\/blog\/wp-content\/uploads\/2017\/07\/Album-Schulweg-4-300x225.jpg 300w, https:\/\/www.sabine-seyffert.de\/blog\/wp-content\/uploads\/2017\/07\/Album-Schulweg-4-768x576.jpg 768w\" sizes=\"auto, (max-width: 800px) 100vw, 800px\" \/><\/a><\/p>\n<p style=\"text-align: justify;\"><strong>Das wird gebraucht:<\/strong><br \/>\n1 Heftstreifen, Locher, Locherverst\u00e4rker, Tonkarton, 1 gro\u00dfer Bogen wei\u00dfes Tonpapier, Bleistift, Lineal, Radiergummi, Fotokleber, Fotos vom Schulweg und eine Schere<\/p>\n<p style=\"text-align: center;\"><a href=\"http:\/\/www.sabine-seyffert.de\/blog\/wp-content\/uploads\/2017\/07\/Album-Schulweg-11.jpg\"><img loading=\"lazy\" decoding=\"async\" class=\"alignnone size-full wp-image-10689\" src=\"http:\/\/www.sabine-seyffert.de\/blog\/wp-content\/uploads\/2017\/07\/Album-Schulweg-11.jpg\" alt=\"\" width=\"800\" height=\"600\" srcset=\"https:\/\/www.sabine-seyffert.de\/blog\/wp-content\/uploads\/2017\/07\/Album-Schulweg-11.jpg 800w, https:\/\/www.sabine-seyffert.de\/blog\/wp-content\/uploads\/2017\/07\/Album-Schulweg-11-300x225.jpg 300w, https:\/\/www.sabine-seyffert.de\/blog\/wp-content\/uploads\/2017\/07\/Album-Schulweg-11-768x576.jpg 768w\" sizes=\"auto, (max-width: 800px) 100vw, 800px\" \/><\/a><\/p>\n<p style=\"text-align: justify;\"><strong>So wird\u2019s gemacht:<\/strong><br \/>\nZuerst haben wir auf dem Schulweg zahlreiche Fotos gemacht. Vor allen Dingen von den \u201eHindernissen\u201c und Orten, auf denen man besonders aufpassen und Acht geben muss. Diese habe ich als Fotoabz\u00fcge bestellt.<\/p>\n<p style=\"text-align: center;\"><a href=\"http:\/\/www.sabine-seyffert.de\/blog\/wp-content\/uploads\/2017\/07\/Album-Schulweg-10.jpg\"><img loading=\"lazy\" decoding=\"async\" class=\"alignnone size-full wp-image-10690\" src=\"http:\/\/www.sabine-seyffert.de\/blog\/wp-content\/uploads\/2017\/07\/Album-Schulweg-10.jpg\" alt=\"\" width=\"800\" height=\"600\" srcset=\"https:\/\/www.sabine-seyffert.de\/blog\/wp-content\/uploads\/2017\/07\/Album-Schulweg-10.jpg 800w, https:\/\/www.sabine-seyffert.de\/blog\/wp-content\/uploads\/2017\/07\/Album-Schulweg-10-300x225.jpg 300w, https:\/\/www.sabine-seyffert.de\/blog\/wp-content\/uploads\/2017\/07\/Album-Schulweg-10-768x576.jpg 768w\" sizes=\"auto, (max-width: 800px) 100vw, 800px\" \/><\/a><\/p>\n<p style=\"text-align: justify;\">F\u00fcr das Fotobuch schneidet man einen breiten Streifen Tonkarton zurecht und faltet diesen so, wie in <a href=\"http:\/\/www.sabine-seyffert.de\/blog\/?p=2260\" target=\"_blank\" rel=\"noopener\">dieser Bastelanleitung<\/a> von unserem Ferienordner beschrieben. Dann locht man diesen mittig und steckt den Heftstreifen von hinten durch die \u00d6ffnung. Damit beim Bl\u00e4ttern nichts rei\u00dft, habe ich alle L\u00f6cher von der R\u00fcckseite mit Lochverst\u00e4rker versehen.<\/p>\n<p style=\"text-align: center;\"><a href=\"http:\/\/www.sabine-seyffert.de\/blog\/wp-content\/uploads\/2017\/07\/Album-Schulweg-8.jpg\"><img loading=\"lazy\" decoding=\"async\" class=\"alignnone size-full wp-image-10691\" src=\"http:\/\/www.sabine-seyffert.de\/blog\/wp-content\/uploads\/2017\/07\/Album-Schulweg-8.jpg\" alt=\"\" width=\"800\" height=\"600\" srcset=\"https:\/\/www.sabine-seyffert.de\/blog\/wp-content\/uploads\/2017\/07\/Album-Schulweg-8.jpg 800w, https:\/\/www.sabine-seyffert.de\/blog\/wp-content\/uploads\/2017\/07\/Album-Schulweg-8-300x225.jpg 300w, https:\/\/www.sabine-seyffert.de\/blog\/wp-content\/uploads\/2017\/07\/Album-Schulweg-8-768x576.jpg 768w\" sizes=\"auto, (max-width: 800px) 100vw, 800px\" \/><\/a><\/p>\n<p style=\"text-align: justify;\">F\u00fcr die Buchseiten habe ich mir aus einem Bogen wei\u00dfen Tonkarton Rechtecke geschnitten. Diese kann man mit Lineal und Bleistift vorzeichnen. Nach dem Schneiden radiert man die Bleistiftreste einfach weg.<\/p>\n<p style=\"text-align: center;\"><a href=\"http:\/\/www.sabine-seyffert.de\/blog\/wp-content\/uploads\/2017\/07\/Album-Schulweg-7.jpg\"><img loading=\"lazy\" decoding=\"async\" class=\"alignnone size-full wp-image-10692\" src=\"http:\/\/www.sabine-seyffert.de\/blog\/wp-content\/uploads\/2017\/07\/Album-Schulweg-7.jpg\" alt=\"\" width=\"800\" height=\"600\" srcset=\"https:\/\/www.sabine-seyffert.de\/blog\/wp-content\/uploads\/2017\/07\/Album-Schulweg-7.jpg 800w, https:\/\/www.sabine-seyffert.de\/blog\/wp-content\/uploads\/2017\/07\/Album-Schulweg-7-300x225.jpg 300w, https:\/\/www.sabine-seyffert.de\/blog\/wp-content\/uploads\/2017\/07\/Album-Schulweg-7-768x576.jpg 768w\" sizes=\"auto, (max-width: 800px) 100vw, 800px\" \/><\/a><\/p>\n<p style=\"text-align: justify;\">Die Seiten locht man ebenfalls und kann nun auf jedes Blatt der Reihenfolge nach die Fotos des Schulwegs kleben. So hat man ein ganz pers\u00f6nliches Buch von dem Schulweg zur Hand. Meine Tochter hat das Buch sehr geliebt und immer wieder angeschaut.<\/p>\n<p style=\"text-align: center;\"><a href=\"http:\/\/www.sabine-seyffert.de\/blog\/wp-content\/uploads\/2017\/07\/Album-Schulweg-3.jpg\"><img loading=\"lazy\" decoding=\"async\" class=\"alignnone size-full wp-image-10693\" src=\"http:\/\/www.sabine-seyffert.de\/blog\/wp-content\/uploads\/2017\/07\/Album-Schulweg-3.jpg\" alt=\"\" width=\"800\" height=\"600\" srcset=\"https:\/\/www.sabine-seyffert.de\/blog\/wp-content\/uploads\/2017\/07\/Album-Schulweg-3.jpg 800w, https:\/\/www.sabine-seyffert.de\/blog\/wp-content\/uploads\/2017\/07\/Album-Schulweg-3-300x225.jpg 300w, https:\/\/www.sabine-seyffert.de\/blog\/wp-content\/uploads\/2017\/07\/Album-Schulweg-3-768x576.jpg 768w\" sizes=\"auto, (max-width: 800px) 100vw, 800px\" \/><\/a><\/p>\n<p style=\"text-align: justify;\">F\u00fcr alle Kinder, die in K\u00fcrze eingeschult werden sicher eine gro\u00dfe Hilfe und zudem eine sch\u00f6ne Bastelidee f\u00fcr die Sommerferien!<\/p>\n<p style=\"text-align: center;\"><a href=\"http:\/\/www.sabine-seyffert.de\/blog\/wp-content\/uploads\/2017\/07\/Album-Schulweg-2.jpg\"><img loading=\"lazy\" decoding=\"async\" class=\"alignnone size-full wp-image-10694\" src=\"http:\/\/www.sabine-seyffert.de\/blog\/wp-content\/uploads\/2017\/07\/Album-Schulweg-2.jpg\" alt=\"\" width=\"800\" height=\"600\" srcset=\"https:\/\/www.sabine-seyffert.de\/blog\/wp-content\/uploads\/2017\/07\/Album-Schulweg-2.jpg 800w, https:\/\/www.sabine-seyffert.de\/blog\/wp-content\/uploads\/2017\/07\/Album-Schulweg-2-300x225.jpg 300w, https:\/\/www.sabine-seyffert.de\/blog\/wp-content\/uploads\/2017\/07\/Album-Schulweg-2-768x576.jpg 768w\" sizes=\"auto, (max-width: 800px) 100vw, 800px\" \/><\/a><\/p>\n<p style=\"text-align: justify;\">Weitere Ideen zur Einschulung gibt es in <a href=\"http:\/\/www.sabine-seyffert.de\/blog\/?cat=40\" target=\"_blank\" rel=\"noopener\">dieser Rubrik<\/a>, einen Artikel zum \u00dcben des Schulwegs <a href=\"http:\/\/www.sabine-seyffert.de\/blog\/?p=2491\" target=\"_blank\" rel=\"noopener\">dort<\/a> und andere kreative Sachen <a href=\"http:\/\/www.creadienstag.de\/2017\/06\/Linkparty-285.html\" target=\"_blank\" rel=\"noopener\">da<\/a>.<\/p>\n<p style=\"text-align: center;\"><a href=\"http:\/\/www.sabine-seyffert.de\/blog\/wp-content\/uploads\/2017\/07\/Album-Schulweg-5.jpg\"><img loading=\"lazy\" decoding=\"async\" class=\"alignnone size-full wp-image-10695\" src=\"http:\/\/www.sabine-seyffert.de\/blog\/wp-content\/uploads\/2017\/07\/Album-Schulweg-5.jpg\" alt=\"\" width=\"800\" height=\"600\" srcset=\"https:\/\/www.sabine-seyffert.de\/blog\/wp-content\/uploads\/2017\/07\/Album-Schulweg-5.jpg 800w, https:\/\/www.sabine-seyffert.de\/blog\/wp-content\/uploads\/2017\/07\/Album-Schulweg-5-300x225.jpg 300w, https:\/\/www.sabine-seyffert.de\/blog\/wp-content\/uploads\/2017\/07\/Album-Schulweg-5-768x576.jpg 768w\" sizes=\"auto, (max-width: 800px) 100vw, 800px\" \/><\/a><\/p>\n<p>Bis zum 05. Juli 2017 k\u00f6nnt ihr noch an <a href=\"http:\/\/www.sabine-seyffert.de\/blog\/?p=10628\" target=\"_blank\" rel=\"noopener\">diesem tollen Gewinnspiel<\/a> teilnehmen und eins von drei Spielen gewinnen \ud83d\ude42<\/p>\n<p><a href=\"http:\/\/www.sabine-seyffert.de\/blog\/?page_id=32#urheberrecht\">urheberrechtlich gesch\u00fctzt<\/a>, \u00a9 Sabine Seyffert<\/p>\n","protected":false},"excerpt":{"rendered":"<p>Vor der Einschulung bzw. vor den davor liegenden Sommerferien erhielten wir Post von der Grundschule. Alle Schulneulinge mussten in den Schulferien ein Schulwegtagebuch f\u00fchren, mit dem der zuk\u00fcnftige Schulweg m\u00f6glichst oft ge\u00fcbt und schriftlich festgehalten werden sollte. Eine sehr sch\u00f6ne Idee und ganz nach meinem Geschmack. Denn zum einen sollen die Kinder ja lernen ihren&#8230; <a href=\"https:\/\/www.sabine-seyffert.de\/blog\/diy-zum-schulstart-mein-schulweg-als-fotobuch-so-macht-lernen-spass-das-schulwegtraining-auch\/\" class=\"more-link\">Read more: DIY zum Schulstart: Mein Schulweg als Fotobuch \u2013 so macht Lernen Spa\u00df &#038; das Schulwegtraining auch<\/a><\/p>\n","protected":false},"author":2,"featured_media":0,"comment_status":"open","ping_status":"open","sticky":false,"template":"","format":"standard","meta":{"_metis_text_type":"","_metis_text_length":2715,"_post_count":0,"footnotes":""},"categories":[32,40,24],"tags":[],"class_list":["post-10687","post","type-post","status-publish","format-standard","hentry","category-kreatives-fur-kleine-kinderhande","category-schulstart","category-sommer"],"_links":{"self":[{"href":"https:\/\/www.sabine-seyffert.de\/blog\/wp-json\/wp\/v2\/posts\/10687","targetHints":{"allow":["GET"]}}],"collection":[{"href":"https:\/\/www.sabine-seyffert.de\/blog\/wp-json\/wp\/v2\/posts"}],"about":[{"href":"https:\/\/www.sabine-seyffert.de\/blog\/wp-json\/wp\/v2\/types\/post"}],"author":[{"embeddable":true,"href":"https:\/\/www.sabine-seyffert.de\/blog\/wp-json\/wp\/v2\/users\/2"}],"replies":[{"embeddable":true,"href":"https:\/\/www.sabine-seyffert.de\/blog\/wp-json\/wp\/v2\/comments?post=10687"}],"version-history":[{"count":2,"href":"https:\/\/www.sabine-seyffert.de\/blog\/wp-json\/wp\/v2\/posts\/10687\/revisions"}],"predecessor-version":[{"id":10697,"href":"https:\/\/www.sabine-seyffert.de\/blog\/wp-json\/wp\/v2\/posts\/10687\/revisions\/10697"}],"wp:attachment":[{"href":"https:\/\/www.sabine-seyffert.de\/blog\/wp-json\/wp\/v2\/media?parent=10687"}],"wp:term":[{"taxonomy":"category","embeddable":true,"href":"https:\/\/www.sabine-seyffert.de\/blog\/wp-json\/wp\/v2\/categories?post=10687"},{"taxonomy":"post_tag","embeddable":true,"href":"https:\/\/www.sabine-seyffert.de\/blog\/wp-json\/wp\/v2\/tags?post=10687"}],"curies":[{"name":"wp","href":"https:\/\/api.w.org\/{rel}","templated":true}]}}