{"id":10671,"date":"2017-07-01T08:21:15","date_gmt":"2017-07-01T06:21:15","guid":{"rendered":"http:\/\/www.sabine-seyffert.de\/blog\/?p=10671"},"modified":"2017-07-01T08:21:15","modified_gmt":"2017-07-01T06:21:15","slug":"spontaner-familienausflug-im-bergischen-land-eine-kleine-auszeit-im-gelpetal-und-ganz-viel-wald","status":"publish","type":"post","link":"https:\/\/www.sabine-seyffert.de\/blog\/spontaner-familienausflug-im-bergischen-land-eine-kleine-auszeit-im-gelpetal-und-ganz-viel-wald\/","title":{"rendered":"Spontaner Familienausflug im Bergischen Land: Eine kleine Auszeit im Gelpetal und ganz viel Wald"},"content":{"rendered":"<p style=\"text-align: justify;\"><img loading=\"lazy\" decoding=\"async\" src=\"https:\/\/ssl-vg03.met.vgwort.de\/na\/5a41c8e57c534af3ad6c825eefb2e847\" alt=\"\" width=\"1\" height=\"1\" \/>Zu einem tollen Ausflug kann man mich immer \u00fcberreden. Die Kinder auch \u2013 es sei denn es handelt sich dabei um einen ausgiebigen Spaziergang. Diese Aussicht sorgt erfahrungsgem\u00e4\u00df dann eher f\u00fcr langgezogene Gesichter und h\u00e4ngende Mundwinkel.<\/p>\n<p style=\"text-align: center;\"><a href=\"http:\/\/www.sabine-seyffert.de\/blog\/wp-content\/uploads\/2017\/06\/Ausflug-Gelpe-1.jpg\"><img loading=\"lazy\" decoding=\"async\" class=\"alignnone size-full wp-image-10672\" src=\"http:\/\/www.sabine-seyffert.de\/blog\/wp-content\/uploads\/2017\/06\/Ausflug-Gelpe-1.jpg\" alt=\"\" width=\"800\" height=\"600\" srcset=\"https:\/\/www.sabine-seyffert.de\/blog\/wp-content\/uploads\/2017\/06\/Ausflug-Gelpe-1.jpg 800w, https:\/\/www.sabine-seyffert.de\/blog\/wp-content\/uploads\/2017\/06\/Ausflug-Gelpe-1-300x225.jpg 300w, https:\/\/www.sabine-seyffert.de\/blog\/wp-content\/uploads\/2017\/06\/Ausflug-Gelpe-1-768x576.jpg 768w\" sizes=\"auto, (max-width: 800px) 100vw, 800px\" \/><\/a><\/p>\n<p style=\"text-align: justify;\">Vor kurzem hatten wir \u201eGro\u00dfen\u201c beim Fr\u00fchst\u00fcck beschlossen eine kleine Wanderung zu machen. Und da von vier Kindern nur die J\u00fcngste anwesend war, blieb ihr nichts anderes \u00fcbrig, als uns zu begleiten.<\/p>\n<p style=\"text-align: center;\"><a href=\"http:\/\/www.sabine-seyffert.de\/blog\/wp-content\/uploads\/2017\/06\/Ausflug-Gelpe-3.jpg\"><img loading=\"lazy\" decoding=\"async\" class=\"alignnone size-full wp-image-10673\" src=\"http:\/\/www.sabine-seyffert.de\/blog\/wp-content\/uploads\/2017\/06\/Ausflug-Gelpe-3.jpg\" alt=\"\" width=\"800\" height=\"600\" srcset=\"https:\/\/www.sabine-seyffert.de\/blog\/wp-content\/uploads\/2017\/06\/Ausflug-Gelpe-3.jpg 800w, https:\/\/www.sabine-seyffert.de\/blog\/wp-content\/uploads\/2017\/06\/Ausflug-Gelpe-3-300x225.jpg 300w, https:\/\/www.sabine-seyffert.de\/blog\/wp-content\/uploads\/2017\/06\/Ausflug-Gelpe-3-768x576.jpg 768w\" sizes=\"auto, (max-width: 800px) 100vw, 800px\" \/><\/a><\/p>\n<p style=\"text-align: justify;\">Vom Wanderparkplatz aus ging es dann los und in den Wald. Neben dem schmalen Weg pl\u00e4tscherte die <a href=\"https:\/\/de.wikipedia.org\/wiki\/Gelpetal\" target=\"_blank\" rel=\"noopener\">Gelpe<\/a> entlang. Das \u00fcppige Gr\u00fcn der B\u00e4ume spendete uns Schatten und die vielen Moos Fl\u00e4chen, Baumwurzeln und Bl\u00e4tter nahmen mich gedanklich sofort mit ins bunte Land der Fantasie.<\/p>\n<p style=\"text-align: center;\"><a href=\"http:\/\/www.sabine-seyffert.de\/blog\/wp-content\/uploads\/2017\/06\/Ausflug-Gelpe-2.jpg\"><img loading=\"lazy\" decoding=\"async\" class=\"alignnone size-full wp-image-10674\" src=\"http:\/\/www.sabine-seyffert.de\/blog\/wp-content\/uploads\/2017\/06\/Ausflug-Gelpe-2.jpg\" alt=\"\" width=\"800\" height=\"600\" srcset=\"https:\/\/www.sabine-seyffert.de\/blog\/wp-content\/uploads\/2017\/06\/Ausflug-Gelpe-2.jpg 800w, https:\/\/www.sabine-seyffert.de\/blog\/wp-content\/uploads\/2017\/06\/Ausflug-Gelpe-2-300x225.jpg 300w, https:\/\/www.sabine-seyffert.de\/blog\/wp-content\/uploads\/2017\/06\/Ausflug-Gelpe-2-768x576.jpg 768w\" sizes=\"auto, (max-width: 800px) 100vw, 800px\" \/><\/a><\/p>\n<p style=\"text-align: justify;\">Und zwar zu magischen, fantasievollen Orten, wie man sie in vielen meiner Entspannungsgeschichten und Fantasiereisen erleben kann. Schon allein die wohltuende Ruhe und Stille hier, hat etwas sehr beruhigendes was mich wirklich sofort entspannen und neue Kraft tanken l\u00e4sst.<\/p>\n<p style=\"text-align: center;\"><a href=\"http:\/\/www.sabine-seyffert.de\/blog\/wp-content\/uploads\/2017\/06\/Ausflug-Gelpe-4.jpg\"><img loading=\"lazy\" decoding=\"async\" class=\"alignnone size-full wp-image-10675\" src=\"http:\/\/www.sabine-seyffert.de\/blog\/wp-content\/uploads\/2017\/06\/Ausflug-Gelpe-4.jpg\" alt=\"\" width=\"800\" height=\"600\" srcset=\"https:\/\/www.sabine-seyffert.de\/blog\/wp-content\/uploads\/2017\/06\/Ausflug-Gelpe-4.jpg 800w, https:\/\/www.sabine-seyffert.de\/blog\/wp-content\/uploads\/2017\/06\/Ausflug-Gelpe-4-300x225.jpg 300w, https:\/\/www.sabine-seyffert.de\/blog\/wp-content\/uploads\/2017\/06\/Ausflug-Gelpe-4-768x576.jpg 768w\" sizes=\"auto, (max-width: 800px) 100vw, 800px\" \/><\/a><\/p>\n<p style=\"text-align: justify;\">Wir spazieren mitten durch den Auenwald am Wasser entlang. An ganz warmen Tagen l\u00e4sst es sich hier ganz wunderbar am Bach spielen, kleine Staud\u00e4mme bauen und durch das k\u00fchle Wasser h\u00fcpfen\u2026<\/p>\n<p style=\"text-align: center;\"><a href=\"http:\/\/www.sabine-seyffert.de\/blog\/wp-content\/uploads\/2017\/06\/Ausflug-Gelpe-5.jpg\"><img loading=\"lazy\" decoding=\"async\" class=\"alignnone size-full wp-image-10676\" src=\"http:\/\/www.sabine-seyffert.de\/blog\/wp-content\/uploads\/2017\/06\/Ausflug-Gelpe-5.jpg\" alt=\"\" width=\"800\" height=\"600\" srcset=\"https:\/\/www.sabine-seyffert.de\/blog\/wp-content\/uploads\/2017\/06\/Ausflug-Gelpe-5.jpg 800w, https:\/\/www.sabine-seyffert.de\/blog\/wp-content\/uploads\/2017\/06\/Ausflug-Gelpe-5-300x225.jpg 300w, https:\/\/www.sabine-seyffert.de\/blog\/wp-content\/uploads\/2017\/06\/Ausflug-Gelpe-5-768x576.jpg 768w\" sizes=\"auto, (max-width: 800px) 100vw, 800px\" \/><\/a><\/p>\n<p style=\"text-align: justify;\">Und da \u2013 hopp, h\u00fcpfte meiner Tochter auch schon eine Kr\u00f6te vor die F\u00fc\u00dfe und gleich darauf den Hang hinauf. Leider war der Moment zu schnell vorbei, als dass meine Kamera diesen gut h\u00e4tte \u201eeinfangen\u201c und verewigen k\u00f6nnen.<\/p>\n<p style=\"text-align: center;\"><a href=\"http:\/\/www.sabine-seyffert.de\/blog\/wp-content\/uploads\/2017\/06\/Ausflug-Gelpe-6.jpg\"><img loading=\"lazy\" decoding=\"async\" class=\"alignnone size-full wp-image-10677\" src=\"http:\/\/www.sabine-seyffert.de\/blog\/wp-content\/uploads\/2017\/06\/Ausflug-Gelpe-6.jpg\" alt=\"\" width=\"800\" height=\"600\" srcset=\"https:\/\/www.sabine-seyffert.de\/blog\/wp-content\/uploads\/2017\/06\/Ausflug-Gelpe-6.jpg 800w, https:\/\/www.sabine-seyffert.de\/blog\/wp-content\/uploads\/2017\/06\/Ausflug-Gelpe-6-300x225.jpg 300w, https:\/\/www.sabine-seyffert.de\/blog\/wp-content\/uploads\/2017\/06\/Ausflug-Gelpe-6-768x576.jpg 768w\" sizes=\"auto, (max-width: 800px) 100vw, 800px\" \/><\/a><\/p>\n<p style=\"text-align: justify;\">Wir kommen auf unserer Wanderung an einem Minigolf Platz und gro\u00dfen Ausflugslokal vorbei. Direkt davor gibt es einen \u201eParkplatz\u201c f\u00fcr Pferde. Allerdings ist zu dieser Zeit noch kein reger Ausflugsbetrieb.<\/p>\n<p style=\"text-align: center;\"><a href=\"http:\/\/www.sabine-seyffert.de\/blog\/wp-content\/uploads\/2017\/06\/Ausflug-Gelpe-7.jpg\"><img loading=\"lazy\" decoding=\"async\" class=\"alignnone size-full wp-image-10678\" src=\"http:\/\/www.sabine-seyffert.de\/blog\/wp-content\/uploads\/2017\/06\/Ausflug-Gelpe-7.jpg\" alt=\"\" width=\"800\" height=\"600\" srcset=\"https:\/\/www.sabine-seyffert.de\/blog\/wp-content\/uploads\/2017\/06\/Ausflug-Gelpe-7.jpg 800w, https:\/\/www.sabine-seyffert.de\/blog\/wp-content\/uploads\/2017\/06\/Ausflug-Gelpe-7-300x225.jpg 300w, https:\/\/www.sabine-seyffert.de\/blog\/wp-content\/uploads\/2017\/06\/Ausflug-Gelpe-7-768x576.jpg 768w\" sizes=\"auto, (max-width: 800px) 100vw, 800px\" \/><\/a><\/p>\n<p style=\"text-align: justify;\">Von dort aus folgen wir dem schmalen \u201e<a href=\"https:\/\/de.wikipedia.org\/wiki\/Schanze_an_der_Hundssch%C3%BCppe\" target=\"_blank\" rel=\"noopener\">Sprungschanzen Weg<\/a>\u201c und haben wieder etwas dazu gelernt. Laut Infotafel fanden hier fr\u00fcher Ski Meisterschaften statt.<br \/>\nUnser Weg f\u00fchrt durch eine kleine abgelegene H\u00e4user Siedlung. Auch hier ist ein kleiner Gasthof mit Sitzbereich im Freien zu finden.<\/p>\n<p style=\"text-align: center;\"><a href=\"http:\/\/www.sabine-seyffert.de\/blog\/wp-content\/uploads\/2017\/06\/Ausflug-Gelpe-10.jpg\"><img loading=\"lazy\" decoding=\"async\" class=\"alignnone size-full wp-image-10680\" src=\"http:\/\/www.sabine-seyffert.de\/blog\/wp-content\/uploads\/2017\/06\/Ausflug-Gelpe-10.jpg\" alt=\"\" width=\"800\" height=\"600\" srcset=\"https:\/\/www.sabine-seyffert.de\/blog\/wp-content\/uploads\/2017\/06\/Ausflug-Gelpe-10.jpg 800w, https:\/\/www.sabine-seyffert.de\/blog\/wp-content\/uploads\/2017\/06\/Ausflug-Gelpe-10-300x225.jpg 300w, https:\/\/www.sabine-seyffert.de\/blog\/wp-content\/uploads\/2017\/06\/Ausflug-Gelpe-10-768x576.jpg 768w\" sizes=\"auto, (max-width: 800px) 100vw, 800px\" \/><\/a><\/p>\n<p style=\"text-align: justify;\">Unterwegs gibt es soviel zu entdecken, dass selbst der Nachwuchs die schlechte Laune l\u00e4ngst vergessen hat. Und ich bin mal wieder ganz begeistert, wie viel sch\u00f6ne gr\u00fcne Ecken es in unserer Stadt zu entdecken gibt, die ich bislang noch gar nicht kannte. Alles in allem sehr entspannend unsere kleine Auszeit mitten im Gr\u00fcnen!<\/p>\n<p style=\"text-align: center;\"><a href=\"http:\/\/www.sabine-seyffert.de\/blog\/wp-content\/uploads\/2017\/06\/Ausflug-Gelpe-15.jpg\"><img loading=\"lazy\" decoding=\"async\" class=\"alignnone size-full wp-image-10681\" src=\"http:\/\/www.sabine-seyffert.de\/blog\/wp-content\/uploads\/2017\/06\/Ausflug-Gelpe-15.jpg\" alt=\"\" width=\"600\" height=\"800\" srcset=\"https:\/\/www.sabine-seyffert.de\/blog\/wp-content\/uploads\/2017\/06\/Ausflug-Gelpe-15.jpg 600w, https:\/\/www.sabine-seyffert.de\/blog\/wp-content\/uploads\/2017\/06\/Ausflug-Gelpe-15-225x300.jpg 225w\" sizes=\"auto, (max-width: 600px) 100vw, 600px\" \/><\/a><\/p>\n<p style=\"text-align: justify;\">Weitere tolle Ausflugsziele findet ihr in <a href=\"http:\/\/www.sabine-seyffert.de\/blog\/?cat=39\" target=\"_blank\" rel=\"noopener\">dieser Rubrik<\/a> \u2013 habt alle ein erholsames Wochenende!<\/p>\n<p><a href=\"http:\/\/www.sabine-seyffert.de\/blog\/?page_id=32#urheberrecht\">urheberrechtlich gesch\u00fctzt<\/a>, \u00a9 Sabine Seyffert<\/p>\n","protected":false},"excerpt":{"rendered":"<p>Zu einem tollen Ausflug kann man mich immer \u00fcberreden. Die Kinder auch \u2013 es sei denn es handelt sich dabei um einen ausgiebigen Spaziergang. Diese Aussicht sorgt erfahrungsgem\u00e4\u00df dann eher f\u00fcr langgezogene Gesichter und h\u00e4ngende Mundwinkel. Vor kurzem hatten wir \u201eGro\u00dfen\u201c beim Fr\u00fchst\u00fcck beschlossen eine kleine Wanderung zu machen. Und da von vier Kindern nur&#8230; <a href=\"https:\/\/www.sabine-seyffert.de\/blog\/spontaner-familienausflug-im-bergischen-land-eine-kleine-auszeit-im-gelpetal-und-ganz-viel-wald\/\" class=\"more-link\">Read more: Spontaner Familienausflug im Bergischen Land: Eine kleine Auszeit im Gelpetal und ganz viel Wald<\/a><\/p>\n","protected":false},"author":2,"featured_media":0,"comment_status":"open","ping_status":"open","sticky":false,"template":"","format":"standard","meta":{"_metis_text_type":"","_metis_text_length":2357,"_post_count":0,"footnotes":""},"categories":[39,24],"tags":[],"class_list":["post-10671","post","type-post","status-publish","format-standard","hentry","category-ausfluge-co","category-sommer"],"_links":{"self":[{"href":"https:\/\/www.sabine-seyffert.de\/blog\/wp-json\/wp\/v2\/posts\/10671","targetHints":{"allow":["GET"]}}],"collection":[{"href":"https:\/\/www.sabine-seyffert.de\/blog\/wp-json\/wp\/v2\/posts"}],"about":[{"href":"https:\/\/www.sabine-seyffert.de\/blog\/wp-json\/wp\/v2\/types\/post"}],"author":[{"embeddable":true,"href":"https:\/\/www.sabine-seyffert.de\/blog\/wp-json\/wp\/v2\/users\/2"}],"replies":[{"embeddable":true,"href":"https:\/\/www.sabine-seyffert.de\/blog\/wp-json\/wp\/v2\/comments?post=10671"}],"version-history":[{"count":3,"href":"https:\/\/www.sabine-seyffert.de\/blog\/wp-json\/wp\/v2\/posts\/10671\/revisions"}],"predecessor-version":[{"id":10685,"href":"https:\/\/www.sabine-seyffert.de\/blog\/wp-json\/wp\/v2\/posts\/10671\/revisions\/10685"}],"wp:attachment":[{"href":"https:\/\/www.sabine-seyffert.de\/blog\/wp-json\/wp\/v2\/media?parent=10671"}],"wp:term":[{"taxonomy":"category","embeddable":true,"href":"https:\/\/www.sabine-seyffert.de\/blog\/wp-json\/wp\/v2\/categories?post=10671"},{"taxonomy":"post_tag","embeddable":true,"href":"https:\/\/www.sabine-seyffert.de\/blog\/wp-json\/wp\/v2\/tags?post=10671"}],"curies":[{"name":"wp","href":"https:\/\/api.w.org\/{rel}","templated":true}]}}