{"id":10643,"date":"2017-06-27T05:35:03","date_gmt":"2017-06-27T03:35:03","guid":{"rendered":"http:\/\/www.sabine-seyffert.de\/blog\/?p=10643"},"modified":"2017-06-27T05:35:03","modified_gmt":"2017-06-27T03:35:03","slug":"bunte-sommer-kissen-naeherei-heissgeliebt-und-nun-kaputt-ein-schneller-ersatz-ist-jetzt-gefragt","status":"publish","type":"post","link":"https:\/\/www.sabine-seyffert.de\/blog\/bunte-sommer-kissen-naeherei-heissgeliebt-und-nun-kaputt-ein-schneller-ersatz-ist-jetzt-gefragt\/","title":{"rendered":"Bunte Sommer Kissen N\u00e4herei: Hei\u00dfgeliebt und nun kaputt \u2013 ein schneller Ersatz ist jetzt gefragt"},"content":{"rendered":"<p style=\"text-align: justify;\"><img loading=\"lazy\" decoding=\"async\" src=\"https:\/\/ssl-vg03.met.vgwort.de\/na\/3f453d0239d141328a4604b5fdb9b818\" alt=\"\" width=\"1\" height=\"1\" \/>Eines meiner allerersten, selbst gen\u00e4hten Werke war ein einfaches Kissen, an dem ich meine \u00fcberschaubaren N\u00e4hk\u00fcnste einmal ausprobieren wollte. Vom Stoffmarkt hatte ich einen Schwung an gemusterten Baumwollstoffen besorgt und habe daraus ein rot gepunktetes Kissen samt Namen gen\u00e4ht. Zu meiner gro\u00dfen Freude wurde dieses Kissen hei\u00df und innig geliebt. Nichts ging mehr ohne. Und nach unz\u00e4hligen Waschg\u00e4ngen und Kuscheleinheiten ist das gute St\u00fcck nun nicht nur vollkommen ausgewaschen, sondern die Applikationen teilweise l\u00f6chrig und ausgefranst.<\/p>\n<p style=\"text-align: center;\"><a href=\"http:\/\/www.sabine-seyffert.de\/blog\/wp-content\/uploads\/2017\/06\/Kissen-Blume-N-7.jpg\"><img loading=\"lazy\" decoding=\"async\" class=\"alignnone size-full wp-image-10644\" src=\"http:\/\/www.sabine-seyffert.de\/blog\/wp-content\/uploads\/2017\/06\/Kissen-Blume-N-7.jpg\" alt=\"\" width=\"800\" height=\"600\" srcset=\"https:\/\/www.sabine-seyffert.de\/blog\/wp-content\/uploads\/2017\/06\/Kissen-Blume-N-7.jpg 800w, https:\/\/www.sabine-seyffert.de\/blog\/wp-content\/uploads\/2017\/06\/Kissen-Blume-N-7-300x225.jpg 300w, https:\/\/www.sabine-seyffert.de\/blog\/wp-content\/uploads\/2017\/06\/Kissen-Blume-N-7-768x576.jpg 768w\" sizes=\"auto, (max-width: 800px) 100vw, 800px\" \/><\/a><\/p>\n<p style=\"text-align: justify;\">Da traf es sich doch ganz gut, dass ich von <a href=\"http:\/\/www.sabine-seyffert.de\/blog\/?p=5613\" target=\"_blank\" rel=\"noopener\">meiner Tasche<\/a> noch etwas Stoff \u00fcbrig hatte. Und zwar ganz genau soviel, dass es f\u00fcr ein neues Kissen reicht.<\/p>\n<p style=\"text-align: center;\"><a href=\"http:\/\/www.sabine-seyffert.de\/blog\/wp-content\/uploads\/2017\/06\/Kissen-Name-rot-P\u00fcnktchen.jpg\"><img loading=\"lazy\" decoding=\"async\" class=\"alignnone size-full wp-image-10645\" src=\"http:\/\/www.sabine-seyffert.de\/blog\/wp-content\/uploads\/2017\/06\/Kissen-Name-rot-P\u00fcnktchen.jpg\" alt=\"\" width=\"600\" height=\"800\" srcset=\"https:\/\/www.sabine-seyffert.de\/blog\/wp-content\/uploads\/2017\/06\/Kissen-Name-rot-P\u00fcnktchen.jpg 600w, https:\/\/www.sabine-seyffert.de\/blog\/wp-content\/uploads\/2017\/06\/Kissen-Name-rot-P\u00fcnktchen-225x300.jpg 225w\" sizes=\"auto, (max-width: 600px) 100vw, 600px\" \/><\/a><\/p>\n<p style=\"text-align: justify;\"><strong>Das wird gebraucht:<\/strong><br \/>\nEin Kissen 40 x 40 cm, ein St\u00fcck Baumwollstoff (Webstoff) 43 cm breit 90 cm lang, einen Rei\u00dfverschluss (30 cm), N\u00e4hgarn, Stecknadeln, Stoffschere, B\u00fcgeleisen, Vliesofix, eine Buchstabenvorlage, farblich passende Stoffreste, etwas Samtband, Baumwollkordel und Kunstfilz (kein Bastelfilz!)<\/p>\n<p style=\"text-align: center;\"><a href=\"http:\/\/www.sabine-seyffert.de\/blog\/wp-content\/uploads\/2017\/06\/Kissen-Blume-N-8.jpg\"><img loading=\"lazy\" decoding=\"async\" class=\"alignnone size-full wp-image-10646\" src=\"http:\/\/www.sabine-seyffert.de\/blog\/wp-content\/uploads\/2017\/06\/Kissen-Blume-N-8.jpg\" alt=\"\" width=\"800\" height=\"600\" srcset=\"https:\/\/www.sabine-seyffert.de\/blog\/wp-content\/uploads\/2017\/06\/Kissen-Blume-N-8.jpg 800w, https:\/\/www.sabine-seyffert.de\/blog\/wp-content\/uploads\/2017\/06\/Kissen-Blume-N-8-300x225.jpg 300w, https:\/\/www.sabine-seyffert.de\/blog\/wp-content\/uploads\/2017\/06\/Kissen-Blume-N-8-768x576.jpg 768w\" sizes=\"auto, (max-width: 800px) 100vw, 800px\" \/><\/a><\/p>\n<p style=\"text-align: justify;\"><strong>So wird\u2019s gemacht:<\/strong><br \/>\nDas Kissen sollte nat\u00fcrlich wieder mit Namen versehen werden, damit einem das gute St\u00fcck niemand streitig machen kann \u2013 klar, oder?! Also habe ich mit die ben\u00f6tigten Buchstaben in der gew\u00fcnschten Gr\u00f6\u00dfe ausgedruckt und spiegelverkehrt (!) auf das Vliesofix gezeichnet.<\/p>\n<p style=\"text-align: center;\"><a href=\"http:\/\/www.sabine-seyffert.de\/blog\/wp-content\/uploads\/2017\/06\/Kissen-Blume-N-1.jpg\"><img loading=\"lazy\" decoding=\"async\" class=\"alignnone size-full wp-image-10647\" src=\"http:\/\/www.sabine-seyffert.de\/blog\/wp-content\/uploads\/2017\/06\/Kissen-Blume-N-1.jpg\" alt=\"\" width=\"800\" height=\"600\" srcset=\"https:\/\/www.sabine-seyffert.de\/blog\/wp-content\/uploads\/2017\/06\/Kissen-Blume-N-1.jpg 800w, https:\/\/www.sabine-seyffert.de\/blog\/wp-content\/uploads\/2017\/06\/Kissen-Blume-N-1-300x225.jpg 300w, https:\/\/www.sabine-seyffert.de\/blog\/wp-content\/uploads\/2017\/06\/Kissen-Blume-N-1-768x576.jpg 768w\" sizes=\"auto, (max-width: 800px) 100vw, 800px\" \/><\/a><\/p>\n<p style=\"text-align: justify;\">Dann b\u00fcgelt man die vorgezeichneten Buchstaben mit der \u201eklebrigen\u201c Seite auf den Stoff. In meinem Fall auf ein Mini Restst\u00fcck geringelten Stoff.<\/p>\n<p style=\"text-align: center;\"><a href=\"http:\/\/www.sabine-seyffert.de\/blog\/wp-content\/uploads\/2017\/06\/Kissen-Blume-N-6.jpg\"><img loading=\"lazy\" decoding=\"async\" class=\"alignnone size-full wp-image-10648\" src=\"http:\/\/www.sabine-seyffert.de\/blog\/wp-content\/uploads\/2017\/06\/Kissen-Blume-N-6.jpg\" alt=\"\" width=\"600\" height=\"800\" srcset=\"https:\/\/www.sabine-seyffert.de\/blog\/wp-content\/uploads\/2017\/06\/Kissen-Blume-N-6.jpg 600w, https:\/\/www.sabine-seyffert.de\/blog\/wp-content\/uploads\/2017\/06\/Kissen-Blume-N-6-225x300.jpg 225w\" sizes=\"auto, (max-width: 600px) 100vw, 600px\" \/><\/a><\/p>\n<p style=\"text-align: justify;\">Au\u00dferdem gefielen mit die applizierten Blumen von meiner Tasche so gut, dass ich mich bereits ein wenig ge\u00e4rgert habe, weil diese nur die R\u00fcckseite zieren. Also fertigte ich davon aus Kunstfilz, Samtband und etwas Baumwollkordel zwei Duplikate an, die ich dann ebenfalls mit Vliesofix und einer engen Zickzacknaht auf der Kissenvorderseite appliziert habe. Quer dar\u00fcber fand der Namen Platz.<\/p>\n<p style=\"text-align: center;\"><a href=\"http:\/\/www.sabine-seyffert.de\/blog\/wp-content\/uploads\/2017\/06\/Kissen-Blume-N-5.jpg\"><img loading=\"lazy\" decoding=\"async\" class=\"alignnone size-full wp-image-10649\" src=\"http:\/\/www.sabine-seyffert.de\/blog\/wp-content\/uploads\/2017\/06\/Kissen-Blume-N-5.jpg\" alt=\"\" width=\"600\" height=\"800\" srcset=\"https:\/\/www.sabine-seyffert.de\/blog\/wp-content\/uploads\/2017\/06\/Kissen-Blume-N-5.jpg 600w, https:\/\/www.sabine-seyffert.de\/blog\/wp-content\/uploads\/2017\/06\/Kissen-Blume-N-5-225x300.jpg 225w\" sizes=\"auto, (max-width: 600px) 100vw, 600px\" \/><\/a><\/p>\n<p style=\"text-align: justify;\">Zum Schluss noch den Rei\u00dfverschluss unten einn\u00e4hen und das Kissen dann seitlich mit einer Naht verschlie\u00dfen. Das Kissen befindet sich bereits im Dauereinsatz \ud83d\ude42<\/p>\n<p style=\"text-align: center;\"><a href=\"http:\/\/www.sabine-seyffert.de\/blog\/wp-content\/uploads\/2017\/06\/Kissen-Blume-N-3.jpg\"><img loading=\"lazy\" decoding=\"async\" class=\"alignnone size-full wp-image-10650\" src=\"http:\/\/www.sabine-seyffert.de\/blog\/wp-content\/uploads\/2017\/06\/Kissen-Blume-N-3.jpg\" alt=\"\" width=\"600\" height=\"800\" srcset=\"https:\/\/www.sabine-seyffert.de\/blog\/wp-content\/uploads\/2017\/06\/Kissen-Blume-N-3.jpg 600w, https:\/\/www.sabine-seyffert.de\/blog\/wp-content\/uploads\/2017\/06\/Kissen-Blume-N-3-225x300.jpg 225w\" sizes=\"auto, (max-width: 600px) 100vw, 600px\" \/><\/a><\/p>\n<p style=\"text-align: justify;\">Weitere Beispiele f\u00fcr selbst gen\u00e4hte Kissen gibt es <a href=\"http:\/\/www.sabine-seyffert.de\/blog\/?p=1690\" target=\"_blank\" rel=\"noopener\">hier<\/a>, <a href=\"http:\/\/www.sabine-seyffert.de\/blog\/?p=7873\" target=\"_blank\" rel=\"noopener\">da<\/a> (Traumschiff) und <a href=\"http:\/\/www.sabine-seyffert.de\/blog\/?p=4122\" target=\"_blank\" rel=\"noopener\">dort<\/a>, ein Eulenkissen aus alter Jeans <a href=\"http:\/\/www.sabine-seyffert.de\/blog\/?p=6111\" target=\"_blank\" rel=\"noopener\">an dieser Stelle<\/a>, andere kreative N\u00e4hereien in <a href=\"http:\/\/www.sabine-seyffert.de\/blog\/?cat=33\" target=\"_blank\" rel=\"noopener\">dieser Rubrik<\/a> und andere kreative Sachen <a href=\"http:\/\/www.creadienstag.de\/2017\/06\/Linkparty-285.html\" target=\"_blank\" rel=\"noopener\">da<\/a>.<\/p>\n<p style=\"text-align: center;\"><a href=\"http:\/\/www.sabine-seyffert.de\/blog\/wp-content\/uploads\/2017\/06\/Kissen-Blume-N-2.jpg\"><img loading=\"lazy\" decoding=\"async\" class=\"alignnone size-full wp-image-10651\" src=\"http:\/\/www.sabine-seyffert.de\/blog\/wp-content\/uploads\/2017\/06\/Kissen-Blume-N-2.jpg\" alt=\"\" width=\"800\" height=\"600\" srcset=\"https:\/\/www.sabine-seyffert.de\/blog\/wp-content\/uploads\/2017\/06\/Kissen-Blume-N-2.jpg 800w, https:\/\/www.sabine-seyffert.de\/blog\/wp-content\/uploads\/2017\/06\/Kissen-Blume-N-2-300x225.jpg 300w, https:\/\/www.sabine-seyffert.de\/blog\/wp-content\/uploads\/2017\/06\/Kissen-Blume-N-2-768x576.jpg 768w\" sizes=\"auto, (max-width: 800px) 100vw, 800px\" \/><\/a><\/p>\n<p><a href=\"http:\/\/www.sabine-seyffert.de\/blog\/?page_id=32#urheberrecht\">urheberrechtlich gesch\u00fctzt<\/a>, \u00a9 Sabine Seyffert<\/p>\n","protected":false},"excerpt":{"rendered":"<p>Eines meiner allerersten, selbst gen\u00e4hten Werke war ein einfaches Kissen, an dem ich meine \u00fcberschaubaren N\u00e4hk\u00fcnste einmal ausprobieren wollte. Vom Stoffmarkt hatte ich einen Schwung an gemusterten Baumwollstoffen besorgt und habe daraus ein rot gepunktetes Kissen samt Namen gen\u00e4ht. Zu meiner gro\u00dfen Freude wurde dieses Kissen hei\u00df und innig geliebt. Nichts ging mehr ohne. Und&#8230; <a href=\"https:\/\/www.sabine-seyffert.de\/blog\/bunte-sommer-kissen-naeherei-heissgeliebt-und-nun-kaputt-ein-schneller-ersatz-ist-jetzt-gefragt\/\" class=\"more-link\">Read more: Bunte Sommer Kissen N\u00e4herei: Hei\u00dfgeliebt und nun kaputt \u2013 ein schneller Ersatz ist jetzt gefragt<\/a><\/p>\n","protected":false},"author":2,"featured_media":0,"comment_status":"open","ping_status":"open","sticky":false,"template":"","format":"standard","meta":{"_metis_text_type":"","_metis_text_length":2246,"_post_count":0,"footnotes":""},"categories":[33,24],"tags":[],"class_list":["post-10643","post","type-post","status-publish","format-standard","hentry","category-kreative-naherein","category-sommer"],"_links":{"self":[{"href":"https:\/\/www.sabine-seyffert.de\/blog\/wp-json\/wp\/v2\/posts\/10643","targetHints":{"allow":["GET"]}}],"collection":[{"href":"https:\/\/www.sabine-seyffert.de\/blog\/wp-json\/wp\/v2\/posts"}],"about":[{"href":"https:\/\/www.sabine-seyffert.de\/blog\/wp-json\/wp\/v2\/types\/post"}],"author":[{"embeddable":true,"href":"https:\/\/www.sabine-seyffert.de\/blog\/wp-json\/wp\/v2\/users\/2"}],"replies":[{"embeddable":true,"href":"https:\/\/www.sabine-seyffert.de\/blog\/wp-json\/wp\/v2\/comments?post=10643"}],"version-history":[{"count":4,"href":"https:\/\/www.sabine-seyffert.de\/blog\/wp-json\/wp\/v2\/posts\/10643\/revisions"}],"predecessor-version":[{"id":10655,"href":"https:\/\/www.sabine-seyffert.de\/blog\/wp-json\/wp\/v2\/posts\/10643\/revisions\/10655"}],"wp:attachment":[{"href":"https:\/\/www.sabine-seyffert.de\/blog\/wp-json\/wp\/v2\/media?parent=10643"}],"wp:term":[{"taxonomy":"category","embeddable":true,"href":"https:\/\/www.sabine-seyffert.de\/blog\/wp-json\/wp\/v2\/categories?post=10643"},{"taxonomy":"post_tag","embeddable":true,"href":"https:\/\/www.sabine-seyffert.de\/blog\/wp-json\/wp\/v2\/tags?post=10643"}],"curies":[{"name":"wp","href":"https:\/\/api.w.org\/{rel}","templated":true}]}}