{"id":10613,"date":"2017-06-22T09:10:52","date_gmt":"2017-06-22T07:10:52","guid":{"rendered":"http:\/\/www.sabine-seyffert.de\/blog\/?p=10613"},"modified":"2018-04-28T10:51:57","modified_gmt":"2018-04-28T08:51:57","slug":"rezept-selbst-gemachte-guacamole-mit-avocado-und-tomate-als-dip-brotaufstrich","status":"publish","type":"post","link":"https:\/\/www.sabine-seyffert.de\/blog\/rezept-selbst-gemachte-guacamole-mit-avocado-und-tomate-als-dip-brotaufstrich\/","title":{"rendered":"Rezept: Selbst gemachte Guacamole mit Avocado und Tomate \u2013 als Dip &#038; Brotaufstrich"},"content":{"rendered":"<p style=\"text-align: justify;\"><img loading=\"lazy\" decoding=\"async\" src=\"https:\/\/ssl-vg03.met.vgwort.de\/na\/db061307343c43fd80828ef3f296e010\" alt=\"\" width=\"1\" height=\"1\" \/>Zu den Mahlzeiten gibt es bei uns regelm\u00e4\u00dfig leckere Dips und selbst gemachte Aufstriche. Gerade beim Fr\u00fchst\u00fcck und beim Abendbrot d\u00fcrfen diese nicht fehlen. Und im Sommer, wenn es <a href=\"http:\/\/www.sabine-seyffert.de\/blog\/?p=5370\" target=\"_blank\" rel=\"noopener\">selbst gebackenes Baguette<\/a> oder <a href=\"http:\/\/www.sabine-seyffert.de\/blog\/?p=2123\" target=\"_blank\" rel=\"noopener\">frische Br\u00f6tchen<\/a> gibt, sind solche Brotaufstriche ein echtes Muss. Ein ganz sommerliches Rezept habe ich daher nun f\u00fcr euch, weil dieser Dip nicht nur schnell gemacht ist, sondern auch richtig nach Sommer schmeckt.<\/p>\n<p style=\"text-align: center;\"><a href=\"http:\/\/www.sabine-seyffert.de\/blog\/wp-content\/uploads\/2017\/06\/Guacamole-3.jpg\"><img loading=\"lazy\" decoding=\"async\" class=\"alignnone size-full wp-image-10614\" src=\"http:\/\/www.sabine-seyffert.de\/blog\/wp-content\/uploads\/2017\/06\/Guacamole-3.jpg\" alt=\"\" width=\"800\" height=\"600\" srcset=\"https:\/\/www.sabine-seyffert.de\/blog\/wp-content\/uploads\/2017\/06\/Guacamole-3.jpg 800w, https:\/\/www.sabine-seyffert.de\/blog\/wp-content\/uploads\/2017\/06\/Guacamole-3-300x225.jpg 300w, https:\/\/www.sabine-seyffert.de\/blog\/wp-content\/uploads\/2017\/06\/Guacamole-3-768x576.jpg 768w\" sizes=\"auto, (max-width: 800px) 100vw, 800px\" \/><\/a><\/p>\n<p style=\"text-align: justify;\"><strong>Das wird gebraucht:<\/strong><br \/>\n1 reife Avocado, 1 Essl\u00f6ffel Oliven\u00f6l, Salz, Pfeffer, Zitrone, Kreuzk\u00fcmmel, 1 Tomate und 2-3 Knoblauchzehen<\/p>\n<p style=\"text-align: center;\"><a href=\"http:\/\/www.sabine-seyffert.de\/blog\/wp-content\/uploads\/2017\/06\/Guacamole-8.jpg\"><img loading=\"lazy\" decoding=\"async\" class=\"alignnone size-full wp-image-10615\" src=\"http:\/\/www.sabine-seyffert.de\/blog\/wp-content\/uploads\/2017\/06\/Guacamole-8.jpg\" alt=\"\" width=\"800\" height=\"600\" srcset=\"https:\/\/www.sabine-seyffert.de\/blog\/wp-content\/uploads\/2017\/06\/Guacamole-8.jpg 800w, https:\/\/www.sabine-seyffert.de\/blog\/wp-content\/uploads\/2017\/06\/Guacamole-8-300x225.jpg 300w, https:\/\/www.sabine-seyffert.de\/blog\/wp-content\/uploads\/2017\/06\/Guacamole-8-768x576.jpg 768w\" sizes=\"auto, (max-width: 800px) 100vw, 800px\" \/><\/a><\/p>\n<p style=\"text-align: justify;\"><strong>So wird\u2019s gemacht:<\/strong><br \/>\nAls erstes sch\u00e4lt man die Avocado und teilt diese mittig so, dass sich der gro\u00dfe Kern aus dem Inneren entfernen l\u00e4sst. (<strong>Achtung<\/strong> =&gt; Wichtig ist, dass die Avocado reif ist, sonst ist die Zubereitung kniffelig und es schmeckt auch nicht wirklich gut.)<\/p>\n<p style=\"text-align: center;\"><a href=\"http:\/\/www.sabine-seyffert.de\/blog\/wp-content\/uploads\/2017\/06\/Guacamole-7.jpg\"><img loading=\"lazy\" decoding=\"async\" class=\"alignnone size-full wp-image-10616\" src=\"http:\/\/www.sabine-seyffert.de\/blog\/wp-content\/uploads\/2017\/06\/Guacamole-7.jpg\" alt=\"\" width=\"800\" height=\"600\" srcset=\"https:\/\/www.sabine-seyffert.de\/blog\/wp-content\/uploads\/2017\/06\/Guacamole-7.jpg 800w, https:\/\/www.sabine-seyffert.de\/blog\/wp-content\/uploads\/2017\/06\/Guacamole-7-300x225.jpg 300w, https:\/\/www.sabine-seyffert.de\/blog\/wp-content\/uploads\/2017\/06\/Guacamole-7-768x576.jpg 768w\" sizes=\"auto, (max-width: 800px) 100vw, 800px\" \/><\/a><\/p>\n<p style=\"text-align: justify;\">Die entkernte Avocado legt ihr in einen tiefen Teller (oder eine Sch\u00fcssel) und knetet diese mit einer Gabel gut durch, so dass ein gleichm\u00e4\u00dfiger Brei entsteht. Nun gebt ihr einen Essl\u00f6ffel Oliven\u00f6l hinzu, Salz, Pfeffer und eine Prise Kreuzk\u00fcmmel. Dann sch\u00e4lt man die Knoblauchzehen (die genaue Menge ist abh\u00e4ngig vom Geschmack und der Tatsache wie scharf ihr gerne esst). Den Knoblauch presst man und knetet diesen gleichm\u00e4\u00dfig unter.<\/p>\n<p style=\"text-align: center;\"><a href=\"http:\/\/www.sabine-seyffert.de\/blog\/wp-content\/uploads\/2017\/06\/Guacamole-6.jpg\"><img loading=\"lazy\" decoding=\"async\" class=\"alignnone size-full wp-image-10617\" src=\"http:\/\/www.sabine-seyffert.de\/blog\/wp-content\/uploads\/2017\/06\/Guacamole-6.jpg\" alt=\"\" width=\"800\" height=\"600\" srcset=\"https:\/\/www.sabine-seyffert.de\/blog\/wp-content\/uploads\/2017\/06\/Guacamole-6.jpg 800w, https:\/\/www.sabine-seyffert.de\/blog\/wp-content\/uploads\/2017\/06\/Guacamole-6-300x225.jpg 300w, https:\/\/www.sabine-seyffert.de\/blog\/wp-content\/uploads\/2017\/06\/Guacamole-6-768x576.jpg 768w\" sizes=\"auto, (max-width: 800px) 100vw, 800px\" \/><\/a><\/p>\n<p style=\"text-align: justify;\">Jetzt teilt man die Tomate und l\u00f6ffelt das w\u00e4ssrige Fruchtfleisch im Inneren mit einem Teel\u00f6ffel heraus. Den festen Rest der Tomate schneidet man mit einem scharfen K\u00fcchenmesser in kleine W\u00fcrfel und gibt diese zu dem Avocadobrei.<\/p>\n<p style=\"text-align: center;\"><a href=\"http:\/\/www.sabine-seyffert.de\/blog\/wp-content\/uploads\/2017\/06\/Guacamole-9.jpg\"><img loading=\"lazy\" decoding=\"async\" class=\"alignnone size-full wp-image-10618\" src=\"http:\/\/www.sabine-seyffert.de\/blog\/wp-content\/uploads\/2017\/06\/Guacamole-9.jpg\" alt=\"\" width=\"800\" height=\"600\" srcset=\"https:\/\/www.sabine-seyffert.de\/blog\/wp-content\/uploads\/2017\/06\/Guacamole-9.jpg 800w, https:\/\/www.sabine-seyffert.de\/blog\/wp-content\/uploads\/2017\/06\/Guacamole-9-300x225.jpg 300w, https:\/\/www.sabine-seyffert.de\/blog\/wp-content\/uploads\/2017\/06\/Guacamole-9-768x576.jpg 768w\" sizes=\"auto, (max-width: 800px) 100vw, 800px\" \/><\/a><\/p>\n<p style=\"text-align: justify;\">Nun fehlt nur noch etwas Zitronensaft, damit sich der Aufstrich nicht verf\u00e4rbt. Ich dr\u00fccke den Saft immer Pi mal Daumen in den Dip und probiere dann ob es vom Geschmack her ausreicht.<\/p>\n<p style=\"text-align: center;\"><a href=\"http:\/\/www.sabine-seyffert.de\/blog\/wp-content\/uploads\/2017\/06\/Guacamole-4.jpg\"><img loading=\"lazy\" decoding=\"async\" class=\"alignnone size-full wp-image-10619\" src=\"http:\/\/www.sabine-seyffert.de\/blog\/wp-content\/uploads\/2017\/06\/Guacamole-4.jpg\" alt=\"\" width=\"800\" height=\"600\" srcset=\"https:\/\/www.sabine-seyffert.de\/blog\/wp-content\/uploads\/2017\/06\/Guacamole-4.jpg 800w, https:\/\/www.sabine-seyffert.de\/blog\/wp-content\/uploads\/2017\/06\/Guacamole-4-300x225.jpg 300w, https:\/\/www.sabine-seyffert.de\/blog\/wp-content\/uploads\/2017\/06\/Guacamole-4-768x576.jpg 768w\" sizes=\"auto, (max-width: 800px) 100vw, 800px\" \/><\/a><\/p>\n<p style=\"text-align: justify;\">Noch mal alles gut durchmischen, abschmecken und in ein sch\u00f6nes Einmachglas f\u00fcllen. So sieht es nicht nur nett aus, sondern l\u00e4sst sich bei Bedarf auch prima als Mitbringsel zu einem Grillfest, einer Gartenparty oder einem Sommerfest verwenden.<\/p>\n<p style=\"text-align: center;\"><a href=\"http:\/\/www.sabine-seyffert.de\/blog\/wp-content\/uploads\/2017\/06\/Guacamole-1.jpg\"><img loading=\"lazy\" decoding=\"async\" class=\"alignnone size-full wp-image-10620\" src=\"http:\/\/www.sabine-seyffert.de\/blog\/wp-content\/uploads\/2017\/06\/Guacamole-1.jpg\" alt=\"\" width=\"800\" height=\"600\" srcset=\"https:\/\/www.sabine-seyffert.de\/blog\/wp-content\/uploads\/2017\/06\/Guacamole-1.jpg 800w, https:\/\/www.sabine-seyffert.de\/blog\/wp-content\/uploads\/2017\/06\/Guacamole-1-300x225.jpg 300w, https:\/\/www.sabine-seyffert.de\/blog\/wp-content\/uploads\/2017\/06\/Guacamole-1-768x576.jpg 768w\" sizes=\"auto, (max-width: 800px) 100vw, 800px\" \/><\/a><\/p>\n<p style=\"text-align: justify;\">Weitere vegane Rezepte gibt es in <a href=\"http:\/\/www.sabine-seyffert.de\/blog\/?cat=44\" target=\"_blank\" rel=\"noopener\">dieser Rubrik<\/a> und vegetarische Rezeptideen <a href=\"http:\/\/www.sabine-seyffert.de\/blog\/?cat=30\" target=\"_blank\" rel=\"noopener\">dort<\/a>.<\/p>\n<p><a href=\"http:\/\/www.sabine-seyffert.de\/blog\/?page_id=32#urheberrecht\">urheberrechtlich gesch\u00fctzt<\/a>, \u00a9 Sabine Seyffert<\/p>\n","protected":false},"excerpt":{"rendered":"<p>Zu den Mahlzeiten gibt es bei uns regelm\u00e4\u00dfig leckere Dips und selbst gemachte Aufstriche. Gerade beim Fr\u00fchst\u00fcck und beim Abendbrot d\u00fcrfen diese nicht fehlen. Und im Sommer, wenn es selbst gebackenes Baguette oder frische Br\u00f6tchen gibt, sind solche Brotaufstriche ein echtes Muss. Ein ganz sommerliches Rezept habe ich daher nun f\u00fcr euch, weil dieser Dip&#8230; <a href=\"https:\/\/www.sabine-seyffert.de\/blog\/rezept-selbst-gemachte-guacamole-mit-avocado-und-tomate-als-dip-brotaufstrich\/\" class=\"more-link\">Read more: Rezept: Selbst gemachte Guacamole mit Avocado und Tomate \u2013 als Dip &#038; Brotaufstrich<\/a><\/p>\n","protected":false},"author":2,"featured_media":0,"comment_status":"open","ping_status":"open","sticky":false,"template":"","format":"standard","meta":{"_metis_text_type":"","_metis_text_length":2047,"_post_count":0,"footnotes":""},"categories":[44,24],"tags":[],"class_list":["post-10613","post","type-post","status-publish","format-standard","hentry","category-rezepte-vegan","category-sommer"],"_links":{"self":[{"href":"https:\/\/www.sabine-seyffert.de\/blog\/wp-json\/wp\/v2\/posts\/10613","targetHints":{"allow":["GET"]}}],"collection":[{"href":"https:\/\/www.sabine-seyffert.de\/blog\/wp-json\/wp\/v2\/posts"}],"about":[{"href":"https:\/\/www.sabine-seyffert.de\/blog\/wp-json\/wp\/v2\/types\/post"}],"author":[{"embeddable":true,"href":"https:\/\/www.sabine-seyffert.de\/blog\/wp-json\/wp\/v2\/users\/2"}],"replies":[{"embeddable":true,"href":"https:\/\/www.sabine-seyffert.de\/blog\/wp-json\/wp\/v2\/comments?post=10613"}],"version-history":[{"count":5,"href":"https:\/\/www.sabine-seyffert.de\/blog\/wp-json\/wp\/v2\/posts\/10613\/revisions"}],"predecessor-version":[{"id":10625,"href":"https:\/\/www.sabine-seyffert.de\/blog\/wp-json\/wp\/v2\/posts\/10613\/revisions\/10625"}],"wp:attachment":[{"href":"https:\/\/www.sabine-seyffert.de\/blog\/wp-json\/wp\/v2\/media?parent=10613"}],"wp:term":[{"taxonomy":"category","embeddable":true,"href":"https:\/\/www.sabine-seyffert.de\/blog\/wp-json\/wp\/v2\/categories?post=10613"},{"taxonomy":"post_tag","embeddable":true,"href":"https:\/\/www.sabine-seyffert.de\/blog\/wp-json\/wp\/v2\/tags?post=10613"}],"curies":[{"name":"wp","href":"https:\/\/api.w.org\/{rel}","templated":true}]}}