{"id":10535,"date":"2017-06-12T10:52:43","date_gmt":"2017-06-12T08:52:43","guid":{"rendered":"http:\/\/www.sabine-seyffert.de\/blog\/?p=10535"},"modified":"2017-06-12T10:52:43","modified_gmt":"2017-06-12T08:52:43","slug":"verpackungsidee-fuer-kleine-piraten-und-geburtstagskinder-mit-froehlichem-ahoi-schippern-wir-ins-neue-lebensjahr","status":"publish","type":"post","link":"https:\/\/www.sabine-seyffert.de\/blog\/verpackungsidee-fuer-kleine-piraten-und-geburtstagskinder-mit-froehlichem-ahoi-schippern-wir-ins-neue-lebensjahr\/","title":{"rendered":"Verpackungsidee f\u00fcr kleine Piraten und Geburtstagskinder: Mit fr\u00f6hlichem Ahoi schippern wir ins neue Lebensjahr!"},"content":{"rendered":"<p style=\"text-align: justify;\"><img loading=\"lazy\" decoding=\"async\" src=\"https:\/\/ssl-vg03.met.vgwort.de\/na\/8e86ba8398254ce993159a295aac4770\" alt=\"\" width=\"1\" height=\"1\" \/>Wieder einmal gab es eine Geburtstagseinladung f\u00fcr eins meiner Kinder. Das Geschenk war schnell gefunden und ebenso schnell in Packpapier versteckt. Jetzt fehlte nur noch die passende Geschenkverpackung. Denn so ein Geburtstagsgeschenk soll schlie\u00dflich auch dem Anlass entsprechend fr\u00f6hlich und bunt daherkommen. Wo doch gerade bei Kindern ein solches Geburtstagsfest immer ein spannendes Ereignis ist.<\/p>\n<p style=\"text-align: center;\"><a href=\"http:\/\/www.sabine-seyffert.de\/blog\/wp-content\/uploads\/2017\/06\/Boot-Verpackung-1.jpg\"><img loading=\"lazy\" decoding=\"async\" class=\"alignnone size-full wp-image-10537\" src=\"http:\/\/www.sabine-seyffert.de\/blog\/wp-content\/uploads\/2017\/06\/Boot-Verpackung-1.jpg\" alt=\"\" width=\"800\" height=\"600\" srcset=\"https:\/\/www.sabine-seyffert.de\/blog\/wp-content\/uploads\/2017\/06\/Boot-Verpackung-1.jpg 800w, https:\/\/www.sabine-seyffert.de\/blog\/wp-content\/uploads\/2017\/06\/Boot-Verpackung-1-300x225.jpg 300w, https:\/\/www.sabine-seyffert.de\/blog\/wp-content\/uploads\/2017\/06\/Boot-Verpackung-1-768x576.jpg 768w\" sizes=\"auto, (max-width: 800px) 100vw, 800px\" \/><\/a><\/p>\n<p style=\"text-align: justify;\"><strong>Das wird gebraucht:<\/strong><br \/>\nPackpapier, eine Bastelschere, Kleber, ein Restst\u00fcck Tonkarton, farbiges Maskingtape, einen Filzstift \/ Lackstift, ein kleines St\u00fcck d\u00fcnne Kordel, einen Zahnstocher aus Holz (ersatzweise einen Schaschlikspie\u00df aus Holz), Hei\u00dfkleber samt Klebepatrone sowie optional noch Stempel, ein Dymoger\u00e4t mit Pr\u00e4geband und andere Dinge zum Beschriften<\/p>\n<p style=\"text-align: center;\"><a href=\"http:\/\/www.sabine-seyffert.de\/blog\/wp-content\/uploads\/2017\/06\/Boot-Verpackung-8.jpg\"><img loading=\"lazy\" decoding=\"async\" class=\"alignnone size-full wp-image-10538\" src=\"http:\/\/www.sabine-seyffert.de\/blog\/wp-content\/uploads\/2017\/06\/Boot-Verpackung-8.jpg\" alt=\"\" width=\"800\" height=\"600\" srcset=\"https:\/\/www.sabine-seyffert.de\/blog\/wp-content\/uploads\/2017\/06\/Boot-Verpackung-8.jpg 800w, https:\/\/www.sabine-seyffert.de\/blog\/wp-content\/uploads\/2017\/06\/Boot-Verpackung-8-300x225.jpg 300w, https:\/\/www.sabine-seyffert.de\/blog\/wp-content\/uploads\/2017\/06\/Boot-Verpackung-8-768x576.jpg 768w\" sizes=\"auto, (max-width: 800px) 100vw, 800px\" \/><\/a><\/p>\n<p style=\"text-align: justify;\"><strong>So wird\u2019s gemacht:<\/strong><br \/>\nSobald das Geschenk verpackt ist, kann es mit der Verzierung losgehen. Daf\u00fcr habe ich einen kleinen Rest von wei\u00dfem Fotokarton in Bootsform geschnitten und mit Hilfe eines pinken Lackstiftes mit gepunktetem Allovermuster verziert.<\/p>\n<p style=\"text-align: center;\"><a href=\"http:\/\/www.sabine-seyffert.de\/blog\/wp-content\/uploads\/2017\/06\/Boot-Verpackung-4.jpg\"><img loading=\"lazy\" decoding=\"async\" class=\"alignnone size-full wp-image-10539\" src=\"http:\/\/www.sabine-seyffert.de\/blog\/wp-content\/uploads\/2017\/06\/Boot-Verpackung-4.jpg\" alt=\"\" width=\"800\" height=\"600\" srcset=\"https:\/\/www.sabine-seyffert.de\/blog\/wp-content\/uploads\/2017\/06\/Boot-Verpackung-4.jpg 800w, https:\/\/www.sabine-seyffert.de\/blog\/wp-content\/uploads\/2017\/06\/Boot-Verpackung-4-300x225.jpg 300w, https:\/\/www.sabine-seyffert.de\/blog\/wp-content\/uploads\/2017\/06\/Boot-Verpackung-4-768x576.jpg 768w\" sizes=\"auto, (max-width: 800px) 100vw, 800px\" \/><\/a><\/p>\n<p style=\"text-align: justify;\">Nun kommt der etwas aufw\u00e4ndigere Teil der Verpackung. Daf\u00fcr habe ich ein St\u00fcck d\u00fcnne Kordel m\u00f6glichst gleichm\u00e4\u00dfig mit farbigem Masking Tape beklebt. Sobald man die richtige L\u00e4nge fertig beklebt hat, schneidet man das bunte Masking Tape in F\u00e4hnchenform zurecht.<\/p>\n<p style=\"text-align: center;\"><a href=\"http:\/\/www.sabine-seyffert.de\/blog\/wp-content\/uploads\/2017\/06\/Boot-Verpackung-7.jpg\"><img loading=\"lazy\" decoding=\"async\" class=\"alignnone size-full wp-image-10540\" src=\"http:\/\/www.sabine-seyffert.de\/blog\/wp-content\/uploads\/2017\/06\/Boot-Verpackung-7.jpg\" alt=\"\" width=\"800\" height=\"600\" srcset=\"https:\/\/www.sabine-seyffert.de\/blog\/wp-content\/uploads\/2017\/06\/Boot-Verpackung-7.jpg 800w, https:\/\/www.sabine-seyffert.de\/blog\/wp-content\/uploads\/2017\/06\/Boot-Verpackung-7-300x225.jpg 300w, https:\/\/www.sabine-seyffert.de\/blog\/wp-content\/uploads\/2017\/06\/Boot-Verpackung-7-768x576.jpg 768w\" sizes=\"auto, (max-width: 800px) 100vw, 800px\" \/><\/a><\/p>\n<p style=\"text-align: justify;\">Diese Mini Wimpel sollen das Geburtstagsschiff feierlich schm\u00fccken. Als Fahnenmast bzw. Schiffsmast musste aus meinem Vorrat ein h\u00f6lzerner Zahnstocher herhalten. Diesen befestigt man mit etwas Hei\u00dfkleber auf dem Packpapier. Das h\u00e4lt am besten. \u00dcber den unteren Rand des Zahnstochers klebt man das Boot.<\/p>\n<p style=\"text-align: center;\"><a href=\"http:\/\/www.sabine-seyffert.de\/blog\/wp-content\/uploads\/2017\/06\/Boot-Verpackung-6.jpg\"><img loading=\"lazy\" decoding=\"async\" class=\"alignnone size-full wp-image-10541\" src=\"http:\/\/www.sabine-seyffert.de\/blog\/wp-content\/uploads\/2017\/06\/Boot-Verpackung-6.jpg\" alt=\"\" width=\"800\" height=\"600\" srcset=\"https:\/\/www.sabine-seyffert.de\/blog\/wp-content\/uploads\/2017\/06\/Boot-Verpackung-6.jpg 800w, https:\/\/www.sabine-seyffert.de\/blog\/wp-content\/uploads\/2017\/06\/Boot-Verpackung-6-300x225.jpg 300w, https:\/\/www.sabine-seyffert.de\/blog\/wp-content\/uploads\/2017\/06\/Boot-Verpackung-6-768x576.jpg 768w\" sizes=\"auto, (max-width: 800px) 100vw, 800px\" \/><\/a><\/p>\n<p style=\"text-align: justify;\">Und ganz zum Schluss klebt man mit etwas normalem Klebstoff (am einfachsten ist es mit einem Klebstift, da hier nichts tropft!) die kleinen Schiffsf\u00e4hnchen so auf, dass diese wie Segel am vorderen und hinteren Ende des Boots enden.<\/p>\n<p style=\"text-align: center;\"><a href=\"http:\/\/www.sabine-seyffert.de\/blog\/wp-content\/uploads\/2017\/06\/Boot-Verpackung-5.jpg\"><img loading=\"lazy\" decoding=\"async\" class=\"alignnone size-full wp-image-10542\" src=\"http:\/\/www.sabine-seyffert.de\/blog\/wp-content\/uploads\/2017\/06\/Boot-Verpackung-5.jpg\" alt=\"\" width=\"800\" height=\"600\" srcset=\"https:\/\/www.sabine-seyffert.de\/blog\/wp-content\/uploads\/2017\/06\/Boot-Verpackung-5.jpg 800w, https:\/\/www.sabine-seyffert.de\/blog\/wp-content\/uploads\/2017\/06\/Boot-Verpackung-5-300x225.jpg 300w, https:\/\/www.sabine-seyffert.de\/blog\/wp-content\/uploads\/2017\/06\/Boot-Verpackung-5-768x576.jpg 768w\" sizes=\"auto, (max-width: 800px) 100vw, 800px\" \/><\/a><\/p>\n<p style=\"text-align: justify;\">Mit meinem Dymoger\u00e4t habe ich noch den Namen des Geburtstagskindes gestempelt und auf den vorderen Schiffteil geklebt. Nun hei\u00dft es \u201eLeinen los\u201c und fr\u00f6hlich ins neue Lebensjahr geschippert!<\/p>\n<p style=\"text-align: center;\"><a href=\"http:\/\/www.sabine-seyffert.de\/blog\/wp-content\/uploads\/2017\/06\/Boot-Verpackung-2.jpg\"><img loading=\"lazy\" decoding=\"async\" class=\"alignnone size-full wp-image-10543\" src=\"http:\/\/www.sabine-seyffert.de\/blog\/wp-content\/uploads\/2017\/06\/Boot-Verpackung-2.jpg\" alt=\"\" width=\"800\" height=\"600\" srcset=\"https:\/\/www.sabine-seyffert.de\/blog\/wp-content\/uploads\/2017\/06\/Boot-Verpackung-2.jpg 800w, https:\/\/www.sabine-seyffert.de\/blog\/wp-content\/uploads\/2017\/06\/Boot-Verpackung-2-300x225.jpg 300w, https:\/\/www.sabine-seyffert.de\/blog\/wp-content\/uploads\/2017\/06\/Boot-Verpackung-2-768x576.jpg 768w\" sizes=\"auto, (max-width: 800px) 100vw, 800px\" \/><\/a><\/p>\n<p style=\"text-align: justify;\">Weitere pfiffige Ideen f\u00fcr Geschenkverpackungen findet Ihr \u00fcbrigens in <a href=\"http:\/\/www.sabine-seyffert.de\/blog\/category\/verpackungsideen\/\" target=\"_blank\" rel=\"noopener noreferrer\">dieser Rubrik<\/a>, alles zum Thema Kindergeburtstag <a href=\"http:\/\/www.sabine-seyffert.de\/blog\/category\/kinderfeste-partys\/\" target=\"_blank\" rel=\"noopener noreferrer\">dort<\/a> und andere kreative Ideen <a href=\"http:\/\/www.creadienstag.de\/2017\/06\/Linkparty-282.html\" target=\"_blank\" rel=\"noopener noreferrer\">da<\/a>.<\/p>\n<p style=\"text-align: center;\"><a href=\"http:\/\/www.sabine-seyffert.de\/blog\/wp-content\/uploads\/2017\/06\/Boot-Verpackung-3.jpg\"><img loading=\"lazy\" decoding=\"async\" class=\"alignnone size-full wp-image-10544\" src=\"http:\/\/www.sabine-seyffert.de\/blog\/wp-content\/uploads\/2017\/06\/Boot-Verpackung-3.jpg\" alt=\"\" width=\"800\" height=\"600\" srcset=\"https:\/\/www.sabine-seyffert.de\/blog\/wp-content\/uploads\/2017\/06\/Boot-Verpackung-3.jpg 800w, https:\/\/www.sabine-seyffert.de\/blog\/wp-content\/uploads\/2017\/06\/Boot-Verpackung-3-300x225.jpg 300w, https:\/\/www.sabine-seyffert.de\/blog\/wp-content\/uploads\/2017\/06\/Boot-Verpackung-3-768x576.jpg 768w\" sizes=\"auto, (max-width: 800px) 100vw, 800px\" \/><\/a><\/p>\n<p style=\"text-align: justify;\"><a href=\"http:\/\/www.sabine-seyffert.de\/blog\/?page_id=32#urheberrecht\">urheberrechtlich gesch\u00fctzt<\/a>, \u00a9 Sabine Seyffert<\/p>\n","protected":false},"excerpt":{"rendered":"<p>Wieder einmal gab es eine Geburtstagseinladung f\u00fcr eins meiner Kinder. Das Geschenk war schnell gefunden und ebenso schnell in Packpapier versteckt. Jetzt fehlte nur noch die passende Geschenkverpackung. Denn so ein Geburtstagsgeschenk soll schlie\u00dflich auch dem Anlass entsprechend fr\u00f6hlich und bunt daherkommen. Wo doch gerade bei Kindern ein solches Geburtstagsfest immer ein spannendes Ereignis ist&#8230;. <a href=\"https:\/\/www.sabine-seyffert.de\/blog\/verpackungsidee-fuer-kleine-piraten-und-geburtstagskinder-mit-froehlichem-ahoi-schippern-wir-ins-neue-lebensjahr\/\" class=\"more-link\">Read more: Verpackungsidee f\u00fcr kleine Piraten und Geburtstagskinder: Mit fr\u00f6hlichem Ahoi schippern wir ins neue Lebensjahr!<\/a><\/p>\n","protected":false},"author":2,"featured_media":0,"comment_status":"open","ping_status":"open","sticky":false,"template":"","format":"standard","meta":{"_metis_text_type":"","_metis_text_length":2198,"_post_count":0,"footnotes":""},"categories":[49,24],"tags":[],"class_list":["post-10535","post","type-post","status-publish","format-standard","hentry","category-verpackungsideen","category-sommer"],"_links":{"self":[{"href":"https:\/\/www.sabine-seyffert.de\/blog\/wp-json\/wp\/v2\/posts\/10535","targetHints":{"allow":["GET"]}}],"collection":[{"href":"https:\/\/www.sabine-seyffert.de\/blog\/wp-json\/wp\/v2\/posts"}],"about":[{"href":"https:\/\/www.sabine-seyffert.de\/blog\/wp-json\/wp\/v2\/types\/post"}],"author":[{"embeddable":true,"href":"https:\/\/www.sabine-seyffert.de\/blog\/wp-json\/wp\/v2\/users\/2"}],"replies":[{"embeddable":true,"href":"https:\/\/www.sabine-seyffert.de\/blog\/wp-json\/wp\/v2\/comments?post=10535"}],"version-history":[{"count":2,"href":"https:\/\/www.sabine-seyffert.de\/blog\/wp-json\/wp\/v2\/posts\/10535\/revisions"}],"predecessor-version":[{"id":10546,"href":"https:\/\/www.sabine-seyffert.de\/blog\/wp-json\/wp\/v2\/posts\/10535\/revisions\/10546"}],"wp:attachment":[{"href":"https:\/\/www.sabine-seyffert.de\/blog\/wp-json\/wp\/v2\/media?parent=10535"}],"wp:term":[{"taxonomy":"category","embeddable":true,"href":"https:\/\/www.sabine-seyffert.de\/blog\/wp-json\/wp\/v2\/categories?post=10535"},{"taxonomy":"post_tag","embeddable":true,"href":"https:\/\/www.sabine-seyffert.de\/blog\/wp-json\/wp\/v2\/tags?post=10535"}],"curies":[{"name":"wp","href":"https:\/\/api.w.org\/{rel}","templated":true}]}}