{"id":10477,"date":"2017-06-06T14:05:38","date_gmt":"2017-06-06T12:05:38","guid":{"rendered":"http:\/\/www.sabine-seyffert.de\/blog\/?p=10477"},"modified":"2017-06-12T10:42:24","modified_gmt":"2017-06-12T08:42:24","slug":"stimmungsvolles-windlicht-upcyling-und-bastelidee-mit-naturmaterial-ahornasen-sommerliches-gruen","status":"publish","type":"post","link":"https:\/\/www.sabine-seyffert.de\/blog\/stimmungsvolles-windlicht-upcyling-und-bastelidee-mit-naturmaterial-ahornasen-sommerliches-gruen\/","title":{"rendered":"Stimmungsvolles Windlicht Upcyling und Bastelidee mit Naturmaterial: Ahornasen &#038; sommerliches Gr\u00fcn"},"content":{"rendered":"<p style=\"text-align: justify;\"><img loading=\"lazy\" decoding=\"async\" src=\"https:\/\/ssl-vg03.met.vgwort.de\/na\/c7634580d8cd4fb4a1174424d4436a74\" alt=\"\" width=\"1\" height=\"1\" \/>Auch wenn der Sommer langsam einkehrt, so mag ich es dennoch Drinnen weiterhin gem\u00fctlich. Und ein wenig sommerliches Gr\u00fcn in den eigenen vier W\u00e4nden schadet auch nicht. Als ich vom Einkauf \u00fcber den Spielplatz nach Hause spazierte, viel mein Blick auf den Ahornbaum, an dessen Zweigen es vor lauter Ahornnasen nur so wimmelte. Da ich damit ja ausgesprochen gerne kreativ bin und schon so einiges gebastelt habe (beispielsweise wie <a href=\"http:\/\/www.sabine-seyffert.de\/blog\/summ-summ-summ\/\" target=\"_blank\" rel=\"noopener noreferrer\">diese s\u00fc\u00dfen, herum summenden Bienchen<\/a> \u2013 eine tolle Bastelidee f\u00fcr kleine Kinderh\u00e4nde!), musste ich mir kurzerhand ein paar davon stibitzen. Denn irgendwann segeln die Nasen ja dann eh in Richtung Boden\u2026<\/p>\n<p style=\"text-align: center;\"><a href=\"http:\/\/www.sabine-seyffert.de\/blog\/wp-content\/uploads\/2017\/06\/Ahornnasenkranz-5.jpg\"><img loading=\"lazy\" decoding=\"async\" class=\"alignnone size-full wp-image-10478\" src=\"http:\/\/www.sabine-seyffert.de\/blog\/wp-content\/uploads\/2017\/06\/Ahornnasenkranz-5.jpg\" alt=\"\" width=\"800\" height=\"600\" srcset=\"https:\/\/www.sabine-seyffert.de\/blog\/wp-content\/uploads\/2017\/06\/Ahornnasenkranz-5.jpg 800w, https:\/\/www.sabine-seyffert.de\/blog\/wp-content\/uploads\/2017\/06\/Ahornnasenkranz-5-300x225.jpg 300w, https:\/\/www.sabine-seyffert.de\/blog\/wp-content\/uploads\/2017\/06\/Ahornnasenkranz-5-768x576.jpg 768w\" sizes=\"auto, (max-width: 800px) 100vw, 800px\" \/><\/a><\/p>\n<p style=\"text-align: justify;\"><strong>Das wird gebraucht:<\/strong><br \/>\nAllerhand frisch gesammelte Ahornnasen, biegsamen Basteldraht (nicht zu d\u00fcnn!), kleinere, naturbraune Holzperlen, ein altes Marmeladenglas, Teelicht und eine Schere<\/p>\n<p style=\"text-align: center;\"><a href=\"http:\/\/www.sabine-seyffert.de\/blog\/wp-content\/uploads\/2017\/06\/Ahornnasenkranz.jpg\"><img loading=\"lazy\" decoding=\"async\" class=\"alignnone size-full wp-image-10479\" src=\"http:\/\/www.sabine-seyffert.de\/blog\/wp-content\/uploads\/2017\/06\/Ahornnasenkranz.jpg\" alt=\"\" width=\"600\" height=\"800\" srcset=\"https:\/\/www.sabine-seyffert.de\/blog\/wp-content\/uploads\/2017\/06\/Ahornnasenkranz.jpg 600w, https:\/\/www.sabine-seyffert.de\/blog\/wp-content\/uploads\/2017\/06\/Ahornnasenkranz-225x300.jpg 225w\" sizes=\"auto, (max-width: 600px) 100vw, 600px\" \/><\/a><\/p>\n<p style=\"text-align: justify;\"><strong>So wird\u2019s gemacht:<\/strong><br \/>\nWenn die Ahornnasen ganz frisch sind, klappt dieses DIY am allerbesten. Und zwar ben\u00f6tigt man einen etwas festeren Basteldraht und mit diesem kann man wie mit einer N\u00e4hnadel, durch das Ende der Ahornnasen durchpieken und diese auf diese Weise auff\u00e4deln.<\/p>\n<p style=\"text-align: center;\"><a href=\"http:\/\/www.sabine-seyffert.de\/blog\/wp-content\/uploads\/2017\/06\/Ahornnasen.jpg\"><img loading=\"lazy\" decoding=\"async\" class=\"alignnone size-full wp-image-10480\" src=\"http:\/\/www.sabine-seyffert.de\/blog\/wp-content\/uploads\/2017\/06\/Ahornnasen.jpg\" alt=\"\" width=\"800\" height=\"600\" srcset=\"https:\/\/www.sabine-seyffert.de\/blog\/wp-content\/uploads\/2017\/06\/Ahornnasen.jpg 800w, https:\/\/www.sabine-seyffert.de\/blog\/wp-content\/uploads\/2017\/06\/Ahornnasen-300x225.jpg 300w, https:\/\/www.sabine-seyffert.de\/blog\/wp-content\/uploads\/2017\/06\/Ahornnasen-768x576.jpg 768w\" sizes=\"auto, (max-width: 800px) 100vw, 800px\" \/><\/a><\/p>\n<p style=\"text-align: justify;\">Da mir das allein zu langweilig war, habe ich zwischen jede gef\u00e4delte Ahornnase eine kleine Holzperle gef\u00e4delt, die den kleinen Sommerkranz etwas auflockern und zudem ein netter Augenfang sind.<\/p>\n<p style=\"text-align: center;\"><a href=\"http:\/\/www.sabine-seyffert.de\/blog\/wp-content\/uploads\/2017\/06\/Ahornnasenkranz-9.jpg\"><img loading=\"lazy\" decoding=\"async\" class=\"alignnone size-full wp-image-10481\" src=\"http:\/\/www.sabine-seyffert.de\/blog\/wp-content\/uploads\/2017\/06\/Ahornnasenkranz-9.jpg\" alt=\"\" width=\"800\" height=\"600\" srcset=\"https:\/\/www.sabine-seyffert.de\/blog\/wp-content\/uploads\/2017\/06\/Ahornnasenkranz-9.jpg 800w, https:\/\/www.sabine-seyffert.de\/blog\/wp-content\/uploads\/2017\/06\/Ahornnasenkranz-9-300x225.jpg 300w, https:\/\/www.sabine-seyffert.de\/blog\/wp-content\/uploads\/2017\/06\/Ahornnasenkranz-9-768x576.jpg 768w\" sizes=\"auto, (max-width: 800px) 100vw, 800px\" \/><\/a><\/p>\n<p style=\"text-align: justify;\">Wenn dieser kleine Sommerkranz lang genug ist, dreht man die beiden Drahtenden ineinander, so dass nichts mehr aufgehen kann und stellt einfach ein leeres Marmeladenglas samt kleiner Kerze, oder wie in meinem Fall einem Teelicht, hinein.<\/p>\n<p style=\"text-align: center;\"><a href=\"http:\/\/www.sabine-seyffert.de\/blog\/wp-content\/uploads\/2017\/06\/Ahornnasenkranz-8.jpg\"><img loading=\"lazy\" decoding=\"async\" class=\"alignnone size-full wp-image-10482\" src=\"http:\/\/www.sabine-seyffert.de\/blog\/wp-content\/uploads\/2017\/06\/Ahornnasenkranz-8.jpg\" alt=\"\" width=\"800\" height=\"600\" srcset=\"https:\/\/www.sabine-seyffert.de\/blog\/wp-content\/uploads\/2017\/06\/Ahornnasenkranz-8.jpg 800w, https:\/\/www.sabine-seyffert.de\/blog\/wp-content\/uploads\/2017\/06\/Ahornnasenkranz-8-300x225.jpg 300w, https:\/\/www.sabine-seyffert.de\/blog\/wp-content\/uploads\/2017\/06\/Ahornnasenkranz-8-768x576.jpg 768w\" sizes=\"auto, (max-width: 800px) 100vw, 800px\" \/><\/a><\/p>\n<p style=\"text-align: justify;\">So zaubert das kleine Sommerwindlicht eine behagliche sch\u00f6ne Stimmung auf den Esstisch, Fensterbank oder das Regal. Und das frische Gr\u00fcn leuchten auf diese Weise ganz besonders sch\u00f6n\u2026<\/p>\n<p style=\"text-align: center;\"><a href=\"http:\/\/www.sabine-seyffert.de\/blog\/wp-content\/uploads\/2017\/06\/Ahornnasenkranz-2.jpg\"><img loading=\"lazy\" decoding=\"async\" class=\"alignnone size-full wp-image-10483\" src=\"http:\/\/www.sabine-seyffert.de\/blog\/wp-content\/uploads\/2017\/06\/Ahornnasenkranz-2.jpg\" alt=\"\" width=\"800\" height=\"600\" srcset=\"https:\/\/www.sabine-seyffert.de\/blog\/wp-content\/uploads\/2017\/06\/Ahornnasenkranz-2.jpg 800w, https:\/\/www.sabine-seyffert.de\/blog\/wp-content\/uploads\/2017\/06\/Ahornnasenkranz-2-300x225.jpg 300w, https:\/\/www.sabine-seyffert.de\/blog\/wp-content\/uploads\/2017\/06\/Ahornnasenkranz-2-768x576.jpg 768w\" sizes=\"auto, (max-width: 800px) 100vw, 800px\" \/><\/a><\/p>\n<p style=\"text-align: justify;\">Habt Ihr auch schon mal mit Ahornnasen gebastelt und ein paar Bastelideen dazu?<\/p>\n<p style=\"text-align: center;\"><a href=\"http:\/\/www.sabine-seyffert.de\/blog\/wp-content\/uploads\/2017\/06\/Ahornnasenkranz-1.jpg\"><img loading=\"lazy\" decoding=\"async\" class=\"alignnone size-full wp-image-10484\" src=\"http:\/\/www.sabine-seyffert.de\/blog\/wp-content\/uploads\/2017\/06\/Ahornnasenkranz-1.jpg\" alt=\"\" width=\"600\" height=\"800\" srcset=\"https:\/\/www.sabine-seyffert.de\/blog\/wp-content\/uploads\/2017\/06\/Ahornnasenkranz-1.jpg 600w, https:\/\/www.sabine-seyffert.de\/blog\/wp-content\/uploads\/2017\/06\/Ahornnasenkranz-1-225x300.jpg 225w\" sizes=\"auto, (max-width: 600px) 100vw, 600px\" \/><\/a><\/p>\n<p style=\"text-align: justify;\">Weitere Upcycling Ideen gibt es \u00fcbrigens in <a href=\"http:\/\/www.sabine-seyffert.de\/blog\/category\/upcyceltes\/\" target=\"_blank\" rel=\"noopener noreferrer\">dieser Rubrik<\/a>, Deko Ideen <a href=\"http:\/\/www.sabine-seyffert.de\/blog\/category\/deko-ideen\/\" target=\"_blank\" rel=\"noopener noreferrer\">da<\/a>, alles zum Thema Sommer <a href=\"http:\/\/www.sabine-seyffert.de\/blog\/category\/sommer\/\" target=\"_blank\" rel=\"noopener noreferrer\">hier<\/a>, mehr Gr\u00fcnes <a href=\"http:\/\/naturkinder.typepad.com\/naturkinder\/2017\/06\/gruenzeug-we-love-green-stuff-1.html\" target=\"_blank\" rel=\"noopener noreferrer\">dort<\/a> und andere kreative Sachen tummeln sich an <a href=\"http:\/\/www.creadienstag.de\/2017\/06\/Linkparty-282.html\" target=\"_blank\" rel=\"noopener noreferrer\">dieser<\/a> Stelle \ud83d\ude42<\/p>\n<p style=\"text-align: center;\"><a href=\"http:\/\/www.sabine-seyffert.de\/blog\/wp-content\/uploads\/2017\/06\/Ahornnasenkranz-3.jpg\"><img loading=\"lazy\" decoding=\"async\" class=\"alignnone size-full wp-image-10485\" src=\"http:\/\/www.sabine-seyffert.de\/blog\/wp-content\/uploads\/2017\/06\/Ahornnasenkranz-3.jpg\" alt=\"\" width=\"800\" height=\"600\" srcset=\"https:\/\/www.sabine-seyffert.de\/blog\/wp-content\/uploads\/2017\/06\/Ahornnasenkranz-3.jpg 800w, https:\/\/www.sabine-seyffert.de\/blog\/wp-content\/uploads\/2017\/06\/Ahornnasenkranz-3-300x225.jpg 300w, https:\/\/www.sabine-seyffert.de\/blog\/wp-content\/uploads\/2017\/06\/Ahornnasenkranz-3-768x576.jpg 768w\" sizes=\"auto, (max-width: 800px) 100vw, 800px\" \/><\/a><\/p>\n<p style=\"text-align: justify;\"><a href=\"http:\/\/www.sabine-seyffert.de\/blog\/?page_id=32#urheberrecht\">urheberrechtlich gesch\u00fctzt<\/a>, \u00a9 Sabine Seyffert<\/p>\n","protected":false},"excerpt":{"rendered":"<p>Auch wenn der Sommer langsam einkehrt, so mag ich es dennoch Drinnen weiterhin gem\u00fctlich. Und ein wenig sommerliches Gr\u00fcn in den eigenen vier W\u00e4nden schadet auch nicht. Als ich vom Einkauf \u00fcber den Spielplatz nach Hause spazierte, viel mein Blick auf den Ahornbaum, an dessen Zweigen es vor lauter Ahornnasen nur so wimmelte. Da ich&#8230; <a href=\"https:\/\/www.sabine-seyffert.de\/blog\/stimmungsvolles-windlicht-upcyling-und-bastelidee-mit-naturmaterial-ahornasen-sommerliches-gruen\/\" class=\"more-link\">Read more: Stimmungsvolles Windlicht Upcyling und Bastelidee mit Naturmaterial: Ahornasen &#038; sommerliches Gr\u00fcn<\/a><\/p>\n","protected":false},"author":2,"featured_media":0,"comment_status":"open","ping_status":"open","sticky":false,"template":"","format":"standard","meta":{"_metis_text_type":"","_metis_text_length":2011,"_post_count":0,"footnotes":""},"categories":[12,24,47],"tags":[],"class_list":["post-10477","post","type-post","status-publish","format-standard","hentry","category-deko-ideen","category-sommer","category-upcyceltes"],"_links":{"self":[{"href":"https:\/\/www.sabine-seyffert.de\/blog\/wp-json\/wp\/v2\/posts\/10477","targetHints":{"allow":["GET"]}}],"collection":[{"href":"https:\/\/www.sabine-seyffert.de\/blog\/wp-json\/wp\/v2\/posts"}],"about":[{"href":"https:\/\/www.sabine-seyffert.de\/blog\/wp-json\/wp\/v2\/types\/post"}],"author":[{"embeddable":true,"href":"https:\/\/www.sabine-seyffert.de\/blog\/wp-json\/wp\/v2\/users\/2"}],"replies":[{"embeddable":true,"href":"https:\/\/www.sabine-seyffert.de\/blog\/wp-json\/wp\/v2\/comments?post=10477"}],"version-history":[{"count":6,"href":"https:\/\/www.sabine-seyffert.de\/blog\/wp-json\/wp\/v2\/posts\/10477\/revisions"}],"predecessor-version":[{"id":10536,"href":"https:\/\/www.sabine-seyffert.de\/blog\/wp-json\/wp\/v2\/posts\/10477\/revisions\/10536"}],"wp:attachment":[{"href":"https:\/\/www.sabine-seyffert.de\/blog\/wp-json\/wp\/v2\/media?parent=10477"}],"wp:term":[{"taxonomy":"category","embeddable":true,"href":"https:\/\/www.sabine-seyffert.de\/blog\/wp-json\/wp\/v2\/categories?post=10477"},{"taxonomy":"post_tag","embeddable":true,"href":"https:\/\/www.sabine-seyffert.de\/blog\/wp-json\/wp\/v2\/tags?post=10477"}],"curies":[{"name":"wp","href":"https:\/\/api.w.org\/{rel}","templated":true}]}}