{"id":10420,"date":"2017-05-29T06:20:01","date_gmt":"2017-05-29T04:20:01","guid":{"rendered":"http:\/\/www.sabine-seyffert.de\/blog\/?p=10420"},"modified":"2017-05-29T06:20:01","modified_gmt":"2017-05-29T04:20:01","slug":"diy-und-verpackungsidee-bluehender-mohn-als-geschenkverpackung-oder-grosse-klatschmohn-liebe","status":"publish","type":"post","link":"https:\/\/www.sabine-seyffert.de\/blog\/diy-und-verpackungsidee-bluehender-mohn-als-geschenkverpackung-oder-grosse-klatschmohn-liebe\/","title":{"rendered":"DIY und Verpackungsidee: Bl\u00fchender Mohn als Geschenkverpackung oder gro\u00dfe Klatschmohn-Liebe"},"content":{"rendered":"<p style=\"text-align: justify;\"><img loading=\"lazy\" decoding=\"async\" src=\"https:\/\/ssl-vg03.met.vgwort.de\/na\/87b6199c56f241f69df1b8b92bae2dc4\" alt=\"\" width=\"1\" height=\"1\" \/>Eine Freundin von mir hatte Geburtstag. Und eigentlich hatte ich schon seit l\u00e4ngerem eine zur Jahreszeit passende Idee im Kopf und diese versuchsweise auch schon angefertigt. Da ich kurz vorher jedoch eine Runde an der frischen Luft war und mir immer noch das zauberhafte Bilder des roten Klatschmohns am Feldrand im Kopf herumspuckte, habe ich mich wieder einmal kurzerhand um entschieden. Allerdings gefiel mir die Idee so gut, dass es sicherlich nicht die letzte Geschenkverpackung war, die ich auf diese Weise gestaltet habe \ud83d\ude09<\/p>\n<p style=\"text-align: center;\"><a href=\"http:\/\/www.sabine-seyffert.de\/blog\/wp-content\/uploads\/2017\/05\/Mohnblume-Geschenk-6.jpg\"><img loading=\"lazy\" decoding=\"async\" class=\"alignnone size-full wp-image-10421\" src=\"http:\/\/www.sabine-seyffert.de\/blog\/wp-content\/uploads\/2017\/05\/Mohnblume-Geschenk-6.jpg\" alt=\"\" width=\"800\" height=\"600\" srcset=\"https:\/\/www.sabine-seyffert.de\/blog\/wp-content\/uploads\/2017\/05\/Mohnblume-Geschenk-6.jpg 800w, https:\/\/www.sabine-seyffert.de\/blog\/wp-content\/uploads\/2017\/05\/Mohnblume-Geschenk-6-300x225.jpg 300w, https:\/\/www.sabine-seyffert.de\/blog\/wp-content\/uploads\/2017\/05\/Mohnblume-Geschenk-6-768x576.jpg 768w\" sizes=\"auto, (max-width: 800px) 100vw, 800px\" \/><\/a><\/p>\n<p style=\"text-align: justify;\"><strong>Das wird gebraucht:<\/strong><br \/>\nNaturbraunes Packpapier, rotes Seidenpapier unifarben, eine Bastelschere, gr\u00fcnes Tonpapier, kleine, schwarze Perlen, gr\u00fcnes Masking Tape, Klebstoff, eine Hei\u00dfklebepistole samt Klebepatrone, Buchstabenstempel und ein kleines Stempelkissen in schwarz<\/p>\n<p style=\"text-align: center;\"><a href=\"http:\/\/www.sabine-seyffert.de\/blog\/wp-content\/uploads\/2017\/05\/Mohn-1.jpg\"><img loading=\"lazy\" decoding=\"async\" class=\"alignnone size-full wp-image-10422\" src=\"http:\/\/www.sabine-seyffert.de\/blog\/wp-content\/uploads\/2017\/05\/Mohn-1.jpg\" alt=\"\" width=\"600\" height=\"800\" srcset=\"https:\/\/www.sabine-seyffert.de\/blog\/wp-content\/uploads\/2017\/05\/Mohn-1.jpg 600w, https:\/\/www.sabine-seyffert.de\/blog\/wp-content\/uploads\/2017\/05\/Mohn-1-225x300.jpg 225w\" sizes=\"auto, (max-width: 600px) 100vw, 600px\" \/><\/a><\/p>\n<p style=\"text-align: justify;\"><strong>So wird\u2019s gemacht:<\/strong><br \/>\nDas Geschenk wanderte zuerst, wie meistens bei mir \u00fcblich, in eine St\u00fcck Packpapier. Das mag ich einfach zu gerne und man kann es einfach hervorragend mit allen Farben und Materialien kombinieren.<\/p>\n<p style=\"text-align: center;\"><a href=\"http:\/\/www.sabine-seyffert.de\/blog\/wp-content\/uploads\/2017\/05\/Mohnblume-Geschenk-3.jpg\"><img loading=\"lazy\" decoding=\"async\" class=\"alignnone size-full wp-image-10423\" src=\"http:\/\/www.sabine-seyffert.de\/blog\/wp-content\/uploads\/2017\/05\/Mohnblume-Geschenk-3.jpg\" alt=\"\" width=\"800\" height=\"600\" srcset=\"https:\/\/www.sabine-seyffert.de\/blog\/wp-content\/uploads\/2017\/05\/Mohnblume-Geschenk-3.jpg 800w, https:\/\/www.sabine-seyffert.de\/blog\/wp-content\/uploads\/2017\/05\/Mohnblume-Geschenk-3-300x225.jpg 300w, https:\/\/www.sabine-seyffert.de\/blog\/wp-content\/uploads\/2017\/05\/Mohnblume-Geschenk-3-768x576.jpg 768w\" sizes=\"auto, (max-width: 800px) 100vw, 800px\" \/><\/a><\/p>\n<p style=\"text-align: justify;\">Dann habe ich mir aus rotem Seidenpapier per Hand Bl\u00fctenbl\u00e4tter geschnitten. Diese kommen der Gr\u00f6\u00dfe einer richtigen Mohnblume schon sehr nah und haben mal ganz grob gesagt die Form von Herzen. Auf den Detailfotos kann man das hoffentlich ganz gut erkennen.<\/p>\n<p style=\"text-align: center;\"><a href=\"http:\/\/www.sabine-seyffert.de\/blog\/wp-content\/uploads\/2017\/05\/Mohnblume-Geschenk-4.jpg\"><img loading=\"lazy\" decoding=\"async\" class=\"alignnone size-full wp-image-10424\" src=\"http:\/\/www.sabine-seyffert.de\/blog\/wp-content\/uploads\/2017\/05\/Mohnblume-Geschenk-4.jpg\" alt=\"\" width=\"800\" height=\"600\" srcset=\"https:\/\/www.sabine-seyffert.de\/blog\/wp-content\/uploads\/2017\/05\/Mohnblume-Geschenk-4.jpg 800w, https:\/\/www.sabine-seyffert.de\/blog\/wp-content\/uploads\/2017\/05\/Mohnblume-Geschenk-4-300x225.jpg 300w, https:\/\/www.sabine-seyffert.de\/blog\/wp-content\/uploads\/2017\/05\/Mohnblume-Geschenk-4-768x576.jpg 768w\" sizes=\"auto, (max-width: 800px) 100vw, 800px\" \/><\/a><\/p>\n<p style=\"text-align: justify;\">Aus etwa 6 dieser Bl\u00fctenbl\u00e4tter habe ich den Bl\u00fctenkopf einer Mohnblume gelegt und die unteren, schmalen Enden mit einem kleinen St\u00fcck Masking Tape zusammengebunden, damit nichts mehr auseinander f\u00e4llt.<\/p>\n<p style=\"text-align: justify;\"><a href=\"http:\/\/www.sabine-seyffert.de\/blog\/wp-content\/uploads\/2017\/05\/Mohnblume-Geschenk-5.jpg\"><img loading=\"lazy\" decoding=\"async\" class=\"alignnone size-full wp-image-10425\" src=\"http:\/\/www.sabine-seyffert.de\/blog\/wp-content\/uploads\/2017\/05\/Mohnblume-Geschenk-5.jpg\" alt=\"\" width=\"800\" height=\"600\" srcset=\"https:\/\/www.sabine-seyffert.de\/blog\/wp-content\/uploads\/2017\/05\/Mohnblume-Geschenk-5.jpg 800w, https:\/\/www.sabine-seyffert.de\/blog\/wp-content\/uploads\/2017\/05\/Mohnblume-Geschenk-5-300x225.jpg 300w, https:\/\/www.sabine-seyffert.de\/blog\/wp-content\/uploads\/2017\/05\/Mohnblume-Geschenk-5-768x576.jpg 768w\" sizes=\"auto, (max-width: 800px) 100vw, 800px\" \/><\/a><\/p>\n<p style=\"text-align: justify;\">Den langen Stiel habe ich aus gr\u00fcnem Tonpapier geschnitten und samt der roten Bl\u00fcte aufgeklebt. Damit der Mohn noch echter aussieht, habe ich ein paar winzige, schwarze Perlen in den Bl\u00fctenkopf hinein geklebt.<\/p>\n<p style=\"text-align: center;\"><a href=\"http:\/\/www.sabine-seyffert.de\/blog\/wp-content\/uploads\/2017\/05\/Mohnblume-Geschenk-9.jpg\"><img loading=\"lazy\" decoding=\"async\" class=\"alignnone size-full wp-image-10426\" src=\"http:\/\/www.sabine-seyffert.de\/blog\/wp-content\/uploads\/2017\/05\/Mohnblume-Geschenk-9.jpg\" alt=\"\" width=\"800\" height=\"600\" srcset=\"https:\/\/www.sabine-seyffert.de\/blog\/wp-content\/uploads\/2017\/05\/Mohnblume-Geschenk-9.jpg 800w, https:\/\/www.sabine-seyffert.de\/blog\/wp-content\/uploads\/2017\/05\/Mohnblume-Geschenk-9-300x225.jpg 300w, https:\/\/www.sabine-seyffert.de\/blog\/wp-content\/uploads\/2017\/05\/Mohnblume-Geschenk-9-768x576.jpg 768w\" sizes=\"auto, (max-width: 800px) 100vw, 800px\" \/><\/a><\/p>\n<p style=\"text-align: justify;\">Und weil es sich bei dieser Verpackung um ein Geburtstagsgeschenk handelt, habe ich noch den Namen in einem Bogen um den geschwungenen Stiel der Blume gestempelt.<\/p>\n<p style=\"text-align: center;\"><a href=\"http:\/\/www.sabine-seyffert.de\/blog\/wp-content\/uploads\/2017\/05\/Mohnblume-Geschenk-8.jpg\"><img loading=\"lazy\" decoding=\"async\" class=\"alignnone size-full wp-image-10427\" src=\"http:\/\/www.sabine-seyffert.de\/blog\/wp-content\/uploads\/2017\/05\/Mohnblume-Geschenk-8.jpg\" alt=\"\" width=\"800\" height=\"600\" srcset=\"https:\/\/www.sabine-seyffert.de\/blog\/wp-content\/uploads\/2017\/05\/Mohnblume-Geschenk-8.jpg 800w, https:\/\/www.sabine-seyffert.de\/blog\/wp-content\/uploads\/2017\/05\/Mohnblume-Geschenk-8-300x225.jpg 300w, https:\/\/www.sabine-seyffert.de\/blog\/wp-content\/uploads\/2017\/05\/Mohnblume-Geschenk-8-768x576.jpg 768w\" sizes=\"auto, (max-width: 800px) 100vw, 800px\" \/><\/a><\/p>\n<p style=\"text-align: justify;\">Als meine Tochter ins Zimmer kam fragte sie ganz begeistert: \u201eHast du da eine echte Mohnblume auf das Geschenk geklebt, Mama?\u201c Offenbar ist diese Deko der echten Blume zum Verwechseln \u00e4hnlich, was mich nat\u00fcrlich ausgesprochen freut!<\/p>\n<p style=\"text-align: center;\"><a href=\"http:\/\/www.sabine-seyffert.de\/blog\/wp-content\/uploads\/2017\/05\/Mohnblume-Geschenk-2.jpg\"><img loading=\"lazy\" decoding=\"async\" class=\"alignnone size-full wp-image-10428\" src=\"http:\/\/www.sabine-seyffert.de\/blog\/wp-content\/uploads\/2017\/05\/Mohnblume-Geschenk-2.jpg\" alt=\"\" width=\"800\" height=\"600\" srcset=\"https:\/\/www.sabine-seyffert.de\/blog\/wp-content\/uploads\/2017\/05\/Mohnblume-Geschenk-2.jpg 800w, https:\/\/www.sabine-seyffert.de\/blog\/wp-content\/uploads\/2017\/05\/Mohnblume-Geschenk-2-300x225.jpg 300w, https:\/\/www.sabine-seyffert.de\/blog\/wp-content\/uploads\/2017\/05\/Mohnblume-Geschenk-2-768x576.jpg 768w\" sizes=\"auto, (max-width: 800px) 100vw, 800px\" \/><\/a><\/p>\n<p style=\"text-align: justify;\">Weitere Bastelanleitungen f\u00fcr selbst gemachte Geschenkverpackungen findet ihr \u00fcbrigens in <a href=\"http:\/\/www.sabine-seyffert.de\/blog\/category\/verpackungsideen\/\" target=\"_blank\" rel=\"noopener noreferrer\">dieser Rubrik<\/a> und anderes Kreatives <a href=\"http:\/\/www.creadienstag.de\/2017\/05\/281.html\" target=\"_blank\" rel=\"noopener noreferrer\">da<\/a>.<\/p>\n<p style=\"text-align: center;\"><a href=\"http:\/\/www.sabine-seyffert.de\/blog\/wp-content\/uploads\/2017\/05\/Mohn-2.jpg\"><img loading=\"lazy\" decoding=\"async\" class=\"alignnone size-full wp-image-10429\" src=\"http:\/\/www.sabine-seyffert.de\/blog\/wp-content\/uploads\/2017\/05\/Mohn-2.jpg\" alt=\"\" width=\"800\" height=\"600\" srcset=\"https:\/\/www.sabine-seyffert.de\/blog\/wp-content\/uploads\/2017\/05\/Mohn-2.jpg 800w, https:\/\/www.sabine-seyffert.de\/blog\/wp-content\/uploads\/2017\/05\/Mohn-2-300x225.jpg 300w, https:\/\/www.sabine-seyffert.de\/blog\/wp-content\/uploads\/2017\/05\/Mohn-2-768x576.jpg 768w\" sizes=\"auto, (max-width: 800px) 100vw, 800px\" \/><\/a><\/p>\n<p style=\"text-align: justify;\"><a href=\"http:\/\/www.sabine-seyffert.de\/blog\/?page_id=32#urheberrecht\">urheberrechtlich gesch\u00fctzt<\/a>, \u00a9 Sabine Seyffert<\/p>\n","protected":false},"excerpt":{"rendered":"<p>Eine Freundin von mir hatte Geburtstag. Und eigentlich hatte ich schon seit l\u00e4ngerem eine zur Jahreszeit passende Idee im Kopf und diese versuchsweise auch schon angefertigt. Da ich kurz vorher jedoch eine Runde an der frischen Luft war und mir immer noch das zauberhafte Bilder des roten Klatschmohns am Feldrand im Kopf herumspuckte, habe ich&#8230; <a href=\"https:\/\/www.sabine-seyffert.de\/blog\/diy-und-verpackungsidee-bluehender-mohn-als-geschenkverpackung-oder-grosse-klatschmohn-liebe\/\" class=\"more-link\">Read more: DIY und Verpackungsidee: Bl\u00fchender Mohn als Geschenkverpackung oder gro\u00dfe Klatschmohn-Liebe<\/a><\/p>\n","protected":false},"author":2,"featured_media":0,"comment_status":"open","ping_status":"open","sticky":false,"template":"","format":"standard","meta":{"_metis_text_type":"","_metis_text_length":2257,"_post_count":0,"footnotes":""},"categories":[49,24],"tags":[],"class_list":["post-10420","post","type-post","status-publish","format-standard","hentry","category-verpackungsideen","category-sommer"],"_links":{"self":[{"href":"https:\/\/www.sabine-seyffert.de\/blog\/wp-json\/wp\/v2\/posts\/10420","targetHints":{"allow":["GET"]}}],"collection":[{"href":"https:\/\/www.sabine-seyffert.de\/blog\/wp-json\/wp\/v2\/posts"}],"about":[{"href":"https:\/\/www.sabine-seyffert.de\/blog\/wp-json\/wp\/v2\/types\/post"}],"author":[{"embeddable":true,"href":"https:\/\/www.sabine-seyffert.de\/blog\/wp-json\/wp\/v2\/users\/2"}],"replies":[{"embeddable":true,"href":"https:\/\/www.sabine-seyffert.de\/blog\/wp-json\/wp\/v2\/comments?post=10420"}],"version-history":[{"count":3,"href":"https:\/\/www.sabine-seyffert.de\/blog\/wp-json\/wp\/v2\/posts\/10420\/revisions"}],"predecessor-version":[{"id":10432,"href":"https:\/\/www.sabine-seyffert.de\/blog\/wp-json\/wp\/v2\/posts\/10420\/revisions\/10432"}],"wp:attachment":[{"href":"https:\/\/www.sabine-seyffert.de\/blog\/wp-json\/wp\/v2\/media?parent=10420"}],"wp:term":[{"taxonomy":"category","embeddable":true,"href":"https:\/\/www.sabine-seyffert.de\/blog\/wp-json\/wp\/v2\/categories?post=10420"},{"taxonomy":"post_tag","embeddable":true,"href":"https:\/\/www.sabine-seyffert.de\/blog\/wp-json\/wp\/v2\/tags?post=10420"}],"curies":[{"name":"wp","href":"https:\/\/api.w.org\/{rel}","templated":true}]}}