{"id":1031,"date":"2013-04-08T10:11:55","date_gmt":"2013-04-08T08:11:55","guid":{"rendered":"http:\/\/www.sabine-seyffert.de\/blog\/?p=1031"},"modified":"2017-03-06T18:06:48","modified_gmt":"2017-03-06T16:06:48","slug":"kartoffengratin-mit-camenbert","status":"publish","type":"post","link":"https:\/\/www.sabine-seyffert.de\/blog\/kartoffengratin-mit-camenbert\/","title":{"rendered":"Kartoffelgratin mit Camembert"},"content":{"rendered":"<p style=\"text-align: center;\"><img loading=\"lazy\" decoding=\"async\" src=\"https:\/\/ssl-vg03.met.vgwort.de\/na\/a28c5b2ef415413d904866163d6df5d9\" alt=\"\" width=\"1\" height=\"1\" \/><a href=\"http:\/\/www.sabine-seyffert.de\/blog\/wp-content\/uploads\/2013\/03\/Camenbert-1.jpg\"><img loading=\"lazy\" decoding=\"async\" class=\"alignnone size-full wp-image-1033\" src=\"http:\/\/www.sabine-seyffert.de\/blog\/wp-content\/uploads\/2013\/03\/Camenbert-1.jpg\" alt=\"Camenbert 1\" width=\"800\" height=\"600\" srcset=\"https:\/\/www.sabine-seyffert.de\/blog\/wp-content\/uploads\/2013\/03\/Camenbert-1.jpg 800w, https:\/\/www.sabine-seyffert.de\/blog\/wp-content\/uploads\/2013\/03\/Camenbert-1-300x225.jpg 300w\" sizes=\"auto, (max-width: 800px) 100vw, 800px\" \/><\/a><\/p>\n<p style=\"text-align: justify;\">Kartoffelgratin ist bei unseren Kindern immer ein Hit. Wir \u201eGro\u00dfen\u201c m\u00f6gen ihn auch sehr, allerdings scheue ich oftmals aus zeitlichen Gr\u00fcnden den Aufwand. Denn f\u00fcr sechs Personen steckt da schon allerhand an Arbeit drin. Vor kurzem habe ich auf dem wunderbaren Blog von <a href=\"http:\/\/www.lizandjewels.com\/voulez-vous-camembert-avec-moi\/?utm_source=rss&amp;utm_medium=rss&amp;utm_campaign=voulez-vous-camembert-avec-moi\" target=\"_blank\">Lizandjewel<\/a> ein Rezept gefunden, dessen Idee mir auf Anhieb gefiel. So habe ich das Rezept in sehr abgewandelter Form ausprobiert und nachgekocht. Und zwar einen k\u00f6stlichen Kartoffelgratin mit w\u00fcrzigem Camembert. Die M\u00fche hat sich gelohnt, es hat toll geschmeckt.<\/p>\n<p style=\"text-align: center;\"><a href=\"http:\/\/www.sabine-seyffert.de\/blog\/wp-content\/uploads\/2013\/03\/Camenbert-2.jpg\"><img loading=\"lazy\" decoding=\"async\" class=\"alignnone size-full wp-image-1034\" src=\"http:\/\/www.sabine-seyffert.de\/blog\/wp-content\/uploads\/2013\/03\/Camenbert-2.jpg\" alt=\"Camenbert 2\" width=\"800\" height=\"600\" srcset=\"https:\/\/www.sabine-seyffert.de\/blog\/wp-content\/uploads\/2013\/03\/Camenbert-2.jpg 800w, https:\/\/www.sabine-seyffert.de\/blog\/wp-content\/uploads\/2013\/03\/Camenbert-2-300x225.jpg 300w\" sizes=\"auto, (max-width: 800px) 100vw, 800px\" \/><\/a><\/p>\n<p style=\"text-align: justify;\"><strong>Das wird gebraucht:<\/strong><br \/>\n2 kg festkochende Kartoffeln, 1-2 Knoblauchzehen, 1 \u00bd Becher fl\u00fcssige Sahne, 1 Beutel geriebenen K\u00e4se, 500 gr w\u00fcrzigen Camembert, Pfeffer, Salz , ggf. etwas geriebenen Rosmarin, 2 -3 E\u00dfl\u00f6ffel Sojaso\u00dfe, Margarine f\u00fcr die Auflaufform.<\/p>\n<p style=\"text-align: center;\"><a href=\"http:\/\/www.sabine-seyffert.de\/blog\/wp-content\/uploads\/2013\/03\/Camenbert-3.jpg\"><img loading=\"lazy\" decoding=\"async\" class=\"alignnone size-full wp-image-1035\" src=\"http:\/\/www.sabine-seyffert.de\/blog\/wp-content\/uploads\/2013\/03\/Camenbert-3.jpg\" alt=\"Camenbert 3\" width=\"958\" height=\"647\" srcset=\"https:\/\/www.sabine-seyffert.de\/blog\/wp-content\/uploads\/2013\/03\/Camenbert-3.jpg 958w, https:\/\/www.sabine-seyffert.de\/blog\/wp-content\/uploads\/2013\/03\/Camenbert-3-300x202.jpg 300w\" sizes=\"auto, (max-width: 958px) 100vw, 958px\" \/><\/a><\/p>\n<p style=\"text-align: justify;\"><strong>So wird\u2019s gemacht:<\/strong><br \/>\nDie Kartoffel sch\u00e4lt man und schneidet sie in d\u00fcnne Scheiben. Ich habe diese ca. einen halben Centimeter dick geschnitten, das klappt von der Gr\u00f6\u00dfe her ganz gut. Dann kocht man die Kartoffelscheiben ein paar Minuten, bis diese leicht (!) gegart aber noch nicht ganz durch sind. Darauf sollte man achten, sonst fallen die Kartoffeln beim Schichten in der Auflaufform auseinander und das wird nicht nur m\u00fchsam, sondern sieht auch nicht so lecker aus.<br \/>\nIn der Zwischenzeit fettet man eine gro\u00dfe Auflaufform. Den Knoblauch sch\u00e4lt und presst man in die Sahne und verr\u00fchrt diese mit allen Gew\u00fcrzen. Dann kann man den Camembert vorbereiten und in m\u00f6glichst d\u00fcnne Scheiben schneiden.<\/p>\n<p style=\"text-align: center;\"><a href=\"http:\/\/www.sabine-seyffert.de\/blog\/wp-content\/uploads\/2013\/03\/Camenbert-4.jpg\"><img loading=\"lazy\" decoding=\"async\" class=\"alignnone size-full wp-image-1036\" src=\"http:\/\/www.sabine-seyffert.de\/blog\/wp-content\/uploads\/2013\/03\/Camenbert-4.jpg\" alt=\"Camenbert 4\" width=\"1000\" height=\"750\" srcset=\"https:\/\/www.sabine-seyffert.de\/blog\/wp-content\/uploads\/2013\/03\/Camenbert-4.jpg 1000w, https:\/\/www.sabine-seyffert.de\/blog\/wp-content\/uploads\/2013\/03\/Camenbert-4-300x225.jpg 300w\" sizes=\"auto, (max-width: 1000px) 100vw, 1000px\" \/><\/a><\/p>\n<p style=\"text-align: justify;\">Sind die Kartoffeln fertig, gie\u00dft man sie ab und l\u00e4sst diese ausk\u00fchlen. Dann schichtet man abwechselnd Kartoffelscheibe mit einer Scheibe Camembert und legt dieses in die Auflaufform. Wer es besonders w\u00fcrzig mag, kann nun nochmals frische Gew\u00fcrze dr\u00fcber streuen. Nun gie\u00dft man die Sahnemasse \u00fcber die Kartoffeln. Das kommt nun bei 200\u00b0 Grad in den Ofen. Nach 25 Minuten streut man den griebenen K\u00e4se \u00fcber den Gratin und b\u00e4ckt diesen f\u00fcr weiter 20 Minuten, bis alles richtig gar und der K\u00e4se geschmolzen ist.<\/p>\n<p style=\"text-align: center;\"><a href=\"http:\/\/www.sabine-seyffert.de\/blog\/wp-content\/uploads\/2013\/03\/Camenbert-5.jpg\"><img loading=\"lazy\" decoding=\"async\" class=\"alignnone size-full wp-image-1037\" src=\"http:\/\/www.sabine-seyffert.de\/blog\/wp-content\/uploads\/2013\/03\/Camenbert-5.jpg\" alt=\"Camenbert 5\" width=\"939\" height=\"784\" srcset=\"https:\/\/www.sabine-seyffert.de\/blog\/wp-content\/uploads\/2013\/03\/Camenbert-5.jpg 939w, https:\/\/www.sabine-seyffert.de\/blog\/wp-content\/uploads\/2013\/03\/Camenbert-5-300x250.jpg 300w\" sizes=\"auto, (max-width: 939px) 100vw, 939px\" \/><\/a><\/p>\n<p style=\"text-align: justify;\"><a href=\"http:\/\/nozdesign.blogspot.de\/2013\/04\/my-monday-mhhhhhh-17.html\" target=\"_blank\">Katja<\/a> sammelt wie jeden Montag Rezepte, da reihe ich mich mit dem Gratin gerne ein!<\/p>\n<p style=\"text-align: justify;\"><a href=\"http:\/\/www.sabine-seyffert.de\/blog\/?page_id=32#urheberrecht\">urherrechtlich gesch\u00fctzt<\/a>, \u00a9 Sabine Seyffert<\/p>\n<p style=\"text-align: justify;\">\n","protected":false},"excerpt":{"rendered":"<p>Kartoffelgratin ist bei unseren Kindern immer ein Hit. Wir \u201eGro\u00dfen\u201c m\u00f6gen ihn auch sehr, allerdings scheue ich oftmals aus zeitlichen Gr\u00fcnden den Aufwand. Denn f\u00fcr sechs Personen steckt da schon allerhand an Arbeit drin. Vor kurzem habe ich auf dem wunderbaren Blog von Lizandjewel ein Rezept gefunden, dessen Idee mir auf Anhieb gefiel. So habe&#8230; <a href=\"https:\/\/www.sabine-seyffert.de\/blog\/kartoffengratin-mit-camenbert\/\" class=\"more-link\">Read more: Kartoffelgratin mit Camembert<\/a><\/p>\n","protected":false},"author":2,"featured_media":0,"comment_status":"open","ping_status":"open","sticky":false,"template":"","format":"standard","meta":{"_metis_text_type":"","_metis_text_length":2116,"_post_count":0,"footnotes":""},"categories":[30],"tags":[],"class_list":["post-1031","post","type-post","status-publish","format-standard","hentry","category-rezepte-herzhaft"],"_links":{"self":[{"href":"https:\/\/www.sabine-seyffert.de\/blog\/wp-json\/wp\/v2\/posts\/1031","targetHints":{"allow":["GET"]}}],"collection":[{"href":"https:\/\/www.sabine-seyffert.de\/blog\/wp-json\/wp\/v2\/posts"}],"about":[{"href":"https:\/\/www.sabine-seyffert.de\/blog\/wp-json\/wp\/v2\/types\/post"}],"author":[{"embeddable":true,"href":"https:\/\/www.sabine-seyffert.de\/blog\/wp-json\/wp\/v2\/users\/2"}],"replies":[{"embeddable":true,"href":"https:\/\/www.sabine-seyffert.de\/blog\/wp-json\/wp\/v2\/comments?post=1031"}],"version-history":[{"count":16,"href":"https:\/\/www.sabine-seyffert.de\/blog\/wp-json\/wp\/v2\/posts\/1031\/revisions"}],"predecessor-version":[{"id":9880,"href":"https:\/\/www.sabine-seyffert.de\/blog\/wp-json\/wp\/v2\/posts\/1031\/revisions\/9880"}],"wp:attachment":[{"href":"https:\/\/www.sabine-seyffert.de\/blog\/wp-json\/wp\/v2\/media?parent=1031"}],"wp:term":[{"taxonomy":"category","embeddable":true,"href":"https:\/\/www.sabine-seyffert.de\/blog\/wp-json\/wp\/v2\/categories?post=1031"},{"taxonomy":"post_tag","embeddable":true,"href":"https:\/\/www.sabine-seyffert.de\/blog\/wp-json\/wp\/v2\/tags?post=1031"}],"curies":[{"name":"wp","href":"https:\/\/api.w.org\/{rel}","templated":true}]}}